{"id":89763,"date":"2023-11-28T15:15:13","date_gmt":"2023-11-28T14:15:13","guid":{"rendered":"https:\/\/www.nebrija.com\/medios\/actualidadnebrija\/?p=89763"},"modified":"2023-11-28T15:26:59","modified_gmt":"2023-11-28T14:26:59","slug":"ponte-11-las-expresiones-guayacas-premiadas-en-concursos-estudiantiles","status":"publish","type":"post","link":"https:\/\/www.nebrija.com\/medios\/actualidadnebrija\/2023\/11\/28\/ponte-11-las-expresiones-guayacas-premiadas-en-concursos-estudiantiles\/","title":{"rendered":"\u00a1Ponte 11!: Las expresiones guayacas, premiadas en concursos estudiantiles"},"content":{"rendered":"<p>La Universidad Nebrija sede Guayaquil, en colaboraci\u00f3n con el Museo Antropol\u00f3gico y de Arte Contempor\u00e1neo (MAAC), y la Universidad Esp\u00edritu Santo (UEES), ha conmemorado el <a href=\"https:\/\/nebrija500.es\/\">V Centenario de Antonio de Nebrija<\/a> a trav\u00e9s de dos concursos interactivos. Estas pruebas invitaban a colegios y universidades a reflexionar sobre la lengua y las expresiones m\u00e1s comunes utilizadas por los ecuatorianos, y m\u00e1s concretamente por los guayaquile\u00f1os.<\/p>\n<p>Siguiendo la estela de innovaci\u00f3n y amor por la lengua del destacado humanista y gram\u00e1tico espa\u00f1ol Antonio de Nebrija, autor de la primera gram\u00e1tica castellana, se propuso a los estudiantes destacar y explicar a trav\u00e9s de textos y videos las expresiones m\u00e1s comunes en su tierra.<\/p>\n<p>En la categor\u00eda de redacci\u00f3n, el estudiante Est\u00e9fano Marengo, del Colegio Menor, se destac\u00f3 al presentar el escrito titulado <em>Polito Guayaco<\/em>, donde despliega un sinf\u00edn de expresiones aut\u00f3ctonas en un cuento breve lleno de humor. Su premio ser\u00e1 una beca para estudiar un Grado Universitario en la Universidad Nebrija.<\/p>\n<p>En la categor\u00eda audiovisual, Angie Guti\u00e9rrez Alvarado se consagr\u00f3 como ganadora con un corto de factura profesional que mostraba con gran belleza y sensibilidad el significado de m\u00faltiples expresiones guayacas. Angie recibir\u00e1 como premio una beca para cursar una Maestr\u00eda de su elecci\u00f3n en la Universidad Nebrija.<\/p>\n<p>En cada certamen se otorgaron dos destacadas menciones de honor. En el \u00e1mbito de la redacci\u00f3n, los galardones fueron para Dom\u00e9nica Sol\u00eds Arzube, del Colegio fiscal t\u00e9cnico Provincia de Bol\u00edvar y para Eduarda Aguilar, del Colegio La Inmaculada. Mientras tanto, en la categor\u00eda audiovisual, los reconocimientos fueron para Alanny Arellano Pinz\u00f3n y Mar\u00eda Milagros Barahona, estudiantes de la Universidad Esp\u00edritu Santo.<\/p>\n<p>Durante la ceremonia de premiaci\u00f3n, Juan Antonio Escarabajal, director general de Desarrollo Universitario de la Universidad Nebrija, resalt\u00f3 la destacada trayectoria de Antonio de Nebrija y su invaluable contribuci\u00f3n al desarrollo la lengua castellana. Expres\u00f3 su sincero agradecimiento al MAAC y la Universidad Esp\u00edritu Santo por llevar a cabo este proyecto, en concordancia con la voluntad de la Universidad Nebrija de consolidar su presencia en el \u00e1mbito cultural y de conocimiento en la ciudad de Guayaquil. <em>Durante muchos a\u00f1os, hemos colaborado activamente en diversas iniciativas culturales en la ciudad, buscando establecer lazos estrechos con los ciudadanos, especialmente con los j\u00f3venes. En esta noche, felicito a todos los galardonados, quienes, gracias a su participaci\u00f3n, han tenido la oportunidad de sumergirse en el legado de Antonio de Nebrija, un personaje profundamente comprometido con la educaci\u00f3n de los j\u00f3venes y ni\u00f1os. Los insto a utilizar el talento y el conocimiento demostrado para transformar la realidad que los rodea<\/em>.<\/p>\n<p>Con el prop\u00f3sito de fomentar un mayor entendimiento sobre el legado de Antonio de Nebrija, se lanzaron estos concursos a partir del 05 de octubre. El primer certamen, respaldado por el MAAC, se orient\u00f3 hacia estudiantes de bachillerato. Estos participantes, haciendo uso de plataformas de inteligencia artificial, se encargaron de identificar las expresiones del habla cotidiana m\u00e1s prevalentes. A partir de estos resultados, seleccionaron una frase para luego componer un texto in\u00e9dito.<\/p>\n<p>En paralelo, el segundo concurso, con el apoyo de la UEES, se dirigi\u00f3 a estudiantes universitarios en la din\u00e1mica donde los participantes investigaron las expresiones del habla cotidiana m\u00e1s utilizadas, y con ellas, deb\u00edan crear un video de su propia autor\u00eda.<\/p>\n<p>Ambas competiciones se focalizaron en instituciones educativas tanto fiscales como privadas en la provincia del Guayas. M\u00e1s de 60 estudiantes se involucraron, demostrando un notable inter\u00e9s por la difusi\u00f3n de su cultura de forma creativa.<\/p>\n<p>Con este evento, se ha logrado un encuentro exitoso entre la herencia cultural de Nebrija y la creatividad contempor\u00e1nea de los estudiantes, consolidando as\u00ed una experiencia enriquecedora para la comunidad acad\u00e9mica en Guayaquil.<\/p>\n<p><i>Foto. <\/i><em>De izquierda a derecha, Est\u00e9fano Marengo, estudiante del Colegio Menor; Juan Antonio Escarabajal, director general de Desarrollo Universitario de la Universidad Nebrija; Angie Guti\u00e9rrez Alvarado, estudiante de la UEES; y Ram\u00f3n Carrillo, Profesor Magistral de la Universidad Nebrija.<\/em><\/p>\n","protected":false},"excerpt":{"rendered":"<p>Colegiales y universitarios de Guayaquil compiten con sus creaciones sobre las expresiones t\u00edpicas para lograr una beca de estudios en la Universidad Nebrija.<\/p>\n","protected":false},"author":326,"featured_media":89764,"comment_status":"open","ping_status":"open","sticky":false,"template":"","format":"standard","meta":{"_acf_changed":false,"_monsterinsights_skip_tracking":false,"_monsterinsights_sitenote_active":false,"_monsterinsights_sitenote_note":"","_monsterinsights_sitenote_category":0,"footnotes":""},"categories":[10,4776],"tags":[3895,5348,3124,4184,5545,4586,5054,4470],"acf":[],"yoast_head":"<!-- This site is optimized with the Yoast SEO plugin v22.1 - https:\/\/yoast.com\/wordpress\/plugins\/seo\/ -->\n<title>\u00a1Ponte 11!: Las expresiones guayacas, premiadas en concursos estudiantiles - Actualidad Nebrija<\/title>\n<meta name=\"description\" content=\"Colegiales y universitarios de Guayaquil compiten con sus creaciones sobre las expresiones t\u00edpicas para lograr una beca de estudios en la Universidad Nebrija.\" \/>\n<meta name=\"robots\" content=\"index, follow, max-snippet:-1, max-image-preview:large, max-video-preview:-1\" \/>\n<link rel=\"canonical\" href=\"https:\/\/www.nebrija.com\/medios\/actualidadnebrija\/2023\/11\/28\/ponte-11-las-expresiones-guayacas-premiadas-en-concursos-estudiantiles\/\" \/>\n<meta property=\"og:locale\" content=\"es_ES\" \/>\n<meta property=\"og:type\" content=\"article\" \/>\n<meta property=\"og:title\" content=\"\u00a1Ponte 11!: Las expresiones guayacas, premiadas en concursos estudiantiles - Actualidad Nebrija\" \/>\n<meta property=\"og:description\" content=\"Colegiales y universitarios de Guayaquil compiten con sus creaciones sobre las expresiones t\u00edpicas para lograr una beca de estudios en la Universidad Nebrija.\" \/>\n<meta property=\"og:url\" content=\"https:\/\/www.nebrija.com\/medios\/actualidadnebrija\/2023\/11\/28\/ponte-11-las-expresiones-guayacas-premiadas-en-concursos-estudiantiles\/\" \/>\n<meta property=\"og:site_name\" content=\"Actualidad Nebrija\" \/>\n<meta property=\"article:published_time\" content=\"2023-11-28T14:15:13+00:00\" \/>\n<meta property=\"article:modified_time\" content=\"2023-11-28T14:26:59+00:00\" \/>\n<meta property=\"og:image\" content=\"https:\/\/www.nebrija.com\/medios\/actualidadnebrija\/wp-content\/uploads\/sites\/2\/2023\/11\/Guayaquil-Nebrija.jpg\" \/>\n\t<meta property=\"og:image:width\" content=\"1200\" \/>\n\t<meta property=\"og:image:height\" content=\"799\" \/>\n\t<meta property=\"og:image:type\" content=\"image\/jpeg\" \/>\n<meta name=\"author\" content=\"jpicos\" \/>\n<meta name=\"twitter:card\" content=\"summary_large_image\" \/>\n<meta name=\"twitter:label1\" content=\"Escrito por\" \/>\n\t<meta name=\"twitter:data1\" content=\"jpicos\" \/>\n\t<meta name=\"twitter:label2\" content=\"Tiempo de lectura\" \/>\n\t<meta name=\"twitter:data2\" content=\"3 minutos\" \/>\n<!-- \/ Yoast SEO plugin. -->","yoast_head_json":{"title":"\u00a1Ponte 11!: Las expresiones guayacas, premiadas en concursos estudiantiles - Actualidad Nebrija","description":"Colegiales y universitarios de Guayaquil compiten con sus creaciones sobre las expresiones t\u00edpicas para lograr una beca de estudios en la Universidad Nebrija.","robots":{"index":"index","follow":"follow","max-snippet":"max-snippet:-1","max-image-preview":"max-image-preview:large","max-video-preview":"max-video-preview:-1"},"canonical":"https:\/\/www.nebrija.com\/medios\/actualidadnebrija\/2023\/11\/28\/ponte-11-las-expresiones-guayacas-premiadas-en-concursos-estudiantiles\/","og_locale":"es_ES","og_type":"article","og_title":"\u00a1Ponte 11!: Las expresiones guayacas, premiadas en concursos estudiantiles - Actualidad Nebrija","og_description":"Colegiales y universitarios de Guayaquil compiten con sus creaciones sobre las expresiones t\u00edpicas para lograr una beca de estudios en la Universidad Nebrija.","og_url":"https:\/\/www.nebrija.com\/medios\/actualidadnebrija\/2023\/11\/28\/ponte-11-las-expresiones-guayacas-premiadas-en-concursos-estudiantiles\/","og_site_name":"Actualidad Nebrija","article_published_time":"2023-11-28T14:15:13+00:00","article_modified_time":"2023-11-28T14:26:59+00:00","og_image":[{"width":1200,"height":799,"url":"https:\/\/www.nebrija.com\/medios\/actualidadnebrija\/wp-content\/uploads\/sites\/2\/2023\/11\/Guayaquil-Nebrija.jpg","type":"image\/jpeg"}],"author":"jpicos","twitter_card":"summary_large_image","twitter_misc":{"Escrito por":"jpicos","Tiempo de lectura":"3 minutos"},"schema":{"@context":"https:\/\/schema.org","@graph":[{"@type":"WebPage","@id":"https:\/\/www.nebrija.com\/medios\/actualidadnebrija\/2023\/11\/28\/ponte-11-las-expresiones-guayacas-premiadas-en-concursos-estudiantiles\/","url":"https:\/\/www.nebrija.com\/medios\/actualidadnebrija\/2023\/11\/28\/ponte-11-las-expresiones-guayacas-premiadas-en-concursos-estudiantiles\/","name":"\u00a1Ponte 11!: Las expresiones guayacas, premiadas en concursos estudiantiles - Actualidad Nebrija","isPartOf":{"@id":"https:\/\/www.nebrija.com\/medios\/actualidadnebrija\/#website"},"datePublished":"2023-11-28T14:15:13+00:00","dateModified":"2023-11-28T14:26:59+00:00","author":{"@id":"https:\/\/www.nebrija.com\/medios\/actualidadnebrija\/#\/schema\/person\/0cd40b7dd3f54459e2cfc009dbd255c6"},"description":"Colegiales y universitarios de Guayaquil compiten con sus creaciones sobre las expresiones t\u00edpicas para lograr una beca de estudios en la Universidad Nebrija.","breadcrumb":{"@id":"https:\/\/www.nebrija.com\/medios\/actualidadnebrija\/2023\/11\/28\/ponte-11-las-expresiones-guayacas-premiadas-en-concursos-estudiantiles\/#breadcrumb"},"inLanguage":"es","potentialAction":[{"@type":"ReadAction","target":["https:\/\/www.nebrija.com\/medios\/actualidadnebrija\/2023\/11\/28\/ponte-11-las-expresiones-guayacas-premiadas-en-concursos-estudiantiles\/"]}]},{"@type":"BreadcrumbList","@id":"https:\/\/www.nebrija.com\/medios\/actualidadnebrija\/2023\/11\/28\/ponte-11-las-expresiones-guayacas-premiadas-en-concursos-estudiantiles\/#breadcrumb","itemListElement":[{"@type":"ListItem","position":1,"name":"Home","item":"https:\/\/www.nebrija.com\/medios\/actualidadnebrija\/"},{"@type":"ListItem","position":2,"name":"\u00a1Ponte 11!: Las expresiones guayacas, premiadas en concursos estudiantiles"}]},{"@type":"WebSite","@id":"https:\/\/www.nebrija.com\/medios\/actualidadnebrija\/#website","url":"https:\/\/www.nebrija.com\/medios\/actualidadnebrija\/","name":"Actualidad Nebrija","description":"Noticias de la Universidad Nebrija","potentialAction":[{"@type":"SearchAction","target":{"@type":"EntryPoint","urlTemplate":"https:\/\/www.nebrija.com\/medios\/actualidadnebrija\/?s={search_term_string}"},"query-input":"required name=search_term_string"}],"inLanguage":"es"},{"@type":"Person","@id":"https:\/\/www.nebrija.com\/medios\/actualidadnebrija\/#\/schema\/person\/0cd40b7dd3f54459e2cfc009dbd255c6","name":"jpicos","image":{"@type":"ImageObject","inLanguage":"es","@id":"https:\/\/www.nebrija.com\/medios\/actualidadnebrija\/#\/schema\/person\/image\/","url":"https:\/\/secure.gravatar.com\/avatar\/c4a1005cff3fd9bb5185e9671f4f3e9b?s=96&d=mm&r=g","contentUrl":"https:\/\/secure.gravatar.com\/avatar\/c4a1005cff3fd9bb5185e9671f4f3e9b?s=96&d=mm&r=g","caption":"jpicos"},"url":"https:\/\/www.nebrija.com\/medios\/actualidadnebrija\/author\/jpicos\/"}]}},"_links":{"self":[{"href":"https:\/\/www.nebrija.com\/medios\/actualidadnebrija\/wp-json\/wp\/v2\/posts\/89763"}],"collection":[{"href":"https:\/\/www.nebrija.com\/medios\/actualidadnebrija\/wp-json\/wp\/v2\/posts"}],"about":[{"href":"https:\/\/www.nebrija.com\/medios\/actualidadnebrija\/wp-json\/wp\/v2\/types\/post"}],"author":[{"embeddable":true,"href":"https:\/\/www.nebrija.com\/medios\/actualidadnebrija\/wp-json\/wp\/v2\/users\/326"}],"replies":[{"embeddable":true,"href":"https:\/\/www.nebrija.com\/medios\/actualidadnebrija\/wp-json\/wp\/v2\/comments?post=89763"}],"version-history":[{"count":1,"href":"https:\/\/www.nebrija.com\/medios\/actualidadnebrija\/wp-json\/wp\/v2\/posts\/89763\/revisions"}],"predecessor-version":[{"id":89765,"href":"https:\/\/www.nebrija.com\/medios\/actualidadnebrija\/wp-json\/wp\/v2\/posts\/89763\/revisions\/89765"}],"wp:featuredmedia":[{"embeddable":true,"href":"https:\/\/www.nebrija.com\/medios\/actualidadnebrija\/wp-json\/wp\/v2\/media\/89764"}],"wp:attachment":[{"href":"https:\/\/www.nebrija.com\/medios\/actualidadnebrija\/wp-json\/wp\/v2\/media?parent=89763"}],"wp:term":[{"taxonomy":"category","embeddable":true,"href":"https:\/\/www.nebrija.com\/medios\/actualidadnebrija\/wp-json\/wp\/v2\/categories?post=89763"},{"taxonomy":"post_tag","embeddable":true,"href":"https:\/\/www.nebrija.com\/medios\/actualidadnebrija\/wp-json\/wp\/v2\/tags?post=89763"}],"curies":[{"name":"wp","href":"https:\/\/api.w.org\/{rel}","templated":true}]}}