{"id":90010,"date":"2023-12-13T15:53:06","date_gmt":"2023-12-13T14:53:06","guid":{"rendered":"https:\/\/www.nebrija.com\/medios\/actualidadnebrija\/?p=90010"},"modified":"2024-04-05T10:17:49","modified_gmt":"2024-04-05T08:17:49","slug":"el-actor-lluis-homar-y-la-artista-miss-beige-premios-nebrija-crea-2023","status":"publish","type":"post","link":"https:\/\/www.nebrija.com\/medios\/actualidadnebrija\/2023\/12\/13\/el-actor-lluis-homar-y-la-artista-miss-beige-premios-nebrija-crea-2023\/","title":{"rendered":"El actor Llu\u00eds Homar y la artista Miss Beige, Premios Nebrija CREA 2023"},"content":{"rendered":"<p>Los alumnos de los grados en <a href=\"https:\/\/www.nebrija.com\/carreras-universitarias\/grado-moda\/\">Dise\u00f1o de Moda<\/a>, <a href=\"https:\/\/www.nebrija.com\/carreras-universitarias\/grado-en-bellas-artes\/\">Bellas Artes<\/a>, <a href=\"https:\/\/www.nebrija.com\/carreras-universitarias\/grado-artes-escenicas\/\">Artes Esc\u00e9nicas<\/a> y <a href=\"https:\/\/www.nebrija.com\/carreras-universitarias\/grado-en-diseno-digital\/\">Dise\u00f1o Digital y Multimedia<\/a> de la <a href=\"https:\/\/www.nebrija.com\/la_universidad\/facultades\/facultad-ciencias-comunicacion\/\">Facultad de Comunicaci\u00f3n y Artes<\/a> de la Universidad Nebrija han entregado los Premios Nebrija CREA en su quinta edici\u00f3n a Llu\u00eds Homar, en la categor\u00eda de Artes Esc\u00e9nicas; a Estudio Maison Mesa, en la categor\u00eda de Moda; a Miss Beige, en la categor\u00eda de Artes Visuales, y al Estudio Espada y Santa Cruz, en la categor\u00eda de Dise\u00f1o Digital.<\/p>\n<p>Los Premios Nebrija CREA reconocen tanto el talento de los profesionales de las artes que inspiran a los universitarios como las mejores pr\u00e1cticas de las industrias creativas de las que formar\u00e1n parte en un futuro. En un acto celebrado en el Campus de Madrid Princesa de la Universidad Nebrija, el rector, Jos\u00e9 Mu\u00f1iz, felicit\u00f3 a los galardonados de unos premios \u201cgenuinos, aut\u00e9nticos, sin ning\u00fan condicionante y que constituyen una herramienta m\u00e1s de formaci\u00f3n integral que ayuda a los estudiantes a crecer personal, social y profesionalmente\u201d.<\/p>\n<p>La pasi\u00f3n en los empe\u00f1os y el encuentro \u201ccon la veta que os gusta\u201d influir\u00e1, seg\u00fan el rector, en el \u00e9xito de unos universitarios que tienen la oportunidad de contactar directamente con sus referentes.<\/p>\n<h2><strong>El gusto por aprender<\/strong><\/h2>\n<p>En la ceremonia de entrega de premios, el actor y director Llu\u00eds Homar recibi\u00f3 el Premio en Artes Esc\u00e9nicas por \u201csu condici\u00f3n polifac\u00e9tica, su impactante huella, su transmisi\u00f3n de emociones profundas y su domino esc\u00e9nico\u201d. El director de la Compa\u00f1\u00eda Nacional de Teatro Cl\u00e1sico (CNTC), con su bagaje de galardones por su trayectoria en teatro, cine y televisi\u00f3n, dedic\u00f3 su discurso a los j\u00f3venes que le hab\u00edan premiado y al resto de profesionales distinguidos con los Nebrija CREA 2023: \u201cTengo ganas de llorar. Que gusto escucharos; si algo me ha dado la vida, es el gusto por aprender, eso no he tenido que curr\u00e1rmelo. Nunca me he sentido creador ni artista sino parte de un oficio y honrado de compartir este momento especial. La palabra `humildad\u00b4 es fundamental, cultivarla no es nada f\u00e1cil en la vida. La humildad debe ser un vaso comunicante entre todos nosotros\u201d.<\/p>\n<p>Agradeciendo la posibilidad de ense\u00f1ar a las nuevas generaciones a trav\u00e9s de la Joven Compa\u00f1\u00eda de la CNTC, Homar, convencido de que \u201ctodos tenemos un tesoro al que tenemos que conectarnos sin mapas\u201d, conmin\u00f3 a los j\u00f3venes a ser ellos mismos, lo que supone \u201cun trabajo arduo, una actitud ante la vida, un peregrinaje al ser, como dir\u00edan los m\u00edsticos\u201d. En un mundo \u201cfatal de valores\u201d, hay, para \u00e9l, una senda para reencontrar el sentido de la vida, un camino hacia lo m\u00e1s desconocido: uno mismo\u201d. Para reforzar este pensamiento, recit\u00f3 palabras en primera persona: \u201cAntes quer\u00eda ser Marlon Brando porque no me gustaba yo. Mi gran trabajo es haber querido ser yo, Llu\u00eds Homar\u201d.<\/p>\n<h2><strong>Miss Beige y Ana Esmith<\/strong><\/h2>\n<p>Miss Beige recogi\u00f3 el Premio Artes Visuales \u201cpor \u201cdesafiar los estereotipos con humor e iron\u00eda, por desarrollar el pensamiento cr\u00edtico y por llevarnos a so\u00f1ar con una sociedad m\u00e1s justa y abierta\u201d. Aunque su personaje no se manifiesta, la artista Ana Esmith, alter ego de Miss Beige, habl\u00f3 \u201cpor los codos\u201d en el estrado. La actriz volvi\u00f3 de Londres a punto de cumplir 40 a\u00f1os, despu\u00e9s de 15 fuera de Espa\u00f1a. En ese momento naci\u00f3 Miss Beige como \u201cuna respuesta a los noes recibidos y a la condena de los <em>castings<\/em> de publicidad\u201d; ah\u00ed \u201cpuse mi imaginario y energ\u00eda al servicio de Miss Beige\u201d.<\/p>\n<p>Con m\u00e1s de 70 000 seguidores en Instagram, Miss Beige \u201cha resistido el paso del tiempo como una necesidad social con humor y otra mirada\u201d. La <em>performer<\/em> Ana Esmith dedic\u00f3 un \u00faltimo mensaje a su audiencia universitaria: \u201cTened alas para que se\u00e1is libres en los trabajos, comprometeos con la \u00e9poca, no deis ning\u00fan derecho por sentado porque no hay ning\u00fan derecho sin memoria, no teng\u00e1is prisa y abrazad las crisis, porque la creaci\u00f3n no es una actividad sin riesgo\u201d.<\/p>\n<h2><strong>\u201cLa sinergia es el lenguaje del futuro\u201d<\/strong><\/h2>\n<p>El Premio Nebrija Crea en Moda \u201cpor aunar la costura cl\u00e1sica con las nuevas tecnolog\u00edas, por su brillantez creativa, por su mirada art\u00edstica y por su trabajo interdisciplinario en sus universos de fantas\u00eda y atemporalidad\u201d reconoci\u00f3 al estudio Maison Mesa. El dise\u00f1ador Juan Carlos Mesa, \u201ccon buena energ\u00eda\u201d, agradeci\u00f3 el galard\u00f3n de una universidad que \u201cdedica y presta atenci\u00f3n al campo de las artes, que llega al alma\u201d. Justo cuando se cumplen tres d\u00e9cadas de su primer trabajo, puso el acento en el proceso y en la carrera de fondo que conlleva toda aventura profesional. A la vez que trabajaba para grandes marcas, como una hormiguita fue desarrollando su colecci\u00f3n personal. \u201cLa sinergia es el lenguaje del futuro. Todos debemos trabajar juntos, por eso no os limit\u00e9is y haced lo que os d\u00e9 la gana\u201d, finaliz\u00f3 su discurso con estas palabras y el premio ya en sus manos.<\/p>\n<p>El Nebrija CREA en Dise\u00f1o Digital recay\u00f3 en el Estudio Espada y Santa Cruz por \u201csu innovaci\u00f3n continua, creatividad, y flexibilidad al cambio, por su compromiso con la creaci\u00f3n art\u00edstica, por su habilidad para llevar a cabo ideas vanguardistas y por impactar en artistas y estudiantes\u201d. Dos de sus fundadores, Juan Santacruz y Nerea Goikoetxea, que se conocieron en su etapa universitaria, hicieron referencia a \u201clo maravilloso e inesperado de la vida\u201d, al trabajo en equipo y a su condici\u00f3n de estudio <em>rara avis<\/em> que crea desde lo contraintuitivo\u201d.<\/p>\n<h2><strong>La guitarra de Jos\u00e9 Manuel Montoya<\/strong><\/h2>\n<p>Marta Perlado, decana de la Facultad de Comunicaci\u00f3n y Artes de la Universidad Nebrija: Pablo \u00c1lvarez de Toledo, director del Departamento de Artes, y Gregorio Mart\u00ednez, director de la Fundaci\u00f3n Nebrija, presidieron el acto presentado por el profesor y cr\u00edtico de arte Carlos Delgado, que visualiz\u00f3 el trabajo de todos los implicados en los Nebrija CREA y, en especial, de los equipos encabezados por los directores de grado Juan Ferrando Garrido, Amaya Hern\u00e1ndez, Lorena Palomino y Antonio Sierra.<\/p>\n<p>La <a href=\"https:\/\/sotomesa.es\/\">Escuela de M\u00fasica Soto-Mesa<\/a>, con m\u00e1s de cincuenta a\u00f1os de experiencia, colabor\u00f3 en la gala con un directo de su profesor de guitarra flamenca Jos\u00e9 Manuel Montoya, que interpret\u00f3 dos piezas de composici\u00f3n propia &#8211;<em>Tarifa <\/em>(alegr\u00edas) y <em>Yaiza<\/em> (buler\u00edas)- perfumadas con improvisaciones y recuerdos personales.<\/p>\n<p><em>Texto: Javier Picos. Fotos: Zaida del R\u00edo<\/em><\/p>\n\n\t\t<style type=\"text\/css\">\n\t\t\t#gallery-1 {\n\t\t\t\tmargin: auto;\n\t\t\t}\n\t\t\t#gallery-1 .gallery-item {\n\t\t\t\tfloat: left;\n\t\t\t\tmargin-top: 10px;\n\t\t\t\ttext-align: center;\n\t\t\t\twidth: 33%;\n\t\t\t}\n\t\t\t#gallery-1 img {\n\t\t\t\tborder: 2px solid #cfcfcf;\n\t\t\t}\n\t\t\t#gallery-1 .gallery-caption {\n\t\t\t\tmargin-left: 0;\n\t\t\t}\n\t\t\t\/* see gallery_shortcode() in wp-includes\/media.php *\/\n\t\t<\/style>\n\t\t<div id='gallery-1' class='gallery galleryid-90010 gallery-columns-3 gallery-size-thumbnail'><dl class='gallery-item'>\n\t\t\t<dt class='gallery-icon landscape'>\n\t\t\t\t<a href='https:\/\/www.nebrija.com\/medios\/actualidadnebrija\/wp-content\/uploads\/sites\/2\/2023\/12\/CREA2023-1.jpg'><img loading=\"lazy\" decoding=\"async\" width=\"150\" height=\"100\" src=\"https:\/\/www.nebrija.com\/medios\/actualidadnebrija\/wp-content\/uploads\/sites\/2\/2023\/12\/CREA2023-1-150x100.jpg\" class=\"attachment-thumbnail size-thumbnail\" alt=\"Premios CREA 2023\" \/><\/a>\n\t\t\t<\/dt><\/dl><dl class='gallery-item'>\n\t\t\t<dt class='gallery-icon landscape'>\n\t\t\t\t<a href='https:\/\/www.nebrija.com\/medios\/actualidadnebrija\/wp-content\/uploads\/sites\/2\/2023\/12\/CREA2023-2.jpg'><img loading=\"lazy\" decoding=\"async\" width=\"150\" height=\"100\" src=\"https:\/\/www.nebrija.com\/medios\/actualidadnebrija\/wp-content\/uploads\/sites\/2\/2023\/12\/CREA2023-2-150x100.jpg\" class=\"attachment-thumbnail size-thumbnail\" alt=\"Premios CREA 2023\" \/><\/a>\n\t\t\t<\/dt><\/dl><dl class='gallery-item'>\n\t\t\t<dt class='gallery-icon landscape'>\n\t\t\t\t<a href='https:\/\/www.nebrija.com\/medios\/actualidadnebrija\/wp-content\/uploads\/sites\/2\/2023\/12\/CREA2023-3.jpg'><img loading=\"lazy\" decoding=\"async\" width=\"150\" height=\"100\" src=\"https:\/\/www.nebrija.com\/medios\/actualidadnebrija\/wp-content\/uploads\/sites\/2\/2023\/12\/CREA2023-3-150x100.jpg\" class=\"attachment-thumbnail size-thumbnail\" alt=\"Premios CREA 2023\" \/><\/a>\n\t\t\t<\/dt><\/dl><br style=\"clear: both\" \/><dl class='gallery-item'>\n\t\t\t<dt class='gallery-icon landscape'>\n\t\t\t\t<a href='https:\/\/www.nebrija.com\/medios\/actualidadnebrija\/wp-content\/uploads\/sites\/2\/2023\/12\/CREA2023-4.jpg'><img loading=\"lazy\" decoding=\"async\" width=\"150\" height=\"100\" src=\"https:\/\/www.nebrija.com\/medios\/actualidadnebrija\/wp-content\/uploads\/sites\/2\/2023\/12\/CREA2023-4-150x100.jpg\" class=\"attachment-thumbnail size-thumbnail\" alt=\"Premios CREA 2023\" \/><\/a>\n\t\t\t<\/dt><\/dl><dl class='gallery-item'>\n\t\t\t<dt class='gallery-icon landscape'>\n\t\t\t\t<a href='https:\/\/www.nebrija.com\/medios\/actualidadnebrija\/wp-content\/uploads\/sites\/2\/2023\/12\/CREA2023-5.jpg'><img loading=\"lazy\" decoding=\"async\" width=\"150\" height=\"100\" src=\"https:\/\/www.nebrija.com\/medios\/actualidadnebrija\/wp-content\/uploads\/sites\/2\/2023\/12\/CREA2023-5-150x100.jpg\" class=\"attachment-thumbnail size-thumbnail\" alt=\"Premios CREA 2023\" \/><\/a>\n\t\t\t<\/dt><\/dl><dl class='gallery-item'>\n\t\t\t<dt class='gallery-icon landscape'>\n\t\t\t\t<a href='https:\/\/www.nebrija.com\/medios\/actualidadnebrija\/wp-content\/uploads\/sites\/2\/2023\/12\/CREA2023-6.jpg'><img loading=\"lazy\" decoding=\"async\" width=\"150\" height=\"100\" src=\"https:\/\/www.nebrija.com\/medios\/actualidadnebrija\/wp-content\/uploads\/sites\/2\/2023\/12\/CREA2023-6-150x100.jpg\" class=\"attachment-thumbnail size-thumbnail\" alt=\"Premios CREA 2023\" \/><\/a>\n\t\t\t<\/dt><\/dl><br style=\"clear: both\" \/><dl class='gallery-item'>\n\t\t\t<dt class='gallery-icon landscape'>\n\t\t\t\t<a href='https:\/\/www.nebrija.com\/medios\/actualidadnebrija\/wp-content\/uploads\/sites\/2\/2023\/12\/CREA2023-7.jpg'><img loading=\"lazy\" decoding=\"async\" width=\"150\" height=\"100\" src=\"https:\/\/www.nebrija.com\/medios\/actualidadnebrija\/wp-content\/uploads\/sites\/2\/2023\/12\/CREA2023-7-150x100.jpg\" class=\"attachment-thumbnail size-thumbnail\" alt=\"Premios CREA 2023\" \/><\/a>\n\t\t\t<\/dt><\/dl><dl class='gallery-item'>\n\t\t\t<dt class='gallery-icon landscape'>\n\t\t\t\t<a href='https:\/\/www.nebrija.com\/medios\/actualidadnebrija\/wp-content\/uploads\/sites\/2\/2023\/12\/CREA2023-8.jpg'><img loading=\"lazy\" decoding=\"async\" width=\"150\" height=\"100\" src=\"https:\/\/www.nebrija.com\/medios\/actualidadnebrija\/wp-content\/uploads\/sites\/2\/2023\/12\/CREA2023-8-150x100.jpg\" class=\"attachment-thumbnail size-thumbnail\" alt=\"Premios CREA 2023\" \/><\/a>\n\t\t\t<\/dt><\/dl><dl class='gallery-item'>\n\t\t\t<dt class='gallery-icon landscape'>\n\t\t\t\t<a href='https:\/\/www.nebrija.com\/medios\/actualidadnebrija\/wp-content\/uploads\/sites\/2\/2023\/12\/CREA2023-9.jpg'><img loading=\"lazy\" decoding=\"async\" width=\"150\" height=\"100\" src=\"https:\/\/www.nebrija.com\/medios\/actualidadnebrija\/wp-content\/uploads\/sites\/2\/2023\/12\/CREA2023-9-150x100.jpg\" class=\"attachment-thumbnail size-thumbnail\" alt=\"Premios CREA 2023\" \/><\/a>\n\t\t\t<\/dt><\/dl><br style=\"clear: both\" \/><dl class='gallery-item'>\n\t\t\t<dt class='gallery-icon landscape'>\n\t\t\t\t<a href='https:\/\/www.nebrija.com\/medios\/actualidadnebrija\/wp-content\/uploads\/sites\/2\/2023\/12\/CREA2023-10.jpg'><img loading=\"lazy\" decoding=\"async\" width=\"150\" height=\"100\" src=\"https:\/\/www.nebrija.com\/medios\/actualidadnebrija\/wp-content\/uploads\/sites\/2\/2023\/12\/CREA2023-10-150x100.jpg\" class=\"attachment-thumbnail size-thumbnail\" alt=\"Premios CREA 2023\" \/><\/a>\n\t\t\t<\/dt><\/dl><dl class='gallery-item'>\n\t\t\t<dt class='gallery-icon landscape'>\n\t\t\t\t<a href='https:\/\/www.nebrija.com\/medios\/actualidadnebrija\/wp-content\/uploads\/sites\/2\/2023\/12\/CREA2023-11.jpg'><img loading=\"lazy\" decoding=\"async\" width=\"150\" height=\"100\" src=\"https:\/\/www.nebrija.com\/medios\/actualidadnebrija\/wp-content\/uploads\/sites\/2\/2023\/12\/CREA2023-11-150x100.jpg\" class=\"attachment-thumbnail size-thumbnail\" alt=\"Premios CREA 2023\" \/><\/a>\n\t\t\t<\/dt><\/dl><dl class='gallery-item'>\n\t\t\t<dt class='gallery-icon landscape'>\n\t\t\t\t<a href='https:\/\/www.nebrija.com\/medios\/actualidadnebrija\/wp-content\/uploads\/sites\/2\/2023\/12\/CREA2023-12.jpg'><img loading=\"lazy\" decoding=\"async\" width=\"150\" height=\"100\" src=\"https:\/\/www.nebrija.com\/medios\/actualidadnebrija\/wp-content\/uploads\/sites\/2\/2023\/12\/CREA2023-12-150x100.jpg\" class=\"attachment-thumbnail size-thumbnail\" alt=\"Premios CREA 2023\" \/><\/a>\n\t\t\t<\/dt><\/dl><br style=\"clear: both\" \/><dl class='gallery-item'>\n\t\t\t<dt class='gallery-icon landscape'>\n\t\t\t\t<a href='https:\/\/www.nebrija.com\/medios\/actualidadnebrija\/wp-content\/uploads\/sites\/2\/2023\/12\/CREA2023-13.jpg'><img loading=\"lazy\" decoding=\"async\" width=\"150\" height=\"100\" src=\"https:\/\/www.nebrija.com\/medios\/actualidadnebrija\/wp-content\/uploads\/sites\/2\/2023\/12\/CREA2023-13-150x100.jpg\" class=\"attachment-thumbnail size-thumbnail\" alt=\"Premios CREA 2023\" \/><\/a>\n\t\t\t<\/dt><\/dl><dl class='gallery-item'>\n\t\t\t<dt class='gallery-icon landscape'>\n\t\t\t\t<a href='https:\/\/www.nebrija.com\/medios\/actualidadnebrija\/wp-content\/uploads\/sites\/2\/2023\/12\/CREA2023-14.jpg'><img loading=\"lazy\" decoding=\"async\" width=\"150\" height=\"100\" src=\"https:\/\/www.nebrija.com\/medios\/actualidadnebrija\/wp-content\/uploads\/sites\/2\/2023\/12\/CREA2023-14-150x100.jpg\" class=\"attachment-thumbnail size-thumbnail\" alt=\"Premios CREA 2023\" \/><\/a>\n\t\t\t<\/dt><\/dl><dl class='gallery-item'>\n\t\t\t<dt class='gallery-icon landscape'>\n\t\t\t\t<a href='https:\/\/www.nebrija.com\/medios\/actualidadnebrija\/wp-content\/uploads\/sites\/2\/2023\/12\/CREA2023-15.jpg'><img loading=\"lazy\" decoding=\"async\" width=\"150\" height=\"100\" src=\"https:\/\/www.nebrija.com\/medios\/actualidadnebrija\/wp-content\/uploads\/sites\/2\/2023\/12\/CREA2023-15-150x100.jpg\" class=\"attachment-thumbnail size-thumbnail\" alt=\"Premios CREA 2023\" \/><\/a>\n\t\t\t<\/dt><\/dl><br style=\"clear: both\" \/><dl class='gallery-item'>\n\t\t\t<dt class='gallery-icon landscape'>\n\t\t\t\t<a href='https:\/\/www.nebrija.com\/medios\/actualidadnebrija\/wp-content\/uploads\/sites\/2\/2023\/12\/CREA2023-16.jpg'><img loading=\"lazy\" decoding=\"async\" width=\"150\" height=\"100\" src=\"https:\/\/www.nebrija.com\/medios\/actualidadnebrija\/wp-content\/uploads\/sites\/2\/2023\/12\/CREA2023-16-150x100.jpg\" class=\"attachment-thumbnail size-thumbnail\" alt=\"Premios CREA 2023\" \/><\/a>\n\t\t\t<\/dt><\/dl><dl class='gallery-item'>\n\t\t\t<dt class='gallery-icon landscape'>\n\t\t\t\t<a href='https:\/\/www.nebrija.com\/medios\/actualidadnebrija\/wp-content\/uploads\/sites\/2\/2023\/12\/CREA2023-17.jpg'><img loading=\"lazy\" decoding=\"async\" width=\"150\" height=\"100\" src=\"https:\/\/www.nebrija.com\/medios\/actualidadnebrija\/wp-content\/uploads\/sites\/2\/2023\/12\/CREA2023-17-150x100.jpg\" class=\"attachment-thumbnail size-thumbnail\" alt=\"Premios CREA 2023\" \/><\/a>\n\t\t\t<\/dt><\/dl>\n\t\t\t<br style='clear: both' \/>\n\t\t<\/div>\n\n","protected":false},"excerpt":{"rendered":"<p>Los estudios Maison Mesa y Espada y Santa Cruz tambi\u00e9n reciben el reconocimiento de los estudiantes de la Facultad de Comunicaci\u00f3n y Artes de la Universidad Nebrija.<\/p>\n","protected":false},"author":326,"featured_media":90022,"comment_status":"open","ping_status":"open","sticky":false,"template":"","format":"standard","meta":{"_acf_changed":false,"_monsterinsights_skip_tracking":false,"_monsterinsights_sitenote_active":false,"_monsterinsights_sitenote_note":"","_monsterinsights_sitenote_category":0,"footnotes":""},"categories":[3050],"tags":[3124,5577,3536,4181,3745,3831,4080,5576,5579,3780,5578,3852],"acf":[],"yoast_head":"<!-- This site is optimized with the Yoast SEO plugin v22.1 - https:\/\/yoast.com\/wordpress\/plugins\/seo\/ -->\n<title>El actor Llu\u00eds Homar y la artista Miss Beige, Premios Nebrija CREA 2023 - Actualidad Nebrija<\/title>\n<meta name=\"description\" content=\"Los estudiantes de la Facultad de Comunicaci\u00f3n y Artes entregan los Premios CREA 2023, en su quinta edici\u00f3n.\" \/>\n<meta name=\"robots\" content=\"index, follow, max-snippet:-1, max-image-preview:large, max-video-preview:-1\" \/>\n<link rel=\"canonical\" href=\"https:\/\/www.nebrija.com\/medios\/actualidadnebrija\/2023\/12\/13\/el-actor-lluis-homar-y-la-artista-miss-beige-premios-nebrija-crea-2023\/\" \/>\n<meta property=\"og:locale\" content=\"es_ES\" \/>\n<meta property=\"og:type\" content=\"article\" \/>\n<meta property=\"og:title\" content=\"El actor Llu\u00eds Homar y la artista Miss Beige, Premios Nebrija CREA 2023 - Actualidad Nebrija\" \/>\n<meta property=\"og:description\" content=\"Los estudiantes de la Facultad de Comunicaci\u00f3n y Artes entregan los Premios CREA 2023, en su quinta edici\u00f3n.\" \/>\n<meta property=\"og:url\" content=\"https:\/\/www.nebrija.com\/medios\/actualidadnebrija\/2023\/12\/13\/el-actor-lluis-homar-y-la-artista-miss-beige-premios-nebrija-crea-2023\/\" \/>\n<meta property=\"og:site_name\" content=\"Actualidad Nebrija\" \/>\n<meta property=\"article:published_time\" content=\"2023-12-13T14:53:06+00:00\" \/>\n<meta property=\"article:modified_time\" content=\"2024-04-05T08:17:49+00:00\" \/>\n<meta property=\"og:image\" content=\"https:\/\/www.nebrija.com\/medios\/actualidadnebrija\/wp-content\/uploads\/sites\/2\/2023\/12\/CREA2023-12.jpg\" \/>\n\t<meta property=\"og:image:width\" content=\"1100\" \/>\n\t<meta property=\"og:image:height\" content=\"734\" \/>\n\t<meta property=\"og:image:type\" content=\"image\/jpeg\" \/>\n<meta name=\"author\" content=\"jpicos\" \/>\n<meta name=\"twitter:card\" content=\"summary_large_image\" \/>\n<meta name=\"twitter:label1\" content=\"Escrito por\" \/>\n\t<meta name=\"twitter:data1\" content=\"jpicos\" \/>\n\t<meta name=\"twitter:label2\" content=\"Tiempo de lectura\" \/>\n\t<meta name=\"twitter:data2\" content=\"5 minutos\" \/>\n<!-- \/ Yoast SEO plugin. -->","yoast_head_json":{"title":"El actor Llu\u00eds Homar y la artista Miss Beige, Premios Nebrija CREA 2023 - Actualidad Nebrija","description":"Los estudiantes de la Facultad de Comunicaci\u00f3n y Artes entregan los Premios CREA 2023, en su quinta edici\u00f3n.","robots":{"index":"index","follow":"follow","max-snippet":"max-snippet:-1","max-image-preview":"max-image-preview:large","max-video-preview":"max-video-preview:-1"},"canonical":"https:\/\/www.nebrija.com\/medios\/actualidadnebrija\/2023\/12\/13\/el-actor-lluis-homar-y-la-artista-miss-beige-premios-nebrija-crea-2023\/","og_locale":"es_ES","og_type":"article","og_title":"El actor Llu\u00eds Homar y la artista Miss Beige, Premios Nebrija CREA 2023 - Actualidad Nebrija","og_description":"Los estudiantes de la Facultad de Comunicaci\u00f3n y Artes entregan los Premios CREA 2023, en su quinta edici\u00f3n.","og_url":"https:\/\/www.nebrija.com\/medios\/actualidadnebrija\/2023\/12\/13\/el-actor-lluis-homar-y-la-artista-miss-beige-premios-nebrija-crea-2023\/","og_site_name":"Actualidad Nebrija","article_published_time":"2023-12-13T14:53:06+00:00","article_modified_time":"2024-04-05T08:17:49+00:00","og_image":[{"width":1100,"height":734,"url":"https:\/\/www.nebrija.com\/medios\/actualidadnebrija\/wp-content\/uploads\/sites\/2\/2023\/12\/CREA2023-12.jpg","type":"image\/jpeg"}],"author":"jpicos","twitter_card":"summary_large_image","twitter_misc":{"Escrito por":"jpicos","Tiempo de lectura":"5 minutos"},"schema":{"@context":"https:\/\/schema.org","@graph":[{"@type":"WebPage","@id":"https:\/\/www.nebrija.com\/medios\/actualidadnebrija\/2023\/12\/13\/el-actor-lluis-homar-y-la-artista-miss-beige-premios-nebrija-crea-2023\/","url":"https:\/\/www.nebrija.com\/medios\/actualidadnebrija\/2023\/12\/13\/el-actor-lluis-homar-y-la-artista-miss-beige-premios-nebrija-crea-2023\/","name":"El actor Llu\u00eds Homar y la artista Miss Beige, Premios Nebrija CREA 2023 - Actualidad Nebrija","isPartOf":{"@id":"https:\/\/www.nebrija.com\/medios\/actualidadnebrija\/#website"},"datePublished":"2023-12-13T14:53:06+00:00","dateModified":"2024-04-05T08:17:49+00:00","author":{"@id":"https:\/\/www.nebrija.com\/medios\/actualidadnebrija\/#\/schema\/person\/0cd40b7dd3f54459e2cfc009dbd255c6"},"description":"Los estudiantes de la Facultad de Comunicaci\u00f3n y Artes entregan los Premios CREA 2023, en su quinta edici\u00f3n.","breadcrumb":{"@id":"https:\/\/www.nebrija.com\/medios\/actualidadnebrija\/2023\/12\/13\/el-actor-lluis-homar-y-la-artista-miss-beige-premios-nebrija-crea-2023\/#breadcrumb"},"inLanguage":"es","potentialAction":[{"@type":"ReadAction","target":["https:\/\/www.nebrija.com\/medios\/actualidadnebrija\/2023\/12\/13\/el-actor-lluis-homar-y-la-artista-miss-beige-premios-nebrija-crea-2023\/"]}]},{"@type":"BreadcrumbList","@id":"https:\/\/www.nebrija.com\/medios\/actualidadnebrija\/2023\/12\/13\/el-actor-lluis-homar-y-la-artista-miss-beige-premios-nebrija-crea-2023\/#breadcrumb","itemListElement":[{"@type":"ListItem","position":1,"name":"Home","item":"https:\/\/www.nebrija.com\/medios\/actualidadnebrija\/"},{"@type":"ListItem","position":2,"name":"El actor Llu\u00eds Homar y la artista Miss Beige, Premios Nebrija CREA 2023"}]},{"@type":"WebSite","@id":"https:\/\/www.nebrija.com\/medios\/actualidadnebrija\/#website","url":"https:\/\/www.nebrija.com\/medios\/actualidadnebrija\/","name":"Actualidad Nebrija","description":"Noticias de la Universidad Nebrija","potentialAction":[{"@type":"SearchAction","target":{"@type":"EntryPoint","urlTemplate":"https:\/\/www.nebrija.com\/medios\/actualidadnebrija\/?s={search_term_string}"},"query-input":"required name=search_term_string"}],"inLanguage":"es"},{"@type":"Person","@id":"https:\/\/www.nebrija.com\/medios\/actualidadnebrija\/#\/schema\/person\/0cd40b7dd3f54459e2cfc009dbd255c6","name":"jpicos","image":{"@type":"ImageObject","inLanguage":"es","@id":"https:\/\/www.nebrija.com\/medios\/actualidadnebrija\/#\/schema\/person\/image\/","url":"https:\/\/secure.gravatar.com\/avatar\/c4a1005cff3fd9bb5185e9671f4f3e9b?s=96&d=mm&r=g","contentUrl":"https:\/\/secure.gravatar.com\/avatar\/c4a1005cff3fd9bb5185e9671f4f3e9b?s=96&d=mm&r=g","caption":"jpicos"},"url":"https:\/\/www.nebrija.com\/medios\/actualidadnebrija\/author\/jpicos\/"}]}},"_links":{"self":[{"href":"https:\/\/www.nebrija.com\/medios\/actualidadnebrija\/wp-json\/wp\/v2\/posts\/90010"}],"collection":[{"href":"https:\/\/www.nebrija.com\/medios\/actualidadnebrija\/wp-json\/wp\/v2\/posts"}],"about":[{"href":"https:\/\/www.nebrija.com\/medios\/actualidadnebrija\/wp-json\/wp\/v2\/types\/post"}],"author":[{"embeddable":true,"href":"https:\/\/www.nebrija.com\/medios\/actualidadnebrija\/wp-json\/wp\/v2\/users\/326"}],"replies":[{"embeddable":true,"href":"https:\/\/www.nebrija.com\/medios\/actualidadnebrija\/wp-json\/wp\/v2\/comments?post=90010"}],"version-history":[{"count":4,"href":"https:\/\/www.nebrija.com\/medios\/actualidadnebrija\/wp-json\/wp\/v2\/posts\/90010\/revisions"}],"predecessor-version":[{"id":91725,"href":"https:\/\/www.nebrija.com\/medios\/actualidadnebrija\/wp-json\/wp\/v2\/posts\/90010\/revisions\/91725"}],"wp:featuredmedia":[{"embeddable":true,"href":"https:\/\/www.nebrija.com\/medios\/actualidadnebrija\/wp-json\/wp\/v2\/media\/90022"}],"wp:attachment":[{"href":"https:\/\/www.nebrija.com\/medios\/actualidadnebrija\/wp-json\/wp\/v2\/media?parent=90010"}],"wp:term":[{"taxonomy":"category","embeddable":true,"href":"https:\/\/www.nebrija.com\/medios\/actualidadnebrija\/wp-json\/wp\/v2\/categories?post=90010"},{"taxonomy":"post_tag","embeddable":true,"href":"https:\/\/www.nebrija.com\/medios\/actualidadnebrija\/wp-json\/wp\/v2\/tags?post=90010"}],"curies":[{"name":"wp","href":"https:\/\/api.w.org\/{rel}","templated":true}]}}