{"id":90164,"date":"2023-12-19T13:57:49","date_gmt":"2023-12-19T12:57:49","guid":{"rendered":"https:\/\/www.nebrija.com\/medios\/actualidadnebrija\/?p=90164"},"modified":"2024-01-11T17:34:22","modified_gmt":"2024-01-11T16:34:22","slug":"google-arts-culture-y-la-fundacion-nebrija-lanzan-una-exposicion-digital-sobre-la-fortaleza-del-espanol","status":"publish","type":"post","link":"https:\/\/www.nebrija.com\/medios\/actualidadnebrija\/2023\/12\/19\/google-arts-culture-y-la-fundacion-nebrija-lanzan-una-exposicion-digital-sobre-la-fortaleza-del-espanol\/","title":{"rendered":"Google Arts &amp; Culture y la Fundaci\u00f3n Nebrija lanzan una exposici\u00f3n digital sobre la fortaleza del espa\u00f1ol en el mundo"},"content":{"rendered":"<p>\u00bfQu\u00e9 tienen en com\u00fan una estrella del pop de Colombia y un artista urbano de Madrid? \u00bfQu\u00e9 comparten un YouTuber de Buenos Aires y un director de cine de Chile? Muy sencillo: una lengua com\u00fan. Google Arts &amp; Culture y la <a href=\"https:\/\/www.fundacionnebrija.org\/\">Fundaci\u00f3n Nebrija<\/a> han trabajado durante meses en una nueva colecci\u00f3n de m\u00e1s de 65 reportajes digitales. Reunidos bajo el t\u00edtulo \u201c<a href=\"https:\/\/artsandculture.google.com\/project\/spanish-language\" target=\"_blank\" rel=\"noopener noreferrer\">El espa\u00f1ol: m\u00e1s all\u00e1 de las palabras<\/a>\u201d, abordan el presente y el futuro de la lengua espa\u00f1ola. Y lo hacen desde diferentes perspectivas y siempre con un enfoque din\u00e1mico, divulgativo y muy atractivo desde el punto de vista visual.<\/p>\n<p>El proyecto es un recorrido por el arte, la cultura, la econom\u00eda, las fortalezas y los retos del espa\u00f1ol. En el mundo hay 500 millones de hablantes nativos de esta lengua, en 21 pa\u00edses (el 7,5 % lo tiene como primera o segunda lengua).<\/p>\n<p>A medida que conecta comunidades y culturas en todo el mundo, la lengua espa\u00f1ola sigue evolucionando. Ya sea a trav\u00e9s de p\u00f3dcast de candente actualidad o de la inteligencia artificial m\u00e1s avanzada. O ya sea desde el arte contempor\u00e1neo m\u00e1s incisivo o de las canciones pop m\u00e1s escuchadas, el espa\u00f1ol sigue siendo una din\u00e1mica herramienta de expresi\u00f3n.<\/p>\n<h2>M\u00e1s de 65 reportajes en Google Arts &amp; Culture<\/h2>\n<p>Este proyecto es una celebraci\u00f3n de las conexiones entre los hispanohablantes m\u00e1s all\u00e1 de la Pen\u00ednsula Ib\u00e9rica. Con m\u00e1s de 65 reportajes digitales, muestras de m\u00fasica latina, cuestionarios culturales y m\u00e1s de 900 im\u00e1genes, \u201cEl espa\u00f1ol: m\u00e1s all\u00e1 de las palabras\u201d ofrece una amplia panor\u00e1mica de una de las lenguas m\u00e1s habladas del mundo, que cuenta con m\u00e1s de 93.000 palabras en su vocabulario.<\/p>\n<p>El ministro de Asuntos Exteriores, Uni\u00f3n Europea y Cooperaci\u00f3n, Jos\u00e9 Manuel Albares, subray\u00f3 la \u201cgran fuerza\u201d del espa\u00f1ol a escala internacional. \u201cSu peso lo podemos resumir en dos cifras: m\u00e1s del 15 % del PIB espa\u00f1ol se atribuye a las capacidades de la lengua y casi un 10 % del PIB mundial lo generamos los hispanohablantes\u201d, destac\u00f3, en un comunicado por v\u00eddeo emitido durante la presentaci\u00f3n del proyecto en el Campus de Madrid-Princesa de la Universidad Nebrija.<\/p>\n<p><a href=\"https:\/\/www.nebrija.com\/medios\/actualidadnebrija\/wp-content\/uploads\/sites\/2\/2023\/12\/Maria-Gonzalez-Veracruz-secretaria-de-Estado-de-Telecomunicaciones.jpg\"><img loading=\"lazy\" decoding=\"async\" class=\"alignnone wp-image-90178 size-full\" src=\"https:\/\/www.nebrija.com\/medios\/actualidadnebrija\/wp-content\/uploads\/sites\/2\/2023\/12\/Maria-Gonzalez-Veracruz-secretaria-de-Estado-de-Telecomunicaciones.jpg\" alt=\"\" width=\"1100\" height=\"734\" \/><\/a><\/p>\n<p>Mar\u00eda Gonz\u00e1lez Veracruz, secretaria de Estado de Telecomunicaciones e Infraestructuras Digitales, incidi\u00f3 por su parte en la oportunidad que significa el espa\u00f1ol desde el punto de vista cultural, estrat\u00e9gico y de futuro. \u201cEn la era de la digitalizaci\u00f3n, es un momento en que el que espa\u00f1ol tiene que ser protagonista de esa carretera del siglo XXI que son las redes\u201d, asegur\u00f3, remarcando los m\u00e1s de mil millones de inversi\u00f3n p\u00fablica en proyectos de digitalizaci\u00f3n.<\/p>\n<h3>El &#8220;virus del saber&#8221;<\/h3>\n<p>Miguel Escassi, director de Asuntos Gubernamentales y Pol\u00edticas P\u00fablicas de Google Espa\u00f1a y Portugal, hizo hincapi\u00e9 por su lado en la colaboraci\u00f3n p\u00fablico privada como elemento fundamental \u201cpara seguir manteniendo el rol de Espa\u00f1a como l\u00edder tecnol\u00f3gico en el avance cultural de Europa\u201d.<\/p>\n<p>Al acto de presentaci\u00f3n tambi\u00e9n asistieron Jos\u00e9 Mu\u00f1iz, rector de la Universidad Nebrija; Giorgia Abeltino, <em>Senior Director Public Policy and Government Relations<\/em> de Google para el sur de Europa; Chance Coughenour, <em>Senior Program Manager<\/em> de Google Arts &amp; Culture; Aina Arbona y Carmen Garc\u00eda, creadoras del proyecto por parte de la Fundaci\u00f3n Nebrija. El acto fue presentado por Mar\u00eda Gil, directora de Comunicaci\u00f3n de la Universidad Nebrija.<\/p>\n<p><a href=\"https:\/\/www.nebrija.com\/medios\/actualidadnebrija\/wp-content\/uploads\/sites\/2\/2023\/12\/Presentacion-proyecto-Google-Arts-Culture.jpg\"><img loading=\"lazy\" decoding=\"async\" class=\"alignnone wp-image-90181 size-full\" src=\"https:\/\/www.nebrija.com\/medios\/actualidadnebrija\/wp-content\/uploads\/sites\/2\/2023\/12\/Presentacion-proyecto-Google-Arts-Culture.jpg\" alt=\"Aina Arbona y Carmen Garc\u00eda, creadoras del proyecto por parte de la Fundaci\u00f3n Nebrija\" width=\"1100\" height=\"734\" \/><\/a><\/p>\n<p>La Fundaci\u00f3n Nebrija ha trabajado en la creaci\u00f3n de los diferentes cap\u00edtulos de la colecci\u00f3n de reportajes digitales junto a otras nueve instituciones. Entre ellas se encuentran las que se encuentran la secretar\u00eda de Estado de Cultura de M\u00e9xico, la Xunta de Galicia, la Agencia EFE y Acci\u00f3n Cultural Espa\u00f1ola. Tambi\u00e9n la Asociaci\u00f3n Espa\u00f1ola de Videojuegos, Museo OXO Videojuegos M\u00e1laga, International Salsa Museum y Latino USA.<\/p>\n<p>El rector de la Universidad Nebrija record\u00f3 que la humanidad ha utilizado la tecnolog\u00eda para expandirse y remarc\u00f3 el papel de colaboraci\u00f3n que la universidad puede jugar en ese futuro tecnol\u00f3gico, como germen de mentes curiosas. \u201cLa esencia de la universidad es el virus del saber por saber y, una vez que te infectas, no lo dejas nunca. Sin curiosidad no hay nada\u201d.<\/p>\n<p><a href=\"https:\/\/www.nebrija.com\/medios\/actualidadnebrija\/wp-content\/uploads\/sites\/2\/2023\/12\/Jose-Muniz.jpg\"><img loading=\"lazy\" decoding=\"async\" class=\"alignnone wp-image-90175 size-full\" src=\"https:\/\/www.nebrija.com\/medios\/actualidadnebrija\/wp-content\/uploads\/sites\/2\/2023\/12\/Jose-Muniz.jpg\" alt=\"Jos\u00e9 Mu\u00f1iz, presidente de la Fundaci\u00f3n Nebrija y rector de la Universidad Nebrija\" width=\"1100\" height=\"724\" \/><\/a><\/p>\n<h3>La lengua<\/h3>\n<p>El primero de los cap\u00edtulos, <a href=\"https:\/\/artsandculture.google.com\/project\/spanish-language\/language\" target=\"_blank\" rel=\"noopener noreferrer\">\u201cLa lengua\u201d<\/a>, incluye reportajes digitales que indagan sobre la lengua espa\u00f1ola en sus caracter\u00edsticas ling\u00fc\u00edsticas: su <a href=\"https:\/\/artsandculture.google.com\/story\/zAVhuQVSF2z7cw\" target=\"_blank\" rel=\"noopener noreferrer\">abecedario<\/a>, sus dialectos, sus <a href=\"https:\/\/artsandculture.google.com\/story\/bAVxDK2xOQYpZw\" target=\"_blank\" rel=\"noopener noreferrer\">or\u00edgenes<\/a>, los pa\u00edses que la comparten y sus curiosidades l\u00e9xicas y gramaticales. Por ejemplo, en el ep\u00edgrafe \u201c\u00bfC\u00f3mo suena el espa\u00f1ol?\u201d se puede escuchar la sinfon\u00eda de acentos en el mundo hispanohablante, para descubrir c\u00f3mo suena el espa\u00f1ol de lugares tan distantes como Madrid y San Jos\u00e9 mientras se recita el poema <a href=\"https:\/\/artsandculture.google.com\/story\/vwWh6UE53pByow\" target=\"_blank\" rel=\"noopener noreferrer\">\u201cElogio a la lengua\u201d,<\/a> de la escritora uruguaya Cristina Peri Rossi.<\/p>\n<h3><strong>La cultura<\/strong><\/h3>\n<p>En el segundo ep\u00edgrafe, <a href=\"https:\/\/artsandculture.google.com\/project\/spanish-language\/culture\" target=\"_blank\" rel=\"noopener noreferrer\">\u201cLa cultura\u201d<\/a>, se recogen los reportajes digitales que exploran uno de los pilares fundamentales del presente de la lengua: todas las ramas de la cultura vinculadas al espa\u00f1ol. Un paseo por el arte (con <a href=\"https:\/\/artsandculture.google.com\/story\/AQUh9lr_kl8pOw\" target=\"_blank\" rel=\"noopener noreferrer\">entrevista a Maribel L\u00f3pez<\/a>, directora de ARCO), la literatura (desde los primeros manuscritos hasta las <a href=\"https:\/\/artsandculture.google.com\/story\/xQUBiJsPnGLgLA\" target=\"_blank\" rel=\"noopener noreferrer\">obras maestras<\/a>), los <a href=\"https:\/\/artsandculture.google.com\/story\/kwWh0cygvPFMew\" target=\"_blank\" rel=\"noopener noreferrer\">p\u00f3dcast<\/a> (el impacto de nuestra lengua en este formato), el <a href=\"https:\/\/artsandculture.google.com\/story\/HgUxcGRDTt_gEw\" target=\"_blank\" rel=\"noopener noreferrer\">cine<\/a>, las <a href=\"https:\/\/artsandculture.google.com\/story\/mwWxK3dsLeUGAw\" target=\"_blank\" rel=\"noopener noreferrer\">series<\/a>, el <em>streaming<\/em>, los <a href=\"https:\/\/artsandculture.google.com\/story\/wwWRO2V3MQZgww\" target=\"_blank\" rel=\"noopener noreferrer\">videojuegos<\/a> y la m\u00fasica (Latin Grammys, mujeres que han marcado la historia de la m\u00fasica latina, <a href=\"https:\/\/artsandculture.google.com\/story\/AgVBojkW7PRV9A\" target=\"_blank\" rel=\"noopener noreferrer\">de Chavela Vargas a Rosal\u00eda<\/a>; o de rancheras mexicanas a canciones pop que alcanzan lo m\u00e1s alto de las listas de \u00e9xitos, influyendo en la cultura mucho m\u00e1s del mundo hispanohablante).<\/p>\n<h3><strong>El futuro<\/strong><\/h3>\n<p>Se prev\u00e9 que el n\u00famero de hispanohablantes en todo el mundo supere los 726 millones en 2068. El tercer cap\u00edtulo de la colecci\u00f3n, <a href=\"https:\/\/artsandculture.google.com\/project\/spanish-language\/future\" target=\"_blank\" rel=\"noopener noreferrer\">\u201cEl futuro\u201d<\/a>, recoge las investigaciones realizadas sobre el presente y el futuro de la lengua en \u00e1reas innovadoras en las que juega un papel fundamental: c\u00f3mo se ha convertido en <a href=\"https:\/\/artsandculture.google.com\/story\/FwVhtkX2w5ry0w\" target=\"_blank\" rel=\"noopener noreferrer\">motor de crecimiento<\/a> econ\u00f3mico, curiosidades de la <a href=\"https:\/\/artsandculture.google.com\/story\/6QWx0n0L8J3c5A\" target=\"_blank\" rel=\"noopener noreferrer\">ciencia en espa\u00f1ol<\/a>, el desarrollo de <a href=\"https:\/\/artsandculture.google.com\/story\/NwXhidEXPGRPDg\">inteligencia artificial<\/a> y las claves para el posicionamiento de nuestro idioma en las <a href=\"https:\/\/artsandculture.google.com\/story\/2wVhb1Bt2f-kiA\" target=\"_blank\" rel=\"noopener noreferrer\">redes sociales<\/a> y en las nuevas formas de ense\u00f1anza y aprendizaje del siglo XXI.<\/p>\n<p><a href=\"https:\/\/www.nebrija.com\/medios\/actualidadnebrija\/wp-content\/uploads\/sites\/2\/2023\/12\/Maria-Gonzalez-Veracruz.jpg\"><img loading=\"lazy\" decoding=\"async\" class=\"alignnone wp-image-90179 size-full\" src=\"https:\/\/www.nebrija.com\/medios\/actualidadnebrija\/wp-content\/uploads\/sites\/2\/2023\/12\/Maria-Gonzalez-Veracruz.jpg\" alt=\"Google Arts &amp; Culture\" width=\"1100\" height=\"733\" \/><\/a><\/p>\n<p>Para este tercer cap\u00edtulo tambi\u00e9n se ha querido dar respuesta a la pregunta que motiv\u00f3 todo el proyecto de Google Arts &amp; Culture y la Fundaci\u00f3n Nebrija: \u00bfCu\u00e1l es el futuro de la lengua espa\u00f1ola? Un total de once expertos de diversas \u00e1reas ofrecen su reflexi\u00f3n sobre lo que le espera al espa\u00f1ol en p\u00edldoras audiovisuales que exploran el impacto de la tecnolog\u00eda, la educaci\u00f3n, los negocios, la cultura y la globalizaci\u00f3n en la evoluci\u00f3n y el futuro de la lengua espa\u00f1ola. Entre los expertos entrevistados se encuentran Luis Garc\u00eda Montero, director del Instituto Cervantes; Lola Pons, historiadora de la Lengua y catedr\u00e1tica de la Universidad de Sevilla; Pedro \u00c1lvarez de Miranda, acad\u00e9mico de la Real Academia Espa\u00f1ola; Elea Gim\u00e9nez Toledo, investigadora titular del CSIC; Jos\u00e9 Lu\u00eds Garc\u00eda Delgado, director del Observatorio Nebrija del Espa\u00f1ol; y Susana Azpiazu Torres, directora del Centro Internacional del Espa\u00f1ol de la Universidad de Salamanca. Sus aportaciones pretenden facilitar la comprensi\u00f3n de los retos y las oportunidades que afronta la lengua espa\u00f1ola mientras sigue moldeando la vida de millones de personas en todo el mundo.<\/p>\n<p>Google Arts &amp; Culture es una plataforma fundada en Google en 2011 con el objetivo de explorar el arte y la cultura en asociaci\u00f3n con instituciones, seg\u00fan record\u00f3 Chance Coughenour. En la actualidad cuenta con m\u00e1s de 3.000 socios en m\u00e1s de 90 pa\u00edses. \u201cEn Espa\u00f1a en concreto ya hay 140 instituciones que cuentan con un perfil en la plataforma, con temas tan variados como la gastronom\u00eda, el Camino de Santiago o el propio legado de Nebrija\u201d.<\/p>\n<p>Giorgia Abeltino destac\u00f3 por su parte el prop\u00f3sito de Google de ayudar a que el papel del espa\u00f1ol perdure tambi\u00e9n en el mundo digital. Anim\u00f3 a que los usuarios utilicen bien la lengua espa\u00f1ola, que consider\u00f3 como \u201cun puente entre continentes y personas, que ha sido capaz de unir gente y crear tradiciones y cultura durante siglos\u201d.<\/p>\n<p>Para aprender m\u00e1s sobre la lengua espa\u00f1ola en toda su fascinante diversidad, se puede visitar \u201c<a href=\"https:\/\/artsandculture.google.com\/project\/spanish-language\" target=\"_blank\" rel=\"noopener noreferrer\">El espa\u00f1ol: m\u00e1s all\u00e1 de las palabras<\/a>\u201d o descargar la aplicaci\u00f3n de Google Arts &amp; Culture para Android o iOS.<\/p>\n<p><a href=\"https:\/\/www.nebrija.com\/medios\/actualidadnebrija\/wp-content\/uploads\/sites\/2\/2023\/12\/DSC00787-copia.jpg\"><img loading=\"lazy\" decoding=\"async\" class=\"alignnone wp-image-90171 size-full\" title=\"Google Arts &amp; Culture\" src=\"https:\/\/www.nebrija.com\/medios\/actualidadnebrija\/wp-content\/uploads\/sites\/2\/2023\/12\/DSC00787-copia.jpg\" alt=\"\" width=\"1100\" height=\"734\" \/><\/a><\/p>\n","protected":false},"excerpt":{"rendered":"<p>Con el t\u00edtulo \u201cEl espa\u00f1ol: m\u00e1s all\u00e1 de las palabras&#8221;, contiene m\u00e1s de 65 reportajes digitales.<\/p>\n","protected":false},"author":1182,"featured_media":90174,"comment_status":"open","ping_status":"open","sticky":false,"template":"","format":"standard","meta":{"_acf_changed":false,"_monsterinsights_skip_tracking":false,"_monsterinsights_sitenote_active":false,"_monsterinsights_sitenote_note":"","_monsterinsights_sitenote_category":0,"footnotes":""},"categories":[1,3058,4776],"tags":[3124,3218,3280,3324,4507,4470],"acf":[],"yoast_head":"<!-- This site is optimized with the Yoast SEO plugin v22.1 - https:\/\/yoast.com\/wordpress\/plugins\/seo\/ -->\n<title>Google Arts &amp; Culture y la Fundaci\u00f3n Nebrija lanzan una exposici\u00f3n digital sobre la fortaleza del espa\u00f1ol<\/title>\n<meta name=\"description\" content=\"\u201cEl espa\u00f1ol: m\u00e1s all\u00e1 de las palabras\u201d de Google Arts &amp; Culture se ha realizado en colaboraci\u00f3n con la Fundaci\u00f3n Nebrija.\" \/>\n<meta name=\"robots\" content=\"index, follow, max-snippet:-1, max-image-preview:large, max-video-preview:-1\" \/>\n<link rel=\"canonical\" href=\"https:\/\/www.nebrija.com\/medios\/actualidadnebrija\/2023\/12\/19\/google-arts-culture-y-la-fundacion-nebrija-lanzan-una-exposicion-digital-sobre-la-fortaleza-del-espanol\/\" \/>\n<meta property=\"og:locale\" content=\"es_ES\" \/>\n<meta property=\"og:type\" content=\"article\" \/>\n<meta property=\"og:title\" content=\"Google Arts &amp; Culture y la Fundaci\u00f3n Nebrija lanzan una exposici\u00f3n digital sobre la fortaleza del espa\u00f1ol\" \/>\n<meta property=\"og:description\" content=\"\u201cEl espa\u00f1ol: m\u00e1s all\u00e1 de las palabras\u201d de Google Arts &amp; Culture se ha realizado en colaboraci\u00f3n con la Fundaci\u00f3n Nebrija.\" \/>\n<meta property=\"og:url\" content=\"https:\/\/www.nebrija.com\/medios\/actualidadnebrija\/2023\/12\/19\/google-arts-culture-y-la-fundacion-nebrija-lanzan-una-exposicion-digital-sobre-la-fortaleza-del-espanol\/\" \/>\n<meta property=\"og:site_name\" content=\"Actualidad Nebrija\" \/>\n<meta property=\"article:published_time\" content=\"2023-12-19T12:57:49+00:00\" \/>\n<meta property=\"article:modified_time\" content=\"2024-01-11T16:34:22+00:00\" \/>\n<meta property=\"og:image\" content=\"https:\/\/www.nebrija.com\/medios\/actualidadnebrija\/wp-content\/uploads\/sites\/2\/2023\/12\/Google-Arts-Culture-y-la-Fundacion-Nebrija-lanzan-una-exposicion-digital-sobre-la-fortaleza-del-espanol.jpg\" \/>\n\t<meta property=\"og:image:width\" content=\"1100\" \/>\n\t<meta property=\"og:image:height\" content=\"734\" \/>\n\t<meta property=\"og:image:type\" content=\"image\/jpeg\" \/>\n<meta name=\"author\" content=\"mcamposd\" \/>\n<meta name=\"twitter:card\" content=\"summary_large_image\" \/>\n<meta name=\"twitter:label1\" content=\"Escrito por\" \/>\n\t<meta name=\"twitter:data1\" content=\"mcamposd\" \/>\n\t<meta name=\"twitter:label2\" content=\"Tiempo de lectura\" \/>\n\t<meta name=\"twitter:data2\" content=\"8 minutos\" \/>\n<!-- \/ Yoast SEO plugin. -->","yoast_head_json":{"title":"Google Arts & Culture y la Fundaci\u00f3n Nebrija lanzan una exposici\u00f3n digital sobre la fortaleza del espa\u00f1ol","description":"\u201cEl espa\u00f1ol: m\u00e1s all\u00e1 de las palabras\u201d de Google Arts & Culture se ha realizado en colaboraci\u00f3n con la Fundaci\u00f3n Nebrija.","robots":{"index":"index","follow":"follow","max-snippet":"max-snippet:-1","max-image-preview":"max-image-preview:large","max-video-preview":"max-video-preview:-1"},"canonical":"https:\/\/www.nebrija.com\/medios\/actualidadnebrija\/2023\/12\/19\/google-arts-culture-y-la-fundacion-nebrija-lanzan-una-exposicion-digital-sobre-la-fortaleza-del-espanol\/","og_locale":"es_ES","og_type":"article","og_title":"Google Arts & Culture y la Fundaci\u00f3n Nebrija lanzan una exposici\u00f3n digital sobre la fortaleza del espa\u00f1ol","og_description":"\u201cEl espa\u00f1ol: m\u00e1s all\u00e1 de las palabras\u201d de Google Arts & Culture se ha realizado en colaboraci\u00f3n con la Fundaci\u00f3n Nebrija.","og_url":"https:\/\/www.nebrija.com\/medios\/actualidadnebrija\/2023\/12\/19\/google-arts-culture-y-la-fundacion-nebrija-lanzan-una-exposicion-digital-sobre-la-fortaleza-del-espanol\/","og_site_name":"Actualidad Nebrija","article_published_time":"2023-12-19T12:57:49+00:00","article_modified_time":"2024-01-11T16:34:22+00:00","og_image":[{"width":1100,"height":734,"url":"https:\/\/www.nebrija.com\/medios\/actualidadnebrija\/wp-content\/uploads\/sites\/2\/2023\/12\/Google-Arts-Culture-y-la-Fundacion-Nebrija-lanzan-una-exposicion-digital-sobre-la-fortaleza-del-espanol.jpg","type":"image\/jpeg"}],"author":"mcamposd","twitter_card":"summary_large_image","twitter_misc":{"Escrito por":"mcamposd","Tiempo de lectura":"8 minutos"},"schema":{"@context":"https:\/\/schema.org","@graph":[{"@type":"WebPage","@id":"https:\/\/www.nebrija.com\/medios\/actualidadnebrija\/2023\/12\/19\/google-arts-culture-y-la-fundacion-nebrija-lanzan-una-exposicion-digital-sobre-la-fortaleza-del-espanol\/","url":"https:\/\/www.nebrija.com\/medios\/actualidadnebrija\/2023\/12\/19\/google-arts-culture-y-la-fundacion-nebrija-lanzan-una-exposicion-digital-sobre-la-fortaleza-del-espanol\/","name":"Google Arts & Culture y la Fundaci\u00f3n Nebrija lanzan una exposici\u00f3n digital sobre la fortaleza del espa\u00f1ol","isPartOf":{"@id":"https:\/\/www.nebrija.com\/medios\/actualidadnebrija\/#website"},"datePublished":"2023-12-19T12:57:49+00:00","dateModified":"2024-01-11T16:34:22+00:00","author":{"@id":"https:\/\/www.nebrija.com\/medios\/actualidadnebrija\/#\/schema\/person\/205582e65069359d9f07d260f6d48a9c"},"description":"\u201cEl espa\u00f1ol: m\u00e1s all\u00e1 de las palabras\u201d de Google Arts & Culture se ha realizado en colaboraci\u00f3n con la Fundaci\u00f3n Nebrija.","breadcrumb":{"@id":"https:\/\/www.nebrija.com\/medios\/actualidadnebrija\/2023\/12\/19\/google-arts-culture-y-la-fundacion-nebrija-lanzan-una-exposicion-digital-sobre-la-fortaleza-del-espanol\/#breadcrumb"},"inLanguage":"es","potentialAction":[{"@type":"ReadAction","target":["https:\/\/www.nebrija.com\/medios\/actualidadnebrija\/2023\/12\/19\/google-arts-culture-y-la-fundacion-nebrija-lanzan-una-exposicion-digital-sobre-la-fortaleza-del-espanol\/"]}]},{"@type":"BreadcrumbList","@id":"https:\/\/www.nebrija.com\/medios\/actualidadnebrija\/2023\/12\/19\/google-arts-culture-y-la-fundacion-nebrija-lanzan-una-exposicion-digital-sobre-la-fortaleza-del-espanol\/#breadcrumb","itemListElement":[{"@type":"ListItem","position":1,"name":"Home","item":"https:\/\/www.nebrija.com\/medios\/actualidadnebrija\/"},{"@type":"ListItem","position":2,"name":"Google Arts &amp; Culture y la Fundaci\u00f3n Nebrija lanzan una exposici\u00f3n digital sobre la fortaleza del espa\u00f1ol en el mundo"}]},{"@type":"WebSite","@id":"https:\/\/www.nebrija.com\/medios\/actualidadnebrija\/#website","url":"https:\/\/www.nebrija.com\/medios\/actualidadnebrija\/","name":"Actualidad Nebrija","description":"Noticias de la Universidad Nebrija","potentialAction":[{"@type":"SearchAction","target":{"@type":"EntryPoint","urlTemplate":"https:\/\/www.nebrija.com\/medios\/actualidadnebrija\/?s={search_term_string}"},"query-input":"required name=search_term_string"}],"inLanguage":"es"},{"@type":"Person","@id":"https:\/\/www.nebrija.com\/medios\/actualidadnebrija\/#\/schema\/person\/205582e65069359d9f07d260f6d48a9c","name":"mcamposd","image":{"@type":"ImageObject","inLanguage":"es","@id":"https:\/\/www.nebrija.com\/medios\/actualidadnebrija\/#\/schema\/person\/image\/","url":"https:\/\/secure.gravatar.com\/avatar\/d0592be503e718fe4bc82c9a3b03724e?s=96&d=mm&r=g","contentUrl":"https:\/\/secure.gravatar.com\/avatar\/d0592be503e718fe4bc82c9a3b03724e?s=96&d=mm&r=g","caption":"mcamposd"},"url":"https:\/\/www.nebrija.com\/medios\/actualidadnebrija\/author\/mcamposd\/"}]}},"_links":{"self":[{"href":"https:\/\/www.nebrija.com\/medios\/actualidadnebrija\/wp-json\/wp\/v2\/posts\/90164"}],"collection":[{"href":"https:\/\/www.nebrija.com\/medios\/actualidadnebrija\/wp-json\/wp\/v2\/posts"}],"about":[{"href":"https:\/\/www.nebrija.com\/medios\/actualidadnebrija\/wp-json\/wp\/v2\/types\/post"}],"author":[{"embeddable":true,"href":"https:\/\/www.nebrija.com\/medios\/actualidadnebrija\/wp-json\/wp\/v2\/users\/1182"}],"replies":[{"embeddable":true,"href":"https:\/\/www.nebrija.com\/medios\/actualidadnebrija\/wp-json\/wp\/v2\/comments?post=90164"}],"version-history":[{"count":31,"href":"https:\/\/www.nebrija.com\/medios\/actualidadnebrija\/wp-json\/wp\/v2\/posts\/90164\/revisions"}],"predecessor-version":[{"id":90185,"href":"https:\/\/www.nebrija.com\/medios\/actualidadnebrija\/wp-json\/wp\/v2\/posts\/90164\/revisions\/90185"}],"wp:featuredmedia":[{"embeddable":true,"href":"https:\/\/www.nebrija.com\/medios\/actualidadnebrija\/wp-json\/wp\/v2\/media\/90174"}],"wp:attachment":[{"href":"https:\/\/www.nebrija.com\/medios\/actualidadnebrija\/wp-json\/wp\/v2\/media?parent=90164"}],"wp:term":[{"taxonomy":"category","embeddable":true,"href":"https:\/\/www.nebrija.com\/medios\/actualidadnebrija\/wp-json\/wp\/v2\/categories?post=90164"},{"taxonomy":"post_tag","embeddable":true,"href":"https:\/\/www.nebrija.com\/medios\/actualidadnebrija\/wp-json\/wp\/v2\/tags?post=90164"}],"curies":[{"name":"wp","href":"https:\/\/api.w.org\/{rel}","templated":true}]}}