{"id":90210,"date":"2023-12-20T13:53:31","date_gmt":"2023-12-20T12:53:31","guid":{"rendered":"https:\/\/www.nebrija.com\/medios\/actualidadnebrija\/?p=90210"},"modified":"2023-12-20T17:08:48","modified_gmt":"2023-12-20T16:08:48","slug":"nebrija-fue-uno-de-los-principales-facilitadores-del-paso-de-la-edad-media-a-la-edad-moderna","status":"publish","type":"post","link":"https:\/\/www.nebrija.com\/medios\/actualidadnebrija\/2023\/12\/20\/nebrija-fue-uno-de-los-principales-facilitadores-del-paso-de-la-edad-media-a-la-edad-moderna\/","title":{"rendered":"Jordi Mart\u00ed Grau: \u201cNebrija fue uno de los principales facilitadores del paso de la Edad Media a la Edad Moderna\u201d"},"content":{"rendered":"<p>\u201cHay quienes se resisten al cambio y hay personajes como Nebrija que se cargan la necesidad de transformaci\u00f3n a la espalda y su principal aportaci\u00f3n es, no solo haber vivido en aquel momento, sino haber sido uno de los principales facilitadores del paso de la Edad Media a la Edad Moderna\u201d. Con estas palabras, el secretario de Estado de Cultura, Jordi Mart\u00ed Grau, reivindic\u00f3 la figura del pol\u00edmata sevillano y la vigencia de su legado, durante la Gala de clausura del V Centenario del Fallecimiento de Antonio de Nebrija, celebrada en el Auditorio Nacional de Madrid.<\/p>\n<p>Mart\u00ed Grau clausur\u00f3 as\u00ed el acto que pon\u00eda el broche final a la apretada agenda del <strong><a href=\"https:\/\/nebrija500.es\/\" target=\"_blank\" rel=\"noopener noreferrer\">V Centenario<\/a><\/strong> que daba comienzo en 2022 para conmemorar una efem\u00e9ride que pretend\u00eda revitalizar el recuerdo e impulsar el magisterio de Nebrija, con actividades en torno a la lengua, el humanismo, la historia y la ciencia. \u201cSirva todo este esfuerzo para reconocer a Antonio de Nebrija, pero sobre todo para traemos su actitud y su compromiso humanista para que ilumine nuestro presente\u201d, indic\u00f3 el secretario de Estado.<\/p>\n<p>Record\u00f3 tambi\u00e9n Mart\u00ed Grau que Nebrija fue \u201cel primer defensor de los <a href=\"https:\/\/www.nebrija.com\/medios\/actualidadnebrija\/2022\/06\/01\/la-feria-del-libro-rinde-homenaje-a-nebrija-pionero-en-la-defensa-de-los-derechos-de-autor\/\" target=\"_blank\" rel=\"noopener noreferrer\"><strong>derechos de autor<\/strong><\/a>\u201d cuando sus <em>Introducciones latinas<\/em> se convirtieron gracias a la imprenta en un libro de texto de uso generalizado por los estudiantes de la \u00e9poca. \u201c\u00c9l levant\u00f3 el dedo, no contra la tecnolog\u00eda que hab\u00eda permitido que el manual estuviera distribuido por todo el continente, sino porque dijo \u2018quien lo ha escrito, deber\u00eda recibir algo por haberlo escrito\u2019\u201d, una reclamaci\u00f3n vigente en\u00a0 la actualidad, \u201ccuando los guionistas de Estados Unidos se han puesto de huelga porque temen que la Inteligencia Artificial les quite su papel en la creaci\u00f3n cultural cinematogr\u00e1fica\u201d.<\/p>\n<h3>Gala de clausura del V Centenario<\/h3>\n<p>La gala de clausura del V Centenario cont\u00f3 con las intervenciones de la catedr\u00e1tica de Historia de la Lengua en la Universidad de Sevilla, Lola Pons; el director de Educaci\u00f3n, Diversidad Cultural e Internacional de RTVE, Ignacio Elguero; y el presidente de la Comisi\u00f3n Interadministrativa del V Centenario de Antonio de Nebrija y rector de la Universidad Nebrija, Jos\u00e9 Mu\u00f1iz. Fue una velada conducida por Aldara Pereira, de la Fundaci\u00f3n Nebrija, que estuvo dedicada a la cultura y el humanismo, en la que se estren\u00f3 un adelanto del documental que RTVE ha realizado sobre Nebrija y tambi\u00e9n actu\u00f3 el cantaor lebrijano Jos\u00e9 Valencia. Entre el p\u00fablico hab\u00eda representantes de las instituciones que han formado parte de la <a href=\"https:\/\/www.nebrija.com\/medios\/actualidadnebrija\/2021\/10\/01\/constitucion-de-la-comision-interadministrativa-del-v-centenario-de-la-muerte-de-antonio-de-nebrija\/\" target=\"_blank\" rel=\"noopener noreferrer\"><strong>Comisi\u00f3n Interadministrativa<\/strong><\/a>.<\/p>\n<p>Reivindicar a Nebrija era una tarea que deb\u00eda vestirse de cuesti\u00f3n de Estado, opin\u00f3 la catedr\u00e1tica Lola Pons. \u201cAl defender la palabra justa, la b\u00fasqueda de las fuentes, el rigor, la repulsa por la noticia indirecta y falseadora nos encontr\u00e1bamos, en el siglo XXI, con un antepasado al que mirar como ejemplo de voluntad de verdad y libertad de expresi\u00f3n. No es muy distinto de lo que pensamos al hablar de valores democr\u00e1ticos\u201d. Por ello propuso seguir homenajeando la figura del sabio buscando a los \u201cNebrijas\u201d que nos rodean hoy entre profesores, estudiantes, escritores, traductores, editores, periodistas o personas que, con otros perfiles o trabajos, \u201ccreen en el valor de la palabra y en el poder de la lectura\u201d.<\/p>\n<h3>&#8220;Nebrija vive&#8221;<\/h3>\n<p>El rector de la Universidad Nebrija, que mostr\u00f3 su agradecimiento a todas las instituciones involucradas en la efem\u00e9ride, opin\u00f3 que \u201cNebrija vive\u201d a\u00fan hoy y su legado permanece. \u201cHoy, ser\u00eda Nebrija un militante contra las nuevas inquisiciones de los espacios seguros, la cancelaci\u00f3n, o las noticias falsas (<em>fakenews<\/em>), que asolan algunos campus universitarios, y la sociedad en general. Seguro que andar\u00eda sac\u00e1ndole los colores a la Inteligencia artificial, increpando al ChatGPT, discutiendo si piensan las m\u00e1quinas, si tienen consciencia, si ser\u00e1n capaces en el futuro de emocionarse, llorar o enamorarse, si la hip\u00f3tesis de la singularidad, o fusi\u00f3n hombres-m\u00e1quinas, est\u00e1 cerca. Participando, en suma, en la guerra entre el silicio y el carbono, eso s\u00ed, siempre alineado con el bando del carbono y el humanismo digital, los humanos primero. Sobre todo, me lo imagino muy atareado perge\u00f1ando en sus ratos libres la primera gram\u00e1tica para algoritmos vulgares, para que, digan lo que digan, por favor, lo digan bien\u201d.<\/p>\n<h3><strong>Agenda completa<\/strong><\/h3>\n<p>El 31 de diciembre de 2023 se clausura el V Centenario del Fallecimiento de Antonio de Nebrija, seg\u00fan el acuerdo oficial que se public\u00f3 en el BOE en diciembre de 2021. En torno a 85.000 personas han participado en los m\u00e1s de 160 actos que han compuesto la apretada agenda, en una celebraci\u00f3n impulsada de forma un\u00e1nime por todo el arco parlamentario y para la que se cre\u00f3 una Comisi\u00f3n Interadministrativa presidida por la Fundaci\u00f3n Nebrija y que ha estado integrada por 15 instituciones pol\u00edticas y culturales. Muchas de las actividades se han celebrado en Madrid y en las localidades donde vivi\u00f3 el autor de la primera\u00a0<em>Gram\u00e1tica de la lengua castellana<\/em>, pero tambi\u00e9n se han expandido a otras ciudades espa\u00f1olas, europeas, americanas y de todo el mundo.<\/p>\n<p>Entre los acontecimientos m\u00e1s relevantes se cuentan la gran\u00a0<a href=\"https:\/\/www.nebrija.com\/medios\/actualidadnebrija\/2022\/02\/22\/rey-destaca-vigencia-nebrija\/\" target=\"_blank\" rel=\"noopener noreferrer\"><strong>Gala de Inauguraci\u00f3n<\/strong><\/a> del V Centenario en el Teatro Real,\u00a0presidida por SS. MM. los Reyes el 21 de febrero de 2022; la\u00a0exposici\u00f3n en la <a href=\"https:\/\/www.nebrija.com\/medios\/actualidadnebrija\/2023\/04\/10\/la-exposicion-sobre-nebrija-en-la-biblioteca-nacional-de-espana-recibe-mas-de-43-000-visitas\/\" target=\"_blank\" rel=\"noopener noreferrer\"><strong>Biblioteca Nacional de Espa\u00f1a<\/strong><\/a>\u00a0(con la colaboraci\u00f3n de Acci\u00f3n Cultural Espa\u00f1ola y la Fundaci\u00f3n Nebrija); el Congreso Internacional de la Lengua Espa\u00f1ola, organizado por el Instituto Cervantes, la RAE y la Asociaci\u00f3n de Academias de la Lengua Espa\u00f1ola; el\u00a0Congreso Internacional Antonio de Nebrija V Centenario en Lebrija; o la creaci\u00f3n del <a href=\"https:\/\/www.nebrija.com\/catedras\/observatorio-nebrija-espanol\/\" target=\"_blank\" rel=\"noopener noreferrer\"><strong>Observatorio Nebrija del Espa\u00f1ol<\/strong><\/a>, coordinado por el catedr\u00e1tico de la Universidad Nebrija Jos\u00e9 Luis Garc\u00eda Delgado, entre muchos otros. El V Centenario ha unido a todos en el recuerdo del humanista andaluz, una de las figuras m\u00e1s relevantes de nuestro bagaje cultural y de nuestra historia.<\/p>\n<p>Como medio de comunicaci\u00f3n oficial del V Centenario, la corporaci\u00f3n RTVE ha emitido un total de 548 minutos en radio y otros 1090 minutos en televisi\u00f3n (27 horas en total) de contenidos relacionados con Nebrija, seg\u00fan datos presentados por Ignacio Elguero. La 2 y el Canal Internacional estrenar\u00e1n en enero el documental sobre la figura del sabio, para el que se han realizado m\u00e1s de veinte entrevistas con expertos conocedores en su figura.<\/p>\n<p>Aldara Pereira, de la Fundaci\u00f3n Nebrija, invit\u00f3 por su parte a interpretar la clausura de los actos de la efem\u00e9ride del V Centenario como una nueva reivindicaci\u00f3n de lo que representa Antonio de Nebrija, \u201cde la importancia de su legado y de la vigencia de los principios que defendi\u00f3\u201d.<\/p>\n\n\t\t<style type=\"text\/css\">\n\t\t\t#gallery-1 {\n\t\t\t\tmargin: auto;\n\t\t\t}\n\t\t\t#gallery-1 .gallery-item {\n\t\t\t\tfloat: left;\n\t\t\t\tmargin-top: 10px;\n\t\t\t\ttext-align: center;\n\t\t\t\twidth: 33%;\n\t\t\t}\n\t\t\t#gallery-1 img {\n\t\t\t\tborder: 2px solid #cfcfcf;\n\t\t\t}\n\t\t\t#gallery-1 .gallery-caption {\n\t\t\t\tmargin-left: 0;\n\t\t\t}\n\t\t\t\/* see gallery_shortcode() in wp-includes\/media.php *\/\n\t\t<\/style>\n\t\t<div id='gallery-1' class='gallery galleryid-90210 gallery-columns-3 gallery-size-thumbnail'><dl class='gallery-item'>\n\t\t\t<dt class='gallery-icon landscape'>\n\t\t\t\t<a href='https:\/\/www.nebrija.com\/medios\/actualidadnebrija\/wp-content\/uploads\/sites\/2\/2023\/12\/Gala-V-clausura-Centenario-e1749022619511.jpg'><img loading=\"lazy\" decoding=\"async\" width=\"150\" height=\"100\" src=\"https:\/\/www.nebrija.com\/medios\/actualidadnebrija\/wp-content\/uploads\/sites\/2\/2023\/12\/Gala-V-clausura-Centenario-150x100.jpg\" class=\"attachment-thumbnail size-thumbnail\" alt=\"Cante Jos\u00e9 Valencia\" \/><\/a>\n\t\t\t<\/dt><\/dl><dl class='gallery-item'>\n\t\t\t<dt class='gallery-icon landscape'>\n\t\t\t\t<a href='https:\/\/www.nebrija.com\/medios\/actualidadnebrija\/wp-content\/uploads\/sites\/2\/2023\/12\/Gala-clausura-V-Centenario-e1757336466933.jpg'><img loading=\"lazy\" decoding=\"async\" width=\"150\" height=\"100\" src=\"https:\/\/www.nebrija.com\/medios\/actualidadnebrija\/wp-content\/uploads\/sites\/2\/2023\/12\/Gala-clausura-V-Centenario-150x100.jpg\" class=\"attachment-thumbnail size-thumbnail\" alt=\"Gala clausura V Centenario\" \/><\/a>\n\t\t\t<\/dt><\/dl><dl class='gallery-item'>\n\t\t\t<dt class='gallery-icon landscape'>\n\t\t\t\t<a href='https:\/\/www.nebrija.com\/medios\/actualidadnebrija\/wp-content\/uploads\/sites\/2\/2023\/12\/Lola-Pons-e1753962399662.jpg'><img loading=\"lazy\" decoding=\"async\" width=\"150\" height=\"100\" src=\"https:\/\/www.nebrija.com\/medios\/actualidadnebrija\/wp-content\/uploads\/sites\/2\/2023\/12\/Lola-Pons-150x100.jpg\" class=\"attachment-thumbnail size-thumbnail\" alt=\"Lola Pons\" \/><\/a>\n\t\t\t<\/dt><\/dl><br style=\"clear: both\" \/><dl class='gallery-item'>\n\t\t\t<dt class='gallery-icon landscape'>\n\t\t\t\t<a href='https:\/\/www.nebrija.com\/medios\/actualidadnebrija\/wp-content\/uploads\/sites\/2\/2023\/12\/Jose-Muniz-1.jpg'><img loading=\"lazy\" decoding=\"async\" width=\"150\" height=\"100\" src=\"https:\/\/www.nebrija.com\/medios\/actualidadnebrija\/wp-content\/uploads\/sites\/2\/2023\/12\/Jose-Muniz-1-150x100.jpg\" class=\"attachment-thumbnail size-thumbnail\" alt=\"Jos\u00e9 Mu\u00f1iz\" \/><\/a>\n\t\t\t<\/dt><\/dl><dl class='gallery-item'>\n\t\t\t<dt class='gallery-icon landscape'>\n\t\t\t\t<a href='https:\/\/www.nebrija.com\/medios\/actualidadnebrija\/wp-content\/uploads\/sites\/2\/2023\/12\/Ignacio-Elguero-e1751543075448.jpg'><img loading=\"lazy\" decoding=\"async\" width=\"150\" height=\"100\" src=\"https:\/\/www.nebrija.com\/medios\/actualidadnebrija\/wp-content\/uploads\/sites\/2\/2023\/12\/Ignacio-Elguero-150x100.jpg\" class=\"attachment-thumbnail size-thumbnail\" alt=\"Ignacio Elguero\" \/><\/a>\n\t\t\t<\/dt><\/dl><dl class='gallery-item'>\n\t\t\t<dt class='gallery-icon landscape'>\n\t\t\t\t<a href='https:\/\/www.nebrija.com\/medios\/actualidadnebrija\/wp-content\/uploads\/sites\/2\/2023\/12\/Gala-V-Centenario-Nebrija-Auditorio-Nacional-e1751968899854.jpg'><img loading=\"lazy\" decoding=\"async\" width=\"150\" height=\"100\" src=\"https:\/\/www.nebrija.com\/medios\/actualidadnebrija\/wp-content\/uploads\/sites\/2\/2023\/12\/Gala-V-Centenario-Nebrija-Auditorio-Nacional-150x100.jpg\" class=\"attachment-thumbnail size-thumbnail\" alt=\"Gala clausura V Centenario Nebrija\" \/><\/a>\n\t\t\t<\/dt><\/dl><br style=\"clear: both\" \/><dl class='gallery-item'>\n\t\t\t<dt class='gallery-icon landscape'>\n\t\t\t\t<a href='https:\/\/www.nebrija.com\/medios\/actualidadnebrija\/wp-content\/uploads\/sites\/2\/2023\/12\/Integrantes-Comision-Interadministrariva-e1751971871513.jpg'><img loading=\"lazy\" decoding=\"async\" width=\"150\" height=\"95\" src=\"https:\/\/www.nebrija.com\/medios\/actualidadnebrija\/wp-content\/uploads\/sites\/2\/2023\/12\/Integrantes-Comision-Interadministrariva-150x95.jpg\" class=\"attachment-thumbnail size-thumbnail\" alt=\"Integrantes Comisi\u00f3n Interadministrariva\" \/><\/a>\n\t\t\t<\/dt><\/dl><dl class='gallery-item'>\n\t\t\t<dt class='gallery-icon landscape'>\n\t\t\t\t<a href='https:\/\/www.nebrija.com\/medios\/actualidadnebrija\/wp-content\/uploads\/sites\/2\/2023\/12\/Jose-Valencia-e1751968930237.jpg'><img loading=\"lazy\" decoding=\"async\" width=\"150\" height=\"100\" src=\"https:\/\/www.nebrija.com\/medios\/actualidadnebrija\/wp-content\/uploads\/sites\/2\/2023\/12\/Jose-Valencia-150x100.jpg\" class=\"attachment-thumbnail size-thumbnail\" alt=\"Jos\u00e9 Valencia en la gala de clausura del V Centenario\" \/><\/a>\n\t\t\t<\/dt><\/dl><dl class='gallery-item'>\n\t\t\t<dt class='gallery-icon landscape'>\n\t\t\t\t<a href='https:\/\/www.nebrija.com\/medios\/actualidadnebrija\/wp-content\/uploads\/sites\/2\/2023\/12\/DSC01249-copia.jpg'><img loading=\"lazy\" decoding=\"async\" width=\"150\" height=\"101\" src=\"https:\/\/www.nebrija.com\/medios\/actualidadnebrija\/wp-content\/uploads\/sites\/2\/2023\/12\/DSC01249-copia-150x101.jpg\" class=\"attachment-thumbnail size-thumbnail\" alt=\"Aldara Pereira\" \/><\/a>\n\t\t\t<\/dt><\/dl><br style=\"clear: both\" \/>\n\t\t<\/div>\n\n","protected":false},"excerpt":{"rendered":"<p>El secretario de Estado de Cultura cierra la gala de clausura del V Centenario del Fallecimiento de Nebrija.<\/p>\n","protected":false},"author":1182,"featured_media":90219,"comment_status":"open","ping_status":"open","sticky":false,"template":"","format":"standard","meta":{"_acf_changed":false,"_monsterinsights_skip_tracking":false,"_monsterinsights_sitenote_active":false,"_monsterinsights_sitenote_note":"","_monsterinsights_sitenote_category":0,"footnotes":""},"categories":[1,4776],"tags":[4545,3124,4805,5587,5156,4999,4470],"acf":[],"yoast_head":"<!-- This site is optimized with the Yoast SEO plugin v22.1 - https:\/\/yoast.com\/wordpress\/plugins\/seo\/ -->\n<title>Jordi Mart\u00ed Grau: \u201cNebrija fue uno de los principales facilitadores del paso de la Edad Media a la Edad Moderna\u201d - Actualidad Nebrija<\/title>\n<meta name=\"description\" content=\"Una gala en el Auditorio Nacional clausura los actos del V Centenario del Fallecimiento de Antonio de Nebrija reivindicando su legado.\" \/>\n<meta name=\"robots\" content=\"index, follow, max-snippet:-1, max-image-preview:large, max-video-preview:-1\" \/>\n<link rel=\"canonical\" href=\"https:\/\/www.nebrija.com\/medios\/actualidadnebrija\/2023\/12\/20\/nebrija-fue-uno-de-los-principales-facilitadores-del-paso-de-la-edad-media-a-la-edad-moderna\/\" \/>\n<meta property=\"og:locale\" content=\"es_ES\" \/>\n<meta property=\"og:type\" content=\"article\" \/>\n<meta property=\"og:title\" content=\"Jordi Mart\u00ed Grau: \u201cNebrija fue uno de los principales facilitadores del paso de la Edad Media a la Edad Moderna\u201d - Actualidad Nebrija\" \/>\n<meta property=\"og:description\" content=\"Una gala en el Auditorio Nacional clausura los actos del V Centenario del Fallecimiento de Antonio de Nebrija reivindicando su legado.\" \/>\n<meta property=\"og:url\" content=\"https:\/\/www.nebrija.com\/medios\/actualidadnebrija\/2023\/12\/20\/nebrija-fue-uno-de-los-principales-facilitadores-del-paso-de-la-edad-media-a-la-edad-moderna\/\" \/>\n<meta property=\"og:site_name\" content=\"Actualidad Nebrija\" \/>\n<meta property=\"article:published_time\" content=\"2023-12-20T12:53:31+00:00\" \/>\n<meta property=\"article:modified_time\" content=\"2023-12-20T16:08:48+00:00\" \/>\n<meta property=\"og:image\" content=\"https:\/\/www.nebrija.com\/medios\/actualidadnebrija\/wp-content\/uploads\/sites\/2\/2023\/12\/Nebrija-fue-uno-de-los-principales-facilitadores-del-paso-de-la-Edad-Media-a-la-Edad-Moderna.jpg\" \/>\n\t<meta property=\"og:image:width\" content=\"1100\" \/>\n\t<meta property=\"og:image:height\" content=\"734\" \/>\n\t<meta property=\"og:image:type\" content=\"image\/jpeg\" \/>\n<meta name=\"author\" content=\"mcamposd\" \/>\n<meta name=\"twitter:card\" content=\"summary_large_image\" \/>\n<meta name=\"twitter:label1\" content=\"Escrito por\" \/>\n\t<meta name=\"twitter:data1\" content=\"mcamposd\" \/>\n\t<meta name=\"twitter:label2\" content=\"Tiempo de lectura\" \/>\n\t<meta name=\"twitter:data2\" content=\"7 minutos\" \/>\n<!-- \/ Yoast SEO plugin. -->","yoast_head_json":{"title":"Jordi Mart\u00ed Grau: \u201cNebrija fue uno de los principales facilitadores del paso de la Edad Media a la Edad Moderna\u201d - Actualidad Nebrija","description":"Una gala en el Auditorio Nacional clausura los actos del V Centenario del Fallecimiento de Antonio de Nebrija reivindicando su legado.","robots":{"index":"index","follow":"follow","max-snippet":"max-snippet:-1","max-image-preview":"max-image-preview:large","max-video-preview":"max-video-preview:-1"},"canonical":"https:\/\/www.nebrija.com\/medios\/actualidadnebrija\/2023\/12\/20\/nebrija-fue-uno-de-los-principales-facilitadores-del-paso-de-la-edad-media-a-la-edad-moderna\/","og_locale":"es_ES","og_type":"article","og_title":"Jordi Mart\u00ed Grau: \u201cNebrija fue uno de los principales facilitadores del paso de la Edad Media a la Edad Moderna\u201d - Actualidad Nebrija","og_description":"Una gala en el Auditorio Nacional clausura los actos del V Centenario del Fallecimiento de Antonio de Nebrija reivindicando su legado.","og_url":"https:\/\/www.nebrija.com\/medios\/actualidadnebrija\/2023\/12\/20\/nebrija-fue-uno-de-los-principales-facilitadores-del-paso-de-la-edad-media-a-la-edad-moderna\/","og_site_name":"Actualidad Nebrija","article_published_time":"2023-12-20T12:53:31+00:00","article_modified_time":"2023-12-20T16:08:48+00:00","og_image":[{"width":1100,"height":734,"url":"https:\/\/www.nebrija.com\/medios\/actualidadnebrija\/wp-content\/uploads\/sites\/2\/2023\/12\/Nebrija-fue-uno-de-los-principales-facilitadores-del-paso-de-la-Edad-Media-a-la-Edad-Moderna.jpg","type":"image\/jpeg"}],"author":"mcamposd","twitter_card":"summary_large_image","twitter_misc":{"Escrito por":"mcamposd","Tiempo de lectura":"7 minutos"},"schema":{"@context":"https:\/\/schema.org","@graph":[{"@type":"WebPage","@id":"https:\/\/www.nebrija.com\/medios\/actualidadnebrija\/2023\/12\/20\/nebrija-fue-uno-de-los-principales-facilitadores-del-paso-de-la-edad-media-a-la-edad-moderna\/","url":"https:\/\/www.nebrija.com\/medios\/actualidadnebrija\/2023\/12\/20\/nebrija-fue-uno-de-los-principales-facilitadores-del-paso-de-la-edad-media-a-la-edad-moderna\/","name":"Jordi Mart\u00ed Grau: \u201cNebrija fue uno de los principales facilitadores del paso de la Edad Media a la Edad Moderna\u201d - Actualidad Nebrija","isPartOf":{"@id":"https:\/\/www.nebrija.com\/medios\/actualidadnebrija\/#website"},"datePublished":"2023-12-20T12:53:31+00:00","dateModified":"2023-12-20T16:08:48+00:00","author":{"@id":"https:\/\/www.nebrija.com\/medios\/actualidadnebrija\/#\/schema\/person\/205582e65069359d9f07d260f6d48a9c"},"description":"Una gala en el Auditorio Nacional clausura los actos del V Centenario del Fallecimiento de Antonio de Nebrija reivindicando su legado.","breadcrumb":{"@id":"https:\/\/www.nebrija.com\/medios\/actualidadnebrija\/2023\/12\/20\/nebrija-fue-uno-de-los-principales-facilitadores-del-paso-de-la-edad-media-a-la-edad-moderna\/#breadcrumb"},"inLanguage":"es","potentialAction":[{"@type":"ReadAction","target":["https:\/\/www.nebrija.com\/medios\/actualidadnebrija\/2023\/12\/20\/nebrija-fue-uno-de-los-principales-facilitadores-del-paso-de-la-edad-media-a-la-edad-moderna\/"]}]},{"@type":"BreadcrumbList","@id":"https:\/\/www.nebrija.com\/medios\/actualidadnebrija\/2023\/12\/20\/nebrija-fue-uno-de-los-principales-facilitadores-del-paso-de-la-edad-media-a-la-edad-moderna\/#breadcrumb","itemListElement":[{"@type":"ListItem","position":1,"name":"Home","item":"https:\/\/www.nebrija.com\/medios\/actualidadnebrija\/"},{"@type":"ListItem","position":2,"name":"Jordi Mart\u00ed Grau: \u201cNebrija fue uno de los principales facilitadores del paso de la Edad Media a la Edad Moderna\u201d"}]},{"@type":"WebSite","@id":"https:\/\/www.nebrija.com\/medios\/actualidadnebrija\/#website","url":"https:\/\/www.nebrija.com\/medios\/actualidadnebrija\/","name":"Actualidad Nebrija","description":"Noticias de la Universidad Nebrija","potentialAction":[{"@type":"SearchAction","target":{"@type":"EntryPoint","urlTemplate":"https:\/\/www.nebrija.com\/medios\/actualidadnebrija\/?s={search_term_string}"},"query-input":"required name=search_term_string"}],"inLanguage":"es"},{"@type":"Person","@id":"https:\/\/www.nebrija.com\/medios\/actualidadnebrija\/#\/schema\/person\/205582e65069359d9f07d260f6d48a9c","name":"mcamposd","image":{"@type":"ImageObject","inLanguage":"es","@id":"https:\/\/www.nebrija.com\/medios\/actualidadnebrija\/#\/schema\/person\/image\/","url":"https:\/\/secure.gravatar.com\/avatar\/d0592be503e718fe4bc82c9a3b03724e?s=96&d=mm&r=g","contentUrl":"https:\/\/secure.gravatar.com\/avatar\/d0592be503e718fe4bc82c9a3b03724e?s=96&d=mm&r=g","caption":"mcamposd"},"url":"https:\/\/www.nebrija.com\/medios\/actualidadnebrija\/author\/mcamposd\/"}]}},"_links":{"self":[{"href":"https:\/\/www.nebrija.com\/medios\/actualidadnebrija\/wp-json\/wp\/v2\/posts\/90210"}],"collection":[{"href":"https:\/\/www.nebrija.com\/medios\/actualidadnebrija\/wp-json\/wp\/v2\/posts"}],"about":[{"href":"https:\/\/www.nebrija.com\/medios\/actualidadnebrija\/wp-json\/wp\/v2\/types\/post"}],"author":[{"embeddable":true,"href":"https:\/\/www.nebrija.com\/medios\/actualidadnebrija\/wp-json\/wp\/v2\/users\/1182"}],"replies":[{"embeddable":true,"href":"https:\/\/www.nebrija.com\/medios\/actualidadnebrija\/wp-json\/wp\/v2\/comments?post=90210"}],"version-history":[{"count":8,"href":"https:\/\/www.nebrija.com\/medios\/actualidadnebrija\/wp-json\/wp\/v2\/posts\/90210\/revisions"}],"predecessor-version":[{"id":90327,"href":"https:\/\/www.nebrija.com\/medios\/actualidadnebrija\/wp-json\/wp\/v2\/posts\/90210\/revisions\/90327"}],"wp:featuredmedia":[{"embeddable":true,"href":"https:\/\/www.nebrija.com\/medios\/actualidadnebrija\/wp-json\/wp\/v2\/media\/90219"}],"wp:attachment":[{"href":"https:\/\/www.nebrija.com\/medios\/actualidadnebrija\/wp-json\/wp\/v2\/media?parent=90210"}],"wp:term":[{"taxonomy":"category","embeddable":true,"href":"https:\/\/www.nebrija.com\/medios\/actualidadnebrija\/wp-json\/wp\/v2\/categories?post=90210"},{"taxonomy":"post_tag","embeddable":true,"href":"https:\/\/www.nebrija.com\/medios\/actualidadnebrija\/wp-json\/wp\/v2\/tags?post=90210"}],"curies":[{"name":"wp","href":"https:\/\/api.w.org\/{rel}","templated":true}]}}