{"id":90317,"date":"2024-01-09T10:54:41","date_gmt":"2024-01-09T09:54:41","guid":{"rendered":"https:\/\/www.nebrija.com\/medios\/actualidadnebrija\/?p=90317"},"modified":"2024-01-09T10:54:41","modified_gmt":"2024-01-09T09:54:41","slug":"el-avance-del-nacional-populismo-en-alemania","status":"publish","type":"post","link":"https:\/\/www.nebrija.com\/medios\/actualidadnebrija\/2024\/01\/09\/el-avance-del-nacional-populismo-en-alemania\/","title":{"rendered":"El avance del nacional-populismo en Alemania"},"content":{"rendered":"<p>En <a href=\"https:\/\/biblioteca.nebrija.es\/cgi-bin\/opac\/?TITN=139360\"><strong><em>\u2018El avance del nacional-populismo en Alemania\u2019<\/em><\/strong><\/a><strong>,<\/strong> Pilar Requena, reportera de Internacional y de Investigaci\u00f3n de TVE, reflexiona sobre los resultados de las elecciones regionales del 8 de octubre en Alemania, donde el partido ultraderechista, Alternativa para Alemania (AfD), ha crecido no solo en el Este sino tambi\u00e9n en Baviera y Hesse.<\/p>\n<p>Aunque no se trata de unas elecciones generales, lo cierto es que este \u00e9xito electoral contribuye a normalizar el extremismo de AfD, a pesar del cord\u00f3n sanitario consensuado por los partidos conservadores. Naci\u00f3 como partido euroesc\u00e9ptico y ha evolucionado hacia posiciones neonazis. Ha pasado de la marginalidad a una presencia social considerable.<\/p>\n<p>Es complicado entender c\u00f3mo lleva dos legislaturas en el Bundestag un partido que fomenta el odio y retrotrae a un periodo tan oscuro de la historia alemana y europea. Lo evidente es que parece avanzar cada crisis que agudiza. As\u00ed se ha hecho patente desde la crisis del euro, la de los refugiados, el Covid, la guerra de Ucrania, la crisis energ\u00e9tica y clim\u00e1tica, etc. Es, sin duda, un desaf\u00edo para la democracia alemana, a 33 a\u00f1os de la unificaci\u00f3n.<\/p>\n<p>Encontrar\u00e1s este interesante art\u00edculo en la Revista<em> Pol\u00edtica Exterior, <\/em>n\u00famero 216, noviembre\/diciembre de 2023, en la Biblioteca del Campus de Madrid-Princesa y su localizaci\u00f3n en el <a href=\"https:\/\/biblioteca.nebrija.es\/cgi-bin\/opac\/?TITN=1580\"><strong>Cat\u00e1logo-OPAC ~ Web Portal<\/strong><\/a> de la Red de Bibliotecas.<\/p>\n","protected":false},"excerpt":{"rendered":"<p>En \u2018El avance del nacional-populismo en Alemania\u2019, Pilar Requena, reportera de Internacional y de Investigaci\u00f3n de TVE, reflexiona sobre los resultados de las elecciones regionales del 8 de octubre en Alemania, donde el partido ultraderechista, Alternativa para Alemania (AfD), ha<\/p>\n","protected":false},"author":326,"featured_media":90311,"comment_status":"open","ping_status":"open","sticky":false,"template":"","format":"standard","meta":{"_acf_changed":false,"_monsterinsights_skip_tracking":false,"_monsterinsights_sitenote_active":false,"_monsterinsights_sitenote_note":"","_monsterinsights_sitenote_category":0,"footnotes":""},"categories":[3063],"tags":[],"acf":[],"yoast_head":"<!-- This site is optimized with the Yoast SEO plugin v22.1 - https:\/\/yoast.com\/wordpress\/plugins\/seo\/ -->\n<title>El avance del nacional-populismo en Alemania - Actualidad Nebrija<\/title>\n<meta name=\"robots\" content=\"index, follow, max-snippet:-1, max-image-preview:large, max-video-preview:-1\" \/>\n<link rel=\"canonical\" href=\"https:\/\/www.nebrija.com\/medios\/actualidadnebrija\/2024\/01\/09\/el-avance-del-nacional-populismo-en-alemania\/\" \/>\n<meta property=\"og:locale\" content=\"es_ES\" \/>\n<meta property=\"og:type\" content=\"article\" \/>\n<meta property=\"og:title\" content=\"El avance del nacional-populismo en Alemania - Actualidad Nebrija\" \/>\n<meta property=\"og:description\" content=\"En \u2018El avance del nacional-populismo en Alemania\u2019, Pilar Requena, reportera de Internacional y de Investigaci\u00f3n de TVE, reflexiona sobre los resultados de las elecciones regionales del 8 de octubre en Alemania, donde el partido ultraderechista, Alternativa para Alemania (AfD), ha\" \/>\n<meta property=\"og:url\" content=\"https:\/\/www.nebrija.com\/medios\/actualidadnebrija\/2024\/01\/09\/el-avance-del-nacional-populismo-en-alemania\/\" \/>\n<meta property=\"og:site_name\" content=\"Actualidad Nebrija\" \/>\n<meta property=\"article:published_time\" content=\"2024-01-09T09:54:41+00:00\" \/>\n<meta property=\"og:image\" content=\"https:\/\/www.nebrija.com\/medios\/actualidadnebrija\/wp-content\/uploads\/sites\/2\/2024\/01\/Politica-Exterior.jpg\" \/>\n\t<meta property=\"og:image:width\" content=\"1024\" \/>\n\t<meta property=\"og:image:height\" content=\"683\" \/>\n\t<meta property=\"og:image:type\" content=\"image\/jpeg\" \/>\n<meta name=\"author\" content=\"jpicos\" \/>\n<meta name=\"twitter:card\" content=\"summary_large_image\" \/>\n<meta name=\"twitter:label1\" content=\"Escrito por\" \/>\n\t<meta name=\"twitter:data1\" content=\"jpicos\" \/>\n\t<meta name=\"twitter:label2\" content=\"Tiempo de lectura\" \/>\n\t<meta name=\"twitter:data2\" content=\"2 minutos\" \/>\n<!-- \/ Yoast SEO plugin. -->","yoast_head_json":{"title":"El avance del nacional-populismo en Alemania - Actualidad Nebrija","robots":{"index":"index","follow":"follow","max-snippet":"max-snippet:-1","max-image-preview":"max-image-preview:large","max-video-preview":"max-video-preview:-1"},"canonical":"https:\/\/www.nebrija.com\/medios\/actualidadnebrija\/2024\/01\/09\/el-avance-del-nacional-populismo-en-alemania\/","og_locale":"es_ES","og_type":"article","og_title":"El avance del nacional-populismo en Alemania - Actualidad Nebrija","og_description":"En \u2018El avance del nacional-populismo en Alemania\u2019, Pilar Requena, reportera de Internacional y de Investigaci\u00f3n de TVE, reflexiona sobre los resultados de las elecciones regionales del 8 de octubre en Alemania, donde el partido ultraderechista, Alternativa para Alemania (AfD), ha","og_url":"https:\/\/www.nebrija.com\/medios\/actualidadnebrija\/2024\/01\/09\/el-avance-del-nacional-populismo-en-alemania\/","og_site_name":"Actualidad Nebrija","article_published_time":"2024-01-09T09:54:41+00:00","og_image":[{"width":1024,"height":683,"url":"https:\/\/www.nebrija.com\/medios\/actualidadnebrija\/wp-content\/uploads\/sites\/2\/2024\/01\/Politica-Exterior.jpg","type":"image\/jpeg"}],"author":"jpicos","twitter_card":"summary_large_image","twitter_misc":{"Escrito por":"jpicos","Tiempo de lectura":"2 minutos"},"schema":{"@context":"https:\/\/schema.org","@graph":[{"@type":"WebPage","@id":"https:\/\/www.nebrija.com\/medios\/actualidadnebrija\/2024\/01\/09\/el-avance-del-nacional-populismo-en-alemania\/","url":"https:\/\/www.nebrija.com\/medios\/actualidadnebrija\/2024\/01\/09\/el-avance-del-nacional-populismo-en-alemania\/","name":"El avance del nacional-populismo en Alemania - Actualidad Nebrija","isPartOf":{"@id":"https:\/\/www.nebrija.com\/medios\/actualidadnebrija\/#website"},"datePublished":"2024-01-09T09:54:41+00:00","dateModified":"2024-01-09T09:54:41+00:00","author":{"@id":"https:\/\/www.nebrija.com\/medios\/actualidadnebrija\/#\/schema\/person\/0cd40b7dd3f54459e2cfc009dbd255c6"},"breadcrumb":{"@id":"https:\/\/www.nebrija.com\/medios\/actualidadnebrija\/2024\/01\/09\/el-avance-del-nacional-populismo-en-alemania\/#breadcrumb"},"inLanguage":"es","potentialAction":[{"@type":"ReadAction","target":["https:\/\/www.nebrija.com\/medios\/actualidadnebrija\/2024\/01\/09\/el-avance-del-nacional-populismo-en-alemania\/"]}]},{"@type":"BreadcrumbList","@id":"https:\/\/www.nebrija.com\/medios\/actualidadnebrija\/2024\/01\/09\/el-avance-del-nacional-populismo-en-alemania\/#breadcrumb","itemListElement":[{"@type":"ListItem","position":1,"name":"Home","item":"https:\/\/www.nebrija.com\/medios\/actualidadnebrija\/"},{"@type":"ListItem","position":2,"name":"El avance del nacional-populismo en Alemania"}]},{"@type":"WebSite","@id":"https:\/\/www.nebrija.com\/medios\/actualidadnebrija\/#website","url":"https:\/\/www.nebrija.com\/medios\/actualidadnebrija\/","name":"Actualidad Nebrija","description":"Noticias de la Universidad Nebrija","potentialAction":[{"@type":"SearchAction","target":{"@type":"EntryPoint","urlTemplate":"https:\/\/www.nebrija.com\/medios\/actualidadnebrija\/?s={search_term_string}"},"query-input":"required name=search_term_string"}],"inLanguage":"es"},{"@type":"Person","@id":"https:\/\/www.nebrija.com\/medios\/actualidadnebrija\/#\/schema\/person\/0cd40b7dd3f54459e2cfc009dbd255c6","name":"jpicos","image":{"@type":"ImageObject","inLanguage":"es","@id":"https:\/\/www.nebrija.com\/medios\/actualidadnebrija\/#\/schema\/person\/image\/","url":"https:\/\/secure.gravatar.com\/avatar\/c4a1005cff3fd9bb5185e9671f4f3e9b?s=96&d=mm&r=g","contentUrl":"https:\/\/secure.gravatar.com\/avatar\/c4a1005cff3fd9bb5185e9671f4f3e9b?s=96&d=mm&r=g","caption":"jpicos"},"url":"https:\/\/www.nebrija.com\/medios\/actualidadnebrija\/author\/jpicos\/"}]}},"_links":{"self":[{"href":"https:\/\/www.nebrija.com\/medios\/actualidadnebrija\/wp-json\/wp\/v2\/posts\/90317"}],"collection":[{"href":"https:\/\/www.nebrija.com\/medios\/actualidadnebrija\/wp-json\/wp\/v2\/posts"}],"about":[{"href":"https:\/\/www.nebrija.com\/medios\/actualidadnebrija\/wp-json\/wp\/v2\/types\/post"}],"author":[{"embeddable":true,"href":"https:\/\/www.nebrija.com\/medios\/actualidadnebrija\/wp-json\/wp\/v2\/users\/326"}],"replies":[{"embeddable":true,"href":"https:\/\/www.nebrija.com\/medios\/actualidadnebrija\/wp-json\/wp\/v2\/comments?post=90317"}],"version-history":[{"count":1,"href":"https:\/\/www.nebrija.com\/medios\/actualidadnebrija\/wp-json\/wp\/v2\/posts\/90317\/revisions"}],"predecessor-version":[{"id":90320,"href":"https:\/\/www.nebrija.com\/medios\/actualidadnebrija\/wp-json\/wp\/v2\/posts\/90317\/revisions\/90320"}],"wp:featuredmedia":[{"embeddable":true,"href":"https:\/\/www.nebrija.com\/medios\/actualidadnebrija\/wp-json\/wp\/v2\/media\/90311"}],"wp:attachment":[{"href":"https:\/\/www.nebrija.com\/medios\/actualidadnebrija\/wp-json\/wp\/v2\/media?parent=90317"}],"wp:term":[{"taxonomy":"category","embeddable":true,"href":"https:\/\/www.nebrija.com\/medios\/actualidadnebrija\/wp-json\/wp\/v2\/categories?post=90317"},{"taxonomy":"post_tag","embeddable":true,"href":"https:\/\/www.nebrija.com\/medios\/actualidadnebrija\/wp-json\/wp\/v2\/tags?post=90317"}],"curies":[{"name":"wp","href":"https:\/\/api.w.org\/{rel}","templated":true}]}}