{"id":90474,"date":"2024-01-23T16:59:27","date_gmt":"2024-01-23T15:59:27","guid":{"rendered":"https:\/\/www.nebrija.com\/medios\/actualidadnebrija\/?p=90474"},"modified":"2024-01-24T10:02:56","modified_gmt":"2024-01-24T09:02:56","slug":"el-xxviii-premio-nacional-de-la-juventud-reconoce-el-joven-talento-dominicano-en-espana","status":"publish","type":"post","link":"https:\/\/www.nebrija.com\/medios\/actualidadnebrija\/2024\/01\/23\/el-xxviii-premio-nacional-de-la-juventud-reconoce-el-joven-talento-dominicano-en-espana\/","title":{"rendered":"El XXVIII Premio Nacional de la Juventud reconoce el joven talento dominicano en Espa\u00f1a"},"content":{"rendered":"<p>El Premio Nacional de la Juventud es el mayor reconocimiento que otorga la Rep\u00fablica Dominicana a los j\u00f3venes destacados en diversas \u00e1reas. La Universidad Nebrija acogi\u00f3 la entrega de la XXVIII edici\u00f3n de este galard\u00f3n a quince de los premiados, residentes en Espa\u00f1a.<\/p>\n<p>Por segundo a\u00f1o consecutivo, con este premio se quiere tambi\u00e9n reconocer a los j\u00f3venes dominicanos en el exterior, por su papel en el desarrollo de la comunidad dominicana en la di\u00e1spora. El galard\u00f3n es un modo de reconocer al joven talento dominicano, del que el pa\u00eds \u201cse siente sumamente orgulloso\u201d, asegur\u00f3 el director de la Extensi\u00f3n Regional de <a href=\"https:\/\/juventud.gob.do\/\" target=\"_blank\" rel=\"noopener\"><strong>Ministerio de la Juventud de la Rep\u00fablica Dominicana<\/strong><\/a>, Gerald Arias.<\/p>\n<p>Los j\u00f3venes galardonados en esta edici\u00f3n fueron Ta\u00edna Alm\u00f3dovar, Jean Carlos Santa Cruz, Carlos Bret\u00f3n, Diana Altagracia Gonz\u00e1les, Adriana Rosario Cepeda, Mariano Rosario, Dhairis Vilorio, Alejandro G\u00f3mez, Kirsy Espinal, H\u00e9ctor Farias, Joel Reyes, Stephanie Checo, Honey Hillary Generez, Agusterfi P\u00e9rez Ferreras y Persis Kanaloa Ram\u00edrez.<\/p>\n<p><img loading=\"lazy\" decoding=\"async\" class=\"alignnone size-full wp-image-90475\" src=\"https:\/\/www.nebrija.com\/medios\/actualidadnebrija\/wp-content\/uploads\/sites\/2\/2024\/01\/Premio-Nacional-Juventud.jpg\" alt=\"Premio Nacional Juventud\" width=\"1100\" height=\"734\" \/><\/p>\n<p>El ministro consejero de la embajada, Ram\u00f3n Burgos, aplaudi\u00f3 a la \u201cjoven vibrante\u201d comunidad dominicana en Espa\u00f1a; mientras que la\u00a0C\u00f3nsul\u00a0General\u00a0de la Rep\u00fablica Dominicana\u00a0en las Islas\u00a0Canarias, Katia Castillo, sostuvo que estas nuevas generaciones de compatriotas \u201cvienen a hacernos grandes en el exterior\u201d.<\/p>\n<p>La representante del Instituto Dominicano del Exterior (INDEX), Laura Carlo, destac\u00f3 la capacidad de estos j\u00f3venes para \u201caportar al crecimiento de la econom\u00eda del pa\u00eds por medio de sus proyectos innovadores\u201d.<\/p>\n<p>Por su lado, el rector de la Universidad Nebrija, Jos\u00e9 Mu\u00f1iz, consider\u00f3 que estos premios responden a la filosof\u00eda de la pasi\u00f3n por saber y emprender; y el director del INDEX, Leonardo Marrero, hizo un llamamiento a reconocer a los hijos de dominicanos nacidos en Espa\u00f1a, y pidi\u00f3 a los galardonados \u201cque no guarden su premio\u201d sino que ayuden a sembrar la semilla de entre los hijos de los dominicanos nacidos en Espa\u00f1a desde la d\u00e9cada de los 80 del siglo pasado.<\/p>\n<p>El acto se clausur\u00f3 con una actuaci\u00f3n del Ballet Dominicano en Europa.<\/p>\n<p><img loading=\"lazy\" decoding=\"async\" class=\"alignnone wp-image-90476 size-full\" src=\"https:\/\/www.nebrija.com\/medios\/actualidadnebrija\/wp-content\/uploads\/sites\/2\/2024\/01\/Ballet-Dominicano-Europeo.jpg\" alt=\"Ballet Dominicano en Europa\" width=\"1100\" height=\"734\" \/><\/p>\n<p>&nbsp;<\/p>\n<p>&nbsp;<\/p>\n<p>&nbsp;<\/p>\n<p>&nbsp;<\/p>\n<p>&nbsp;<\/p>\n<p>&nbsp;<\/p>\n<p>&nbsp;<\/p>\n","protected":false},"excerpt":{"rendered":"<p>La Universidad Nebrija acogi\u00f3 la entrega de la \u00faltima edici\u00f3n de este galard\u00f3n a quince de los premiados, residentes en Espa\u00f1a.<\/p>\n","protected":false},"author":1182,"featured_media":90477,"comment_status":"open","ping_status":"open","sticky":false,"template":"","format":"standard","meta":{"_acf_changed":false,"_monsterinsights_skip_tracking":false,"_monsterinsights_sitenote_active":false,"_monsterinsights_sitenote_note":"","_monsterinsights_sitenote_category":0,"footnotes":""},"categories":[3],"tags":[],"acf":[],"yoast_head":"<!-- This site is optimized with the Yoast SEO plugin v22.1 - https:\/\/yoast.com\/wordpress\/plugins\/seo\/ -->\n<title>El XXVIII Premio Nacional de la Juventud reconoce el joven talento dominicano en Espa\u00f1a - Actualidad Nebrija<\/title>\n<meta name=\"description\" content=\"El Premio Nacional de la Juventud es el mayor reconocimiento que otorga la Rep\u00fablica Dominicana a los j\u00f3venes destacados en diversas \u00e1reas\" \/>\n<meta name=\"robots\" content=\"index, follow, max-snippet:-1, max-image-preview:large, max-video-preview:-1\" \/>\n<link rel=\"canonical\" href=\"https:\/\/www.nebrija.com\/medios\/actualidadnebrija\/2024\/01\/23\/el-xxviii-premio-nacional-de-la-juventud-reconoce-el-joven-talento-dominicano-en-espana\/\" \/>\n<meta property=\"og:locale\" content=\"es_ES\" \/>\n<meta property=\"og:type\" content=\"article\" \/>\n<meta property=\"og:title\" content=\"El XXVIII Premio Nacional de la Juventud reconoce el joven talento dominicano en Espa\u00f1a - Actualidad Nebrija\" \/>\n<meta property=\"og:description\" content=\"El Premio Nacional de la Juventud es el mayor reconocimiento que otorga la Rep\u00fablica Dominicana a los j\u00f3venes destacados en diversas \u00e1reas\" \/>\n<meta property=\"og:url\" content=\"https:\/\/www.nebrija.com\/medios\/actualidadnebrija\/2024\/01\/23\/el-xxviii-premio-nacional-de-la-juventud-reconoce-el-joven-talento-dominicano-en-espana\/\" \/>\n<meta property=\"og:site_name\" content=\"Actualidad Nebrija\" \/>\n<meta property=\"article:published_time\" content=\"2024-01-23T15:59:27+00:00\" \/>\n<meta property=\"article:modified_time\" content=\"2024-01-24T09:02:56+00:00\" \/>\n<meta property=\"og:image\" content=\"https:\/\/www.nebrija.com\/medios\/actualidadnebrija\/wp-content\/uploads\/sites\/2\/2024\/01\/El-XXVIII-Premio-Nacional-de-la-Juventud-reconoce-al-joven-talento-dominicano-en-Espana.jpg\" \/>\n\t<meta property=\"og:image:width\" content=\"1100\" \/>\n\t<meta property=\"og:image:height\" content=\"734\" \/>\n\t<meta property=\"og:image:type\" content=\"image\/jpeg\" \/>\n<meta name=\"author\" content=\"mcamposd\" \/>\n<meta name=\"twitter:card\" content=\"summary_large_image\" \/>\n<meta name=\"twitter:label1\" content=\"Escrito por\" \/>\n\t<meta name=\"twitter:data1\" content=\"mcamposd\" \/>\n\t<meta name=\"twitter:label2\" content=\"Tiempo de lectura\" \/>\n\t<meta name=\"twitter:data2\" content=\"3 minutos\" \/>\n<!-- \/ Yoast SEO plugin. -->","yoast_head_json":{"title":"El XXVIII Premio Nacional de la Juventud reconoce el joven talento dominicano en Espa\u00f1a - Actualidad Nebrija","description":"El Premio Nacional de la Juventud es el mayor reconocimiento que otorga la Rep\u00fablica Dominicana a los j\u00f3venes destacados en diversas \u00e1reas","robots":{"index":"index","follow":"follow","max-snippet":"max-snippet:-1","max-image-preview":"max-image-preview:large","max-video-preview":"max-video-preview:-1"},"canonical":"https:\/\/www.nebrija.com\/medios\/actualidadnebrija\/2024\/01\/23\/el-xxviii-premio-nacional-de-la-juventud-reconoce-el-joven-talento-dominicano-en-espana\/","og_locale":"es_ES","og_type":"article","og_title":"El XXVIII Premio Nacional de la Juventud reconoce el joven talento dominicano en Espa\u00f1a - Actualidad Nebrija","og_description":"El Premio Nacional de la Juventud es el mayor reconocimiento que otorga la Rep\u00fablica Dominicana a los j\u00f3venes destacados en diversas \u00e1reas","og_url":"https:\/\/www.nebrija.com\/medios\/actualidadnebrija\/2024\/01\/23\/el-xxviii-premio-nacional-de-la-juventud-reconoce-el-joven-talento-dominicano-en-espana\/","og_site_name":"Actualidad Nebrija","article_published_time":"2024-01-23T15:59:27+00:00","article_modified_time":"2024-01-24T09:02:56+00:00","og_image":[{"width":1100,"height":734,"url":"https:\/\/www.nebrija.com\/medios\/actualidadnebrija\/wp-content\/uploads\/sites\/2\/2024\/01\/El-XXVIII-Premio-Nacional-de-la-Juventud-reconoce-al-joven-talento-dominicano-en-Espana.jpg","type":"image\/jpeg"}],"author":"mcamposd","twitter_card":"summary_large_image","twitter_misc":{"Escrito por":"mcamposd","Tiempo de lectura":"3 minutos"},"schema":{"@context":"https:\/\/schema.org","@graph":[{"@type":"WebPage","@id":"https:\/\/www.nebrija.com\/medios\/actualidadnebrija\/2024\/01\/23\/el-xxviii-premio-nacional-de-la-juventud-reconoce-el-joven-talento-dominicano-en-espana\/","url":"https:\/\/www.nebrija.com\/medios\/actualidadnebrija\/2024\/01\/23\/el-xxviii-premio-nacional-de-la-juventud-reconoce-el-joven-talento-dominicano-en-espana\/","name":"El XXVIII Premio Nacional de la Juventud reconoce el joven talento dominicano en Espa\u00f1a - Actualidad Nebrija","isPartOf":{"@id":"https:\/\/www.nebrija.com\/medios\/actualidadnebrija\/#website"},"datePublished":"2024-01-23T15:59:27+00:00","dateModified":"2024-01-24T09:02:56+00:00","author":{"@id":"https:\/\/www.nebrija.com\/medios\/actualidadnebrija\/#\/schema\/person\/205582e65069359d9f07d260f6d48a9c"},"description":"El Premio Nacional de la Juventud es el mayor reconocimiento que otorga la Rep\u00fablica Dominicana a los j\u00f3venes destacados en diversas \u00e1reas","breadcrumb":{"@id":"https:\/\/www.nebrija.com\/medios\/actualidadnebrija\/2024\/01\/23\/el-xxviii-premio-nacional-de-la-juventud-reconoce-el-joven-talento-dominicano-en-espana\/#breadcrumb"},"inLanguage":"es","potentialAction":[{"@type":"ReadAction","target":["https:\/\/www.nebrija.com\/medios\/actualidadnebrija\/2024\/01\/23\/el-xxviii-premio-nacional-de-la-juventud-reconoce-el-joven-talento-dominicano-en-espana\/"]}]},{"@type":"BreadcrumbList","@id":"https:\/\/www.nebrija.com\/medios\/actualidadnebrija\/2024\/01\/23\/el-xxviii-premio-nacional-de-la-juventud-reconoce-el-joven-talento-dominicano-en-espana\/#breadcrumb","itemListElement":[{"@type":"ListItem","position":1,"name":"Home","item":"https:\/\/www.nebrija.com\/medios\/actualidadnebrija\/"},{"@type":"ListItem","position":2,"name":"El XXVIII Premio Nacional de la Juventud reconoce el joven talento dominicano en Espa\u00f1a"}]},{"@type":"WebSite","@id":"https:\/\/www.nebrija.com\/medios\/actualidadnebrija\/#website","url":"https:\/\/www.nebrija.com\/medios\/actualidadnebrija\/","name":"Actualidad Nebrija","description":"Noticias de la Universidad Nebrija","potentialAction":[{"@type":"SearchAction","target":{"@type":"EntryPoint","urlTemplate":"https:\/\/www.nebrija.com\/medios\/actualidadnebrija\/?s={search_term_string}"},"query-input":"required name=search_term_string"}],"inLanguage":"es"},{"@type":"Person","@id":"https:\/\/www.nebrija.com\/medios\/actualidadnebrija\/#\/schema\/person\/205582e65069359d9f07d260f6d48a9c","name":"mcamposd","image":{"@type":"ImageObject","inLanguage":"es","@id":"https:\/\/www.nebrija.com\/medios\/actualidadnebrija\/#\/schema\/person\/image\/","url":"https:\/\/secure.gravatar.com\/avatar\/d0592be503e718fe4bc82c9a3b03724e?s=96&d=mm&r=g","contentUrl":"https:\/\/secure.gravatar.com\/avatar\/d0592be503e718fe4bc82c9a3b03724e?s=96&d=mm&r=g","caption":"mcamposd"},"url":"https:\/\/www.nebrija.com\/medios\/actualidadnebrija\/author\/mcamposd\/"}]}},"_links":{"self":[{"href":"https:\/\/www.nebrija.com\/medios\/actualidadnebrija\/wp-json\/wp\/v2\/posts\/90474"}],"collection":[{"href":"https:\/\/www.nebrija.com\/medios\/actualidadnebrija\/wp-json\/wp\/v2\/posts"}],"about":[{"href":"https:\/\/www.nebrija.com\/medios\/actualidadnebrija\/wp-json\/wp\/v2\/types\/post"}],"author":[{"embeddable":true,"href":"https:\/\/www.nebrija.com\/medios\/actualidadnebrija\/wp-json\/wp\/v2\/users\/1182"}],"replies":[{"embeddable":true,"href":"https:\/\/www.nebrija.com\/medios\/actualidadnebrija\/wp-json\/wp\/v2\/comments?post=90474"}],"version-history":[{"count":6,"href":"https:\/\/www.nebrija.com\/medios\/actualidadnebrija\/wp-json\/wp\/v2\/posts\/90474\/revisions"}],"predecessor-version":[{"id":90483,"href":"https:\/\/www.nebrija.com\/medios\/actualidadnebrija\/wp-json\/wp\/v2\/posts\/90474\/revisions\/90483"}],"wp:featuredmedia":[{"embeddable":true,"href":"https:\/\/www.nebrija.com\/medios\/actualidadnebrija\/wp-json\/wp\/v2\/media\/90477"}],"wp:attachment":[{"href":"https:\/\/www.nebrija.com\/medios\/actualidadnebrija\/wp-json\/wp\/v2\/media?parent=90474"}],"wp:term":[{"taxonomy":"category","embeddable":true,"href":"https:\/\/www.nebrija.com\/medios\/actualidadnebrija\/wp-json\/wp\/v2\/categories?post=90474"},{"taxonomy":"post_tag","embeddable":true,"href":"https:\/\/www.nebrija.com\/medios\/actualidadnebrija\/wp-json\/wp\/v2\/tags?post=90474"}],"curies":[{"name":"wp","href":"https:\/\/api.w.org\/{rel}","templated":true}]}}