{"id":90683,"date":"2024-02-05T13:19:14","date_gmt":"2024-02-05T12:19:14","guid":{"rendered":"https:\/\/www.nebrija.com\/medios\/actualidadnebrija\/?p=90683"},"modified":"2024-02-05T13:19:14","modified_gmt":"2024-02-05T12:19:14","slug":"vi-quedada-run-y-marcha-nebrija","status":"publish","type":"post","link":"https:\/\/www.nebrija.com\/medios\/actualidadnebrija\/2024\/02\/05\/vi-quedada-run-y-marcha-nebrija\/","title":{"rendered":"VI Quedada Run y Marcha Nebrija"},"content":{"rendered":"<p>La jornada congreg\u00f3 a m\u00e1s de 40 participantes en una nueva actividad del programa \u201cNebrija Saludable\u201d.<\/p>\n<p>El pasado domingo 4 de febrero de 2024 ha tenido lugar la VI Quedada Run&amp;Marcha Nebrija, organizada por el <a href=\"https:\/\/www.nebrija.com\/vida_universitaria\/servicios\/deportes-clubes.php\">Club de Deportes<\/a> con el respaldo de la <a href=\"https:\/\/www.fundacionnebrija.org\/\">Fundaci\u00f3n Nebrija<\/a>.<\/p>\n<p>La jornada congreg\u00f3 a cuarenta participantes entre alumnos y PDI\/PAS de la Universidad en las distintas categor\u00edas y distancias, as\u00ed como colaboradores de la prueba, alumnos del Club de Voluntariado y Club de Aventura que facilitaron la celebraci\u00f3n de la misma gracias a su ayuda en tareas de avituallamiento, balizaje del recorrido e informaci\u00f3n sobre la acci\u00f3n solidaria asociada a la misma.<\/p>\n<p>A las 11:00 de la ma\u00f1ana, en la madrile\u00f1a Casa de Campo, se dieron cita todos los participantes para completar las distancias de la prueba: 4,5km y 9km, ya fuera corriendo o en formato \u201cmarcha\u201d.<\/p>\n<p>Sobre un circuito de 4,5km, los participantes fueron tomando la salida de manera escalonada, de forma individual o en grupos.<\/p>\n<p>Cada participante registraba el recorrido y tiempo empleado en su dispositivo m\u00f3vil y as\u00ed se establecieron las distintas clasificaciones de cada categor\u00eda y distancia:<\/p>\n<p>Marcha 9km:<\/p>\n<ol>\n<li>Marta Mart\u00ednez Mallen y Ana Isabel Fern\u00e1ndez (Residencias Nebrija)<\/li>\n<li>Fernando P\u00e9rez Montes y Pilar Men\u00e9ndez (Servicios Generales) y Alina Carrillo (Facultad de Comunicaci\u00f3n y Artes)<\/li>\n<li>Teresa Mart\u00ednez (Facultad de Derecho y RRII) y Ver\u00f3nica Melgar (Control Econ\u00f3mico)<\/li>\n<\/ol>\n<p>Running_4,5km<\/p>\n<ol>\n<li>Pablo Martinez (Club de Deportes)<\/li>\n<li>Marco Corral (Club de Deportes)<\/li>\n<li>Daniel Greif (Club de Deportes) y Mar\u00eda del R\u00edo (Residencias Nebrija)<\/li>\n<\/ol>\n<p>Running_9km<\/p>\n<ol>\n<li>Omar Santury (Club de Deportes)<\/li>\n<li>Ana P\u00e9rez Curiel (Grado en CAFYDE)<\/li>\n<\/ol>\n<p>La participaci\u00f3n total fue la siguiente:<\/p>\n<ul>\n<li>PAS\/PDI: 27 participantes de 12 departamentos\/Facultades<\/li>\n<li>Alumnos: 15 participantes\/voluntarios.<\/li>\n<\/ul>\n<p>La jornada se celebr\u00f3 en el marco de compromiso de la Fundaci\u00f3n Antonio de Nebrija con la Agenda 2030 para la consecuci\u00f3n de los Objetivos de Desarrollo Sostenible (ODS) fijados por la Organizaci\u00f3n de Naciones Unidas (ONU), que con acciones como esta, pretende trabajar de manera coordinada para la consecuci\u00f3n de algunos de ellos en el entorno universitario, en este caso:<\/p>\n<ol>\n<li>Objetivo 3: Salud y bienestar entre los empleados de nuestra organizaci\u00f3n.<\/li>\n<li>Objetivo 11 \u2013 Ciudades y Comunidades Sostenibles realizando este tipo de actividades en entornos verdes y con acceso limitado a veh\u00edculos a motor.<\/li>\n<\/ol>\n<p>Pr\u00f3ximas actividades del Programa Saludable para empleados de las entidades Nebrina:<\/p>\n<ol>\n<li>Trekking Nebrija \u2013 14 de abril de 2024 \u2013 Sierra de Madrid.<\/li>\n<\/ol>\n<p>M\u00e1s informaci\u00f3n: Servicio de Deportes \u2013\u00a0<a href=\"mailto:deportes@nebrija.es\">deportes@nebrija.es<\/a>\u00a0\u00a0y\u00a0<a href=\"mailto:nebrijasaludable@nebrija.es\">nebrijasaludable@nebrija.es<\/a><\/p>\n<p><em>Facebook &amp; Twitter: @NebrijaSports<\/em><\/p>\n\n\t\t<style type=\"text\/css\">\n\t\t\t#gallery-1 {\n\t\t\t\tmargin: auto;\n\t\t\t}\n\t\t\t#gallery-1 .gallery-item {\n\t\t\t\tfloat: left;\n\t\t\t\tmargin-top: 10px;\n\t\t\t\ttext-align: center;\n\t\t\t\twidth: 25%;\n\t\t\t}\n\t\t\t#gallery-1 img {\n\t\t\t\tborder: 2px solid #cfcfcf;\n\t\t\t}\n\t\t\t#gallery-1 .gallery-caption {\n\t\t\t\tmargin-left: 0;\n\t\t\t}\n\t\t\t\/* see gallery_shortcode() in wp-includes\/media.php *\/\n\t\t<\/style>\n\t\t<div id='gallery-1' class='gallery galleryid-90683 gallery-columns-4 gallery-size-thumbnail'><dl class='gallery-item'>\n\t\t\t<dt class='gallery-icon landscape'>\n\t\t\t\t<a href='https:\/\/www.nebrija.com\/medios\/actualidadnebrija\/wp-content\/uploads\/sites\/2\/2024\/02\/Run-y-quedada-marcha-Nebrija-1.jpg'><img loading=\"lazy\" decoding=\"async\" width=\"150\" height=\"113\" src=\"https:\/\/www.nebrija.com\/medios\/actualidadnebrija\/wp-content\/uploads\/sites\/2\/2024\/02\/Run-y-quedada-marcha-Nebrija-1-150x113.jpg\" class=\"attachment-thumbnail size-thumbnail\" alt=\"\" \/><\/a>\n\t\t\t<\/dt><\/dl><dl class='gallery-item'>\n\t\t\t<dt class='gallery-icon landscape'>\n\t\t\t\t<a href='https:\/\/www.nebrija.com\/medios\/actualidadnebrija\/wp-content\/uploads\/sites\/2\/2024\/02\/Run-y-quedada-marcha-Nebrija-2.jpg'><img loading=\"lazy\" decoding=\"async\" width=\"150\" height=\"84\" src=\"https:\/\/www.nebrija.com\/medios\/actualidadnebrija\/wp-content\/uploads\/sites\/2\/2024\/02\/Run-y-quedada-marcha-Nebrija-2-150x84.jpg\" class=\"attachment-thumbnail size-thumbnail\" alt=\"\" \/><\/a>\n\t\t\t<\/dt><\/dl><dl class='gallery-item'>\n\t\t\t<dt class='gallery-icon landscape'>\n\t\t\t\t<a href='https:\/\/www.nebrija.com\/medios\/actualidadnebrija\/wp-content\/uploads\/sites\/2\/2024\/02\/Run-y-quedada-marcha-Nebrija-3.jpg'><img loading=\"lazy\" decoding=\"async\" width=\"150\" height=\"113\" src=\"https:\/\/www.nebrija.com\/medios\/actualidadnebrija\/wp-content\/uploads\/sites\/2\/2024\/02\/Run-y-quedada-marcha-Nebrija-3-150x113.jpg\" class=\"attachment-thumbnail size-thumbnail\" alt=\"\" \/><\/a>\n\t\t\t<\/dt><\/dl><dl class='gallery-item'>\n\t\t\t<dt class='gallery-icon landscape'>\n\t\t\t\t<a href='https:\/\/www.nebrija.com\/medios\/actualidadnebrija\/wp-content\/uploads\/sites\/2\/2024\/02\/Run-y-quedada-marcha-Nebrija-4.jpg'><img loading=\"lazy\" decoding=\"async\" width=\"150\" height=\"113\" src=\"https:\/\/www.nebrija.com\/medios\/actualidadnebrija\/wp-content\/uploads\/sites\/2\/2024\/02\/Run-y-quedada-marcha-Nebrija-4-150x113.jpg\" class=\"attachment-thumbnail size-thumbnail\" alt=\"\" \/><\/a>\n\t\t\t<\/dt><\/dl><br style=\"clear: both\" \/><dl class='gallery-item'>\n\t\t\t<dt class='gallery-icon landscape'>\n\t\t\t\t<a href='https:\/\/www.nebrija.com\/medios\/actualidadnebrija\/wp-content\/uploads\/sites\/2\/2024\/02\/Run-y-quedada-marcha-Nebrija-5.jpg'><img loading=\"lazy\" decoding=\"async\" width=\"150\" height=\"128\" src=\"https:\/\/www.nebrija.com\/medios\/actualidadnebrija\/wp-content\/uploads\/sites\/2\/2024\/02\/Run-y-quedada-marcha-Nebrija-5-150x128.jpg\" class=\"attachment-thumbnail size-thumbnail\" alt=\"\" \/><\/a>\n\t\t\t<\/dt><\/dl><dl class='gallery-item'>\n\t\t\t<dt class='gallery-icon portrait'>\n\t\t\t\t<a href='https:\/\/www.nebrija.com\/medios\/actualidadnebrija\/wp-content\/uploads\/sites\/2\/2024\/02\/Run-y-quedada-marcha-Nebrija-6.jpg'><img loading=\"lazy\" decoding=\"async\" width=\"134\" height=\"150\" src=\"https:\/\/www.nebrija.com\/medios\/actualidadnebrija\/wp-content\/uploads\/sites\/2\/2024\/02\/Run-y-quedada-marcha-Nebrija-6-134x150.jpg\" class=\"attachment-thumbnail size-thumbnail\" alt=\"\" \/><\/a>\n\t\t\t<\/dt><\/dl><dl class='gallery-item'>\n\t\t\t<dt class='gallery-icon portrait'>\n\t\t\t\t<a href='https:\/\/www.nebrija.com\/medios\/actualidadnebrija\/wp-content\/uploads\/sites\/2\/2024\/02\/Run-y-quedada-marcha-Nebrija-7.jpg'><img loading=\"lazy\" decoding=\"async\" width=\"131\" height=\"150\" src=\"https:\/\/www.nebrija.com\/medios\/actualidadnebrija\/wp-content\/uploads\/sites\/2\/2024\/02\/Run-y-quedada-marcha-Nebrija-7-131x150.jpg\" class=\"attachment-thumbnail size-thumbnail\" alt=\"\" \/><\/a>\n\t\t\t<\/dt><\/dl><dl class='gallery-item'>\n\t\t\t<dt class='gallery-icon landscape'>\n\t\t\t\t<a href='https:\/\/www.nebrija.com\/medios\/actualidadnebrija\/wp-content\/uploads\/sites\/2\/2024\/02\/Run-y-quedada-marcha-Nebrija-8.jpg'><img loading=\"lazy\" decoding=\"async\" width=\"150\" height=\"148\" src=\"https:\/\/www.nebrija.com\/medios\/actualidadnebrija\/wp-content\/uploads\/sites\/2\/2024\/02\/Run-y-quedada-marcha-Nebrija-8-150x148.jpg\" class=\"attachment-thumbnail size-thumbnail\" alt=\"\" \/><\/a>\n\t\t\t<\/dt><\/dl><br style=\"clear: both\" \/><dl class='gallery-item'>\n\t\t\t<dt class='gallery-icon landscape'>\n\t\t\t\t<a href='https:\/\/www.nebrija.com\/medios\/actualidadnebrija\/wp-content\/uploads\/sites\/2\/2024\/02\/Run-y-quedada-marcha-Nebrija-9.jpg'><img loading=\"lazy\" decoding=\"async\" width=\"150\" height=\"122\" src=\"https:\/\/www.nebrija.com\/medios\/actualidadnebrija\/wp-content\/uploads\/sites\/2\/2024\/02\/Run-y-quedada-marcha-Nebrija-9-150x122.jpg\" class=\"attachment-thumbnail size-thumbnail\" alt=\"\" \/><\/a>\n\t\t\t<\/dt><\/dl><dl class='gallery-item'>\n\t\t\t<dt class='gallery-icon portrait'>\n\t\t\t\t<a href='https:\/\/www.nebrija.com\/medios\/actualidadnebrija\/wp-content\/uploads\/sites\/2\/2024\/02\/Run-y-quedada-marcha-Nebrija-10.jpg'><img loading=\"lazy\" decoding=\"async\" width=\"124\" height=\"150\" src=\"https:\/\/www.nebrija.com\/medios\/actualidadnebrija\/wp-content\/uploads\/sites\/2\/2024\/02\/Run-y-quedada-marcha-Nebrija-10-124x150.jpg\" class=\"attachment-thumbnail size-thumbnail\" alt=\"\" \/><\/a>\n\t\t\t<\/dt><\/dl><dl class='gallery-item'>\n\t\t\t<dt class='gallery-icon portrait'>\n\t\t\t\t<a href='https:\/\/www.nebrija.com\/medios\/actualidadnebrija\/wp-content\/uploads\/sites\/2\/2024\/02\/Run-y-quedada-marcha-Nebrija-11.jpg'><img loading=\"lazy\" decoding=\"async\" width=\"141\" height=\"150\" src=\"https:\/\/www.nebrija.com\/medios\/actualidadnebrija\/wp-content\/uploads\/sites\/2\/2024\/02\/Run-y-quedada-marcha-Nebrija-11-141x150.jpg\" class=\"attachment-thumbnail size-thumbnail\" alt=\"\" \/><\/a>\n\t\t\t<\/dt><\/dl><dl class='gallery-item'>\n\t\t\t<dt class='gallery-icon landscape'>\n\t\t\t\t<a href='https:\/\/www.nebrija.com\/medios\/actualidadnebrija\/wp-content\/uploads\/sites\/2\/2024\/02\/Run-y-quedada-marcha-Nebrija-12.jpg'><img loading=\"lazy\" decoding=\"async\" width=\"150\" height=\"113\" src=\"https:\/\/www.nebrija.com\/medios\/actualidadnebrija\/wp-content\/uploads\/sites\/2\/2024\/02\/Run-y-quedada-marcha-Nebrija-12-150x113.jpg\" class=\"attachment-thumbnail size-thumbnail\" alt=\"\" \/><\/a>\n\t\t\t<\/dt><\/dl><br style=\"clear: both\" \/>\n\t\t<\/div>\n\n<p>&nbsp;<\/p>\n","protected":false},"excerpt":{"rendered":"<p>La jornada congreg\u00f3 a m\u00e1s de 40 participantes en una nueva actividad del programa \u201cNebrija Saludable\u201d.<\/p>\n","protected":false},"author":326,"featured_media":90688,"comment_status":"open","ping_status":"open","sticky":false,"template":"","format":"standard","meta":{"_acf_changed":false,"_monsterinsights_skip_tracking":false,"_monsterinsights_sitenote_active":false,"_monsterinsights_sitenote_note":"","_monsterinsights_sitenote_category":0,"footnotes":""},"categories":[3062],"tags":[5293,3324],"acf":[],"yoast_head":"<!-- This site is optimized with the Yoast SEO plugin v22.1 - https:\/\/yoast.com\/wordpress\/plugins\/seo\/ -->\n<title>VI Quedada Run y Marcha Nebrija - Actualidad Nebrija<\/title>\n<meta name=\"description\" content=\"La jornada congreg\u00f3 a m\u00e1s de 40 participantes en una nueva actividad del programa \u201cNebrija Saludable\u201d.\" \/>\n<meta name=\"robots\" content=\"index, follow, max-snippet:-1, max-image-preview:large, max-video-preview:-1\" \/>\n<link rel=\"canonical\" href=\"https:\/\/www.nebrija.com\/medios\/actualidadnebrija\/2024\/02\/05\/vi-quedada-run-y-marcha-nebrija\/\" \/>\n<meta property=\"og:locale\" content=\"es_ES\" \/>\n<meta property=\"og:type\" content=\"article\" \/>\n<meta property=\"og:title\" content=\"VI Quedada Run y Marcha Nebrija - Actualidad Nebrija\" \/>\n<meta property=\"og:description\" content=\"La jornada congreg\u00f3 a m\u00e1s de 40 participantes en una nueva actividad del programa \u201cNebrija Saludable\u201d.\" \/>\n<meta property=\"og:url\" content=\"https:\/\/www.nebrija.com\/medios\/actualidadnebrija\/2024\/02\/05\/vi-quedada-run-y-marcha-nebrija\/\" \/>\n<meta property=\"og:site_name\" content=\"Actualidad Nebrija\" \/>\n<meta property=\"article:published_time\" content=\"2024-02-05T12:19:14+00:00\" \/>\n<meta property=\"og:image\" content=\"https:\/\/www.nebrija.com\/medios\/actualidadnebrija\/wp-content\/uploads\/sites\/2\/2024\/02\/Run-y-quedada-marcha-Nebrija-5.jpg\" \/>\n\t<meta property=\"og:image:width\" content=\"1024\" \/>\n\t<meta property=\"og:image:height\" content=\"871\" \/>\n\t<meta property=\"og:image:type\" content=\"image\/jpeg\" \/>\n<meta name=\"author\" content=\"jpicos\" \/>\n<meta name=\"twitter:card\" content=\"summary_large_image\" \/>\n<meta name=\"twitter:label1\" content=\"Escrito por\" \/>\n\t<meta name=\"twitter:data1\" content=\"jpicos\" \/>\n\t<meta name=\"twitter:label2\" content=\"Tiempo de lectura\" \/>\n\t<meta name=\"twitter:data2\" content=\"3 minutos\" \/>\n<!-- \/ Yoast SEO plugin. -->","yoast_head_json":{"title":"VI Quedada Run y Marcha Nebrija - Actualidad Nebrija","description":"La jornada congreg\u00f3 a m\u00e1s de 40 participantes en una nueva actividad del programa \u201cNebrija Saludable\u201d.","robots":{"index":"index","follow":"follow","max-snippet":"max-snippet:-1","max-image-preview":"max-image-preview:large","max-video-preview":"max-video-preview:-1"},"canonical":"https:\/\/www.nebrija.com\/medios\/actualidadnebrija\/2024\/02\/05\/vi-quedada-run-y-marcha-nebrija\/","og_locale":"es_ES","og_type":"article","og_title":"VI Quedada Run y Marcha Nebrija - Actualidad Nebrija","og_description":"La jornada congreg\u00f3 a m\u00e1s de 40 participantes en una nueva actividad del programa \u201cNebrija Saludable\u201d.","og_url":"https:\/\/www.nebrija.com\/medios\/actualidadnebrija\/2024\/02\/05\/vi-quedada-run-y-marcha-nebrija\/","og_site_name":"Actualidad Nebrija","article_published_time":"2024-02-05T12:19:14+00:00","og_image":[{"width":1024,"height":871,"url":"https:\/\/www.nebrija.com\/medios\/actualidadnebrija\/wp-content\/uploads\/sites\/2\/2024\/02\/Run-y-quedada-marcha-Nebrija-5.jpg","type":"image\/jpeg"}],"author":"jpicos","twitter_card":"summary_large_image","twitter_misc":{"Escrito por":"jpicos","Tiempo de lectura":"3 minutos"},"schema":{"@context":"https:\/\/schema.org","@graph":[{"@type":"WebPage","@id":"https:\/\/www.nebrija.com\/medios\/actualidadnebrija\/2024\/02\/05\/vi-quedada-run-y-marcha-nebrija\/","url":"https:\/\/www.nebrija.com\/medios\/actualidadnebrija\/2024\/02\/05\/vi-quedada-run-y-marcha-nebrija\/","name":"VI Quedada Run y Marcha Nebrija - Actualidad Nebrija","isPartOf":{"@id":"https:\/\/www.nebrija.com\/medios\/actualidadnebrija\/#website"},"datePublished":"2024-02-05T12:19:14+00:00","dateModified":"2024-02-05T12:19:14+00:00","author":{"@id":"https:\/\/www.nebrija.com\/medios\/actualidadnebrija\/#\/schema\/person\/0cd40b7dd3f54459e2cfc009dbd255c6"},"description":"La jornada congreg\u00f3 a m\u00e1s de 40 participantes en una nueva actividad del programa \u201cNebrija Saludable\u201d.","breadcrumb":{"@id":"https:\/\/www.nebrija.com\/medios\/actualidadnebrija\/2024\/02\/05\/vi-quedada-run-y-marcha-nebrija\/#breadcrumb"},"inLanguage":"es","potentialAction":[{"@type":"ReadAction","target":["https:\/\/www.nebrija.com\/medios\/actualidadnebrija\/2024\/02\/05\/vi-quedada-run-y-marcha-nebrija\/"]}]},{"@type":"BreadcrumbList","@id":"https:\/\/www.nebrija.com\/medios\/actualidadnebrija\/2024\/02\/05\/vi-quedada-run-y-marcha-nebrija\/#breadcrumb","itemListElement":[{"@type":"ListItem","position":1,"name":"Home","item":"https:\/\/www.nebrija.com\/medios\/actualidadnebrija\/"},{"@type":"ListItem","position":2,"name":"VI Quedada Run y Marcha Nebrija"}]},{"@type":"WebSite","@id":"https:\/\/www.nebrija.com\/medios\/actualidadnebrija\/#website","url":"https:\/\/www.nebrija.com\/medios\/actualidadnebrija\/","name":"Actualidad Nebrija","description":"Noticias de la Universidad Nebrija","potentialAction":[{"@type":"SearchAction","target":{"@type":"EntryPoint","urlTemplate":"https:\/\/www.nebrija.com\/medios\/actualidadnebrija\/?s={search_term_string}"},"query-input":"required name=search_term_string"}],"inLanguage":"es"},{"@type":"Person","@id":"https:\/\/www.nebrija.com\/medios\/actualidadnebrija\/#\/schema\/person\/0cd40b7dd3f54459e2cfc009dbd255c6","name":"jpicos","image":{"@type":"ImageObject","inLanguage":"es","@id":"https:\/\/www.nebrija.com\/medios\/actualidadnebrija\/#\/schema\/person\/image\/","url":"https:\/\/secure.gravatar.com\/avatar\/c4a1005cff3fd9bb5185e9671f4f3e9b?s=96&d=mm&r=g","contentUrl":"https:\/\/secure.gravatar.com\/avatar\/c4a1005cff3fd9bb5185e9671f4f3e9b?s=96&d=mm&r=g","caption":"jpicos"},"url":"https:\/\/www.nebrija.com\/medios\/actualidadnebrija\/author\/jpicos\/"}]}},"_links":{"self":[{"href":"https:\/\/www.nebrija.com\/medios\/actualidadnebrija\/wp-json\/wp\/v2\/posts\/90683"}],"collection":[{"href":"https:\/\/www.nebrija.com\/medios\/actualidadnebrija\/wp-json\/wp\/v2\/posts"}],"about":[{"href":"https:\/\/www.nebrija.com\/medios\/actualidadnebrija\/wp-json\/wp\/v2\/types\/post"}],"author":[{"embeddable":true,"href":"https:\/\/www.nebrija.com\/medios\/actualidadnebrija\/wp-json\/wp\/v2\/users\/326"}],"replies":[{"embeddable":true,"href":"https:\/\/www.nebrija.com\/medios\/actualidadnebrija\/wp-json\/wp\/v2\/comments?post=90683"}],"version-history":[{"count":1,"href":"https:\/\/www.nebrija.com\/medios\/actualidadnebrija\/wp-json\/wp\/v2\/posts\/90683\/revisions"}],"predecessor-version":[{"id":90697,"href":"https:\/\/www.nebrija.com\/medios\/actualidadnebrija\/wp-json\/wp\/v2\/posts\/90683\/revisions\/90697"}],"wp:featuredmedia":[{"embeddable":true,"href":"https:\/\/www.nebrija.com\/medios\/actualidadnebrija\/wp-json\/wp\/v2\/media\/90688"}],"wp:attachment":[{"href":"https:\/\/www.nebrija.com\/medios\/actualidadnebrija\/wp-json\/wp\/v2\/media?parent=90683"}],"wp:term":[{"taxonomy":"category","embeddable":true,"href":"https:\/\/www.nebrija.com\/medios\/actualidadnebrija\/wp-json\/wp\/v2\/categories?post=90683"},{"taxonomy":"post_tag","embeddable":true,"href":"https:\/\/www.nebrija.com\/medios\/actualidadnebrija\/wp-json\/wp\/v2\/tags?post=90683"}],"curies":[{"name":"wp","href":"https:\/\/api.w.org\/{rel}","templated":true}]}}