{"id":90804,"date":"2024-02-13T16:49:40","date_gmt":"2024-02-13T15:49:40","guid":{"rendered":"https:\/\/www.nebrija.com\/medios\/actualidadnebrija\/?p=90804"},"modified":"2024-02-13T17:09:47","modified_gmt":"2024-02-13T16:09:47","slug":"maestros-de-la-costura-de-la-1-de-rtve-se-traslada-a-la-universidad-nebrija","status":"publish","type":"post","link":"https:\/\/www.nebrija.com\/medios\/actualidadnebrija\/2024\/02\/13\/maestros-de-la-costura-de-la-1-de-rtve-se-traslada-a-la-universidad-nebrija\/","title":{"rendered":"\u201cMaestros de la Costura\u201d se traslada a la Universidad Nebrija"},"content":{"rendered":"<p>\u201cMaestros de la Costura\u201d, el <a href=\"https:\/\/www.rtve.es\/play\/videos\/maestros-de-la-costura\/\" target=\"_blank\" rel=\"noopener\"><strong><em>talent show<\/em><\/strong><\/a> producido por RTVE en colaboraci\u00f3n con Shine Iberia que se emite en La 1 de RTVE y que presenta Raquel S\u00e1nchez Silva, se traslada en esta ocasi\u00f3n a la Universidad Nebrija para un nuevo episodio.<\/p>\n<p>El Campus de Ciencias de la Vida en La Berzosa, donde se alojan los talleres del <a href=\"https:\/\/www.nebrija.com\/lp\/2023\/grado\/diseno-moda\/?Cod_TipoFRM=2597&amp;gad_source=1&amp;gclid=CjwKCAiA8YyuBhBSEiwA5R3-E4SgvdXW8hlFkPBU8TGWfyqzPOduD3Yju0siqQRuv7_mpd2tka5LBBoCNTQQAvD_BwE&amp;gclsrc=aw.ds\" target=\"_blank\" rel=\"noopener\"><strong>Grado en Dise\u00f1o de Moda<\/strong><\/a> de la Facultad de Comunicaci\u00f3n y Artes de la Universidad Nebrija, acoge este martes 13 de febrero la segunda de las pruebas, la que se hace por equipos, en la que los concursantes replicar\u00e1n dos dise\u00f1os de la \u00faltima colecci\u00f3n de la firma The IQ Collection -firma capitaneada por In\u00e9s Domecq y Virginia Pozo-, que luego ser\u00e1n valorados por el jurado y Mercedes Domecq, directora creativa de la marca.<\/p>\n<p>Adem\u00e1s de la prueba que tiene lugar en la Universidad Nebrija, en este episodio de \u201cMaestros de la Costura\u201d, los concursantes tambi\u00e9n pondr\u00e1n la vista en la moda de los noventa para la prueba por parejas, ya en el plat\u00f3. Con la dise\u00f1adora Lydia Delgado como cuarta jueza y embajadora de la d\u00e9cada, en el taller desfilar\u00e1n las top models espa\u00f1olas m\u00e1s destacadas de la \u00e9poca: Laura Ponte, Judit Masc\u00f3, Blanca Suelves, Martina Klein, Laura S\u00e1nchez y Ver\u00f3nica Blume. En la prueba de expulsi\u00f3n, los participantes confeccionar\u00e1n una prenda con flores, plantas y hojas de un jard\u00edn.<\/p>\n","protected":false},"excerpt":{"rendered":"<p>El Campus de Ciencias de la Vida en La Berzosa, donde se alojan los talleres del Grado en Dise\u00f1o de Moda, acoge este martes 13 de febrero la prueba por equipos.<\/p>\n","protected":false},"author":1182,"featured_media":90805,"comment_status":"open","ping_status":"open","sticky":false,"template":"","format":"standard","meta":{"_acf_changed":false,"_monsterinsights_skip_tracking":false,"_monsterinsights_sitenote_active":false,"_monsterinsights_sitenote_note":"","_monsterinsights_sitenote_category":0,"footnotes":""},"categories":[3050],"tags":[3124,3414,5647,5648],"acf":[],"yoast_head":"<!-- This site is optimized with the Yoast SEO plugin v22.1 - https:\/\/yoast.com\/wordpress\/plugins\/seo\/ -->\n<title>\u201cMaestros de la Costura\u201d se traslada a la Universidad Nebrija - Actualidad Nebrija<\/title>\n<meta name=\"description\" content=\"La Universidad Nebrija acoge a \u201cMaestros de la Costura\u201d, el talent show producido por RTVE en colaboraci\u00f3n con Shine Iberia.\" \/>\n<meta name=\"robots\" content=\"index, follow, max-snippet:-1, max-image-preview:large, max-video-preview:-1\" \/>\n<link rel=\"canonical\" href=\"https:\/\/www.nebrija.com\/medios\/actualidadnebrija\/2024\/02\/13\/maestros-de-la-costura-de-la-1-de-rtve-se-traslada-a-la-universidad-nebrija\/\" \/>\n<meta property=\"og:locale\" content=\"es_ES\" \/>\n<meta property=\"og:type\" content=\"article\" \/>\n<meta property=\"og:title\" content=\"\u201cMaestros de la Costura\u201d se traslada a la Universidad Nebrija - Actualidad Nebrija\" \/>\n<meta property=\"og:description\" content=\"La Universidad Nebrija acoge a \u201cMaestros de la Costura\u201d, el talent show producido por RTVE en colaboraci\u00f3n con Shine Iberia.\" \/>\n<meta property=\"og:url\" content=\"https:\/\/www.nebrija.com\/medios\/actualidadnebrija\/2024\/02\/13\/maestros-de-la-costura-de-la-1-de-rtve-se-traslada-a-la-universidad-nebrija\/\" \/>\n<meta property=\"og:site_name\" content=\"Actualidad Nebrija\" \/>\n<meta property=\"article:published_time\" content=\"2024-02-13T15:49:40+00:00\" \/>\n<meta property=\"article:modified_time\" content=\"2024-02-13T16:09:47+00:00\" \/>\n<meta property=\"og:image\" content=\"https:\/\/www.nebrija.com\/medios\/actualidadnebrija\/wp-content\/uploads\/sites\/2\/2024\/02\/Maestros-de-la-Costura-de-La-1-de-RTVE-se-traslada-a-la-Universidad-Nebrija-1024x676.jpg\" \/>\n\t<meta property=\"og:image:width\" content=\"1024\" \/>\n\t<meta property=\"og:image:height\" content=\"676\" \/>\n\t<meta property=\"og:image:type\" content=\"image\/jpeg\" \/>\n<meta name=\"author\" content=\"mcamposd\" \/>\n<meta name=\"twitter:card\" content=\"summary_large_image\" \/>\n<meta name=\"twitter:label1\" content=\"Escrito por\" \/>\n\t<meta name=\"twitter:data1\" content=\"mcamposd\" \/>\n\t<meta name=\"twitter:label2\" content=\"Tiempo de lectura\" \/>\n\t<meta name=\"twitter:data2\" content=\"2 minutos\" \/>\n<!-- \/ Yoast SEO plugin. -->","yoast_head_json":{"title":"\u201cMaestros de la Costura\u201d se traslada a la Universidad Nebrija - Actualidad Nebrija","description":"La Universidad Nebrija acoge a \u201cMaestros de la Costura\u201d, el talent show producido por RTVE en colaboraci\u00f3n con Shine Iberia.","robots":{"index":"index","follow":"follow","max-snippet":"max-snippet:-1","max-image-preview":"max-image-preview:large","max-video-preview":"max-video-preview:-1"},"canonical":"https:\/\/www.nebrija.com\/medios\/actualidadnebrija\/2024\/02\/13\/maestros-de-la-costura-de-la-1-de-rtve-se-traslada-a-la-universidad-nebrija\/","og_locale":"es_ES","og_type":"article","og_title":"\u201cMaestros de la Costura\u201d se traslada a la Universidad Nebrija - Actualidad Nebrija","og_description":"La Universidad Nebrija acoge a \u201cMaestros de la Costura\u201d, el talent show producido por RTVE en colaboraci\u00f3n con Shine Iberia.","og_url":"https:\/\/www.nebrija.com\/medios\/actualidadnebrija\/2024\/02\/13\/maestros-de-la-costura-de-la-1-de-rtve-se-traslada-a-la-universidad-nebrija\/","og_site_name":"Actualidad Nebrija","article_published_time":"2024-02-13T15:49:40+00:00","article_modified_time":"2024-02-13T16:09:47+00:00","og_image":[{"width":1024,"height":676,"url":"https:\/\/www.nebrija.com\/medios\/actualidadnebrija\/wp-content\/uploads\/sites\/2\/2024\/02\/Maestros-de-la-Costura-de-La-1-de-RTVE-se-traslada-a-la-Universidad-Nebrija-1024x676.jpg","type":"image\/jpeg"}],"author":"mcamposd","twitter_card":"summary_large_image","twitter_misc":{"Escrito por":"mcamposd","Tiempo de lectura":"2 minutos"},"schema":{"@context":"https:\/\/schema.org","@graph":[{"@type":"WebPage","@id":"https:\/\/www.nebrija.com\/medios\/actualidadnebrija\/2024\/02\/13\/maestros-de-la-costura-de-la-1-de-rtve-se-traslada-a-la-universidad-nebrija\/","url":"https:\/\/www.nebrija.com\/medios\/actualidadnebrija\/2024\/02\/13\/maestros-de-la-costura-de-la-1-de-rtve-se-traslada-a-la-universidad-nebrija\/","name":"\u201cMaestros de la Costura\u201d se traslada a la Universidad Nebrija - Actualidad Nebrija","isPartOf":{"@id":"https:\/\/www.nebrija.com\/medios\/actualidadnebrija\/#website"},"datePublished":"2024-02-13T15:49:40+00:00","dateModified":"2024-02-13T16:09:47+00:00","author":{"@id":"https:\/\/www.nebrija.com\/medios\/actualidadnebrija\/#\/schema\/person\/205582e65069359d9f07d260f6d48a9c"},"description":"La Universidad Nebrija acoge a \u201cMaestros de la Costura\u201d, el talent show producido por RTVE en colaboraci\u00f3n con Shine Iberia.","breadcrumb":{"@id":"https:\/\/www.nebrija.com\/medios\/actualidadnebrija\/2024\/02\/13\/maestros-de-la-costura-de-la-1-de-rtve-se-traslada-a-la-universidad-nebrija\/#breadcrumb"},"inLanguage":"es","potentialAction":[{"@type":"ReadAction","target":["https:\/\/www.nebrija.com\/medios\/actualidadnebrija\/2024\/02\/13\/maestros-de-la-costura-de-la-1-de-rtve-se-traslada-a-la-universidad-nebrija\/"]}]},{"@type":"BreadcrumbList","@id":"https:\/\/www.nebrija.com\/medios\/actualidadnebrija\/2024\/02\/13\/maestros-de-la-costura-de-la-1-de-rtve-se-traslada-a-la-universidad-nebrija\/#breadcrumb","itemListElement":[{"@type":"ListItem","position":1,"name":"Home","item":"https:\/\/www.nebrija.com\/medios\/actualidadnebrija\/"},{"@type":"ListItem","position":2,"name":"\u201cMaestros de la Costura\u201d se traslada a la Universidad Nebrija"}]},{"@type":"WebSite","@id":"https:\/\/www.nebrija.com\/medios\/actualidadnebrija\/#website","url":"https:\/\/www.nebrija.com\/medios\/actualidadnebrija\/","name":"Actualidad Nebrija","description":"Noticias de la Universidad Nebrija","potentialAction":[{"@type":"SearchAction","target":{"@type":"EntryPoint","urlTemplate":"https:\/\/www.nebrija.com\/medios\/actualidadnebrija\/?s={search_term_string}"},"query-input":"required name=search_term_string"}],"inLanguage":"es"},{"@type":"Person","@id":"https:\/\/www.nebrija.com\/medios\/actualidadnebrija\/#\/schema\/person\/205582e65069359d9f07d260f6d48a9c","name":"mcamposd","image":{"@type":"ImageObject","inLanguage":"es","@id":"https:\/\/www.nebrija.com\/medios\/actualidadnebrija\/#\/schema\/person\/image\/","url":"https:\/\/secure.gravatar.com\/avatar\/d0592be503e718fe4bc82c9a3b03724e?s=96&d=mm&r=g","contentUrl":"https:\/\/secure.gravatar.com\/avatar\/d0592be503e718fe4bc82c9a3b03724e?s=96&d=mm&r=g","caption":"mcamposd"},"url":"https:\/\/www.nebrija.com\/medios\/actualidadnebrija\/author\/mcamposd\/"}]}},"_links":{"self":[{"href":"https:\/\/www.nebrija.com\/medios\/actualidadnebrija\/wp-json\/wp\/v2\/posts\/90804"}],"collection":[{"href":"https:\/\/www.nebrija.com\/medios\/actualidadnebrija\/wp-json\/wp\/v2\/posts"}],"about":[{"href":"https:\/\/www.nebrija.com\/medios\/actualidadnebrija\/wp-json\/wp\/v2\/types\/post"}],"author":[{"embeddable":true,"href":"https:\/\/www.nebrija.com\/medios\/actualidadnebrija\/wp-json\/wp\/v2\/users\/1182"}],"replies":[{"embeddable":true,"href":"https:\/\/www.nebrija.com\/medios\/actualidadnebrija\/wp-json\/wp\/v2\/comments?post=90804"}],"version-history":[{"count":3,"href":"https:\/\/www.nebrija.com\/medios\/actualidadnebrija\/wp-json\/wp\/v2\/posts\/90804\/revisions"}],"predecessor-version":[{"id":90808,"href":"https:\/\/www.nebrija.com\/medios\/actualidadnebrija\/wp-json\/wp\/v2\/posts\/90804\/revisions\/90808"}],"wp:featuredmedia":[{"embeddable":true,"href":"https:\/\/www.nebrija.com\/medios\/actualidadnebrija\/wp-json\/wp\/v2\/media\/90805"}],"wp:attachment":[{"href":"https:\/\/www.nebrija.com\/medios\/actualidadnebrija\/wp-json\/wp\/v2\/media?parent=90804"}],"wp:term":[{"taxonomy":"category","embeddable":true,"href":"https:\/\/www.nebrija.com\/medios\/actualidadnebrija\/wp-json\/wp\/v2\/categories?post=90804"},{"taxonomy":"post_tag","embeddable":true,"href":"https:\/\/www.nebrija.com\/medios\/actualidadnebrija\/wp-json\/wp\/v2\/tags?post=90804"}],"curies":[{"name":"wp","href":"https:\/\/api.w.org\/{rel}","templated":true}]}}