{"id":90918,"date":"2024-02-21T10:14:55","date_gmt":"2024-02-21T09:14:55","guid":{"rendered":"https:\/\/www.nebrija.com\/medios\/actualidadnebrija\/?p=90918"},"modified":"2024-04-02T11:15:16","modified_gmt":"2024-04-02T09:15:16","slug":"413-anos-despues-diez-mujeres-reinterpretan-con-las-nuevas-tecnologias-un-bodegon-de-clara-peeters","status":"publish","type":"post","link":"https:\/\/www.nebrija.com\/medios\/actualidadnebrija\/2024\/02\/21\/413-anos-despues-diez-mujeres-reinterpretan-con-las-nuevas-tecnologias-un-bodegon-de-clara-peeters\/","title":{"rendered":"413 a\u00f1os despu\u00e9s, diez mujeres reinterpretan con las nuevas tecnolog\u00edas un bodeg\u00f3n de Clara Peeters"},"content":{"rendered":"<p>Clara Peeters pint\u00f3 <a href=\"https:\/\/www.museodelprado.es\/coleccion\/obra-de-arte\/bodegon-con-flores-copa-de-plata-dorada-almendras\/97a18fea-112a-417a-9a8a-6665a44cc331\"><em>Bodeg\u00f3n con flores, copa de plata dorada, almendras, frutos secos, dulces, panecillos, vino y jarra de peltre<\/em><\/a> en 1611. El hecho de ser mujer solo le permit\u00eda crear obras dentro de una tem\u00e1tica considerada de arte menor. Respondiendo a un proyecto del Museo del Prado, y m\u00e1s de cuatro siglos despu\u00e9s, ocho alumnas de la Universidad Nebrija, coordinadas por las directoras del \u00a0<a href=\"https:\/\/www.nebrija.com\/carreras-universitarias\/grado-en-bellas-artes\/\">Grado en Bellas Artes<\/a> y el <a href=\"https:\/\/www.nebrija.com\/carreras-universitarias\/grado-en-diseno-digital\/\">Grado en Dise\u00f1o Digital y Multimedia<\/a>, Lorena Palomino y Amaya Hern\u00e1ndez Sig\u00fcenza, han reinterpretado el cuadro desde las nuevas tecnolog\u00edas haciendo hincapi\u00e9 en temas como la ecolog\u00eda, el feminismo y la identidad.<\/p>\n<p>Las diez creativas se pusieron manos a la obra para llegar a finales del a\u00f1o pasado a la versi\u00f3n actualizada del bodeg\u00f3n de Peeters: <em>Bodeg\u00f3n con flores, smoothie, dulces, comida basura, m\u00f3vil y cigarrillos<\/em>, en el que tras un arduo periodo de concepci\u00f3n de bocetos, modelados, dise\u00f1o, animaci\u00f3n y posproducci\u00f3n llegaron a una propuesta que realzara la fugacidad de la vida y los elementos perecederos en contraste con la perdurabilidad de materiales como el pl\u00e1stico.<\/p>\n<p><a href=\"https:\/\/www.nebrija.com\/medios\/actualidadnebrija\/wp-content\/uploads\/sites\/2\/2024\/02\/MicrosoftTeams-image-2.jpg\"><img loading=\"lazy\" decoding=\"async\" class=\"aligncenter wp-image-90922 size-full\" src=\"https:\/\/www.nebrija.com\/medios\/actualidadnebrija\/wp-content\/uploads\/sites\/2\/2024\/02\/MicrosoftTeams-image-2.jpg\" alt=\"\" width=\"1100\" height=\"603\" \/><\/a><\/p>\n<p>Lorena Palomino, Amaya Hern\u00e1ndez Sig\u00fcenza y la estudiante Alicia Arag\u00f3n -en representaci\u00f3n tambi\u00e9n de sus compa\u00f1eras Alejandra Fern\u00e1ndez, Andrea Abril, Apel (\u00c1frica Puente), B\u00e1rbara Cirujeda, Elisa Maglienti, Melina Fern\u00e1ndez y M\u00f3nica Escart\u00edn- explicaron los pormenores del proceso en el taller <em>\u00bfC\u00f3mo reinterpretar una obra de arte a trav\u00e9s de las nuevas tecnolog\u00edas\/dise\u00f1o digital?<\/em> dentro de la programaci\u00f3n del <a href=\"https:\/\/madriddesignfestival.lafabrica.com\/\">Madrid Design Festival<\/a>, la gran cita anual del dise\u00f1o de Madrid, que se celebra hasta el 31 de marzo en la Instituci\u00f3n Libre de Ense\u00f1anza.<\/p>\n<p><strong>Una iniciativa del Museo del Prado<\/strong><\/p>\n<p>Con motivo de la Presidencia espa\u00f1ola del Consejo de la Uni\u00f3n Europea durante el segundo semestre de 2023, el Museo del Prado puso en marcha un grupo de trabajo de con el Foro de Asociaciones de Dise\u00f1o READ para impulsar el proyecto<em> El Prado en Vol.<\/em> El reto consist\u00eda en elaborar un dise\u00f1o en 3D a partir de una obra art\u00edstica del Museo Nacional del Prado. La reinterpretaci\u00f3n, la originalidad y el aporte de valor a la experiencia del espectador eran tres de las claves de una <a href=\"https:\/\/www.museodelprado.es\/recurso\/el-prado-en-vol\/9d240958-3fce-3aa5-c969-d96eccd9651f\">iniciativa<\/a> a la que r\u00e1pidamente contest\u00f3 la Universidad Nebrija con una convocatoria abierta a los estudiantes para participar en el proyecto.<\/p>\n<p>Despu\u00e9s de la contextualizaci\u00f3n de Lorena Palomino y Amaya Hern\u00e1ndez Sig\u00fcenza, Alicia Arag\u00f3n coment\u00f3 que la versi\u00f3n \u201crebelde y atrevida\u201d de la obra de Peeters esconde una sorpresa interactiva. Igual que la pintora flamenca pint\u00f3 su autorretrato -tres veces en la copa y cuatro en la jarra- en el bodeg\u00f3n, las estudiantes quisieron, a trav\u00e9s de un <a href=\"https:\/\/www.instagram.com\/ar\/2092910941050270\/?utm_source=qr\">filtro interactivo<\/a> de Instagram, que los espectadores pudieran dejar su fotograf\u00eda en la pantalla del m\u00f3vil. Por un lado, hay un homenaje a Peeters y por otro, las artistas introducen un componente cotidiano de nuestra vida: el <em>selfie<\/em> (autofoto).<\/p>\n<p><a href=\"https:\/\/www.nebrija.com\/medios\/actualidadnebrija\/wp-content\/uploads\/sites\/2\/2024\/02\/Peeters-Nebrija.jpg\"><img loading=\"lazy\" decoding=\"async\" class=\"aligncenter wp-image-90921 size-full\" src=\"https:\/\/www.nebrija.com\/medios\/actualidadnebrija\/wp-content\/uploads\/sites\/2\/2024\/02\/Peeters-Nebrija.jpg\" alt=\"\" width=\"1100\" height=\"718\" \/><\/a><\/p>\n<p><strong>Dos preguntas al cuadro<\/strong><\/p>\n<p>En la \u00faltima parte de la charla, y ante un p\u00fablico que expres\u00f3 \u201cinquietud\u201d por el tema, las dos profesoras de la Universidad Nebrija mostraron <em>Narciso<\/em> (Caravaggio) y <em>Las tres Gracias <\/em>(Rubens) para incentiva el debate sobre la reinterpretaci\u00f3n de las obras cl\u00e1sicas que pasa por plantearse dos preguntas: \u00bfqu\u00e9 aspectos relevantes trata la obra? y \u00bfqu\u00e9 herramientas podemos usar para crear nuestra versi\u00f3n?<\/p>\n<p><em>Texto: Javier Picos. Fotos: Nacho Nava<\/em><\/p>\n","protected":false},"excerpt":{"rendered":"<p>Lorena Palomino, Amaya Hern\u00e1ndez y Alicia Arag\u00f3n explican el proceso en en el Madrid Design Festival.<\/p>\n","protected":false},"author":326,"featured_media":90919,"comment_status":"open","ping_status":"open","sticky":false,"template":"","format":"standard","meta":{"_acf_changed":false,"_monsterinsights_skip_tracking":false,"_monsterinsights_sitenote_active":false,"_monsterinsights_sitenote_note":"","_monsterinsights_sitenote_category":0,"footnotes":""},"categories":[3050],"tags":[5665,3124,4268,3745,3831,3663,4100,3815,3746,4396,4698],"acf":[],"yoast_head":"<!-- This site is optimized with the Yoast SEO plugin v22.1 - https:\/\/yoast.com\/wordpress\/plugins\/seo\/ -->\n<title>413 a\u00f1os despu\u00e9s, diez mujeres reinterpretan con las nuevas tecnolog\u00edas un bodeg\u00f3n de Clara Peeters - Actualidad Nebrija<\/title>\n<meta name=\"description\" content=\"Ocho alumnas y dos profesoras de la Universidad Nebrija versionan a los tiempos actuales un cuadro de Clara Peeters.\" \/>\n<meta name=\"robots\" content=\"index, follow, max-snippet:-1, max-image-preview:large, max-video-preview:-1\" \/>\n<link rel=\"canonical\" href=\"https:\/\/www.nebrija.com\/medios\/actualidadnebrija\/2024\/02\/21\/413-anos-despues-diez-mujeres-reinterpretan-con-las-nuevas-tecnologias-un-bodegon-de-clara-peeters\/\" \/>\n<meta property=\"og:locale\" content=\"es_ES\" \/>\n<meta property=\"og:type\" content=\"article\" \/>\n<meta property=\"og:title\" content=\"413 a\u00f1os despu\u00e9s, diez mujeres reinterpretan con las nuevas tecnolog\u00edas un bodeg\u00f3n de Clara Peeters - Actualidad Nebrija\" \/>\n<meta property=\"og:description\" content=\"Ocho alumnas y dos profesoras de la Universidad Nebrija versionan a los tiempos actuales un cuadro de Clara Peeters.\" \/>\n<meta property=\"og:url\" content=\"https:\/\/www.nebrija.com\/medios\/actualidadnebrija\/2024\/02\/21\/413-anos-despues-diez-mujeres-reinterpretan-con-las-nuevas-tecnologias-un-bodegon-de-clara-peeters\/\" \/>\n<meta property=\"og:site_name\" content=\"Actualidad Nebrija\" \/>\n<meta property=\"article:published_time\" content=\"2024-02-21T09:14:55+00:00\" \/>\n<meta property=\"article:modified_time\" content=\"2024-04-02T09:15:16+00:00\" \/>\n<meta property=\"og:image\" content=\"https:\/\/www.nebrija.com\/medios\/actualidadnebrija\/wp-content\/uploads\/sites\/2\/2024\/02\/413-anos-despues-diez-mujeres-reinterpretan-con-las-nuevas-tecnologias-un-bodegon-de-Clara-Peeters.jpg\" \/>\n\t<meta property=\"og:image:width\" content=\"1100\" \/>\n\t<meta property=\"og:image:height\" content=\"718\" \/>\n\t<meta property=\"og:image:type\" content=\"image\/jpeg\" \/>\n<meta name=\"author\" content=\"jpicos\" \/>\n<meta name=\"twitter:card\" content=\"summary_large_image\" \/>\n<meta name=\"twitter:label1\" content=\"Escrito por\" \/>\n\t<meta name=\"twitter:data1\" content=\"jpicos\" \/>\n\t<meta name=\"twitter:label2\" content=\"Tiempo de lectura\" \/>\n\t<meta name=\"twitter:data2\" content=\"4 minutos\" \/>\n<!-- \/ Yoast SEO plugin. -->","yoast_head_json":{"title":"413 a\u00f1os despu\u00e9s, diez mujeres reinterpretan con las nuevas tecnolog\u00edas un bodeg\u00f3n de Clara Peeters - Actualidad Nebrija","description":"Ocho alumnas y dos profesoras de la Universidad Nebrija versionan a los tiempos actuales un cuadro de Clara Peeters.","robots":{"index":"index","follow":"follow","max-snippet":"max-snippet:-1","max-image-preview":"max-image-preview:large","max-video-preview":"max-video-preview:-1"},"canonical":"https:\/\/www.nebrija.com\/medios\/actualidadnebrija\/2024\/02\/21\/413-anos-despues-diez-mujeres-reinterpretan-con-las-nuevas-tecnologias-un-bodegon-de-clara-peeters\/","og_locale":"es_ES","og_type":"article","og_title":"413 a\u00f1os despu\u00e9s, diez mujeres reinterpretan con las nuevas tecnolog\u00edas un bodeg\u00f3n de Clara Peeters - Actualidad Nebrija","og_description":"Ocho alumnas y dos profesoras de la Universidad Nebrija versionan a los tiempos actuales un cuadro de Clara Peeters.","og_url":"https:\/\/www.nebrija.com\/medios\/actualidadnebrija\/2024\/02\/21\/413-anos-despues-diez-mujeres-reinterpretan-con-las-nuevas-tecnologias-un-bodegon-de-clara-peeters\/","og_site_name":"Actualidad Nebrija","article_published_time":"2024-02-21T09:14:55+00:00","article_modified_time":"2024-04-02T09:15:16+00:00","og_image":[{"width":1100,"height":718,"url":"https:\/\/www.nebrija.com\/medios\/actualidadnebrija\/wp-content\/uploads\/sites\/2\/2024\/02\/413-anos-despues-diez-mujeres-reinterpretan-con-las-nuevas-tecnologias-un-bodegon-de-Clara-Peeters.jpg","type":"image\/jpeg"}],"author":"jpicos","twitter_card":"summary_large_image","twitter_misc":{"Escrito por":"jpicos","Tiempo de lectura":"4 minutos"},"schema":{"@context":"https:\/\/schema.org","@graph":[{"@type":"WebPage","@id":"https:\/\/www.nebrija.com\/medios\/actualidadnebrija\/2024\/02\/21\/413-anos-despues-diez-mujeres-reinterpretan-con-las-nuevas-tecnologias-un-bodegon-de-clara-peeters\/","url":"https:\/\/www.nebrija.com\/medios\/actualidadnebrija\/2024\/02\/21\/413-anos-despues-diez-mujeres-reinterpretan-con-las-nuevas-tecnologias-un-bodegon-de-clara-peeters\/","name":"413 a\u00f1os despu\u00e9s, diez mujeres reinterpretan con las nuevas tecnolog\u00edas un bodeg\u00f3n de Clara Peeters - Actualidad Nebrija","isPartOf":{"@id":"https:\/\/www.nebrija.com\/medios\/actualidadnebrija\/#website"},"datePublished":"2024-02-21T09:14:55+00:00","dateModified":"2024-04-02T09:15:16+00:00","author":{"@id":"https:\/\/www.nebrija.com\/medios\/actualidadnebrija\/#\/schema\/person\/0cd40b7dd3f54459e2cfc009dbd255c6"},"description":"Ocho alumnas y dos profesoras de la Universidad Nebrija versionan a los tiempos actuales un cuadro de Clara Peeters.","breadcrumb":{"@id":"https:\/\/www.nebrija.com\/medios\/actualidadnebrija\/2024\/02\/21\/413-anos-despues-diez-mujeres-reinterpretan-con-las-nuevas-tecnologias-un-bodegon-de-clara-peeters\/#breadcrumb"},"inLanguage":"es","potentialAction":[{"@type":"ReadAction","target":["https:\/\/www.nebrija.com\/medios\/actualidadnebrija\/2024\/02\/21\/413-anos-despues-diez-mujeres-reinterpretan-con-las-nuevas-tecnologias-un-bodegon-de-clara-peeters\/"]}]},{"@type":"BreadcrumbList","@id":"https:\/\/www.nebrija.com\/medios\/actualidadnebrija\/2024\/02\/21\/413-anos-despues-diez-mujeres-reinterpretan-con-las-nuevas-tecnologias-un-bodegon-de-clara-peeters\/#breadcrumb","itemListElement":[{"@type":"ListItem","position":1,"name":"Home","item":"https:\/\/www.nebrija.com\/medios\/actualidadnebrija\/"},{"@type":"ListItem","position":2,"name":"413 a\u00f1os despu\u00e9s, diez mujeres reinterpretan con las nuevas tecnolog\u00edas un bodeg\u00f3n de Clara Peeters"}]},{"@type":"WebSite","@id":"https:\/\/www.nebrija.com\/medios\/actualidadnebrija\/#website","url":"https:\/\/www.nebrija.com\/medios\/actualidadnebrija\/","name":"Actualidad Nebrija","description":"Noticias de la Universidad Nebrija","potentialAction":[{"@type":"SearchAction","target":{"@type":"EntryPoint","urlTemplate":"https:\/\/www.nebrija.com\/medios\/actualidadnebrija\/?s={search_term_string}"},"query-input":"required name=search_term_string"}],"inLanguage":"es"},{"@type":"Person","@id":"https:\/\/www.nebrija.com\/medios\/actualidadnebrija\/#\/schema\/person\/0cd40b7dd3f54459e2cfc009dbd255c6","name":"jpicos","image":{"@type":"ImageObject","inLanguage":"es","@id":"https:\/\/www.nebrija.com\/medios\/actualidadnebrija\/#\/schema\/person\/image\/","url":"https:\/\/secure.gravatar.com\/avatar\/c4a1005cff3fd9bb5185e9671f4f3e9b?s=96&d=mm&r=g","contentUrl":"https:\/\/secure.gravatar.com\/avatar\/c4a1005cff3fd9bb5185e9671f4f3e9b?s=96&d=mm&r=g","caption":"jpicos"},"url":"https:\/\/www.nebrija.com\/medios\/actualidadnebrija\/author\/jpicos\/"}]}},"_links":{"self":[{"href":"https:\/\/www.nebrija.com\/medios\/actualidadnebrija\/wp-json\/wp\/v2\/posts\/90918"}],"collection":[{"href":"https:\/\/www.nebrija.com\/medios\/actualidadnebrija\/wp-json\/wp\/v2\/posts"}],"about":[{"href":"https:\/\/www.nebrija.com\/medios\/actualidadnebrija\/wp-json\/wp\/v2\/types\/post"}],"author":[{"embeddable":true,"href":"https:\/\/www.nebrija.com\/medios\/actualidadnebrija\/wp-json\/wp\/v2\/users\/326"}],"replies":[{"embeddable":true,"href":"https:\/\/www.nebrija.com\/medios\/actualidadnebrija\/wp-json\/wp\/v2\/comments?post=90918"}],"version-history":[{"count":4,"href":"https:\/\/www.nebrija.com\/medios\/actualidadnebrija\/wp-json\/wp\/v2\/posts\/90918\/revisions"}],"predecessor-version":[{"id":91664,"href":"https:\/\/www.nebrija.com\/medios\/actualidadnebrija\/wp-json\/wp\/v2\/posts\/90918\/revisions\/91664"}],"wp:featuredmedia":[{"embeddable":true,"href":"https:\/\/www.nebrija.com\/medios\/actualidadnebrija\/wp-json\/wp\/v2\/media\/90919"}],"wp:attachment":[{"href":"https:\/\/www.nebrija.com\/medios\/actualidadnebrija\/wp-json\/wp\/v2\/media?parent=90918"}],"wp:term":[{"taxonomy":"category","embeddable":true,"href":"https:\/\/www.nebrija.com\/medios\/actualidadnebrija\/wp-json\/wp\/v2\/categories?post=90918"},{"taxonomy":"post_tag","embeddable":true,"href":"https:\/\/www.nebrija.com\/medios\/actualidadnebrija\/wp-json\/wp\/v2\/tags?post=90918"}],"curies":[{"name":"wp","href":"https:\/\/api.w.org\/{rel}","templated":true}]}}