{"id":91320,"date":"2024-03-14T13:36:54","date_gmt":"2024-03-14T12:36:54","guid":{"rendered":"https:\/\/www.nebrija.com\/medios\/actualidadnebrija\/?p=91320"},"modified":"2024-03-14T13:46:23","modified_gmt":"2024-03-14T12:46:23","slug":"la-exposicion-nebrija-el-orgullo-de-ser-gramatico-llega-a-filipinas","status":"publish","type":"post","link":"https:\/\/www.nebrija.com\/medios\/actualidadnebrija\/2024\/03\/14\/la-exposicion-nebrija-el-orgullo-de-ser-gramatico-llega-a-filipinas\/","title":{"rendered":"La exposici\u00f3n \u2018Nebrija, el orgullo de ser gram\u00e1tico\u2019 llega a Filipinas"},"content":{"rendered":"<p>La exposici\u00f3n <em>Nebrija, el orgullo de ser gram\u00e1tico<\/em> acaba de abrirse al p\u00fablico en el <a href=\"https:\/\/www.facebook.com\/InstitutoCervantesManila\" target=\"_blank\" rel=\"noopener\"><strong>Instituto Cervantes Manila<\/strong><\/a> (sede Intramuros) en Filipinas, donde permanecer\u00e1 hasta el 12 de junio.<\/p>\n<p>Inaugurada inicialmente en la <a href=\"https:\/\/www.bne.es\/es\/dossieres-boletines\/nebrija-orgullo-ser-gramatico\" target=\"_blank\" rel=\"noopener\"><strong>Biblioteca Nacional de Espa\u00f1a<\/strong><\/a> (BNE) en 2022, en el marco de actividades de los actos de conmemoraci\u00f3n del <a href=\"https:\/\/nebrija500.es\/\" target=\"_blank\" rel=\"noopener\"><strong>V Centenario de Antonio de Nebrija<\/strong><\/a>, la muestra se ha adaptado para el contexto filipino.<\/p>\n<p><img loading=\"lazy\" decoding=\"async\" class=\"alignnone size-full wp-image-91325\" src=\"https:\/\/www.nebrija.com\/medios\/actualidadnebrija\/wp-content\/uploads\/sites\/2\/2024\/03\/Expo-Nebrija-Filipinas.jpg\" alt=\"Expo Nebrija Filipinas\" width=\"2048\" height=\"1536\" \/><\/p>\n<p>El objetivo es poner de relieve el <a href=\"https:\/\/www.nebrija.com\/medios\/actualidadnebrija\/2022\/12\/01\/nebrija-el-orgullo-de-ser-gramatico-la-gran-exposicion-en-la-bne-que-culmina-el-v-centenario-de-antonio-de-nebrija\/\" target=\"_blank\" rel=\"noopener\"><strong>importante legado cultural<\/strong><\/a> de Nebrija y contextualizarlo dentro de la publicaci\u00f3n de las primeras gram\u00e1ticas de las lenguas vern\u00e1culas de Filipinas, obras directamente inspiradas por las ense\u00f1anzas del humanista espa\u00f1ol. Gracias a la influencia de Nebrija, lenguas como el tagalo, el ilocano y el bisaya gozaron de gram\u00e1ticas impresas antes que muchos idiomas europeos.<\/p>\n<p><img loading=\"lazy\" decoding=\"async\" class=\"alignnone size-full wp-image-91327\" src=\"https:\/\/www.nebrija.com\/medios\/actualidadnebrija\/wp-content\/uploads\/sites\/2\/2024\/03\/Nebrija-en-Filipinas.jpg\" alt=\"Nebrija en Filipinas\" width=\"2048\" height=\"1365\" \/><\/p>\n<p>La muestra est\u00e1 organizada en colaboraci\u00f3n con la Embajada de Espa\u00f1a en Filipinas, la <a href=\"https:\/\/www.fundacionnebrija.org\/\" target=\"_blank\" rel=\"noopener\"><strong>Fundaci\u00f3n Nebrija<\/strong><\/a>, la Biblioteca Nacional de Espa\u00f1a y la Universidad de Santo Tom\u00e1s (Manila).<\/p>\n<p><img loading=\"lazy\" decoding=\"async\" class=\"alignnone size-full wp-image-91328\" src=\"https:\/\/www.nebrija.com\/medios\/actualidadnebrija\/wp-content\/uploads\/sites\/2\/2024\/03\/Expo-Nebrija-Instituto-Cervantes-Filipinas.jpg\" alt=\"Expo Nebrija Instituto Cervantes Filipinas\" width=\"2048\" height=\"1365\" \/><img loading=\"lazy\" decoding=\"async\" class=\"alignnone size-full wp-image-91330\" src=\"https:\/\/www.nebrija.com\/medios\/actualidadnebrija\/wp-content\/uploads\/sites\/2\/2024\/03\/Nebrija-Filipinas.jpg\" alt=\"Nebrija Filipinas\" width=\"2048\" height=\"1365\" \/><\/p>\n<p>En su edici\u00f3n inicial en la BNE, la muestra, titulada <em>Nebrija (c. 1444-1522), el orgullo de ser gram\u00e1tico. \u00abGrammaticus nomen est professionis\u00bb, <\/em>permiti\u00f3 al p\u00fablico contemplar m\u00e1s de un centenar de obras procedentes de las colecciones de la Biblioteca Nacional junto a otras prestadas por una decena de instituciones espa\u00f1olas. Entre ellas se inclu\u00edan piezas muy valiosas, como el bello Breviario de Isabel la Cat\u00f3lica, ricamente decorado; los manuscritos caligrafiados por el propio Nebrija en sus tiempos de estudiante; o la primera edici\u00f3n de las famosas <em>Introductiones Latinae.<\/em><\/p>\n","protected":false},"excerpt":{"rendered":"<p>La muestra, inaugurada originalmente en el BNE en 2022 con motivo del V Centenario de Antonio de Nebrija, se ha adaptado al contexto filipino y podr\u00e1 verse hasta el 12 de junio.<\/p>\n","protected":false},"author":1182,"featured_media":91326,"comment_status":"open","ping_status":"open","sticky":false,"template":"","format":"standard","meta":{"_acf_changed":false,"_monsterinsights_skip_tracking":false,"_monsterinsights_sitenote_active":false,"_monsterinsights_sitenote_note":"","_monsterinsights_sitenote_category":0,"footnotes":""},"categories":[4776],"tags":[5247,3124,3280,5714,4787,5715,4470],"acf":[],"yoast_head":"<!-- This site is optimized with the Yoast SEO plugin v22.1 - https:\/\/yoast.com\/wordpress\/plugins\/seo\/ -->\n<title>La exposici\u00f3n \u2018Nebrija, el orgullo de ser gram\u00e1tico\u2019 llega a Filipinas - Actualidad Nebrija<\/title>\n<meta name=\"description\" content=\"La exposici\u00f3n \u2018Nebrija, el orgullo de ser gram\u00e1tico\u2019 acaba de abrirse al p\u00fablico en el Instituto Cervantes Manila en Filipinas.\" \/>\n<meta name=\"robots\" content=\"index, follow, max-snippet:-1, max-image-preview:large, max-video-preview:-1\" \/>\n<link rel=\"canonical\" href=\"https:\/\/www.nebrija.com\/medios\/actualidadnebrija\/2024\/03\/14\/la-exposicion-nebrija-el-orgullo-de-ser-gramatico-llega-a-filipinas\/\" \/>\n<meta property=\"og:locale\" content=\"es_ES\" \/>\n<meta property=\"og:type\" content=\"article\" \/>\n<meta property=\"og:title\" content=\"La exposici\u00f3n \u2018Nebrija, el orgullo de ser gram\u00e1tico\u2019 llega a Filipinas - Actualidad Nebrija\" \/>\n<meta property=\"og:description\" content=\"La exposici\u00f3n \u2018Nebrija, el orgullo de ser gram\u00e1tico\u2019 acaba de abrirse al p\u00fablico en el Instituto Cervantes Manila en Filipinas.\" \/>\n<meta property=\"og:url\" content=\"https:\/\/www.nebrija.com\/medios\/actualidadnebrija\/2024\/03\/14\/la-exposicion-nebrija-el-orgullo-de-ser-gramatico-llega-a-filipinas\/\" \/>\n<meta property=\"og:site_name\" content=\"Actualidad Nebrija\" \/>\n<meta property=\"article:published_time\" content=\"2024-03-14T12:36:54+00:00\" \/>\n<meta property=\"article:modified_time\" content=\"2024-03-14T12:46:23+00:00\" \/>\n<meta property=\"og:image\" content=\"https:\/\/www.nebrija.com\/medios\/actualidadnebrija\/wp-content\/uploads\/sites\/2\/2024\/03\/La-exposicion-\u2018Nebrija-el-orgullo-de-ser-gramatico-llega-a-Filipinas.jpg\" \/>\n\t<meta property=\"og:image:width\" content=\"2048\" \/>\n\t<meta property=\"og:image:height\" content=\"1536\" \/>\n\t<meta property=\"og:image:type\" content=\"image\/jpeg\" \/>\n<meta name=\"author\" content=\"mcamposd\" \/>\n<meta name=\"twitter:card\" content=\"summary_large_image\" \/>\n<meta name=\"twitter:label1\" content=\"Escrito por\" \/>\n\t<meta name=\"twitter:data1\" content=\"mcamposd\" \/>\n\t<meta name=\"twitter:label2\" content=\"Tiempo de lectura\" \/>\n\t<meta name=\"twitter:data2\" content=\"3 minutos\" \/>\n<!-- \/ Yoast SEO plugin. -->","yoast_head_json":{"title":"La exposici\u00f3n \u2018Nebrija, el orgullo de ser gram\u00e1tico\u2019 llega a Filipinas - Actualidad Nebrija","description":"La exposici\u00f3n \u2018Nebrija, el orgullo de ser gram\u00e1tico\u2019 acaba de abrirse al p\u00fablico en el Instituto Cervantes Manila en Filipinas.","robots":{"index":"index","follow":"follow","max-snippet":"max-snippet:-1","max-image-preview":"max-image-preview:large","max-video-preview":"max-video-preview:-1"},"canonical":"https:\/\/www.nebrija.com\/medios\/actualidadnebrija\/2024\/03\/14\/la-exposicion-nebrija-el-orgullo-de-ser-gramatico-llega-a-filipinas\/","og_locale":"es_ES","og_type":"article","og_title":"La exposici\u00f3n \u2018Nebrija, el orgullo de ser gram\u00e1tico\u2019 llega a Filipinas - Actualidad Nebrija","og_description":"La exposici\u00f3n \u2018Nebrija, el orgullo de ser gram\u00e1tico\u2019 acaba de abrirse al p\u00fablico en el Instituto Cervantes Manila en Filipinas.","og_url":"https:\/\/www.nebrija.com\/medios\/actualidadnebrija\/2024\/03\/14\/la-exposicion-nebrija-el-orgullo-de-ser-gramatico-llega-a-filipinas\/","og_site_name":"Actualidad Nebrija","article_published_time":"2024-03-14T12:36:54+00:00","article_modified_time":"2024-03-14T12:46:23+00:00","og_image":[{"width":2048,"height":1536,"url":"https:\/\/www.nebrija.com\/medios\/actualidadnebrija\/wp-content\/uploads\/sites\/2\/2024\/03\/La-exposicion-\u2018Nebrija-el-orgullo-de-ser-gramatico-llega-a-Filipinas.jpg","type":"image\/jpeg"}],"author":"mcamposd","twitter_card":"summary_large_image","twitter_misc":{"Escrito por":"mcamposd","Tiempo de lectura":"3 minutos"},"schema":{"@context":"https:\/\/schema.org","@graph":[{"@type":"WebPage","@id":"https:\/\/www.nebrija.com\/medios\/actualidadnebrija\/2024\/03\/14\/la-exposicion-nebrija-el-orgullo-de-ser-gramatico-llega-a-filipinas\/","url":"https:\/\/www.nebrija.com\/medios\/actualidadnebrija\/2024\/03\/14\/la-exposicion-nebrija-el-orgullo-de-ser-gramatico-llega-a-filipinas\/","name":"La exposici\u00f3n \u2018Nebrija, el orgullo de ser gram\u00e1tico\u2019 llega a Filipinas - Actualidad Nebrija","isPartOf":{"@id":"https:\/\/www.nebrija.com\/medios\/actualidadnebrija\/#website"},"datePublished":"2024-03-14T12:36:54+00:00","dateModified":"2024-03-14T12:46:23+00:00","author":{"@id":"https:\/\/www.nebrija.com\/medios\/actualidadnebrija\/#\/schema\/person\/205582e65069359d9f07d260f6d48a9c"},"description":"La exposici\u00f3n \u2018Nebrija, el orgullo de ser gram\u00e1tico\u2019 acaba de abrirse al p\u00fablico en el Instituto Cervantes Manila en Filipinas.","breadcrumb":{"@id":"https:\/\/www.nebrija.com\/medios\/actualidadnebrija\/2024\/03\/14\/la-exposicion-nebrija-el-orgullo-de-ser-gramatico-llega-a-filipinas\/#breadcrumb"},"inLanguage":"es","potentialAction":[{"@type":"ReadAction","target":["https:\/\/www.nebrija.com\/medios\/actualidadnebrija\/2024\/03\/14\/la-exposicion-nebrija-el-orgullo-de-ser-gramatico-llega-a-filipinas\/"]}]},{"@type":"BreadcrumbList","@id":"https:\/\/www.nebrija.com\/medios\/actualidadnebrija\/2024\/03\/14\/la-exposicion-nebrija-el-orgullo-de-ser-gramatico-llega-a-filipinas\/#breadcrumb","itemListElement":[{"@type":"ListItem","position":1,"name":"Home","item":"https:\/\/www.nebrija.com\/medios\/actualidadnebrija\/"},{"@type":"ListItem","position":2,"name":"La exposici\u00f3n \u2018Nebrija, el orgullo de ser gram\u00e1tico\u2019 llega a Filipinas"}]},{"@type":"WebSite","@id":"https:\/\/www.nebrija.com\/medios\/actualidadnebrija\/#website","url":"https:\/\/www.nebrija.com\/medios\/actualidadnebrija\/","name":"Actualidad Nebrija","description":"Noticias de la Universidad Nebrija","potentialAction":[{"@type":"SearchAction","target":{"@type":"EntryPoint","urlTemplate":"https:\/\/www.nebrija.com\/medios\/actualidadnebrija\/?s={search_term_string}"},"query-input":"required name=search_term_string"}],"inLanguage":"es"},{"@type":"Person","@id":"https:\/\/www.nebrija.com\/medios\/actualidadnebrija\/#\/schema\/person\/205582e65069359d9f07d260f6d48a9c","name":"mcamposd","image":{"@type":"ImageObject","inLanguage":"es","@id":"https:\/\/www.nebrija.com\/medios\/actualidadnebrija\/#\/schema\/person\/image\/","url":"https:\/\/secure.gravatar.com\/avatar\/d0592be503e718fe4bc82c9a3b03724e?s=96&d=mm&r=g","contentUrl":"https:\/\/secure.gravatar.com\/avatar\/d0592be503e718fe4bc82c9a3b03724e?s=96&d=mm&r=g","caption":"mcamposd"},"url":"https:\/\/www.nebrija.com\/medios\/actualidadnebrija\/author\/mcamposd\/"}]}},"_links":{"self":[{"href":"https:\/\/www.nebrija.com\/medios\/actualidadnebrija\/wp-json\/wp\/v2\/posts\/91320"}],"collection":[{"href":"https:\/\/www.nebrija.com\/medios\/actualidadnebrija\/wp-json\/wp\/v2\/posts"}],"about":[{"href":"https:\/\/www.nebrija.com\/medios\/actualidadnebrija\/wp-json\/wp\/v2\/types\/post"}],"author":[{"embeddable":true,"href":"https:\/\/www.nebrija.com\/medios\/actualidadnebrija\/wp-json\/wp\/v2\/users\/1182"}],"replies":[{"embeddable":true,"href":"https:\/\/www.nebrija.com\/medios\/actualidadnebrija\/wp-json\/wp\/v2\/comments?post=91320"}],"version-history":[{"count":5,"href":"https:\/\/www.nebrija.com\/medios\/actualidadnebrija\/wp-json\/wp\/v2\/posts\/91320\/revisions"}],"predecessor-version":[{"id":91339,"href":"https:\/\/www.nebrija.com\/medios\/actualidadnebrija\/wp-json\/wp\/v2\/posts\/91320\/revisions\/91339"}],"wp:featuredmedia":[{"embeddable":true,"href":"https:\/\/www.nebrija.com\/medios\/actualidadnebrija\/wp-json\/wp\/v2\/media\/91326"}],"wp:attachment":[{"href":"https:\/\/www.nebrija.com\/medios\/actualidadnebrija\/wp-json\/wp\/v2\/media?parent=91320"}],"wp:term":[{"taxonomy":"category","embeddable":true,"href":"https:\/\/www.nebrija.com\/medios\/actualidadnebrija\/wp-json\/wp\/v2\/categories?post=91320"},{"taxonomy":"post_tag","embeddable":true,"href":"https:\/\/www.nebrija.com\/medios\/actualidadnebrija\/wp-json\/wp\/v2\/tags?post=91320"}],"curies":[{"name":"wp","href":"https:\/\/api.w.org\/{rel}","templated":true}]}}