{"id":92546,"date":"2024-05-09T09:52:51","date_gmt":"2024-05-09T07:52:51","guid":{"rendered":"https:\/\/www.nebrija.com\/medios\/actualidadnebrija\/?p=92546"},"modified":"2024-05-09T09:55:32","modified_gmt":"2024-05-09T07:55:32","slug":"nebrija-colabora-con-un-laboratorio-del-inta-para-perfeccionar-el-calibrador-de-calibradores","status":"publish","type":"post","link":"https:\/\/www.nebrija.com\/medios\/actualidadnebrija\/2024\/05\/09\/nebrija-colabora-con-un-laboratorio-del-inta-para-perfeccionar-el-calibrador-de-calibradores\/","title":{"rendered":"Nebrija colabora con un laboratorio del INTA para perfeccionar el calibrador de calibradores"},"content":{"rendered":"<p>La Escuela de Ingenieros de la <a href=\"https:\/\/www.nebrija.com\/la_universidad\/facultades\/escuela-politecnica-superior-arquitectura\/\" target=\"_blank\" rel=\"noopener\">Polit\u00e9cnica Nebrija<\/a>, a trav\u00e9s de su <a href=\"https:\/\/www.nebrija.com\/investigacion-universidad\/grupos\/grupo-vehiculos.php\" target=\"_blank\" rel=\"noopener\">Grupo de Investigaci\u00f3n en Ingenier\u00eda de Veh\u00edculos (GREEN)<\/a> y de la <a href=\"https:\/\/www.nebrija.com\/catedras\/catedra-recuperacion-energia-transporte-superficie\/\" target=\"_blank\" rel=\"noopener\">C\u00e1tedra Nebrija-Santander en Recuperaci\u00f3n de Energ\u00eda en el Transporte de Superficie<\/a>, han conseguido, en licitaci\u00f3n p\u00fablica, la adjudicaci\u00f3n de un importante proyecto para la mejora de un calibrador de calibradores, en colaboraci\u00f3n con el <a href=\"https:\/\/www.inta.es\/INTA\/es\/donde-estamos\/Centro_1488873518880\" target=\"_blank\" rel=\"noopener\">Laboratorio de Ingenieros del Ej\u00e9rcito &#8220;General Marv\u00e1&#8221; (LABINGE)<\/a>, que forma parte del Instituto Nacional de T\u00e9cnica Aeroespacial (INTA). La actuaci\u00f3n inicia un proceso de largo recorrido para la actualizaci\u00f3n y mejora de prestaciones del complejo sistema de ensayo que da servicio a los m\u00e1s avanzados centros de calibraci\u00f3n nacionales e internacionales.<\/p>\n<p>En concreto, el calibrador en el que trabaja la Universidad Nebrija es muy relevante, porque permite que otras empresas calibren sus sensores de fuerza (c\u00e9lulas de carga) que se utilizan despu\u00e9s para verificar sistemas de ensayos, m\u00e1quinas, estructuras de trenes. Su aplicaci\u00f3n es general para toda la industria.<\/p>\n<p>\u201cEste instrumento tiene dos plantas hacia abajo y permite calibrar sistemas hasta 1000 toneladas de peso, lo que es much\u00edsimo. No obstante, debido a la \u00e9poca y la forma en la que fue fabricado, solo permite calibrar un sensor al d\u00eda, lo que limita mucho su productividad\u201d, explica el profesor Francisco Badea, del grupo GREEN.<\/p>\n<p>El proyecto del calibrador que ha conseguido en licitaci\u00f3n p\u00fablica el grupo de investigaci\u00f3n GREEN de la Universidad Nebrija revisar\u00e1 y actualizar\u00e1 tanto el <em>software<\/em> como el <em>hardware<\/em> actual, prestando especial atenci\u00f3n a la fiabilidad y la seguridad de los datos, as\u00ed como al incremento de velocidad de los ensayos que permitir\u00e1 acelerar los servicios prestados.<\/p>\n<p><img loading=\"lazy\" decoding=\"async\" class=\"alignnone size-full wp-image-92549\" src=\"https:\/\/www.nebrija.com\/medios\/actualidadnebrija\/wp-content\/uploads\/sites\/2\/2024\/05\/proyecto-calibrador.jpg\" alt=\"proyecto calibrador\" width=\"1100\" height=\"734\" \/><\/p>\n<h2>Un proyecto de mejora<\/h2>\n<p>Adem\u00e1s de llevar a cabo el desarrollo del <em>software<\/em> correspondiente y su instalaci\u00f3n en equipos de \u00faltima generaci\u00f3n, la actuaci\u00f3n contempla la transferencia del conocimiento adquirido y de los desarrollos implementados al personal del centro para dotarlo de autonom\u00eda para resoluci\u00f3n de problemas y futuras mejoras.<\/p>\n<p>Este proyecto cuenta con la colaboraci\u00f3n de diferentes \u00e1reas de la Universidad de Nebrija y aunar\u00e1 esfuerzos de profesores, investigadores y alumnos.<\/p>\n<p>El equipo est\u00e1 ya identificando futuras mejoras, apuntadas por el equipo de LABINGE, que permitan reducir las manipulaciones necesarias en los equipos a lo largo del dilatado proceso actual de calibraci\u00f3n mediante su automatizaci\u00f3n, incorporando mecanismos espec\u00edficos, sensores y automatizaci\u00f3n.<\/p>\n<p>El objetivo \u00faltimo del equipo mixto LABINGE-NEBRIJA es la total automatizaci\u00f3n del actual proceso de calibraci\u00f3n que permita a este prestigioso laboratorio ampliar su oferta y reducir sus costes.<\/p>\n<p><img loading=\"lazy\" decoding=\"async\" class=\"alignnone size-full wp-image-92547\" src=\"https:\/\/www.nebrija.com\/medios\/actualidadnebrija\/wp-content\/uploads\/sites\/2\/2024\/05\/calibrador.jpg\" alt=\"calibrador\" width=\"1067\" height=\"1600\" \/><\/p>\n<p>&nbsp;<\/p>\n<p>&nbsp;<\/p>\n","protected":false},"excerpt":{"rendered":"<p>El proyecto se centra en la mejora de este instrumento de medici\u00f3n que permite calibrar sensores de fuerza en todo tipo de maquinarias.<\/p>\n","protected":false},"author":1182,"featured_media":92548,"comment_status":"open","ping_status":"open","sticky":false,"template":"","format":"standard","meta":{"_acf_changed":false,"_monsterinsights_skip_tracking":false,"_monsterinsights_sitenote_active":false,"_monsterinsights_sitenote_note":"","_monsterinsights_sitenote_category":0,"footnotes":""},"categories":[3,3053],"tags":[4367],"acf":[],"yoast_head":"<!-- This site is optimized with the Yoast SEO plugin v22.1 - https:\/\/yoast.com\/wordpress\/plugins\/seo\/ -->\n<title>Nebrija colabora con un laboratorio del INTA para perfeccionar el calibrador de calibradores - Actualidad Nebrija<\/title>\n<meta name=\"description\" content=\"La Universidad Nebrija logra un proyecto de con un laboratorio del INTA para perfeccionar el calibrador de calibradores de uso industrial.\" \/>\n<meta name=\"robots\" content=\"index, follow, max-snippet:-1, max-image-preview:large, max-video-preview:-1\" \/>\n<link rel=\"canonical\" href=\"https:\/\/www.nebrija.com\/medios\/actualidadnebrija\/2024\/05\/09\/nebrija-colabora-con-un-laboratorio-del-inta-para-perfeccionar-el-calibrador-de-calibradores\/\" \/>\n<meta property=\"og:locale\" content=\"es_ES\" \/>\n<meta property=\"og:type\" content=\"article\" \/>\n<meta property=\"og:title\" content=\"Nebrija colabora con un laboratorio del INTA para perfeccionar el calibrador de calibradores - Actualidad Nebrija\" \/>\n<meta property=\"og:description\" content=\"La Universidad Nebrija logra un proyecto de con un laboratorio del INTA para perfeccionar el calibrador de calibradores de uso industrial.\" \/>\n<meta property=\"og:url\" content=\"https:\/\/www.nebrija.com\/medios\/actualidadnebrija\/2024\/05\/09\/nebrija-colabora-con-un-laboratorio-del-inta-para-perfeccionar-el-calibrador-de-calibradores\/\" \/>\n<meta property=\"og:site_name\" content=\"Actualidad Nebrija\" \/>\n<meta property=\"article:published_time\" content=\"2024-05-09T07:52:51+00:00\" \/>\n<meta property=\"article:modified_time\" content=\"2024-05-09T07:55:32+00:00\" \/>\n<meta property=\"og:image\" content=\"https:\/\/www.nebrija.com\/medios\/actualidadnebrija\/wp-content\/uploads\/sites\/2\/2024\/05\/Nebrija-colabora-con-un-laboratorio-del-INTA-para-perfeccionar-el-calibrador-de-calibradores.jpg\" \/>\n\t<meta property=\"og:image:width\" content=\"1100\" \/>\n\t<meta property=\"og:image:height\" content=\"734\" \/>\n\t<meta property=\"og:image:type\" content=\"image\/jpeg\" \/>\n<meta name=\"author\" content=\"mcamposd\" \/>\n<meta name=\"twitter:card\" content=\"summary_large_image\" \/>\n<meta name=\"twitter:label1\" content=\"Escrito por\" \/>\n\t<meta name=\"twitter:data1\" content=\"mcamposd\" \/>\n\t<meta name=\"twitter:label2\" content=\"Tiempo de lectura\" \/>\n\t<meta name=\"twitter:data2\" content=\"3 minutos\" \/>\n<!-- \/ Yoast SEO plugin. -->","yoast_head_json":{"title":"Nebrija colabora con un laboratorio del INTA para perfeccionar el calibrador de calibradores - Actualidad Nebrija","description":"La Universidad Nebrija logra un proyecto de con un laboratorio del INTA para perfeccionar el calibrador de calibradores de uso industrial.","robots":{"index":"index","follow":"follow","max-snippet":"max-snippet:-1","max-image-preview":"max-image-preview:large","max-video-preview":"max-video-preview:-1"},"canonical":"https:\/\/www.nebrija.com\/medios\/actualidadnebrija\/2024\/05\/09\/nebrija-colabora-con-un-laboratorio-del-inta-para-perfeccionar-el-calibrador-de-calibradores\/","og_locale":"es_ES","og_type":"article","og_title":"Nebrija colabora con un laboratorio del INTA para perfeccionar el calibrador de calibradores - Actualidad Nebrija","og_description":"La Universidad Nebrija logra un proyecto de con un laboratorio del INTA para perfeccionar el calibrador de calibradores de uso industrial.","og_url":"https:\/\/www.nebrija.com\/medios\/actualidadnebrija\/2024\/05\/09\/nebrija-colabora-con-un-laboratorio-del-inta-para-perfeccionar-el-calibrador-de-calibradores\/","og_site_name":"Actualidad Nebrija","article_published_time":"2024-05-09T07:52:51+00:00","article_modified_time":"2024-05-09T07:55:32+00:00","og_image":[{"width":1100,"height":734,"url":"https:\/\/www.nebrija.com\/medios\/actualidadnebrija\/wp-content\/uploads\/sites\/2\/2024\/05\/Nebrija-colabora-con-un-laboratorio-del-INTA-para-perfeccionar-el-calibrador-de-calibradores.jpg","type":"image\/jpeg"}],"author":"mcamposd","twitter_card":"summary_large_image","twitter_misc":{"Escrito por":"mcamposd","Tiempo de lectura":"3 minutos"},"schema":{"@context":"https:\/\/schema.org","@graph":[{"@type":"WebPage","@id":"https:\/\/www.nebrija.com\/medios\/actualidadnebrija\/2024\/05\/09\/nebrija-colabora-con-un-laboratorio-del-inta-para-perfeccionar-el-calibrador-de-calibradores\/","url":"https:\/\/www.nebrija.com\/medios\/actualidadnebrija\/2024\/05\/09\/nebrija-colabora-con-un-laboratorio-del-inta-para-perfeccionar-el-calibrador-de-calibradores\/","name":"Nebrija colabora con un laboratorio del INTA para perfeccionar el calibrador de calibradores - Actualidad Nebrija","isPartOf":{"@id":"https:\/\/www.nebrija.com\/medios\/actualidadnebrija\/#website"},"datePublished":"2024-05-09T07:52:51+00:00","dateModified":"2024-05-09T07:55:32+00:00","author":{"@id":"https:\/\/www.nebrija.com\/medios\/actualidadnebrija\/#\/schema\/person\/205582e65069359d9f07d260f6d48a9c"},"description":"La Universidad Nebrija logra un proyecto de con un laboratorio del INTA para perfeccionar el calibrador de calibradores de uso industrial.","breadcrumb":{"@id":"https:\/\/www.nebrija.com\/medios\/actualidadnebrija\/2024\/05\/09\/nebrija-colabora-con-un-laboratorio-del-inta-para-perfeccionar-el-calibrador-de-calibradores\/#breadcrumb"},"inLanguage":"es","potentialAction":[{"@type":"ReadAction","target":["https:\/\/www.nebrija.com\/medios\/actualidadnebrija\/2024\/05\/09\/nebrija-colabora-con-un-laboratorio-del-inta-para-perfeccionar-el-calibrador-de-calibradores\/"]}]},{"@type":"BreadcrumbList","@id":"https:\/\/www.nebrija.com\/medios\/actualidadnebrija\/2024\/05\/09\/nebrija-colabora-con-un-laboratorio-del-inta-para-perfeccionar-el-calibrador-de-calibradores\/#breadcrumb","itemListElement":[{"@type":"ListItem","position":1,"name":"Home","item":"https:\/\/www.nebrija.com\/medios\/actualidadnebrija\/"},{"@type":"ListItem","position":2,"name":"Nebrija colabora con un laboratorio del INTA para perfeccionar el calibrador de calibradores"}]},{"@type":"WebSite","@id":"https:\/\/www.nebrija.com\/medios\/actualidadnebrija\/#website","url":"https:\/\/www.nebrija.com\/medios\/actualidadnebrija\/","name":"Actualidad Nebrija","description":"Noticias de la Universidad Nebrija","potentialAction":[{"@type":"SearchAction","target":{"@type":"EntryPoint","urlTemplate":"https:\/\/www.nebrija.com\/medios\/actualidadnebrija\/?s={search_term_string}"},"query-input":"required name=search_term_string"}],"inLanguage":"es"},{"@type":"Person","@id":"https:\/\/www.nebrija.com\/medios\/actualidadnebrija\/#\/schema\/person\/205582e65069359d9f07d260f6d48a9c","name":"mcamposd","image":{"@type":"ImageObject","inLanguage":"es","@id":"https:\/\/www.nebrija.com\/medios\/actualidadnebrija\/#\/schema\/person\/image\/","url":"https:\/\/secure.gravatar.com\/avatar\/d0592be503e718fe4bc82c9a3b03724e?s=96&d=mm&r=g","contentUrl":"https:\/\/secure.gravatar.com\/avatar\/d0592be503e718fe4bc82c9a3b03724e?s=96&d=mm&r=g","caption":"mcamposd"},"url":"https:\/\/www.nebrija.com\/medios\/actualidadnebrija\/author\/mcamposd\/"}]}},"_links":{"self":[{"href":"https:\/\/www.nebrija.com\/medios\/actualidadnebrija\/wp-json\/wp\/v2\/posts\/92546"}],"collection":[{"href":"https:\/\/www.nebrija.com\/medios\/actualidadnebrija\/wp-json\/wp\/v2\/posts"}],"about":[{"href":"https:\/\/www.nebrija.com\/medios\/actualidadnebrija\/wp-json\/wp\/v2\/types\/post"}],"author":[{"embeddable":true,"href":"https:\/\/www.nebrija.com\/medios\/actualidadnebrija\/wp-json\/wp\/v2\/users\/1182"}],"replies":[{"embeddable":true,"href":"https:\/\/www.nebrija.com\/medios\/actualidadnebrija\/wp-json\/wp\/v2\/comments?post=92546"}],"version-history":[{"count":5,"href":"https:\/\/www.nebrija.com\/medios\/actualidadnebrija\/wp-json\/wp\/v2\/posts\/92546\/revisions"}],"predecessor-version":[{"id":92554,"href":"https:\/\/www.nebrija.com\/medios\/actualidadnebrija\/wp-json\/wp\/v2\/posts\/92546\/revisions\/92554"}],"wp:featuredmedia":[{"embeddable":true,"href":"https:\/\/www.nebrija.com\/medios\/actualidadnebrija\/wp-json\/wp\/v2\/media\/92548"}],"wp:attachment":[{"href":"https:\/\/www.nebrija.com\/medios\/actualidadnebrija\/wp-json\/wp\/v2\/media?parent=92546"}],"wp:term":[{"taxonomy":"category","embeddable":true,"href":"https:\/\/www.nebrija.com\/medios\/actualidadnebrija\/wp-json\/wp\/v2\/categories?post=92546"},{"taxonomy":"post_tag","embeddable":true,"href":"https:\/\/www.nebrija.com\/medios\/actualidadnebrija\/wp-json\/wp\/v2\/tags?post=92546"}],"curies":[{"name":"wp","href":"https:\/\/api.w.org\/{rel}","templated":true}]}}