{"id":92619,"date":"2024-05-17T10:13:38","date_gmt":"2024-05-17T08:13:38","guid":{"rendered":"https:\/\/www.nebrija.com\/medios\/actualidadnebrija\/?p=92619"},"modified":"2024-05-17T10:13:38","modified_gmt":"2024-05-17T08:13:38","slug":"viaje-a-asturias-2024-un-proyecto-interclub","status":"publish","type":"post","link":"https:\/\/www.nebrija.com\/medios\/actualidadnebrija\/2024\/05\/17\/viaje-a-asturias-2024-un-proyecto-interclub\/","title":{"rendered":"Viaje a Asturias 2024: un proyecto interclub"},"content":{"rendered":"<p>Casi 50 estudiantes han disfrutado de la espectacular naturaleza de Picos de Europa, sus pueblos y el m\u00edtico descenso del Sella en piragua.<\/p>\n<p>La Universidad Nebrija ha celebrado el tradicional viaje a Asturias que organiza todos los a\u00f1os, coordinado por el Club de Viajes, Naturaleza y Aventura, y el Club de Deportes. En esta ocasi\u00f3n ha tenido lugar del 10 al 12 de mayo de 2024.<\/p>\n<p>Con toda la energ\u00eda y las ganas de disfrutar, el viernes 10 de mayo a las 12h parti\u00f3 desde Moncloa un autob\u00fas lleno de estudiantes de distintos clubes, alumnos internacionales y de los equipos del f\u00fatbol-sala masculino y femenino de la Universidad, rumbo al norte de Espa\u00f1a para alternar actividades de tipo cultural y en la naturaleza, en el entorno del Parque Nacional de Picos de Europa.<\/p>\n<p>El primer d\u00eda visitaron el Santuario de la Virgen de Covadonga, paseando por el entorno del lugar en donde descansan los restos de Don Pelayo, visitando la espectacular bas\u00edlica de Santa Mar\u00eda la Real de Covadonga, la Santa Cueva y la cascada que genera el r\u00edo Deva. Tras esta visita, los estudiantes se dirigieron a la localidad de Cangas de On\u00eds, donde pasar\u00edan esta primera noche.<\/p>\n<p>La jornada del s\u00e1bado se destin\u00f3 a realizar una ruta costera de senderismo entre la Playa de \u00d1ora y Gij\u00f3n de 10 kil\u00f3metros de distancia, recorriendo playas y acantilados, para terminar con una visita al casco hist\u00f3rico y playas de esta ciudad as\u00ed como disfrutar de su gastronom\u00eda. El viaje devolvi\u00f3 a nuestros estudiantes al precioso pueblo de Cangas de On\u00eds, visitando sus hist\u00f3ricas y se\u00f1oriales casas de indianos, sus calles m\u00e1s antiguas, como la de Don Pelayo y Mercado, y, por supuesto, el famoso Puente Romano de Cangas sobre el r\u00edo Sella.<\/p>\n<p>La \u00faltima y tercera jornada del domingo estuvo destinada a hacer el descenso del Sella en piragua. Con salida desde la poblaci\u00f3n de Arriondas, iniciaron un recorrido de 8 kil\u00f3metros entre esta localidad y Tora\u00f1o.<\/p>\n<p>En parejas, los participantes pudieron comprobar lo apasionante de este deporte acu\u00e1tico en un entorno privilegiado y emblem\u00e1tico. Este descenso lo realizan pirag\u00fcistas de todo el mundo en agosto desde hace d\u00e9cadas.<\/p>\n<p>Concluida la actividad, los estudiantes pusieron rumbo a Madrid.<\/p>\n<p>M\u00e1s informaci\u00f3n: Club de Viajes, Naturaleza y Aventura \u2013\u00a0<a href=\"mailto:clubaventura@nebrija.es\">clubaventura@nebrija.es<\/a><\/p>\n<p>Pr\u00f3ximas actividades del Club de Aventura: ruta nocturna por Casa de Campo \u2013 17 de mayo de 2024<\/p>\n<p>Facebook: Nebrija Sports \u2013 Twitter: @NebrijaSports<\/p>\n\n\t\t<style type=\"text\/css\">\n\t\t\t#gallery-1 {\n\t\t\t\tmargin: auto;\n\t\t\t}\n\t\t\t#gallery-1 .gallery-item {\n\t\t\t\tfloat: left;\n\t\t\t\tmargin-top: 10px;\n\t\t\t\ttext-align: center;\n\t\t\t\twidth: 33%;\n\t\t\t}\n\t\t\t#gallery-1 img {\n\t\t\t\tborder: 2px solid #cfcfcf;\n\t\t\t}\n\t\t\t#gallery-1 .gallery-caption {\n\t\t\t\tmargin-left: 0;\n\t\t\t}\n\t\t\t\/* see gallery_shortcode() in wp-includes\/media.php *\/\n\t\t<\/style>\n\t\t<div id='gallery-1' class='gallery galleryid-92619 gallery-columns-3 gallery-size-thumbnail'><dl class='gallery-item'>\n\t\t\t<dt class='gallery-icon landscape'>\n\t\t\t\t<a href='https:\/\/www.nebrija.com\/medios\/actualidadnebrija\/wp-content\/uploads\/sites\/2\/2024\/05\/Asturias-2024-Nebrija-1-e1757336134906.jpeg'><img loading=\"lazy\" decoding=\"async\" width=\"150\" height=\"113\" src=\"https:\/\/www.nebrija.com\/medios\/actualidadnebrija\/wp-content\/uploads\/sites\/2\/2024\/05\/Asturias-2024-Nebrija-1-150x113.jpeg\" class=\"attachment-thumbnail size-thumbnail\" alt=\"\" \/><\/a>\n\t\t\t<\/dt><\/dl><dl class='gallery-item'>\n\t\t\t<dt class='gallery-icon landscape'>\n\t\t\t\t<a href='https:\/\/www.nebrija.com\/medios\/actualidadnebrija\/wp-content\/uploads\/sites\/2\/2024\/05\/Asturias-2024-Nebrija-1.jpg'><img loading=\"lazy\" decoding=\"async\" width=\"150\" height=\"69\" src=\"https:\/\/www.nebrija.com\/medios\/actualidadnebrija\/wp-content\/uploads\/sites\/2\/2024\/05\/Asturias-2024-Nebrija-1-150x69.jpg\" class=\"attachment-thumbnail size-thumbnail\" alt=\"\" \/><\/a>\n\t\t\t<\/dt><\/dl><dl class='gallery-item'>\n\t\t\t<dt class='gallery-icon landscape'>\n\t\t\t\t<a href='https:\/\/www.nebrija.com\/medios\/actualidadnebrija\/wp-content\/uploads\/sites\/2\/2024\/05\/Asturias-2024-Nebrija-2-e1753956162794.jpeg'><img loading=\"lazy\" decoding=\"async\" width=\"150\" height=\"113\" src=\"https:\/\/www.nebrija.com\/medios\/actualidadnebrija\/wp-content\/uploads\/sites\/2\/2024\/05\/Asturias-2024-Nebrija-2-150x113.jpeg\" class=\"attachment-thumbnail size-thumbnail\" alt=\"\" \/><\/a>\n\t\t\t<\/dt><\/dl><br style=\"clear: both\" \/><dl class='gallery-item'>\n\t\t\t<dt class='gallery-icon landscape'>\n\t\t\t\t<a href='https:\/\/www.nebrija.com\/medios\/actualidadnebrija\/wp-content\/uploads\/sites\/2\/2024\/05\/Asturias-2024-Nebrija-3-e1753704538806.jpeg'><img loading=\"lazy\" decoding=\"async\" width=\"150\" height=\"113\" src=\"https:\/\/www.nebrija.com\/medios\/actualidadnebrija\/wp-content\/uploads\/sites\/2\/2024\/05\/Asturias-2024-Nebrija-3-150x113.jpeg\" class=\"attachment-thumbnail size-thumbnail\" alt=\"\" \/><\/a>\n\t\t\t<\/dt><\/dl><dl class='gallery-item'>\n\t\t\t<dt class='gallery-icon landscape'>\n\t\t\t\t<a href='https:\/\/www.nebrija.com\/medios\/actualidadnebrija\/wp-content\/uploads\/sites\/2\/2024\/05\/Asturias-2024-Nebrija-4-e1758538278303.jpeg'><img loading=\"lazy\" decoding=\"async\" width=\"150\" height=\"113\" src=\"https:\/\/www.nebrija.com\/medios\/actualidadnebrija\/wp-content\/uploads\/sites\/2\/2024\/05\/Asturias-2024-Nebrija-4-150x113.jpeg\" class=\"attachment-thumbnail size-thumbnail\" alt=\"\" \/><\/a>\n\t\t\t<\/dt><\/dl><dl class='gallery-item'>\n\t\t\t<dt class='gallery-icon landscape'>\n\t\t\t\t<a href='https:\/\/www.nebrija.com\/medios\/actualidadnebrija\/wp-content\/uploads\/sites\/2\/2024\/05\/Asturias-2024-Nebrija-5-e1757333969186.jpeg'><img loading=\"lazy\" decoding=\"async\" width=\"150\" height=\"113\" src=\"https:\/\/www.nebrija.com\/medios\/actualidadnebrija\/wp-content\/uploads\/sites\/2\/2024\/05\/Asturias-2024-Nebrija-5-150x113.jpeg\" class=\"attachment-thumbnail size-thumbnail\" alt=\"\" \/><\/a>\n\t\t\t<\/dt><\/dl><br style=\"clear: both\" \/><dl class='gallery-item'>\n\t\t\t<dt class='gallery-icon landscape'>\n\t\t\t\t<a href='https:\/\/www.nebrija.com\/medios\/actualidadnebrija\/wp-content\/uploads\/sites\/2\/2024\/05\/Asturias-2024-Nebrija-6-e1753961293745.jpeg'><img loading=\"lazy\" decoding=\"async\" width=\"150\" height=\"113\" src=\"https:\/\/www.nebrija.com\/medios\/actualidadnebrija\/wp-content\/uploads\/sites\/2\/2024\/05\/Asturias-2024-Nebrija-6-150x113.jpeg\" class=\"attachment-thumbnail size-thumbnail\" alt=\"\" \/><\/a>\n\t\t\t<\/dt><\/dl><dl class='gallery-item'>\n\t\t\t<dt class='gallery-icon landscape'>\n\t\t\t\t<a href='https:\/\/www.nebrija.com\/medios\/actualidadnebrija\/wp-content\/uploads\/sites\/2\/2024\/05\/Asturias-2024-Nebrija-7-e1757327401590.jpeg'><img loading=\"lazy\" decoding=\"async\" width=\"150\" height=\"113\" src=\"https:\/\/www.nebrija.com\/medios\/actualidadnebrija\/wp-content\/uploads\/sites\/2\/2024\/05\/Asturias-2024-Nebrija-7-150x113.jpeg\" class=\"attachment-thumbnail size-thumbnail\" alt=\"\" \/><\/a>\n\t\t\t<\/dt><\/dl><dl class='gallery-item'>\n\t\t\t<dt class='gallery-icon landscape'>\n\t\t\t\t<a href='https:\/\/www.nebrija.com\/medios\/actualidadnebrija\/wp-content\/uploads\/sites\/2\/2024\/05\/Asturias-2024-Nebrija-8-e1756460511230.jpeg'><img loading=\"lazy\" decoding=\"async\" width=\"150\" height=\"113\" src=\"https:\/\/www.nebrija.com\/medios\/actualidadnebrija\/wp-content\/uploads\/sites\/2\/2024\/05\/Asturias-2024-Nebrija-8-150x113.jpeg\" class=\"attachment-thumbnail size-thumbnail\" alt=\"\" \/><\/a>\n\t\t\t<\/dt><\/dl><br style=\"clear: both\" \/><dl class='gallery-item'>\n\t\t\t<dt class='gallery-icon landscape'>\n\t\t\t\t<a href='https:\/\/www.nebrija.com\/medios\/actualidadnebrija\/wp-content\/uploads\/sites\/2\/2024\/05\/Asturias-2024-Nebrija-9-e1757336687730.jpeg'><img loading=\"lazy\" decoding=\"async\" width=\"150\" height=\"113\" src=\"https:\/\/www.nebrija.com\/medios\/actualidadnebrija\/wp-content\/uploads\/sites\/2\/2024\/05\/Asturias-2024-Nebrija-9-150x113.jpeg\" class=\"attachment-thumbnail size-thumbnail\" alt=\"\" \/><\/a>\n\t\t\t<\/dt><\/dl><dl class='gallery-item'>\n\t\t\t<dt class='gallery-icon landscape'>\n\t\t\t\t<a href='https:\/\/www.nebrija.com\/medios\/actualidadnebrija\/wp-content\/uploads\/sites\/2\/2024\/05\/Asturias-2024-Nebrija-10.jpeg'><img loading=\"lazy\" decoding=\"async\" width=\"150\" height=\"113\" src=\"https:\/\/www.nebrija.com\/medios\/actualidadnebrija\/wp-content\/uploads\/sites\/2\/2024\/05\/Asturias-2024-Nebrija-10-150x113.jpeg\" class=\"attachment-thumbnail size-thumbnail\" alt=\"\" \/><\/a>\n\t\t\t<\/dt><\/dl><dl class='gallery-item'>\n\t\t\t<dt class='gallery-icon landscape'>\n\t\t\t\t<a href='https:\/\/www.nebrija.com\/medios\/actualidadnebrija\/wp-content\/uploads\/sites\/2\/2024\/05\/Asturias-2024-Nebrija-11-e1761817027327.jpeg'><img loading=\"lazy\" decoding=\"async\" width=\"150\" height=\"113\" src=\"https:\/\/www.nebrija.com\/medios\/actualidadnebrija\/wp-content\/uploads\/sites\/2\/2024\/05\/Asturias-2024-Nebrija-11-150x113.jpeg\" class=\"attachment-thumbnail size-thumbnail\" alt=\"\" \/><\/a>\n\t\t\t<\/dt><\/dl><br style=\"clear: both\" \/><dl class='gallery-item'>\n\t\t\t<dt class='gallery-icon landscape'>\n\t\t\t\t<a href='https:\/\/www.nebrija.com\/medios\/actualidadnebrija\/wp-content\/uploads\/sites\/2\/2024\/05\/Asturias-2024-Nebrija-12-e1757327056580.jpeg'><img loading=\"lazy\" decoding=\"async\" width=\"150\" height=\"133\" src=\"https:\/\/www.nebrija.com\/medios\/actualidadnebrija\/wp-content\/uploads\/sites\/2\/2024\/05\/Asturias-2024-Nebrija-12-150x133.jpeg\" class=\"attachment-thumbnail size-thumbnail\" alt=\"\" \/><\/a>\n\t\t\t<\/dt><\/dl>\n\t\t\t<br style='clear: both' \/>\n\t\t<\/div>\n\n","protected":false},"excerpt":{"rendered":"<p>Casi 50 estudiantes han disfrutado de la espectacular naturaleza de Picos de Europa, sus pueblos y el m\u00edtico descenso del Sella en piragua.<\/p>\n","protected":false},"author":326,"featured_media":92627,"comment_status":"open","ping_status":"open","sticky":false,"template":"","format":"standard","meta":{"_acf_changed":false,"_monsterinsights_skip_tracking":false,"_monsterinsights_sitenote_active":false,"_monsterinsights_sitenote_note":"","_monsterinsights_sitenote_category":0,"footnotes":""},"categories":[3062],"tags":[5829,3597],"acf":[],"yoast_head":"<!-- This site is optimized with the Yoast SEO plugin v22.1 - https:\/\/yoast.com\/wordpress\/plugins\/seo\/ -->\n<title>Viaje a Asturias 2024: un proyecto interclub - Actualidad Nebrija<\/title>\n<meta name=\"description\" content=\"El proyecto interclub de la Universidad Nebrija se materializa con una serie de aventuras en Asturias que han hecho las delicias de todos.\" \/>\n<meta name=\"robots\" content=\"index, follow, max-snippet:-1, max-image-preview:large, max-video-preview:-1\" \/>\n<link rel=\"canonical\" href=\"https:\/\/www.nebrija.com\/medios\/actualidadnebrija\/2024\/05\/17\/viaje-a-asturias-2024-un-proyecto-interclub\/\" \/>\n<meta property=\"og:locale\" content=\"es_ES\" \/>\n<meta property=\"og:type\" content=\"article\" \/>\n<meta property=\"og:title\" content=\"Viaje a Asturias 2024: un proyecto interclub - Actualidad Nebrija\" \/>\n<meta property=\"og:description\" content=\"El proyecto interclub de la Universidad Nebrija se materializa con una serie de aventuras en Asturias que han hecho las delicias de todos.\" \/>\n<meta property=\"og:url\" content=\"https:\/\/www.nebrija.com\/medios\/actualidadnebrija\/2024\/05\/17\/viaje-a-asturias-2024-un-proyecto-interclub\/\" \/>\n<meta property=\"og:site_name\" content=\"Actualidad Nebrija\" \/>\n<meta property=\"article:published_time\" content=\"2024-05-17T08:13:38+00:00\" \/>\n<meta property=\"og:image\" content=\"https:\/\/www.nebrija.com\/medios\/actualidadnebrija\/wp-content\/uploads\/sites\/2\/2024\/05\/Asturias-2024-Nebrija-6.jpeg\" \/>\n\t<meta property=\"og:image:width\" content=\"1100\" \/>\n\t<meta property=\"og:image:height\" content=\"825\" \/>\n\t<meta property=\"og:image:type\" content=\"image\/jpeg\" \/>\n<meta name=\"author\" content=\"jpicos\" \/>\n<meta name=\"twitter:card\" content=\"summary_large_image\" \/>\n<meta name=\"twitter:label1\" content=\"Escrito por\" \/>\n\t<meta name=\"twitter:data1\" content=\"jpicos\" \/>\n\t<meta name=\"twitter:label2\" content=\"Tiempo de lectura\" \/>\n\t<meta name=\"twitter:data2\" content=\"3 minutos\" \/>\n<!-- \/ Yoast SEO plugin. -->","yoast_head_json":{"title":"Viaje a Asturias 2024: un proyecto interclub - Actualidad Nebrija","description":"El proyecto interclub de la Universidad Nebrija se materializa con una serie de aventuras en Asturias que han hecho las delicias de todos.","robots":{"index":"index","follow":"follow","max-snippet":"max-snippet:-1","max-image-preview":"max-image-preview:large","max-video-preview":"max-video-preview:-1"},"canonical":"https:\/\/www.nebrija.com\/medios\/actualidadnebrija\/2024\/05\/17\/viaje-a-asturias-2024-un-proyecto-interclub\/","og_locale":"es_ES","og_type":"article","og_title":"Viaje a Asturias 2024: un proyecto interclub - Actualidad Nebrija","og_description":"El proyecto interclub de la Universidad Nebrija se materializa con una serie de aventuras en Asturias que han hecho las delicias de todos.","og_url":"https:\/\/www.nebrija.com\/medios\/actualidadnebrija\/2024\/05\/17\/viaje-a-asturias-2024-un-proyecto-interclub\/","og_site_name":"Actualidad Nebrija","article_published_time":"2024-05-17T08:13:38+00:00","og_image":[{"width":1100,"height":825,"url":"https:\/\/www.nebrija.com\/medios\/actualidadnebrija\/wp-content\/uploads\/sites\/2\/2024\/05\/Asturias-2024-Nebrija-6.jpeg","type":"image\/jpeg"}],"author":"jpicos","twitter_card":"summary_large_image","twitter_misc":{"Escrito por":"jpicos","Tiempo de lectura":"3 minutos"},"schema":{"@context":"https:\/\/schema.org","@graph":[{"@type":"WebPage","@id":"https:\/\/www.nebrija.com\/medios\/actualidadnebrija\/2024\/05\/17\/viaje-a-asturias-2024-un-proyecto-interclub\/","url":"https:\/\/www.nebrija.com\/medios\/actualidadnebrija\/2024\/05\/17\/viaje-a-asturias-2024-un-proyecto-interclub\/","name":"Viaje a Asturias 2024: un proyecto interclub - Actualidad Nebrija","isPartOf":{"@id":"https:\/\/www.nebrija.com\/medios\/actualidadnebrija\/#website"},"datePublished":"2024-05-17T08:13:38+00:00","dateModified":"2024-05-17T08:13:38+00:00","author":{"@id":"https:\/\/www.nebrija.com\/medios\/actualidadnebrija\/#\/schema\/person\/0cd40b7dd3f54459e2cfc009dbd255c6"},"description":"El proyecto interclub de la Universidad Nebrija se materializa con una serie de aventuras en Asturias que han hecho las delicias de todos.","breadcrumb":{"@id":"https:\/\/www.nebrija.com\/medios\/actualidadnebrija\/2024\/05\/17\/viaje-a-asturias-2024-un-proyecto-interclub\/#breadcrumb"},"inLanguage":"es","potentialAction":[{"@type":"ReadAction","target":["https:\/\/www.nebrija.com\/medios\/actualidadnebrija\/2024\/05\/17\/viaje-a-asturias-2024-un-proyecto-interclub\/"]}]},{"@type":"BreadcrumbList","@id":"https:\/\/www.nebrija.com\/medios\/actualidadnebrija\/2024\/05\/17\/viaje-a-asturias-2024-un-proyecto-interclub\/#breadcrumb","itemListElement":[{"@type":"ListItem","position":1,"name":"Home","item":"https:\/\/www.nebrija.com\/medios\/actualidadnebrija\/"},{"@type":"ListItem","position":2,"name":"Viaje a Asturias 2024: un proyecto interclub"}]},{"@type":"WebSite","@id":"https:\/\/www.nebrija.com\/medios\/actualidadnebrija\/#website","url":"https:\/\/www.nebrija.com\/medios\/actualidadnebrija\/","name":"Actualidad Nebrija","description":"Noticias de la Universidad Nebrija","potentialAction":[{"@type":"SearchAction","target":{"@type":"EntryPoint","urlTemplate":"https:\/\/www.nebrija.com\/medios\/actualidadnebrija\/?s={search_term_string}"},"query-input":"required name=search_term_string"}],"inLanguage":"es"},{"@type":"Person","@id":"https:\/\/www.nebrija.com\/medios\/actualidadnebrija\/#\/schema\/person\/0cd40b7dd3f54459e2cfc009dbd255c6","name":"jpicos","image":{"@type":"ImageObject","inLanguage":"es","@id":"https:\/\/www.nebrija.com\/medios\/actualidadnebrija\/#\/schema\/person\/image\/","url":"https:\/\/secure.gravatar.com\/avatar\/c4a1005cff3fd9bb5185e9671f4f3e9b?s=96&d=mm&r=g","contentUrl":"https:\/\/secure.gravatar.com\/avatar\/c4a1005cff3fd9bb5185e9671f4f3e9b?s=96&d=mm&r=g","caption":"jpicos"},"url":"https:\/\/www.nebrija.com\/medios\/actualidadnebrija\/author\/jpicos\/"}]}},"_links":{"self":[{"href":"https:\/\/www.nebrija.com\/medios\/actualidadnebrija\/wp-json\/wp\/v2\/posts\/92619"}],"collection":[{"href":"https:\/\/www.nebrija.com\/medios\/actualidadnebrija\/wp-json\/wp\/v2\/posts"}],"about":[{"href":"https:\/\/www.nebrija.com\/medios\/actualidadnebrija\/wp-json\/wp\/v2\/types\/post"}],"author":[{"embeddable":true,"href":"https:\/\/www.nebrija.com\/medios\/actualidadnebrija\/wp-json\/wp\/v2\/users\/326"}],"replies":[{"embeddable":true,"href":"https:\/\/www.nebrija.com\/medios\/actualidadnebrija\/wp-json\/wp\/v2\/comments?post=92619"}],"version-history":[{"count":1,"href":"https:\/\/www.nebrija.com\/medios\/actualidadnebrija\/wp-json\/wp\/v2\/posts\/92619\/revisions"}],"predecessor-version":[{"id":92635,"href":"https:\/\/www.nebrija.com\/medios\/actualidadnebrija\/wp-json\/wp\/v2\/posts\/92619\/revisions\/92635"}],"wp:featuredmedia":[{"embeddable":true,"href":"https:\/\/www.nebrija.com\/medios\/actualidadnebrija\/wp-json\/wp\/v2\/media\/92627"}],"wp:attachment":[{"href":"https:\/\/www.nebrija.com\/medios\/actualidadnebrija\/wp-json\/wp\/v2\/media?parent=92619"}],"wp:term":[{"taxonomy":"category","embeddable":true,"href":"https:\/\/www.nebrija.com\/medios\/actualidadnebrija\/wp-json\/wp\/v2\/categories?post=92619"},{"taxonomy":"post_tag","embeddable":true,"href":"https:\/\/www.nebrija.com\/medios\/actualidadnebrija\/wp-json\/wp\/v2\/tags?post=92619"}],"curies":[{"name":"wp","href":"https:\/\/api.w.org\/{rel}","templated":true}]}}