{"id":93504,"date":"2024-06-21T12:50:39","date_gmt":"2024-06-21T10:50:39","guid":{"rendered":"https:\/\/www.nebrija.com\/medios\/actualidadnebrija\/?p=93504"},"modified":"2024-06-21T12:52:10","modified_gmt":"2024-06-21T10:52:10","slug":"la-adaptabilidad-al-cambio-la-creatividad-y-el-liderazgo-claves-del-exito-en-la-era-digital","status":"publish","type":"post","link":"https:\/\/www.nebrija.com\/medios\/actualidadnebrija\/2024\/06\/21\/la-adaptabilidad-al-cambio-la-creatividad-y-el-liderazgo-claves-del-exito-en-la-era-digital\/","title":{"rendered":"La adaptabilidad, la creatividad y el liderazgo, claves del \u00e9xito en la era digital"},"content":{"rendered":"<p>El Foro Econ\u00f3mico Mundial, conocido como Foro de Davos, expone que el 43 % de las tareas en las empresas estar\u00e1n automatizadas en 2027. Esta previsi\u00f3n motivada, entre otras causas, por la irrupci\u00f3n de la inteligencia artificial, merece un an\u00e1lisis por parte de los expertos. La <a href=\"https:\/\/www.nebrija.com\/business-school\/\">Nebrija Business &amp; Technology School<\/a> invit\u00f3 a cuatro referentes de la era digital para reflexionar sobre la formaci\u00f3n y las habilidades id\u00f3neas para afrontar esta revoluci\u00f3n tecnol\u00f3gica.<\/p>\n<p>La adaptabilidad al cambio, la creatividad, la curiosidad y un liderazgo \u00e1gil compusieron el plantel de soluciones ante un reto que ha llegado para quedarse. En el coloquio, moderado por Margarita N\u00fa\u00f1ez, directora de posgrado de la Facultad de Econom\u00eda y Empresa y de la Nebrija Business &amp; Technology School (NBTS), participaron Erick Vermeulen, profesor de la NBTS y experto en liderazgo y finanzas; Mercedes Yunis, egresada del <a href=\"https:\/\/www.nebrija.com\/business-school\/liderazgo-direccion-rrhh\/\">Master en Liderazgo y Direcci\u00f3n de Recursos Humanos<\/a> de Nebrija y consultora de RRHH en Hilton; Alejandro Echeverr\u00eda, director del <a href=\"https:\/\/www.nebrija.com\/carreras-universitarias\/grado-analisis-negocios\/\">Grado en An\u00e1lisis de Negocios (Business Analytics)<\/a> de Nebrija y director de Innovaci\u00f3n en Funditec; y Lydia Mora, responsable de Partners de Educaci\u00f3n en Microsoft .<\/p>\n<p><a href=\"https:\/\/www.nebrija.com\/medios\/actualidadnebrija\/wp-content\/uploads\/sites\/2\/2024\/06\/Nebrija-Business-Technology-School.-Mesa-redonda-3.jpg\"><img loading=\"lazy\" decoding=\"async\" class=\"aligncenter wp-image-93515 size-full\" src=\"https:\/\/www.nebrija.com\/medios\/actualidadnebrija\/wp-content\/uploads\/sites\/2\/2024\/06\/Nebrija-Business-Technology-School.-Mesa-redonda-3.jpg\" alt=\"NBTS cambio digital\" width=\"1100\" height=\"734\" \/><\/a><\/p>\n<p>Precisamente, para Lydia Mora, una formaci\u00f3n que responda a las demandas tecnol\u00f3gicas ha de orientarse a esa capacidad de abrazar el cambio en el \u00e1mbito empresarial. Las plataformas de aprendizaje gratuito y las certificaciones son los aliados de los trabajadores en este reto. \u201cLa inteligencia artificial nos propone ser m\u00e1s efectivos en el puesto de trabajo; no hay que parar nunca de aprender\u201d, explic\u00f3.<\/p>\n<h2><strong>Trabajo \u201cm\u00e1s llevadero\u201d<\/strong><\/h2>\n<p>Acercarse a la tecnolog\u00eda \u201ccon curiosidad, incluso palparla para ver que nuestro trabajo puede ser m\u00e1s llevadero\u201d, fue la propuesta de Alejandro Echeverr\u00eda que defini\u00f3 la anal\u00edtica de datos como una herramienta \u201cpara entender la informaci\u00f3n al juntar diferentes piezas, para entender de verdad lo que est\u00e1 pasando y tomar las decisiones con evidencia\u201d.<\/p>\n<p><a href=\"https:\/\/www.nebrija.com\/medios\/actualidadnebrija\/wp-content\/uploads\/sites\/2\/2024\/06\/Nebrija-Business-Technology-School.-Mesa-redonda-6.jpg\"><img loading=\"lazy\" decoding=\"async\" class=\"aligncenter wp-image-93518 size-full\" src=\"https:\/\/www.nebrija.com\/medios\/actualidadnebrija\/wp-content\/uploads\/sites\/2\/2024\/06\/Nebrija-Business-Technology-School.-Mesa-redonda-6.jpg\" alt=\"cambio digital NBTS\" width=\"1100\" height=\"734\" \/><\/a><\/p>\n<p>Contra la \u201cansiedad\u201d que genera la inteligencia artificial en parte de la sociedad arremeti\u00f3 Mercedes Yunis, que apost\u00f3 por acercarnos al debate \u201cde una manera amigable\u201d para dilucidar \u201clas bondades\u201d que nos va a traer, aparte de confiar en los expertos en la materia y en su mentor\u00eda con el fin de eliminar los obst\u00e1culos t\u00e9cnicos.<\/p>\n<p>La ida de las personas como centro de cualquier estrategia empresarial estuvo presente en la mesa redonda organizada por la NBTS. En esa l\u00ednea, Erick Vermeulen defendi\u00f3 la preparaci\u00f3n de unos l\u00edderes, formados con la tecnolog\u00eda de datos, pero sin olvidar el saber estar, la agilidad y la reinvenci\u00f3n ante cualquier cambio en las din\u00e1micas empresariales. La adaptabilidad, la velocidad, y una \u201cmayor apertura\u201d a la creatividad contribuyen, de acuerdo con \u00e9l, a forjar unos l\u00edderes \u201cs\u00f3lidos\u201d.<\/p>\n<h2><strong>Cambio en el paradigma de la educaci\u00f3n<\/strong><\/h2>\n<p>La educaci\u00f3n en esta nueva era digital conlleva unas universidades \u201ccomprometidas\u201d con perfiles m\u00e1s exigentes. \u201cCon la llegada de la inteligencia artificial, cambia el paradigma de la educaci\u00f3n, Ya no tiene sentido medir a un estudiante por el contenido\u201d, opin\u00f3 Lydia Mora. En este contexto, la mejora en la elaboraci\u00f3n de los <em>prompts<\/em> (las ordenes que damos a los modelos de inteligencia artificial generativa) apunta a un nuevo objetivo en una formaci\u00f3n \u201c\u00fatil\u201d en relaci\u00f3n con <em>las m\u00e1quinas<\/em>. \u201cCuanto m\u00e1s precisa y detallada sea la pregunta, mejor ser\u00e1 la respuesta de la inteligencia artificial\u201d, precis\u00f3 Mora, que no olvid\u00f3 el trabajo en equipo, la orientaci\u00f3n a los clientes y la tolerancia a la frustraci\u00f3n como otros de los campos donde hay que avanzar.<\/p>\n<p><a href=\"https:\/\/www.nebrija.com\/medios\/actualidadnebrija\/wp-content\/uploads\/sites\/2\/2024\/06\/Nebrija-Business-Technology-School.-Mesa-redonda-4.jpg\"><img loading=\"lazy\" decoding=\"async\" class=\"aligncenter wp-image-93516 size-full\" src=\"https:\/\/www.nebrija.com\/medios\/actualidadnebrija\/wp-content\/uploads\/sites\/2\/2024\/06\/Nebrija-Business-Technology-School.-Mesa-redonda-4.jpg\" alt=\"NBTS cambio digital\" width=\"1100\" height=\"734\" \/><\/a><\/p>\n<p>Mientras Mercedes Yunis a\u00f1adi\u00f3 a estos retos el pensamiento de los trabajadores hacia los objetivos y los resultados, sin olvidar la capacidad para investigar, Alejandro Echeverr\u00eda precis\u00f3 que los humanos \u201csiempre debemos llevar la batuta y saber qu\u00e9 queremos pedir a la tecnolog\u00eda m\u00e1s puntera\u201d.<\/p>\n<h2><strong>Ejercicio de confianza en la inteligencia artificial<\/strong><\/h2>\n<p>En el terreno de la \u00e9tica, Echeverr\u00eda habl\u00f3 sobre la confiabilidad en inteligencia artificial, \u201cque sea confiable responsable, legal, robusta, y resiliente\u201d. Confes\u00f3 que ahora hay en marcha muchos proyectos con un ping\u00fce presupuesto para abordar este tema.<\/p>\n<p>Poniendo el acento en los trabajadores, Erick Vermeulen recomend\u00f3 llevar nuestros principios y valores mediante un liderazgo que establezca unas reglas de juego y una cultura \u201cclara\u201d de los valores de la empresa para ponerlos en pr\u00e1ctica.<\/p>\n<p><a href=\"https:\/\/www.nebrija.com\/medios\/actualidadnebrija\/wp-content\/uploads\/sites\/2\/2024\/06\/Nebrija-Business-Technology-School.-Mesa-redonda-5.jpg\"><img loading=\"lazy\" decoding=\"async\" class=\"aligncenter wp-image-93517 size-full\" src=\"https:\/\/www.nebrija.com\/medios\/actualidadnebrija\/wp-content\/uploads\/sites\/2\/2024\/06\/Nebrija-Business-Technology-School.-Mesa-redonda-5.jpg\" alt=\"NBTS era digital\" width=\"1100\" height=\"734\" \/><\/a><\/p>\n<p>La Nebrija Business and Technology School aprovech\u00f3 este coloquio para presentar sus programas de posgrado basados en la excelencia en la docencia, la empleabilidad, la investigaci\u00f3n y la internacionalizaci\u00f3n, en la colaboraci\u00f3n con el entorno empresarial, en el esp\u00edritu emprendedor, en el impacto y la responsabilidad social y en el impulso del humanismo con filosof\u00eda empresarial. Tanto Margarita N\u00fa\u00f1ez como Ana Fern\u00e1ndez-Ardav\u00edn, decana de la Facultad de Econom\u00eda y Empresa, a trav\u00e9s de un v\u00eddeo, reforzaron este mensaje haciendo hincapi\u00e9 en la metodolog\u00eda \u201cactiva\u201d de aprendizaje de la NBTS.<\/p>\n<p><a href=\"https:\/\/www.nebrija.com\/medios\/actualidadnebrija\/wp-content\/uploads\/sites\/2\/2024\/06\/Nebrija-Business-Technology-School.-Mesa-redonda-2.jpg\"><img loading=\"lazy\" decoding=\"async\" class=\"aligncenter wp-image-93514 size-full\" src=\"https:\/\/www.nebrija.com\/medios\/actualidadnebrija\/wp-content\/uploads\/sites\/2\/2024\/06\/Nebrija-Business-Technology-School.-Mesa-redonda-2.jpg\" alt=\"NBTS cambio digital\" width=\"1100\" height=\"734\" \/><\/a><\/p>\n<p><em>Texto: Javier Picos. Fotos: Zaida del R\u00edo.<\/em><\/p>\n","protected":false},"excerpt":{"rendered":"<p>La Nebrija Business &amp; Technology School re\u00fane en una mesa redonda a expertos acad\u00e9micos y empresariales en torno a los retos de la revoluci\u00f3n tecnol\u00f3gica.<\/p>\n","protected":false},"author":326,"featured_media":93513,"comment_status":"open","ping_status":"open","sticky":false,"template":"","format":"standard","meta":{"_acf_changed":false,"_monsterinsights_skip_tracking":false,"_monsterinsights_sitenote_active":false,"_monsterinsights_sitenote_note":"","_monsterinsights_sitenote_category":0,"footnotes":""},"categories":[5017,3054],"tags":[4993,5686,4445,3124,3705,4515,5900,5833,3986,4843,4950],"acf":[],"yoast_head":"<!-- This site is optimized with the Yoast SEO plugin v22.1 - https:\/\/yoast.com\/wordpress\/plugins\/seo\/ -->\n<title>La adaptabilidad, la creatividad y el liderazgo, claves del \u00e9xito en la era digital - Actualidad Nebrija<\/title>\n<meta name=\"description\" content=\"La adaptabilidad al cambio, un impuso de la creatividad y la forja de buenos l\u00edderes, aspectos para afrontar con \u00e9xito la era digital.\" \/>\n<meta name=\"robots\" content=\"index, follow, max-snippet:-1, max-image-preview:large, max-video-preview:-1\" \/>\n<link rel=\"canonical\" href=\"https:\/\/www.nebrija.com\/medios\/actualidadnebrija\/2024\/06\/21\/la-adaptabilidad-al-cambio-la-creatividad-y-el-liderazgo-claves-del-exito-en-la-era-digital\/\" \/>\n<meta property=\"og:locale\" content=\"es_ES\" \/>\n<meta property=\"og:type\" content=\"article\" \/>\n<meta property=\"og:title\" content=\"La adaptabilidad, la creatividad y el liderazgo, claves del \u00e9xito en la era digital - Actualidad Nebrija\" \/>\n<meta property=\"og:description\" content=\"La adaptabilidad al cambio, un impuso de la creatividad y la forja de buenos l\u00edderes, aspectos para afrontar con \u00e9xito la era digital.\" \/>\n<meta property=\"og:url\" content=\"https:\/\/www.nebrija.com\/medios\/actualidadnebrija\/2024\/06\/21\/la-adaptabilidad-al-cambio-la-creatividad-y-el-liderazgo-claves-del-exito-en-la-era-digital\/\" \/>\n<meta property=\"og:site_name\" content=\"Actualidad Nebrija\" \/>\n<meta property=\"article:published_time\" content=\"2024-06-21T10:50:39+00:00\" \/>\n<meta property=\"article:modified_time\" content=\"2024-06-21T10:52:10+00:00\" \/>\n<meta property=\"og:image\" content=\"https:\/\/www.nebrija.com\/medios\/actualidadnebrija\/wp-content\/uploads\/sites\/2\/2024\/06\/La-adaptabilidad-al-cambio-la-creatividad-y-el-liderazgo-claves-del-exito-en-la-era-digital.jpg\" \/>\n\t<meta property=\"og:image:width\" content=\"1100\" \/>\n\t<meta property=\"og:image:height\" content=\"734\" \/>\n\t<meta property=\"og:image:type\" content=\"image\/jpeg\" \/>\n<meta name=\"author\" content=\"jpicos\" \/>\n<meta name=\"twitter:card\" content=\"summary_large_image\" \/>\n<meta name=\"twitter:label1\" content=\"Escrito por\" \/>\n\t<meta name=\"twitter:data1\" content=\"jpicos\" \/>\n\t<meta name=\"twitter:label2\" content=\"Tiempo de lectura\" \/>\n\t<meta name=\"twitter:data2\" content=\"5 minutos\" \/>\n<!-- \/ Yoast SEO plugin. -->","yoast_head_json":{"title":"La adaptabilidad, la creatividad y el liderazgo, claves del \u00e9xito en la era digital - Actualidad Nebrija","description":"La adaptabilidad al cambio, un impuso de la creatividad y la forja de buenos l\u00edderes, aspectos para afrontar con \u00e9xito la era digital.","robots":{"index":"index","follow":"follow","max-snippet":"max-snippet:-1","max-image-preview":"max-image-preview:large","max-video-preview":"max-video-preview:-1"},"canonical":"https:\/\/www.nebrija.com\/medios\/actualidadnebrija\/2024\/06\/21\/la-adaptabilidad-al-cambio-la-creatividad-y-el-liderazgo-claves-del-exito-en-la-era-digital\/","og_locale":"es_ES","og_type":"article","og_title":"La adaptabilidad, la creatividad y el liderazgo, claves del \u00e9xito en la era digital - Actualidad Nebrija","og_description":"La adaptabilidad al cambio, un impuso de la creatividad y la forja de buenos l\u00edderes, aspectos para afrontar con \u00e9xito la era digital.","og_url":"https:\/\/www.nebrija.com\/medios\/actualidadnebrija\/2024\/06\/21\/la-adaptabilidad-al-cambio-la-creatividad-y-el-liderazgo-claves-del-exito-en-la-era-digital\/","og_site_name":"Actualidad Nebrija","article_published_time":"2024-06-21T10:50:39+00:00","article_modified_time":"2024-06-21T10:52:10+00:00","og_image":[{"width":1100,"height":734,"url":"https:\/\/www.nebrija.com\/medios\/actualidadnebrija\/wp-content\/uploads\/sites\/2\/2024\/06\/La-adaptabilidad-al-cambio-la-creatividad-y-el-liderazgo-claves-del-exito-en-la-era-digital.jpg","type":"image\/jpeg"}],"author":"jpicos","twitter_card":"summary_large_image","twitter_misc":{"Escrito por":"jpicos","Tiempo de lectura":"5 minutos"},"schema":{"@context":"https:\/\/schema.org","@graph":[{"@type":"WebPage","@id":"https:\/\/www.nebrija.com\/medios\/actualidadnebrija\/2024\/06\/21\/la-adaptabilidad-al-cambio-la-creatividad-y-el-liderazgo-claves-del-exito-en-la-era-digital\/","url":"https:\/\/www.nebrija.com\/medios\/actualidadnebrija\/2024\/06\/21\/la-adaptabilidad-al-cambio-la-creatividad-y-el-liderazgo-claves-del-exito-en-la-era-digital\/","name":"La adaptabilidad, la creatividad y el liderazgo, claves del \u00e9xito en la era digital - Actualidad Nebrija","isPartOf":{"@id":"https:\/\/www.nebrija.com\/medios\/actualidadnebrija\/#website"},"datePublished":"2024-06-21T10:50:39+00:00","dateModified":"2024-06-21T10:52:10+00:00","author":{"@id":"https:\/\/www.nebrija.com\/medios\/actualidadnebrija\/#\/schema\/person\/0cd40b7dd3f54459e2cfc009dbd255c6"},"description":"La adaptabilidad al cambio, un impuso de la creatividad y la forja de buenos l\u00edderes, aspectos para afrontar con \u00e9xito la era digital.","breadcrumb":{"@id":"https:\/\/www.nebrija.com\/medios\/actualidadnebrija\/2024\/06\/21\/la-adaptabilidad-al-cambio-la-creatividad-y-el-liderazgo-claves-del-exito-en-la-era-digital\/#breadcrumb"},"inLanguage":"es","potentialAction":[{"@type":"ReadAction","target":["https:\/\/www.nebrija.com\/medios\/actualidadnebrija\/2024\/06\/21\/la-adaptabilidad-al-cambio-la-creatividad-y-el-liderazgo-claves-del-exito-en-la-era-digital\/"]}]},{"@type":"BreadcrumbList","@id":"https:\/\/www.nebrija.com\/medios\/actualidadnebrija\/2024\/06\/21\/la-adaptabilidad-al-cambio-la-creatividad-y-el-liderazgo-claves-del-exito-en-la-era-digital\/#breadcrumb","itemListElement":[{"@type":"ListItem","position":1,"name":"Home","item":"https:\/\/www.nebrija.com\/medios\/actualidadnebrija\/"},{"@type":"ListItem","position":2,"name":"La adaptabilidad, la creatividad y el liderazgo, claves del \u00e9xito en la era digital"}]},{"@type":"WebSite","@id":"https:\/\/www.nebrija.com\/medios\/actualidadnebrija\/#website","url":"https:\/\/www.nebrija.com\/medios\/actualidadnebrija\/","name":"Actualidad Nebrija","description":"Noticias de la Universidad Nebrija","potentialAction":[{"@type":"SearchAction","target":{"@type":"EntryPoint","urlTemplate":"https:\/\/www.nebrija.com\/medios\/actualidadnebrija\/?s={search_term_string}"},"query-input":"required name=search_term_string"}],"inLanguage":"es"},{"@type":"Person","@id":"https:\/\/www.nebrija.com\/medios\/actualidadnebrija\/#\/schema\/person\/0cd40b7dd3f54459e2cfc009dbd255c6","name":"jpicos","image":{"@type":"ImageObject","inLanguage":"es","@id":"https:\/\/www.nebrija.com\/medios\/actualidadnebrija\/#\/schema\/person\/image\/","url":"https:\/\/secure.gravatar.com\/avatar\/c4a1005cff3fd9bb5185e9671f4f3e9b?s=96&d=mm&r=g","contentUrl":"https:\/\/secure.gravatar.com\/avatar\/c4a1005cff3fd9bb5185e9671f4f3e9b?s=96&d=mm&r=g","caption":"jpicos"},"url":"https:\/\/www.nebrija.com\/medios\/actualidadnebrija\/author\/jpicos\/"}]}},"_links":{"self":[{"href":"https:\/\/www.nebrija.com\/medios\/actualidadnebrija\/wp-json\/wp\/v2\/posts\/93504"}],"collection":[{"href":"https:\/\/www.nebrija.com\/medios\/actualidadnebrija\/wp-json\/wp\/v2\/posts"}],"about":[{"href":"https:\/\/www.nebrija.com\/medios\/actualidadnebrija\/wp-json\/wp\/v2\/types\/post"}],"author":[{"embeddable":true,"href":"https:\/\/www.nebrija.com\/medios\/actualidadnebrija\/wp-json\/wp\/v2\/users\/326"}],"replies":[{"embeddable":true,"href":"https:\/\/www.nebrija.com\/medios\/actualidadnebrija\/wp-json\/wp\/v2\/comments?post=93504"}],"version-history":[{"count":5,"href":"https:\/\/www.nebrija.com\/medios\/actualidadnebrija\/wp-json\/wp\/v2\/posts\/93504\/revisions"}],"predecessor-version":[{"id":93521,"href":"https:\/\/www.nebrija.com\/medios\/actualidadnebrija\/wp-json\/wp\/v2\/posts\/93504\/revisions\/93521"}],"wp:featuredmedia":[{"embeddable":true,"href":"https:\/\/www.nebrija.com\/medios\/actualidadnebrija\/wp-json\/wp\/v2\/media\/93513"}],"wp:attachment":[{"href":"https:\/\/www.nebrija.com\/medios\/actualidadnebrija\/wp-json\/wp\/v2\/media?parent=93504"}],"wp:term":[{"taxonomy":"category","embeddable":true,"href":"https:\/\/www.nebrija.com\/medios\/actualidadnebrija\/wp-json\/wp\/v2\/categories?post=93504"},{"taxonomy":"post_tag","embeddable":true,"href":"https:\/\/www.nebrija.com\/medios\/actualidadnebrija\/wp-json\/wp\/v2\/tags?post=93504"}],"curies":[{"name":"wp","href":"https:\/\/api.w.org\/{rel}","templated":true}]}}