{"id":93570,"date":"2024-06-25T15:13:31","date_gmt":"2024-06-25T13:13:31","guid":{"rendered":"https:\/\/www.nebrija.com\/medios\/actualidadnebrija\/?p=93570"},"modified":"2024-06-25T15:13:46","modified_gmt":"2024-06-25T13:13:46","slug":"visita-a-las-instalaciones-de-la-fabrica-de-el-alto-de-la-empresa-cementos-portland-valderrivas","status":"publish","type":"post","link":"https:\/\/www.nebrija.com\/medios\/actualidadnebrija\/2024\/06\/25\/visita-a-las-instalaciones-de-la-fabrica-de-el-alto-de-la-empresa-cementos-portland-valderrivas\/","title":{"rendered":"Visita a las instalaciones de la f\u00e1brica de El Alto de la empresa Cementos Portland Valderrivas"},"content":{"rendered":"<p>Los estudiantes del <a href=\"https:\/\/www.nebrija.com\/programas-postgrado\/master\/ingenieria-industrial\/\">M\u00e1ster Universitario en Ingenier\u00eda Industrial<\/a> de la Polit\u00e9cnica Nebrija visitaron el pasado 8 de mayo las instalaciones de la f\u00e1brica de El Alto que la empresa <a href=\"https:\/\/www.valderrivas.es\/\">Cementos Portland Valderrivas<\/a> tiene en Morata de Taju\u00f1a.<\/p>\n<p>La jornada fue una ocasi\u00f3n perfecta para que los estudiantes conectaran<em> in situ<\/em> la base te\u00f3rica de la industria qu\u00edmica, expuesta en las clases, con los procesos tecnol\u00f3gicos industriales, as\u00ed como la forma de organizaci\u00f3n y de trabajar en un sector clave para el crecimiento industrial de Espa\u00f1a.<\/p>\n<p>La visita, organizada por la profesora Gloria Zarzuelo, se enmarca en las actividades de la asignatura <em>Procesos qu\u00edmicos industriales, <\/em>que imparten las profesoras M\u00aa\u00a0Rosario Elvira y Gloria Zarzuelo, que acompa\u00f1aron a los estudiantes este d\u00eda.<\/p>\n<p>El jefe del control de calidad de la f\u00e1brica, Germ\u00e1n Garc\u00eda nos habl\u00f3 de la historia de la empresa desde sus or\u00edgenes, repasando las numerosas fotograf\u00edas que tienen expuestas en las oficinas. A continuaci\u00f3n nos explic\u00f3 las caracter\u00edsticas de la planta y de los procesos de fabricaci\u00f3n de los distintos tipos de cementos que producen, sus propiedades m\u00e1s importantes y su incidencia en la calidad medioambiental de la f\u00e1brica y su entorno.<\/p>\n<h2><strong>La mayor productora de Espa\u00f1a<\/strong><\/h2>\n<p>La f\u00e1brica es la mayor productora de Espa\u00f1a y una de las principales de Europa. Cuenta con tres hornos rotatorios; cantera de caliza propia; instalaci\u00f3n de trituraci\u00f3n de hasta 1\u00a0500 toneladas\/hora; dos l\u00edneas de producci\u00f3n de cemento gris con capacidad para producir\u00a03\u00a0500 toneladas\/d\u00eda cada una y una l\u00ednea de cemento blanco con una capacidad de 1\u00a0000 t\/d\u00eda.<\/p>\n<p>Los estudiantes tuvieron ocasi\u00f3n de charlar con Germ\u00e1n sobre c\u00f3mo se realiza la explotaci\u00f3n de la cantera (el plan de extracci\u00f3n y restauraci\u00f3n anual); la utilizaci\u00f3n de combustibles alternativos; las medidas que se implementan para cumplir con el volumen m\u00e1ximo de emisiones de di\u00f3xido de carbono permitido; c\u00f3mo funciona el comercio de derechos de emisi\u00f3n; la automatizaci\u00f3n de la planta; los laboratorios para el an\u00e1lisis de muestras; y la autorizaci\u00f3n ambiental integrada de la que es objeto la cementera.<\/p>\n<p>Sin duda una visita que ha permitido ampliar sus horizontes y ha sido una ocasi\u00f3n para compartir experiencias entre estudiantes y profesoras fuera del aula.<\/p>\n<p>Un a\u00f1o m\u00e1s agradecemos a Germ\u00e1n su disponibilidad y espl\u00e9ndidas explicaciones did\u00e1cticas.<\/p>\n\n\t\t<style type=\"text\/css\">\n\t\t\t#gallery-1 {\n\t\t\t\tmargin: auto;\n\t\t\t}\n\t\t\t#gallery-1 .gallery-item {\n\t\t\t\tfloat: left;\n\t\t\t\tmargin-top: 10px;\n\t\t\t\ttext-align: center;\n\t\t\t\twidth: 33%;\n\t\t\t}\n\t\t\t#gallery-1 img {\n\t\t\t\tborder: 2px solid #cfcfcf;\n\t\t\t}\n\t\t\t#gallery-1 .gallery-caption {\n\t\t\t\tmargin-left: 0;\n\t\t\t}\n\t\t\t\/* see gallery_shortcode() in wp-includes\/media.php *\/\n\t\t<\/style>\n\t\t<div id='gallery-1' class='gallery galleryid-93570 gallery-columns-3 gallery-size-thumbnail'><dl class='gallery-item'>\n\t\t\t<dt class='gallery-icon landscape'>\n\t\t\t\t<a href='https:\/\/www.nebrija.com\/medios\/actualidadnebrija\/wp-content\/uploads\/sites\/2\/2024\/06\/visita-cementera-3.jpg'><img loading=\"lazy\" decoding=\"async\" width=\"150\" height=\"103\" src=\"https:\/\/www.nebrija.com\/medios\/actualidadnebrija\/wp-content\/uploads\/sites\/2\/2024\/06\/visita-cementera-3-150x103.jpg\" class=\"attachment-thumbnail size-thumbnail\" alt=\"\" \/><\/a>\n\t\t\t<\/dt><\/dl><dl class='gallery-item'>\n\t\t\t<dt class='gallery-icon landscape'>\n\t\t\t\t<a href='https:\/\/www.nebrija.com\/medios\/actualidadnebrija\/wp-content\/uploads\/sites\/2\/2024\/06\/visita-cementera-2.jpg'><img loading=\"lazy\" decoding=\"async\" width=\"150\" height=\"150\" src=\"https:\/\/www.nebrija.com\/medios\/actualidadnebrija\/wp-content\/uploads\/sites\/2\/2024\/06\/visita-cementera-2-150x150.jpg\" class=\"attachment-thumbnail size-thumbnail\" alt=\"\" \/><\/a>\n\t\t\t<\/dt><\/dl><dl class='gallery-item'>\n\t\t\t<dt class='gallery-icon landscape'>\n\t\t\t\t<a href='https:\/\/www.nebrija.com\/medios\/actualidadnebrija\/wp-content\/uploads\/sites\/2\/2024\/06\/visita-cementera-1.jpg'><img loading=\"lazy\" decoding=\"async\" width=\"150\" height=\"98\" src=\"https:\/\/www.nebrija.com\/medios\/actualidadnebrija\/wp-content\/uploads\/sites\/2\/2024\/06\/visita-cementera-1-150x98.jpg\" class=\"attachment-thumbnail size-thumbnail\" alt=\"\" \/><\/a>\n\t\t\t<\/dt><\/dl><br style=\"clear: both\" \/>\n\t\t<\/div>\n\n","protected":false},"excerpt":{"rendered":"<p>Organizada por la profesora Gloria Zarzuelo, la actividad se enmarca en la asignatura `Procesos qu\u00edmicos industriales\u00b4.<\/p>\n","protected":false},"author":326,"featured_media":93574,"comment_status":"open","ping_status":"open","sticky":false,"template":"","format":"standard","meta":{"_acf_changed":false,"_monsterinsights_skip_tracking":false,"_monsterinsights_sitenote_active":false,"_monsterinsights_sitenote_note":"","_monsterinsights_sitenote_category":0,"footnotes":""},"categories":[3,3053],"tags":[5332,4711,4935,4161],"acf":[],"yoast_head":"<!-- This site is optimized with the Yoast SEO plugin v22.1 - https:\/\/yoast.com\/wordpress\/plugins\/seo\/ -->\n<title>Visita a las instalaciones de la f\u00e1brica de El Alto de la empresa Cementos Portland Valderrivas - Actualidad Nebrija<\/title>\n<meta name=\"description\" content=\"Los estudiantes de la Polit\u00e9cnica Nebrija visitan las instalaciones de la f\u00e1brica de El Alto de la empresa Cementos Portland Valderrivas.\" \/>\n<meta name=\"robots\" content=\"index, follow, max-snippet:-1, max-image-preview:large, max-video-preview:-1\" \/>\n<link rel=\"canonical\" href=\"https:\/\/www.nebrija.com\/medios\/actualidadnebrija\/2024\/06\/25\/visita-a-las-instalaciones-de-la-fabrica-de-el-alto-de-la-empresa-cementos-portland-valderrivas\/\" \/>\n<meta property=\"og:locale\" content=\"es_ES\" \/>\n<meta property=\"og:type\" content=\"article\" \/>\n<meta property=\"og:title\" content=\"Visita a las instalaciones de la f\u00e1brica de El Alto de la empresa Cementos Portland Valderrivas - Actualidad Nebrija\" \/>\n<meta property=\"og:description\" content=\"Los estudiantes de la Polit\u00e9cnica Nebrija visitan las instalaciones de la f\u00e1brica de El Alto de la empresa Cementos Portland Valderrivas.\" \/>\n<meta property=\"og:url\" content=\"https:\/\/www.nebrija.com\/medios\/actualidadnebrija\/2024\/06\/25\/visita-a-las-instalaciones-de-la-fabrica-de-el-alto-de-la-empresa-cementos-portland-valderrivas\/\" \/>\n<meta property=\"og:site_name\" content=\"Actualidad Nebrija\" \/>\n<meta property=\"article:published_time\" content=\"2024-06-25T13:13:31+00:00\" \/>\n<meta property=\"article:modified_time\" content=\"2024-06-25T13:13:46+00:00\" \/>\n<meta property=\"og:image\" content=\"https:\/\/www.nebrija.com\/medios\/actualidadnebrija\/wp-content\/uploads\/sites\/2\/2024\/06\/Visita-a-las-instalaciones-de-la-fabrica-de-El-Alto-de-la-empresa-Cementos-Portland-Valderrivas-.jpg\" \/>\n\t<meta property=\"og:image:width\" content=\"1100\" \/>\n\t<meta property=\"og:image:height\" content=\"1100\" \/>\n\t<meta property=\"og:image:type\" content=\"image\/jpeg\" \/>\n<meta name=\"author\" content=\"jpicos\" \/>\n<meta name=\"twitter:card\" content=\"summary_large_image\" \/>\n<meta name=\"twitter:label1\" content=\"Escrito por\" \/>\n\t<meta name=\"twitter:data1\" content=\"jpicos\" \/>\n\t<meta name=\"twitter:label2\" content=\"Tiempo de lectura\" \/>\n\t<meta name=\"twitter:data2\" content=\"2 minutos\" \/>\n<!-- \/ Yoast SEO plugin. -->","yoast_head_json":{"title":"Visita a las instalaciones de la f\u00e1brica de El Alto de la empresa Cementos Portland Valderrivas - Actualidad Nebrija","description":"Los estudiantes de la Polit\u00e9cnica Nebrija visitan las instalaciones de la f\u00e1brica de El Alto de la empresa Cementos Portland Valderrivas.","robots":{"index":"index","follow":"follow","max-snippet":"max-snippet:-1","max-image-preview":"max-image-preview:large","max-video-preview":"max-video-preview:-1"},"canonical":"https:\/\/www.nebrija.com\/medios\/actualidadnebrija\/2024\/06\/25\/visita-a-las-instalaciones-de-la-fabrica-de-el-alto-de-la-empresa-cementos-portland-valderrivas\/","og_locale":"es_ES","og_type":"article","og_title":"Visita a las instalaciones de la f\u00e1brica de El Alto de la empresa Cementos Portland Valderrivas - Actualidad Nebrija","og_description":"Los estudiantes de la Polit\u00e9cnica Nebrija visitan las instalaciones de la f\u00e1brica de El Alto de la empresa Cementos Portland Valderrivas.","og_url":"https:\/\/www.nebrija.com\/medios\/actualidadnebrija\/2024\/06\/25\/visita-a-las-instalaciones-de-la-fabrica-de-el-alto-de-la-empresa-cementos-portland-valderrivas\/","og_site_name":"Actualidad Nebrija","article_published_time":"2024-06-25T13:13:31+00:00","article_modified_time":"2024-06-25T13:13:46+00:00","og_image":[{"width":1100,"height":1100,"url":"https:\/\/www.nebrija.com\/medios\/actualidadnebrija\/wp-content\/uploads\/sites\/2\/2024\/06\/Visita-a-las-instalaciones-de-la-fabrica-de-El-Alto-de-la-empresa-Cementos-Portland-Valderrivas-.jpg","type":"image\/jpeg"}],"author":"jpicos","twitter_card":"summary_large_image","twitter_misc":{"Escrito por":"jpicos","Tiempo de lectura":"2 minutos"},"schema":{"@context":"https:\/\/schema.org","@graph":[{"@type":"WebPage","@id":"https:\/\/www.nebrija.com\/medios\/actualidadnebrija\/2024\/06\/25\/visita-a-las-instalaciones-de-la-fabrica-de-el-alto-de-la-empresa-cementos-portland-valderrivas\/","url":"https:\/\/www.nebrija.com\/medios\/actualidadnebrija\/2024\/06\/25\/visita-a-las-instalaciones-de-la-fabrica-de-el-alto-de-la-empresa-cementos-portland-valderrivas\/","name":"Visita a las instalaciones de la f\u00e1brica de El Alto de la empresa Cementos Portland Valderrivas - Actualidad Nebrija","isPartOf":{"@id":"https:\/\/www.nebrija.com\/medios\/actualidadnebrija\/#website"},"datePublished":"2024-06-25T13:13:31+00:00","dateModified":"2024-06-25T13:13:46+00:00","author":{"@id":"https:\/\/www.nebrija.com\/medios\/actualidadnebrija\/#\/schema\/person\/0cd40b7dd3f54459e2cfc009dbd255c6"},"description":"Los estudiantes de la Polit\u00e9cnica Nebrija visitan las instalaciones de la f\u00e1brica de El Alto de la empresa Cementos Portland Valderrivas.","breadcrumb":{"@id":"https:\/\/www.nebrija.com\/medios\/actualidadnebrija\/2024\/06\/25\/visita-a-las-instalaciones-de-la-fabrica-de-el-alto-de-la-empresa-cementos-portland-valderrivas\/#breadcrumb"},"inLanguage":"es","potentialAction":[{"@type":"ReadAction","target":["https:\/\/www.nebrija.com\/medios\/actualidadnebrija\/2024\/06\/25\/visita-a-las-instalaciones-de-la-fabrica-de-el-alto-de-la-empresa-cementos-portland-valderrivas\/"]}]},{"@type":"BreadcrumbList","@id":"https:\/\/www.nebrija.com\/medios\/actualidadnebrija\/2024\/06\/25\/visita-a-las-instalaciones-de-la-fabrica-de-el-alto-de-la-empresa-cementos-portland-valderrivas\/#breadcrumb","itemListElement":[{"@type":"ListItem","position":1,"name":"Home","item":"https:\/\/www.nebrija.com\/medios\/actualidadnebrija\/"},{"@type":"ListItem","position":2,"name":"Visita a las instalaciones de la f\u00e1brica de El Alto de la empresa Cementos Portland Valderrivas"}]},{"@type":"WebSite","@id":"https:\/\/www.nebrija.com\/medios\/actualidadnebrija\/#website","url":"https:\/\/www.nebrija.com\/medios\/actualidadnebrija\/","name":"Actualidad Nebrija","description":"Noticias de la Universidad Nebrija","potentialAction":[{"@type":"SearchAction","target":{"@type":"EntryPoint","urlTemplate":"https:\/\/www.nebrija.com\/medios\/actualidadnebrija\/?s={search_term_string}"},"query-input":"required name=search_term_string"}],"inLanguage":"es"},{"@type":"Person","@id":"https:\/\/www.nebrija.com\/medios\/actualidadnebrija\/#\/schema\/person\/0cd40b7dd3f54459e2cfc009dbd255c6","name":"jpicos","image":{"@type":"ImageObject","inLanguage":"es","@id":"https:\/\/www.nebrija.com\/medios\/actualidadnebrija\/#\/schema\/person\/image\/","url":"https:\/\/secure.gravatar.com\/avatar\/c4a1005cff3fd9bb5185e9671f4f3e9b?s=96&d=mm&r=g","contentUrl":"https:\/\/secure.gravatar.com\/avatar\/c4a1005cff3fd9bb5185e9671f4f3e9b?s=96&d=mm&r=g","caption":"jpicos"},"url":"https:\/\/www.nebrija.com\/medios\/actualidadnebrija\/author\/jpicos\/"}]}},"_links":{"self":[{"href":"https:\/\/www.nebrija.com\/medios\/actualidadnebrija\/wp-json\/wp\/v2\/posts\/93570"}],"collection":[{"href":"https:\/\/www.nebrija.com\/medios\/actualidadnebrija\/wp-json\/wp\/v2\/posts"}],"about":[{"href":"https:\/\/www.nebrija.com\/medios\/actualidadnebrija\/wp-json\/wp\/v2\/types\/post"}],"author":[{"embeddable":true,"href":"https:\/\/www.nebrija.com\/medios\/actualidadnebrija\/wp-json\/wp\/v2\/users\/326"}],"replies":[{"embeddable":true,"href":"https:\/\/www.nebrija.com\/medios\/actualidadnebrija\/wp-json\/wp\/v2\/comments?post=93570"}],"version-history":[{"count":1,"href":"https:\/\/www.nebrija.com\/medios\/actualidadnebrija\/wp-json\/wp\/v2\/posts\/93570\/revisions"}],"predecessor-version":[{"id":93575,"href":"https:\/\/www.nebrija.com\/medios\/actualidadnebrija\/wp-json\/wp\/v2\/posts\/93570\/revisions\/93575"}],"wp:featuredmedia":[{"embeddable":true,"href":"https:\/\/www.nebrija.com\/medios\/actualidadnebrija\/wp-json\/wp\/v2\/media\/93574"}],"wp:attachment":[{"href":"https:\/\/www.nebrija.com\/medios\/actualidadnebrija\/wp-json\/wp\/v2\/media?parent=93570"}],"wp:term":[{"taxonomy":"category","embeddable":true,"href":"https:\/\/www.nebrija.com\/medios\/actualidadnebrija\/wp-json\/wp\/v2\/categories?post=93570"},{"taxonomy":"post_tag","embeddable":true,"href":"https:\/\/www.nebrija.com\/medios\/actualidadnebrija\/wp-json\/wp\/v2\/tags?post=93570"}],"curies":[{"name":"wp","href":"https:\/\/api.w.org\/{rel}","templated":true}]}}