{"id":94234,"date":"2024-09-04T09:18:36","date_gmt":"2024-09-04T07:18:36","guid":{"rendered":"https:\/\/www.nebrija.com\/medios\/actualidadnebrija\/?p=94234"},"modified":"2024-09-04T09:19:20","modified_gmt":"2024-09-04T07:19:20","slug":"acuerdo-de-la-universidad-nebrija-con-la-escuela-superior-de-guerra-del-ejercito-escuela-de-postgrado-del-peru","status":"publish","type":"post","link":"https:\/\/www.nebrija.com\/medios\/actualidadnebrija\/2024\/09\/04\/acuerdo-de-la-universidad-nebrija-con-la-escuela-superior-de-guerra-del-ejercito-escuela-de-postgrado-del-peru\/","title":{"rendered":"Acuerdo de la Universidad Nebrija con la Escuela Superior de Guerra del Ej\u00e9rcito &#8211; Escuela de Postgrado del Per\u00fa"},"content":{"rendered":"<p>La Universidad Nebrija y la Escuela Superior de Guerra del Ej\u00e9rcito \u2013 Escuela de Postgrado (<a href=\"https:\/\/esge.edu.pe\/\" target=\"_blank\" rel=\"noopener\">ESGE-EPG<\/a>) del Per\u00fa han formalizado un convenio espec\u00edfico de colaboraci\u00f3n. El acuerdo contempla la posibilidad de obtener doble titulaci\u00f3n en programas acad\u00e9micos afines. Adem\u00e1s, pretende facilitar el intercambio de personal docente, investigadores y estudiantes, y permitir\u00e1 que profesores de una instituci\u00f3n puedan ense\u00f1ar en la otra durante per\u00edodos determinados.<\/p>\n<p>El convenio incluye la organizaci\u00f3n de conferencias, seminarios, cursos y foros, tanto presenciales como online, as\u00ed como otros actos culturales y cient\u00edficos. Tambi\u00e9n promover\u00e1 la publicaci\u00f3n conjunta de libros y art\u00edculos en revistas especializadas.<\/p>\n<p>Esta colaboraci\u00f3n establece, asimismo, la posibilidad de ofrecer becas para los trabajadores de la ESGE-EPG y sus familiares directos, facilitando el acceso a la educaci\u00f3n superior en la Universidad Nebrija.<\/p>\n<p><img loading=\"lazy\" decoding=\"async\" class=\"alignnone size-full wp-image-94236\" src=\"https:\/\/www.nebrija.com\/medios\/actualidadnebrija\/wp-content\/uploads\/sites\/2\/2024\/09\/Escuela-Superior-de-Guerra-del-Ejercito-Escuela-de-Postgrado-del-Peru.jpg\" alt=\"Escuela Superior de Guerra del Ej\u00e9rcito - Escuela de Postgrado del Per\u00fa\" width=\"1100\" height=\"734\" \/><\/p>\n<p>La firma del acuerdo tuvo lugar en el Campus de Polit\u00e9cnica y Ciencias Sociales en Madrid-Princesa, con la asistencia en remoto del coronel Roque Flores Bayro, subdirector de la Escuela de Guerra,\u00a0y la presencia del Coronel Jorge Paredes, Agregado de Defensa y Militar del Per\u00fa en Espa\u00f1a. Por parte de la Universidad Nebrija, estuvieron presentes el Rector, Jos\u00e9 Mu\u00f1iz; el Decano de <a href=\"https:\/\/www.nebrija.com\/la_universidad\/facultades\/facultad-derecho-relaciones-internacionales\/\" target=\"_blank\" rel=\"noopener\">Derecho y de Relaciones Internacionales<\/a>, Alfonso L\u00f3pez de la Osa; la directora de Desarrollo Universitario Internacional, Saloomeh Yousefian; y la directora de Desarrollo Universitario para Sudam\u00e9rica, Hannia Escobar Ramos. Tambi\u00e9n asistieron Adri\u00e1n Nicol\u00e1s Marchal, director del Departamento de Seguridad y Defensa; y Giuseppe Kodjack, director del M\u00e1ster en Derecho Internacional Humanitario, Derechos Humanos y Derecho Operacional.<\/p>\n<p><img loading=\"lazy\" decoding=\"async\" class=\"alignnone size-full wp-image-94237\" src=\"https:\/\/www.nebrija.com\/medios\/actualidadnebrija\/wp-content\/uploads\/sites\/2\/2024\/09\/convenio-Escuela-Superior-de-Guerra-del-Ejercito-Peru.jpg\" alt=\"convenio Escuela Superior de Guerra del Ej\u00e9rcito Per\u00fa\" width=\"1100\" height=\"734\" \/><\/p>\n","protected":false},"excerpt":{"rendered":"<p>El acuerdo contempla la posibilidad de obtener doble titulaci\u00f3n en programas acad\u00e9micos afines.<\/p>\n","protected":false},"author":1182,"featured_media":94235,"comment_status":"open","ping_status":"open","sticky":false,"template":"","format":"standard","meta":{"_acf_changed":false,"_monsterinsights_skip_tracking":false,"_monsterinsights_sitenote_active":false,"_monsterinsights_sitenote_note":"","_monsterinsights_sitenote_category":0,"footnotes":""},"categories":[3,12,5016],"tags":[4629,5944,5547],"acf":[],"yoast_head":"<!-- This site is optimized with the Yoast SEO plugin v22.1 - https:\/\/yoast.com\/wordpress\/plugins\/seo\/ -->\n<title>Acuerdo de la Universidad Nebrija con la Escuela Superior de Guerra del Ej\u00e9rcito - Escuela de Postgrado del Per\u00fa - Actualidad Nebrija<\/title>\n<meta name=\"description\" content=\"La Universidad Nebrija y la Escuela Superior de Guerra del Ej\u00e9rcito \u2013 Escuela de Postgrado del Per\u00fa formalizan un convenio de colaboraci\u00f3n\" \/>\n<meta name=\"robots\" content=\"index, follow, max-snippet:-1, max-image-preview:large, max-video-preview:-1\" \/>\n<link rel=\"canonical\" href=\"https:\/\/www.nebrija.com\/medios\/actualidadnebrija\/2024\/09\/04\/acuerdo-de-la-universidad-nebrija-con-la-escuela-superior-de-guerra-del-ejercito-escuela-de-postgrado-del-peru\/\" \/>\n<meta property=\"og:locale\" content=\"es_ES\" \/>\n<meta property=\"og:type\" content=\"article\" \/>\n<meta property=\"og:title\" content=\"Acuerdo de la Universidad Nebrija con la Escuela Superior de Guerra del Ej\u00e9rcito - Escuela de Postgrado del Per\u00fa - Actualidad Nebrija\" \/>\n<meta property=\"og:description\" content=\"La Universidad Nebrija y la Escuela Superior de Guerra del Ej\u00e9rcito \u2013 Escuela de Postgrado del Per\u00fa formalizan un convenio de colaboraci\u00f3n\" \/>\n<meta property=\"og:url\" content=\"https:\/\/www.nebrija.com\/medios\/actualidadnebrija\/2024\/09\/04\/acuerdo-de-la-universidad-nebrija-con-la-escuela-superior-de-guerra-del-ejercito-escuela-de-postgrado-del-peru\/\" \/>\n<meta property=\"og:site_name\" content=\"Actualidad Nebrija\" \/>\n<meta property=\"article:published_time\" content=\"2024-09-04T07:18:36+00:00\" \/>\n<meta property=\"article:modified_time\" content=\"2024-09-04T07:19:20+00:00\" \/>\n<meta property=\"og:image\" content=\"https:\/\/www.nebrija.com\/medios\/actualidadnebrija\/wp-content\/uploads\/sites\/2\/2024\/09\/Acuerdo-de-la-Universidad-Nebrija-con-la-Escuela-Superior-de-Guerra-del-Ejercito-Escuela-de-Postgrado-del-Peru.jpg\" \/>\n\t<meta property=\"og:image:width\" content=\"1100\" \/>\n\t<meta property=\"og:image:height\" content=\"734\" \/>\n\t<meta property=\"og:image:type\" content=\"image\/jpeg\" \/>\n<meta name=\"author\" content=\"mcamposd\" \/>\n<meta name=\"twitter:card\" content=\"summary_large_image\" \/>\n<meta name=\"twitter:label1\" content=\"Escrito por\" \/>\n\t<meta name=\"twitter:data1\" content=\"mcamposd\" \/>\n\t<meta name=\"twitter:label2\" content=\"Tiempo de lectura\" \/>\n\t<meta name=\"twitter:data2\" content=\"2 minutos\" \/>\n<!-- \/ Yoast SEO plugin. -->","yoast_head_json":{"title":"Acuerdo de la Universidad Nebrija con la Escuela Superior de Guerra del Ej\u00e9rcito - Escuela de Postgrado del Per\u00fa - Actualidad Nebrija","description":"La Universidad Nebrija y la Escuela Superior de Guerra del Ej\u00e9rcito \u2013 Escuela de Postgrado del Per\u00fa formalizan un convenio de colaboraci\u00f3n","robots":{"index":"index","follow":"follow","max-snippet":"max-snippet:-1","max-image-preview":"max-image-preview:large","max-video-preview":"max-video-preview:-1"},"canonical":"https:\/\/www.nebrija.com\/medios\/actualidadnebrija\/2024\/09\/04\/acuerdo-de-la-universidad-nebrija-con-la-escuela-superior-de-guerra-del-ejercito-escuela-de-postgrado-del-peru\/","og_locale":"es_ES","og_type":"article","og_title":"Acuerdo de la Universidad Nebrija con la Escuela Superior de Guerra del Ej\u00e9rcito - Escuela de Postgrado del Per\u00fa - Actualidad Nebrija","og_description":"La Universidad Nebrija y la Escuela Superior de Guerra del Ej\u00e9rcito \u2013 Escuela de Postgrado del Per\u00fa formalizan un convenio de colaboraci\u00f3n","og_url":"https:\/\/www.nebrija.com\/medios\/actualidadnebrija\/2024\/09\/04\/acuerdo-de-la-universidad-nebrija-con-la-escuela-superior-de-guerra-del-ejercito-escuela-de-postgrado-del-peru\/","og_site_name":"Actualidad Nebrija","article_published_time":"2024-09-04T07:18:36+00:00","article_modified_time":"2024-09-04T07:19:20+00:00","og_image":[{"width":1100,"height":734,"url":"https:\/\/www.nebrija.com\/medios\/actualidadnebrija\/wp-content\/uploads\/sites\/2\/2024\/09\/Acuerdo-de-la-Universidad-Nebrija-con-la-Escuela-Superior-de-Guerra-del-Ejercito-Escuela-de-Postgrado-del-Peru.jpg","type":"image\/jpeg"}],"author":"mcamposd","twitter_card":"summary_large_image","twitter_misc":{"Escrito por":"mcamposd","Tiempo de lectura":"2 minutos"},"schema":{"@context":"https:\/\/schema.org","@graph":[{"@type":"WebPage","@id":"https:\/\/www.nebrija.com\/medios\/actualidadnebrija\/2024\/09\/04\/acuerdo-de-la-universidad-nebrija-con-la-escuela-superior-de-guerra-del-ejercito-escuela-de-postgrado-del-peru\/","url":"https:\/\/www.nebrija.com\/medios\/actualidadnebrija\/2024\/09\/04\/acuerdo-de-la-universidad-nebrija-con-la-escuela-superior-de-guerra-del-ejercito-escuela-de-postgrado-del-peru\/","name":"Acuerdo de la Universidad Nebrija con la Escuela Superior de Guerra del Ej\u00e9rcito - Escuela de Postgrado del Per\u00fa - Actualidad Nebrija","isPartOf":{"@id":"https:\/\/www.nebrija.com\/medios\/actualidadnebrija\/#website"},"datePublished":"2024-09-04T07:18:36+00:00","dateModified":"2024-09-04T07:19:20+00:00","author":{"@id":"https:\/\/www.nebrija.com\/medios\/actualidadnebrija\/#\/schema\/person\/205582e65069359d9f07d260f6d48a9c"},"description":"La Universidad Nebrija y la Escuela Superior de Guerra del Ej\u00e9rcito \u2013 Escuela de Postgrado del Per\u00fa formalizan un convenio de colaboraci\u00f3n","breadcrumb":{"@id":"https:\/\/www.nebrija.com\/medios\/actualidadnebrija\/2024\/09\/04\/acuerdo-de-la-universidad-nebrija-con-la-escuela-superior-de-guerra-del-ejercito-escuela-de-postgrado-del-peru\/#breadcrumb"},"inLanguage":"es","potentialAction":[{"@type":"ReadAction","target":["https:\/\/www.nebrija.com\/medios\/actualidadnebrija\/2024\/09\/04\/acuerdo-de-la-universidad-nebrija-con-la-escuela-superior-de-guerra-del-ejercito-escuela-de-postgrado-del-peru\/"]}]},{"@type":"BreadcrumbList","@id":"https:\/\/www.nebrija.com\/medios\/actualidadnebrija\/2024\/09\/04\/acuerdo-de-la-universidad-nebrija-con-la-escuela-superior-de-guerra-del-ejercito-escuela-de-postgrado-del-peru\/#breadcrumb","itemListElement":[{"@type":"ListItem","position":1,"name":"Home","item":"https:\/\/www.nebrija.com\/medios\/actualidadnebrija\/"},{"@type":"ListItem","position":2,"name":"Acuerdo de la Universidad Nebrija con la Escuela Superior de Guerra del Ej\u00e9rcito &#8211; Escuela de Postgrado del Per\u00fa"}]},{"@type":"WebSite","@id":"https:\/\/www.nebrija.com\/medios\/actualidadnebrija\/#website","url":"https:\/\/www.nebrija.com\/medios\/actualidadnebrija\/","name":"Actualidad Nebrija","description":"Noticias de la Universidad Nebrija","potentialAction":[{"@type":"SearchAction","target":{"@type":"EntryPoint","urlTemplate":"https:\/\/www.nebrija.com\/medios\/actualidadnebrija\/?s={search_term_string}"},"query-input":"required name=search_term_string"}],"inLanguage":"es"},{"@type":"Person","@id":"https:\/\/www.nebrija.com\/medios\/actualidadnebrija\/#\/schema\/person\/205582e65069359d9f07d260f6d48a9c","name":"mcamposd","image":{"@type":"ImageObject","inLanguage":"es","@id":"https:\/\/www.nebrija.com\/medios\/actualidadnebrija\/#\/schema\/person\/image\/","url":"https:\/\/secure.gravatar.com\/avatar\/d0592be503e718fe4bc82c9a3b03724e?s=96&d=mm&r=g","contentUrl":"https:\/\/secure.gravatar.com\/avatar\/d0592be503e718fe4bc82c9a3b03724e?s=96&d=mm&r=g","caption":"mcamposd"},"url":"https:\/\/www.nebrija.com\/medios\/actualidadnebrija\/author\/mcamposd\/"}]}},"_links":{"self":[{"href":"https:\/\/www.nebrija.com\/medios\/actualidadnebrija\/wp-json\/wp\/v2\/posts\/94234"}],"collection":[{"href":"https:\/\/www.nebrija.com\/medios\/actualidadnebrija\/wp-json\/wp\/v2\/posts"}],"about":[{"href":"https:\/\/www.nebrija.com\/medios\/actualidadnebrija\/wp-json\/wp\/v2\/types\/post"}],"author":[{"embeddable":true,"href":"https:\/\/www.nebrija.com\/medios\/actualidadnebrija\/wp-json\/wp\/v2\/users\/1182"}],"replies":[{"embeddable":true,"href":"https:\/\/www.nebrija.com\/medios\/actualidadnebrija\/wp-json\/wp\/v2\/comments?post=94234"}],"version-history":[{"count":1,"href":"https:\/\/www.nebrija.com\/medios\/actualidadnebrija\/wp-json\/wp\/v2\/posts\/94234\/revisions"}],"predecessor-version":[{"id":94238,"href":"https:\/\/www.nebrija.com\/medios\/actualidadnebrija\/wp-json\/wp\/v2\/posts\/94234\/revisions\/94238"}],"wp:featuredmedia":[{"embeddable":true,"href":"https:\/\/www.nebrija.com\/medios\/actualidadnebrija\/wp-json\/wp\/v2\/media\/94235"}],"wp:attachment":[{"href":"https:\/\/www.nebrija.com\/medios\/actualidadnebrija\/wp-json\/wp\/v2\/media?parent=94234"}],"wp:term":[{"taxonomy":"category","embeddable":true,"href":"https:\/\/www.nebrija.com\/medios\/actualidadnebrija\/wp-json\/wp\/v2\/categories?post=94234"},{"taxonomy":"post_tag","embeddable":true,"href":"https:\/\/www.nebrija.com\/medios\/actualidadnebrija\/wp-json\/wp\/v2\/tags?post=94234"}],"curies":[{"name":"wp","href":"https:\/\/api.w.org\/{rel}","templated":true}]}}