{"id":94281,"date":"2024-09-12T13:06:15","date_gmt":"2024-09-12T11:06:15","guid":{"rendered":"https:\/\/www.nebrija.com\/medios\/actualidadnebrija\/?p=94281"},"modified":"2024-09-12T13:10:21","modified_gmt":"2024-09-12T11:10:21","slug":"la-universidad-nebrija-celebra-el-desfile-atelier-nebrija-en-madrid-es-moda","status":"publish","type":"post","link":"https:\/\/www.nebrija.com\/medios\/actualidadnebrija\/2024\/09\/12\/la-universidad-nebrija-celebra-el-desfile-atelier-nebrija-en-madrid-es-moda\/","title":{"rendered":"La Universidad Nebrija celebra el desfile Atelier Nebrija en Madrid es Moda"},"content":{"rendered":"<p>La Universidad Nebrija ha celebrado un a\u00f1o m\u00e1s el desfile Atelier Nebrija, con una colecci\u00f3n de 42 dise\u00f1os creados de manera individual por los estudiantes del <a href=\"https:\/\/www.nebrija.com\/carreras-universitarias\/grado-moda\/\" target=\"_blank\" rel=\"noopener\">Grado en Dise\u00f1o de Moda<\/a> y presentados de manera conjunta en una pasarela creada en el Campus de la Polit\u00e9cnica y Ciencias Sociales en Madrid-Princesa.<\/p>\n<p>Por primera vez, Atelier Nebrija se ha enmarcado en <a href=\"https:\/\/madridesmoda.com\/?gad_source=1&amp;gclid=CjwKCAjw_4S3BhAAEiwA_64YhmpfD-Xku8JfuR0ja_wwoG6guAT745nqGE9r-JRQy30r7rul76UYqBoCnCAQAvD_BwE\" target=\"_blank\" rel=\"noopener\">Madrid es Moda<\/a>. Se trata de una iniciativa organizada por la Asociaci\u00f3n Creadores de Moda de Espa\u00f1a (ACME) que forma parte de la Semana de la Moda de Madrid junto a <a href=\"https:\/\/www.ifema.es\/mbfw-madrid\" target=\"_blank\" rel=\"noopener\">Mercedes-Benz Fashion Week Madrid<\/a> (MBFWM). De este modo, los estudiantes de la Universidad Nebrija han compartido calendario con firmas destacadas y dise\u00f1adores consagrados, en una pasarela que ha salido de las aulas para codearse con el sector de la moda profesional.<\/p>\n<p><img loading=\"lazy\" decoding=\"async\" class=\"alignnone size-full wp-image-94283\" src=\"https:\/\/www.nebrija.com\/medios\/actualidadnebrija\/wp-content\/uploads\/sites\/2\/2024\/09\/Atelier-Nebrija.jpg\" alt=\"Atelier Nebrija \" width=\"1100\" height=\"734\" \/><\/p>\n<p>Tradicionalmente, los estudiantes de cuarto a\u00f1o del Grado en Dise\u00f1o de Moda celebran cada a\u00f1o Atelier Nebrija, una pasarela en la que muestran sus propios dise\u00f1os como broche final a la etapa universitaria. Esa iniciativa se ha reconvertido este a\u00f1o para integrarse en Madrid es Moda, y en esta ocasi\u00f3n con la participaci\u00f3n de treinta alumnos de todos los cursos del grado, seleccionados por los profesores. Esto ha permitido dar visibilidad tanto al talento y creatividad de los reci\u00e9n llegados, como a la profesionalidad y estilo propio del alumnado que finaliza sus estudios.<\/p>\n<p><img loading=\"lazy\" decoding=\"async\" class=\"alignnone size-full wp-image-94284\" src=\"https:\/\/www.nebrija.com\/medios\/actualidadnebrija\/wp-content\/uploads\/sites\/2\/2024\/09\/Desfile-Atelier-Nebrija.jpg\" alt=\"Desfile Atelier Nebrija\" width=\"1100\" height=\"734\" \/><\/p>\n<h2><strong>La colecci\u00f3n de Atelier Nebrija: innovaci\u00f3n y sostenibilidad<\/strong><\/h2>\n<p>La edici\u00f3n especial de Atelier Nebrija ha englobado 42 looks dise\u00f1ados de modo individual pero presentados en un desfile conjunto que ha fusionado innovaci\u00f3n y tendencias vanguardistas con grandes cl\u00e1sicos de la moda y un total protagonismo de la sostenibilidad.<\/p>\n<p>As\u00ed, prendas realizadas en gelatina, cemento, silicona, algas marinas o pl\u00e1sticos reciclados han compartido espacio con materiales tradicionales como el punto, el tejano o el tul; y t\u00e9cnicas como el <em>patchwork<\/em>, los bordados, los plisados y los drapeados.<\/p>\n<p><img loading=\"lazy\" decoding=\"async\" class=\"alignnone size-full wp-image-94285\" src=\"https:\/\/www.nebrija.com\/medios\/actualidadnebrija\/wp-content\/uploads\/sites\/2\/2024\/09\/desfile-moda-Nebrija.jpg\" alt=\"Desfile moda Nebrija\" width=\"1100\" height=\"734\" \/><\/p>\n<p>La propuesta incluye desde dise\u00f1os atemporales, con gui\u00f1os a la historia de la indumentaria gracias a estructuras que reviven polisones, cors\u00e9s y miri\u00f1aques; a patrones minimalistas y otros totalmente escult\u00f3ricos, con espectaculares maxivol\u00famenes. Desde un cl\u00e1sico top de rayas marineras en versi\u00f3n futurista con patr\u00f3n en forma de aro geom\u00e9trico, a una moderna Caperucita Roja con una capucha XXL, el resultado es una mezcla armoniosa de texturas, colores y patrones, que conforman un rico conjunto creativo con gran protagonismo de la experimentaci\u00f3n y, sobre todo, del trabajo de costura.<\/p>\n<p>Pese a ser dise\u00f1os independientes, la puesta en escena destac\u00f3 por su armon\u00eda est\u00e9tica y visual a trav\u00e9s del color, conservando un hilo argumental coherente. Desde el m\u00e1s profundo negro hasta el blanco puro, el desfile incluy\u00f3 propuestas de vibrantes tonalidades como el azul, el amarillo, una amplia gama de rojos y metalizados.<\/p>\n<p>Los estudiantes creadores de Atelier Nebrija han sido Venus Amengual, Laura Aranda, Celia Coss\u00edo, Sara Dom\u00ednguez, Laura Exp\u00f3sito, Carolina Farelo, Noelia Ferretti, Claudia G\u00f3mez, Andrea Mar\u00edn, Paloma Mart\u00ednez, Jorge Mart\u00ednez, Victoria Miliani, Julia Pardos, \u00c1ngel Paredes, Mar\u00eda Rojo, Regina Gonz\u00e1lez, Rub\u00e9n S\u00e1nchez, Daniel Sereno, Luc\u00eda Sub\u00edas, Ximena Couttolenc, Hugo Villaca\u00f1as, Esperanza Pineda, F\u00e1tima Blasco, Carla Merino, Sof\u00eda S\u00e1nchez, Melisa Oliva, Silvia S\u00e1nchez, Macarena S\u00e1nchez, Ana Paula Figueroa y Paula Tr\u00edas.<\/p>\n<p><img loading=\"lazy\" decoding=\"async\" class=\"alignnone size-full wp-image-94287\" src=\"https:\/\/www.nebrija.com\/medios\/actualidadnebrija\/wp-content\/uploads\/sites\/2\/2024\/09\/Alumnos-moda.jpg\" alt=\"Alumnos moda\" width=\"1100\" height=\"734\" \/><\/p>\n<h3><strong>Talento visible<\/strong><\/h3>\n<p>La presencia de Atelier Nebrija es Madrid es Moda supone \u201cprofesionalizar el trabajo de los alumnos y dar una visibilidad al talento que tenemos en las aulas, a trav\u00e9s de un desfile \u00fanico para el que hemos conseguido reconvertir un sal\u00f3n de actos en una pasarela de primer nivel, y que ha podido ser visto por profesionales de primera l\u00ednea del sector\u201d, sostiene Juan Ferrando, director del Grado en Dise\u00f1o de Moda de la Universidad Nebrija.<\/p>\n<p>Madrid es Moda cuenta con el apoyo de Madrid Capital de Moda del Ayuntamiento de Madrid que lidera el \u00e1rea de Gobierno de Econom\u00eda, Innovaci\u00f3n y Hacienda. Tiene el objetivo de poner en valor y crear oportunidades de negocio para las marcas espa\u00f1olas de moda de autor en uni\u00f3n con los valores de la ciudad de Madrid, a trav\u00e9s de las propuestas de dise\u00f1adores consagrados y reputadas firmas de moda que se presentan en diferentes puntos de la capital. Es una iniciativa que ACME viene desarrollando de forma bianual desde septiembre de 2015 y de la que la Universidad Nebrija se ha convertido en patrocinadora en esta edici\u00f3n.<\/p>\n<p>El desfile cont\u00f3 con la asistencia de Ana Rodr\u00edguez, directora de MBFWM; Paloma Garc\u00eda, presidenta de <a href=\"https:\/\/thecircularproject.com\/noticias\/\" target=\"_blank\" rel=\"noopener\">The Circular Project<\/a>, proyecto integral de moda sostenible; Tamara Alcalde, coordinadora de Madrid es Moda; o el fot\u00f3grafo de moda Pablo Paniagua.<\/p>\n<p><img loading=\"lazy\" decoding=\"async\" class=\"alignnone size-full wp-image-94286\" src=\"https:\/\/www.nebrija.com\/medios\/actualidadnebrija\/wp-content\/uploads\/sites\/2\/2024\/09\/Front-row-Atelier-Nebrija.jpg\" alt=\"Front row Atelier Nebrija\" width=\"1100\" height=\"734\" \/><\/p>\n<p><em>Texto: Abigail Campos D\u00edez \/ Fotos: Zaida del R\u00edo<\/em><\/p>\n","protected":false},"excerpt":{"rendered":"<p>Los estudiantes han compartido calendario con firmas destacadas y dise\u00f1adores consagrados, y han presentado una propuesta que fusiona innovaci\u00f3n y vanguardia con grandes cl\u00e1sicos de la moda, materiales experimentales, grandes dosis de costura y un total protagonismo de la sostenibilidad.<\/p>\n","protected":false},"author":1182,"featured_media":94282,"comment_status":"open","ping_status":"open","sticky":false,"template":"","format":"standard","meta":{"_acf_changed":false,"_monsterinsights_skip_tracking":false,"_monsterinsights_sitenote_active":false,"_monsterinsights_sitenote_note":"","_monsterinsights_sitenote_category":0,"footnotes":""},"categories":[3050],"tags":[4955,3538,3124,3414,5667,5946,5947,3255],"acf":[],"yoast_head":"<!-- This site is optimized with the Yoast SEO plugin v22.1 - https:\/\/yoast.com\/wordpress\/plugins\/seo\/ -->\n<title>La Universidad Nebrija celebra el desfile Atelier Nebrija en Madrid es Moda - Actualidad Nebrija<\/title>\n<meta name=\"description\" content=\"La Universidad Nebrija ha celebrado un a\u00f1o m\u00e1s el desfile Atelier Nebrija, por primera vez como integrado en Madrid es Moda.\" \/>\n<meta name=\"robots\" content=\"index, follow, max-snippet:-1, max-image-preview:large, max-video-preview:-1\" \/>\n<link rel=\"canonical\" href=\"https:\/\/www.nebrija.com\/medios\/actualidadnebrija\/2024\/09\/12\/la-universidad-nebrija-celebra-el-desfile-atelier-nebrija-en-madrid-es-moda\/\" \/>\n<meta property=\"og:locale\" content=\"es_ES\" \/>\n<meta property=\"og:type\" content=\"article\" \/>\n<meta property=\"og:title\" content=\"La Universidad Nebrija celebra el desfile Atelier Nebrija en Madrid es Moda - Actualidad Nebrija\" \/>\n<meta property=\"og:description\" content=\"La Universidad Nebrija ha celebrado un a\u00f1o m\u00e1s el desfile Atelier Nebrija, por primera vez como integrado en Madrid es Moda.\" \/>\n<meta property=\"og:url\" content=\"https:\/\/www.nebrija.com\/medios\/actualidadnebrija\/2024\/09\/12\/la-universidad-nebrija-celebra-el-desfile-atelier-nebrija-en-madrid-es-moda\/\" \/>\n<meta property=\"og:site_name\" content=\"Actualidad Nebrija\" \/>\n<meta property=\"article:published_time\" content=\"2024-09-12T11:06:15+00:00\" \/>\n<meta property=\"article:modified_time\" content=\"2024-09-12T11:10:21+00:00\" \/>\n<meta property=\"og:image\" content=\"https:\/\/www.nebrija.com\/medios\/actualidadnebrija\/wp-content\/uploads\/sites\/2\/2024\/09\/La-Universidad-Nebrija-celebra-el-desfile-Atelier-Nebrija-en-Madrid-es-Moda.jpg\" \/>\n\t<meta property=\"og:image:width\" content=\"1100\" \/>\n\t<meta property=\"og:image:height\" content=\"734\" \/>\n\t<meta property=\"og:image:type\" content=\"image\/jpeg\" \/>\n<meta name=\"author\" content=\"mcamposd\" \/>\n<meta name=\"twitter:card\" content=\"summary_large_image\" \/>\n<meta name=\"twitter:label1\" content=\"Escrito por\" \/>\n\t<meta name=\"twitter:data1\" content=\"mcamposd\" \/>\n\t<meta name=\"twitter:label2\" content=\"Tiempo de lectura\" \/>\n\t<meta name=\"twitter:data2\" content=\"5 minutos\" \/>\n<!-- \/ Yoast SEO plugin. -->","yoast_head_json":{"title":"La Universidad Nebrija celebra el desfile Atelier Nebrija en Madrid es Moda - Actualidad Nebrija","description":"La Universidad Nebrija ha celebrado un a\u00f1o m\u00e1s el desfile Atelier Nebrija, por primera vez como integrado en Madrid es Moda.","robots":{"index":"index","follow":"follow","max-snippet":"max-snippet:-1","max-image-preview":"max-image-preview:large","max-video-preview":"max-video-preview:-1"},"canonical":"https:\/\/www.nebrija.com\/medios\/actualidadnebrija\/2024\/09\/12\/la-universidad-nebrija-celebra-el-desfile-atelier-nebrija-en-madrid-es-moda\/","og_locale":"es_ES","og_type":"article","og_title":"La Universidad Nebrija celebra el desfile Atelier Nebrija en Madrid es Moda - Actualidad Nebrija","og_description":"La Universidad Nebrija ha celebrado un a\u00f1o m\u00e1s el desfile Atelier Nebrija, por primera vez como integrado en Madrid es Moda.","og_url":"https:\/\/www.nebrija.com\/medios\/actualidadnebrija\/2024\/09\/12\/la-universidad-nebrija-celebra-el-desfile-atelier-nebrija-en-madrid-es-moda\/","og_site_name":"Actualidad Nebrija","article_published_time":"2024-09-12T11:06:15+00:00","article_modified_time":"2024-09-12T11:10:21+00:00","og_image":[{"width":1100,"height":734,"url":"https:\/\/www.nebrija.com\/medios\/actualidadnebrija\/wp-content\/uploads\/sites\/2\/2024\/09\/La-Universidad-Nebrija-celebra-el-desfile-Atelier-Nebrija-en-Madrid-es-Moda.jpg","type":"image\/jpeg"}],"author":"mcamposd","twitter_card":"summary_large_image","twitter_misc":{"Escrito por":"mcamposd","Tiempo de lectura":"5 minutos"},"schema":{"@context":"https:\/\/schema.org","@graph":[{"@type":"WebPage","@id":"https:\/\/www.nebrija.com\/medios\/actualidadnebrija\/2024\/09\/12\/la-universidad-nebrija-celebra-el-desfile-atelier-nebrija-en-madrid-es-moda\/","url":"https:\/\/www.nebrija.com\/medios\/actualidadnebrija\/2024\/09\/12\/la-universidad-nebrija-celebra-el-desfile-atelier-nebrija-en-madrid-es-moda\/","name":"La Universidad Nebrija celebra el desfile Atelier Nebrija en Madrid es Moda - Actualidad Nebrija","isPartOf":{"@id":"https:\/\/www.nebrija.com\/medios\/actualidadnebrija\/#website"},"datePublished":"2024-09-12T11:06:15+00:00","dateModified":"2024-09-12T11:10:21+00:00","author":{"@id":"https:\/\/www.nebrija.com\/medios\/actualidadnebrija\/#\/schema\/person\/205582e65069359d9f07d260f6d48a9c"},"description":"La Universidad Nebrija ha celebrado un a\u00f1o m\u00e1s el desfile Atelier Nebrija, por primera vez como integrado en Madrid es Moda.","breadcrumb":{"@id":"https:\/\/www.nebrija.com\/medios\/actualidadnebrija\/2024\/09\/12\/la-universidad-nebrija-celebra-el-desfile-atelier-nebrija-en-madrid-es-moda\/#breadcrumb"},"inLanguage":"es","potentialAction":[{"@type":"ReadAction","target":["https:\/\/www.nebrija.com\/medios\/actualidadnebrija\/2024\/09\/12\/la-universidad-nebrija-celebra-el-desfile-atelier-nebrija-en-madrid-es-moda\/"]}]},{"@type":"BreadcrumbList","@id":"https:\/\/www.nebrija.com\/medios\/actualidadnebrija\/2024\/09\/12\/la-universidad-nebrija-celebra-el-desfile-atelier-nebrija-en-madrid-es-moda\/#breadcrumb","itemListElement":[{"@type":"ListItem","position":1,"name":"Home","item":"https:\/\/www.nebrija.com\/medios\/actualidadnebrija\/"},{"@type":"ListItem","position":2,"name":"La Universidad Nebrija celebra el desfile Atelier Nebrija en Madrid es Moda"}]},{"@type":"WebSite","@id":"https:\/\/www.nebrija.com\/medios\/actualidadnebrija\/#website","url":"https:\/\/www.nebrija.com\/medios\/actualidadnebrija\/","name":"Actualidad Nebrija","description":"Noticias de la Universidad Nebrija","potentialAction":[{"@type":"SearchAction","target":{"@type":"EntryPoint","urlTemplate":"https:\/\/www.nebrija.com\/medios\/actualidadnebrija\/?s={search_term_string}"},"query-input":"required name=search_term_string"}],"inLanguage":"es"},{"@type":"Person","@id":"https:\/\/www.nebrija.com\/medios\/actualidadnebrija\/#\/schema\/person\/205582e65069359d9f07d260f6d48a9c","name":"mcamposd","image":{"@type":"ImageObject","inLanguage":"es","@id":"https:\/\/www.nebrija.com\/medios\/actualidadnebrija\/#\/schema\/person\/image\/","url":"https:\/\/secure.gravatar.com\/avatar\/d0592be503e718fe4bc82c9a3b03724e?s=96&d=mm&r=g","contentUrl":"https:\/\/secure.gravatar.com\/avatar\/d0592be503e718fe4bc82c9a3b03724e?s=96&d=mm&r=g","caption":"mcamposd"},"url":"https:\/\/www.nebrija.com\/medios\/actualidadnebrija\/author\/mcamposd\/"}]}},"_links":{"self":[{"href":"https:\/\/www.nebrija.com\/medios\/actualidadnebrija\/wp-json\/wp\/v2\/posts\/94281"}],"collection":[{"href":"https:\/\/www.nebrija.com\/medios\/actualidadnebrija\/wp-json\/wp\/v2\/posts"}],"about":[{"href":"https:\/\/www.nebrija.com\/medios\/actualidadnebrija\/wp-json\/wp\/v2\/types\/post"}],"author":[{"embeddable":true,"href":"https:\/\/www.nebrija.com\/medios\/actualidadnebrija\/wp-json\/wp\/v2\/users\/1182"}],"replies":[{"embeddable":true,"href":"https:\/\/www.nebrija.com\/medios\/actualidadnebrija\/wp-json\/wp\/v2\/comments?post=94281"}],"version-history":[{"count":6,"href":"https:\/\/www.nebrija.com\/medios\/actualidadnebrija\/wp-json\/wp\/v2\/posts\/94281\/revisions"}],"predecessor-version":[{"id":94297,"href":"https:\/\/www.nebrija.com\/medios\/actualidadnebrija\/wp-json\/wp\/v2\/posts\/94281\/revisions\/94297"}],"wp:featuredmedia":[{"embeddable":true,"href":"https:\/\/www.nebrija.com\/medios\/actualidadnebrija\/wp-json\/wp\/v2\/media\/94282"}],"wp:attachment":[{"href":"https:\/\/www.nebrija.com\/medios\/actualidadnebrija\/wp-json\/wp\/v2\/media?parent=94281"}],"wp:term":[{"taxonomy":"category","embeddable":true,"href":"https:\/\/www.nebrija.com\/medios\/actualidadnebrija\/wp-json\/wp\/v2\/categories?post=94281"},{"taxonomy":"post_tag","embeddable":true,"href":"https:\/\/www.nebrija.com\/medios\/actualidadnebrija\/wp-json\/wp\/v2\/tags?post=94281"}],"curies":[{"name":"wp","href":"https:\/\/api.w.org\/{rel}","templated":true}]}}