{"id":94382,"date":"2024-09-20T11:32:30","date_gmt":"2024-09-20T09:32:30","guid":{"rendered":"https:\/\/www.nebrija.com\/medios\/actualidadnebrija\/?p=94382"},"modified":"2024-09-20T11:33:21","modified_gmt":"2024-09-20T09:33:21","slug":"rosalia-banet-gana-el-viii-premio-nebrija-de-adquisicion-a-la-creacion-artistica","status":"publish","type":"post","link":"https:\/\/www.nebrija.com\/medios\/actualidadnebrija\/2024\/09\/20\/rosalia-banet-gana-el-viii-premio-nebrija-de-adquisicion-a-la-creacion-artistica\/","title":{"rendered":"Rosal\u00eda Banet gana el VIII Premio Nebrija de Adquisici\u00f3n a la Creaci\u00f3n Art\u00edstica"},"content":{"rendered":"<p>El Premio de Adquisici\u00f3n en Reconocimiento a la Creaci\u00f3n Art\u00edstica de la Universidad Nebrija ha reca\u00eddo en su octava edici\u00f3n en Rosal\u00eda Banet (Santiago de Compostela, 1972). Este galard\u00f3n reconoce la trayectoria de una artista contempor\u00e1nea entre las participantes en la exposici\u00f3n <em>Tejidos Simbi\u00f3ticos<\/em> que acoge la <a href=\"https:\/\/pradiauto.com\/es\/\">Galer\u00eda Pradiauto<\/a> (C\/ Pradillo 11, Madrid) hasta el 21 de septiembre.<\/p>\n<p>La calidad art\u00edstica de la obra, la trayectoria de la autora y su inserci\u00f3n en el discurso del arte contempor\u00e1neo son las claves para este reconocimiento. Promovido por el <a href=\"https:\/\/www.nebrija.com\/programas-postgrado\/master\/mercado-arte\/\">M\u00e1ster en Mercado del Arte y Gesti\u00f3n de Empresas Relacionadas<\/a> de la Universidad Nebrija, el Premio y la muestra, seg\u00fan Jos\u00e9 Luis Guijarro, director del M\u00e1ster, \u201centronca con el lema de la Universidad Nebrija de aprender haciendo, y, en este sentido, los estudiantes tienen la oportunidad \u00fanica de trabajar dentro de lo que es la escena art\u00edstica local dentro de un festival de todas las galer\u00edas de Madrid con artistas y obras reales y relevantes\u201d.<\/p>\n<p>La distinci\u00f3n, con una dotaci\u00f3n de 4000 euros, conlleva la adquisici\u00f3n de la obra premiada por la Universidad Nebrija para su colecci\u00f3n particular. El jurado estuvo compuesto por Carlos Delgado, cr\u00edtico de arte en ABC; Marina Gonz\u00e1lez Guerreiro, artista y ganadora del Premio de Adquisici\u00f3n Nebrija 2023; Javier Mart\u00edn Jim\u00e9nez, comisario, gestor cultural y docente; Luis G\u00e1rciga, artista y docente de la Universidad Nebrija; Gregorio Mart\u00ednez, director de la <a href=\"https:\/\/www.fundacionnebrija.org\/\">Fundaci\u00f3n Nebrija<\/a>; Andrea Pacheco, comisaria del Pabell\u00f3n de Chile en la 60\u00aa Bienal de Venecia 2024 y docente; y Marta Perlado, decana de la <a href=\"https:\/\/www.nebrija.com\/la_universidad\/facultades\/facultad-ciencias-comunicacion\/\">Facultad de Comunicaci\u00f3n y Artes<\/a> de la Universidad Nebrija. Jos\u00e9 Luis Guijarro tambi\u00e9n form\u00f3 parte del jurado (con voz, pero sin voto).<\/p>\n<p><a href=\"https:\/\/www.nebrija.com\/medios\/actualidadnebrija\/wp-content\/uploads\/sites\/2\/2024\/09\/Premio-Nebrija.-Tejidos-simbioticos-1.jpeg\"><img loading=\"lazy\" decoding=\"async\" class=\"aligncenter wp-image-94385 size-full\" src=\"https:\/\/www.nebrija.com\/medios\/actualidadnebrija\/wp-content\/uploads\/sites\/2\/2024\/09\/Premio-Nebrija.-Tejidos-simbioticos-1.jpeg\" alt=\"Jurado Premio Nebrija\" width=\"1100\" height=\"825\" \/><\/a><\/p>\n<p>La obra premiada,<em> Intestinos<\/em>, de 2022, integra recortes de papeles de diferentes tipos (de 300 gramos para acr\u00edlico, japon\u00e9s de arroz y papel de estraza), excedentes de otras propuestas de la artista. Seg\u00fan Rosal\u00eda Banet, la pieza \u201chabla de una sociedad de excesos y hace referencia a un organismo alterado por la sociedad de consumo\u201d.<\/p>\n<p>Precisamente, una de las l\u00edneas de trabajo de la artista gallega tiene que ver con ese s\u00edmil entre el aparato digestivo y la comunidad humana. Adem\u00e1s, tanto <em>Intestinos<\/em> como otras obras de la artista cumplen con una \u201cpr\u00e1ctica sostenible tanto en la elecci\u00f3n de los materiales como en el almacenaje y el transporte\u201d.<\/p>\n<h2><strong>Artista multidisciplinar<\/strong><\/h2>\n<p>Rosal\u00eda Banet es una artista multidisciplinar que parte siempre del dibujo para desarrollar proyectos que toman diferentes formas y formatos, desde pinturas o esculturas a instalaciones y piezas audiovisuales. Doctora en Bellas Artes por la Universidad de Vigo, en su tesis doctoral se acercaba a la huella dejada por el sida en el arte espa\u00f1ol a trav\u00e9s del cuerpo herido.<\/p>\n<p>Desde su trabajo analiza y reflexiona sobre los sistemas y patrones que habitamos. Retrata la sociedad actual con sus excesos y desequilibrios, sacando a la luz los monstruos que pueblan la civilizaci\u00f3n contempor\u00e1nea. Los tres ejes que vertebran su pr\u00e1ctica son el cuerpo y sus enfermedades, el alimento, y el territorio.<\/p>\n<p>Ha trabajado en galer\u00edas como Marta Cervera, Espacio M\u00ednimo o Twin Gallery, y en instituciones como el Centro de arte contempor\u00e1neo La Conservera, MAS (Museo de arte contempor\u00e1neo de Santander) o el Centro de arte de Alcobendas. En los \u00faltimos a\u00f1os ha recibido diversos premios y becas internacionales como la beca de la Real Academia de Espa\u00f1a en Roma (2016\/17), artista en residencia en Casa de Vel\u00e1zquez (Academia de Francia en Madrid, 2018) y en HIAP (Helsinki International Artist Programme, 2019).<\/p>\n<p><a href=\"https:\/\/www.nebrija.com\/medios\/actualidadnebrija\/wp-content\/uploads\/sites\/2\/2024\/09\/Premio-Nebrija.-Tejidos-simbioticos-2.jpeg\"><img loading=\"lazy\" decoding=\"async\" class=\"aligncenter wp-image-94386 size-full\" src=\"https:\/\/www.nebrija.com\/medios\/actualidadnebrija\/wp-content\/uploads\/sites\/2\/2024\/09\/Premio-Nebrija.-Tejidos-simbioticos-2.jpeg\" alt=\"Jurado Adquisici\u00f3n\" width=\"1100\" height=\"825\" \/><\/a><\/p>\n<h2><strong>La piel, \u201cfrontera permeable\u201d<\/strong><\/h2>\n<p>La exposici\u00f3n <em>Tejidos Simbi\u00f3ticos<\/em> reflexiona sobre los lazos naturales de mutualismo entre el hombre y su entorno. \u201cHablar de la piel es tener que abordar el sentido de los l\u00edmites, abarcar su doble funci\u00f3n de integrar y separar, y adentrarse en las contracciones de las definiciones can\u00f3nicas de `unidad\u00b4 y `otredad\u00b4. La piel, como frontera permeable, representa el lugar en el que lo interno y lo externo coinciden, el punto donde se establecen v\u00ednculos de interdependencia que fundamentan la supervivencia y perduraci\u00f3n\u201d, se\u00f1alan los organizadores de la muestra.<\/p>\n<p>A trav\u00e9s de las obras de los artistas Rosana Antol\u00ed, Rosal\u00eda Banet, Nacho Carb\u00f3, Dia Mu\u00f1oz, Maya Pita-Romero y Fran Somoza, \u201cse teje un hilo narrativo donde el arte y la ciencia dialogan, cuestionando los avances culturales y tecnol\u00f3gicos que se oponen a los procesos biol\u00f3gicos de regeneraci\u00f3n de la naturaleza y especulando sobre un futuro m\u00e1s amigable con el ambiente y entre nosotros\u201d.<\/p>\n<p>La muestra, dentro del programa <a href=\"https:\/\/www.artemadrid.com\/apertura\/\" target=\"_blank\" rel=\"noopener\">Apertura Madrid Gallery Weekend 2024<\/a>, cuenta con la colaboraci\u00f3n de ArteMadrid, Hiscox, Riskmedia, Galer\u00eda Pradiauto, Galer\u00eda Freij\u00f3 y Galer\u00eda Ponce + Robles.<\/p>\n<h2><strong>Equipo curatorial<\/strong><\/h2>\n<p>Desde el a\u00f1o 2010 la Universidad Nebrija ofrece al alumnado del M\u00e1ster de Mercado del Arte y Gesti\u00f3n de Empresas Relacionadas la oportunidad de comisariar una exposici\u00f3n como Trabajo de Fin de M\u00e1ster. Mario Guti\u00e9rrez, Melisa Mondrag\u00f3n, Diana Rodr\u00edguez, Giulia Saf\u00f3n y Elsa San Jos\u00e9 han formado parte del equipo curatorial bajo el acompa\u00f1amiento de la comisaria independiente Nerea Ubieto.<\/p>\n<p>La primera edici\u00f3n de este certamen tuvo lugar en el a\u00f1o 2017 coincidiendo con la muestra colectiva Nada Sobra, cuando se entreg\u00f3 el galard\u00f3n a los artistas Enrique Radigales y Elisa Pardo. Desde entonces el Premio de Adquisici\u00f3n en Reconocimiento a la Creaci\u00f3n Art\u00edstica de la Universidad Nebrija ha reca\u00eddo en Jimena Kato (2018), Tamara Arroyo (2019), Ignacio Uriarte (2020), Elsa Paricio (2021), Julia Llerena (2022) y Marina Gonz\u00e1lez Guerreiro (2023).<\/p>\n<p>Esta iniciativa nutre de obras a la Colecci\u00f3n de Arte Nebrija cuya se\u00f1a de identidad son las obras producidas en el contexto nacional por artistas j\u00f3venes y de media carrera en la primera mitad del siglo XXI.<\/p>\n<p><a href=\"https:\/\/www.nebrija.com\/medios\/actualidadnebrija\/wp-content\/uploads\/sites\/2\/2024\/09\/Jurado-y-obra-premiada.jpeg\"><img loading=\"lazy\" decoding=\"async\" class=\"aligncenter wp-image-94384 size-full\" src=\"https:\/\/www.nebrija.com\/medios\/actualidadnebrija\/wp-content\/uploads\/sites\/2\/2024\/09\/Jurado-y-obra-premiada.jpeg\" alt=\"Obra Intestinos Rosal\u00eda Banet\" width=\"1100\" height=\"825\" \/><\/a><\/p>\n<h2><strong>Sobre el M\u00e1ster en Mercado del Arte y Gesti\u00f3n de Empresas Relacionadas<\/strong><\/h2>\n<p>En su 19\u00aa edici\u00f3n, el programa especializa al estudiante en la gesti\u00f3n del arte contempor\u00e1neo, capacitando para trabajar en galer\u00edas de arte, casas de subastas, consultoras, ferias, festivales y eventos, as\u00ed como en la prensa especializada.<\/p>\n<p>El M\u00e1ster cuenta con un amplio claustro de profesionales del sector con programas de pr\u00e1cticas y actividades que garantizan la mejor inmersi\u00f3n en el mercado del arte actual, como encuentros con profesionales, seminarios y talleres internacionales.<\/p>\n<p><em>Texto: Javier Picos \/ Fotos: Pablo Mart\u00ednez Dorado<\/em><\/p>\n","protected":false},"excerpt":{"rendered":"<p>`Intestinos\u00b4 forma parte de la exposici\u00f3n `Tejidos Simbi\u00f3ticos\u00b4, que se puede visitar en la madrile\u00f1a Galer\u00eda Pradiauto hasta el 21 de septiembre.<\/p>\n","protected":false},"author":326,"featured_media":94383,"comment_status":"open","ping_status":"open","sticky":false,"template":"","format":"standard","meta":{"_acf_changed":false,"_monsterinsights_skip_tracking":false,"_monsterinsights_sitenote_active":false,"_monsterinsights_sitenote_note":"","_monsterinsights_sitenote_category":0,"footnotes":""},"categories":[3050],"tags":[5839,5958,5962,3124,3280,5754,5960,5963,4985,5410,3780,5532,4539,5959,5961],"acf":[],"yoast_head":"<!-- This site is optimized with the Yoast SEO plugin v22.1 - https:\/\/yoast.com\/wordpress\/plugins\/seo\/ -->\n<title>Rosal\u00eda Banet gana el VIII Premio Nebrija de Adquisici\u00f3n a la Creaci\u00f3n Art\u00edstica - Actualidad Nebrija<\/title>\n<meta name=\"description\" content=\"El Premio Nebrija de Adquisici\u00f3n a la Creaci\u00f3n Art\u00edstica de la Universidad Nebrija recae en Rosal\u00eda Banet en su octava edici\u00f3n.\" \/>\n<meta name=\"robots\" content=\"index, follow, max-snippet:-1, max-image-preview:large, max-video-preview:-1\" \/>\n<link rel=\"canonical\" href=\"https:\/\/www.nebrija.com\/medios\/actualidadnebrija\/2024\/09\/20\/rosalia-banet-gana-el-viii-premio-nebrija-de-adquisicion-a-la-creacion-artistica\/\" \/>\n<meta property=\"og:locale\" content=\"es_ES\" \/>\n<meta property=\"og:type\" content=\"article\" \/>\n<meta property=\"og:title\" content=\"Rosal\u00eda Banet gana el VIII Premio Nebrija de Adquisici\u00f3n a la Creaci\u00f3n Art\u00edstica - Actualidad Nebrija\" \/>\n<meta property=\"og:description\" content=\"El Premio Nebrija de Adquisici\u00f3n a la Creaci\u00f3n Art\u00edstica de la Universidad Nebrija recae en Rosal\u00eda Banet en su octava edici\u00f3n.\" \/>\n<meta property=\"og:url\" content=\"https:\/\/www.nebrija.com\/medios\/actualidadnebrija\/2024\/09\/20\/rosalia-banet-gana-el-viii-premio-nebrija-de-adquisicion-a-la-creacion-artistica\/\" \/>\n<meta property=\"og:site_name\" content=\"Actualidad Nebrija\" \/>\n<meta property=\"article:published_time\" content=\"2024-09-20T09:32:30+00:00\" \/>\n<meta property=\"article:modified_time\" content=\"2024-09-20T09:33:21+00:00\" \/>\n<meta property=\"og:image\" content=\"https:\/\/www.nebrija.com\/medios\/actualidadnebrija\/wp-content\/uploads\/sites\/2\/2024\/09\/Intestino\u00b4.-Rosalia-Banet.jpeg\" \/>\n\t<meta property=\"og:image:width\" content=\"1100\" \/>\n\t<meta property=\"og:image:height\" content=\"825\" \/>\n\t<meta property=\"og:image:type\" content=\"image\/jpeg\" \/>\n<meta name=\"author\" content=\"jpicos\" \/>\n<meta name=\"twitter:card\" content=\"summary_large_image\" \/>\n<meta name=\"twitter:label1\" content=\"Escrito por\" \/>\n\t<meta name=\"twitter:data1\" content=\"jpicos\" \/>\n\t<meta name=\"twitter:label2\" content=\"Tiempo de lectura\" \/>\n\t<meta name=\"twitter:data2\" content=\"6 minutos\" \/>\n<!-- \/ Yoast SEO plugin. -->","yoast_head_json":{"title":"Rosal\u00eda Banet gana el VIII Premio Nebrija de Adquisici\u00f3n a la Creaci\u00f3n Art\u00edstica - Actualidad Nebrija","description":"El Premio Nebrija de Adquisici\u00f3n a la Creaci\u00f3n Art\u00edstica de la Universidad Nebrija recae en Rosal\u00eda Banet en su octava edici\u00f3n.","robots":{"index":"index","follow":"follow","max-snippet":"max-snippet:-1","max-image-preview":"max-image-preview:large","max-video-preview":"max-video-preview:-1"},"canonical":"https:\/\/www.nebrija.com\/medios\/actualidadnebrija\/2024\/09\/20\/rosalia-banet-gana-el-viii-premio-nebrija-de-adquisicion-a-la-creacion-artistica\/","og_locale":"es_ES","og_type":"article","og_title":"Rosal\u00eda Banet gana el VIII Premio Nebrija de Adquisici\u00f3n a la Creaci\u00f3n Art\u00edstica - Actualidad Nebrija","og_description":"El Premio Nebrija de Adquisici\u00f3n a la Creaci\u00f3n Art\u00edstica de la Universidad Nebrija recae en Rosal\u00eda Banet en su octava edici\u00f3n.","og_url":"https:\/\/www.nebrija.com\/medios\/actualidadnebrija\/2024\/09\/20\/rosalia-banet-gana-el-viii-premio-nebrija-de-adquisicion-a-la-creacion-artistica\/","og_site_name":"Actualidad Nebrija","article_published_time":"2024-09-20T09:32:30+00:00","article_modified_time":"2024-09-20T09:33:21+00:00","og_image":[{"width":1100,"height":825,"url":"https:\/\/www.nebrija.com\/medios\/actualidadnebrija\/wp-content\/uploads\/sites\/2\/2024\/09\/Intestino\u00b4.-Rosalia-Banet.jpeg","type":"image\/jpeg"}],"author":"jpicos","twitter_card":"summary_large_image","twitter_misc":{"Escrito por":"jpicos","Tiempo de lectura":"6 minutos"},"schema":{"@context":"https:\/\/schema.org","@graph":[{"@type":"WebPage","@id":"https:\/\/www.nebrija.com\/medios\/actualidadnebrija\/2024\/09\/20\/rosalia-banet-gana-el-viii-premio-nebrija-de-adquisicion-a-la-creacion-artistica\/","url":"https:\/\/www.nebrija.com\/medios\/actualidadnebrija\/2024\/09\/20\/rosalia-banet-gana-el-viii-premio-nebrija-de-adquisicion-a-la-creacion-artistica\/","name":"Rosal\u00eda Banet gana el VIII Premio Nebrija de Adquisici\u00f3n a la Creaci\u00f3n Art\u00edstica - Actualidad Nebrija","isPartOf":{"@id":"https:\/\/www.nebrija.com\/medios\/actualidadnebrija\/#website"},"datePublished":"2024-09-20T09:32:30+00:00","dateModified":"2024-09-20T09:33:21+00:00","author":{"@id":"https:\/\/www.nebrija.com\/medios\/actualidadnebrija\/#\/schema\/person\/0cd40b7dd3f54459e2cfc009dbd255c6"},"description":"El Premio Nebrija de Adquisici\u00f3n a la Creaci\u00f3n Art\u00edstica de la Universidad Nebrija recae en Rosal\u00eda Banet en su octava edici\u00f3n.","breadcrumb":{"@id":"https:\/\/www.nebrija.com\/medios\/actualidadnebrija\/2024\/09\/20\/rosalia-banet-gana-el-viii-premio-nebrija-de-adquisicion-a-la-creacion-artistica\/#breadcrumb"},"inLanguage":"es","potentialAction":[{"@type":"ReadAction","target":["https:\/\/www.nebrija.com\/medios\/actualidadnebrija\/2024\/09\/20\/rosalia-banet-gana-el-viii-premio-nebrija-de-adquisicion-a-la-creacion-artistica\/"]}]},{"@type":"BreadcrumbList","@id":"https:\/\/www.nebrija.com\/medios\/actualidadnebrija\/2024\/09\/20\/rosalia-banet-gana-el-viii-premio-nebrija-de-adquisicion-a-la-creacion-artistica\/#breadcrumb","itemListElement":[{"@type":"ListItem","position":1,"name":"Home","item":"https:\/\/www.nebrija.com\/medios\/actualidadnebrija\/"},{"@type":"ListItem","position":2,"name":"Rosal\u00eda Banet gana el VIII Premio Nebrija de Adquisici\u00f3n a la Creaci\u00f3n Art\u00edstica"}]},{"@type":"WebSite","@id":"https:\/\/www.nebrija.com\/medios\/actualidadnebrija\/#website","url":"https:\/\/www.nebrija.com\/medios\/actualidadnebrija\/","name":"Actualidad Nebrija","description":"Noticias de la Universidad Nebrija","potentialAction":[{"@type":"SearchAction","target":{"@type":"EntryPoint","urlTemplate":"https:\/\/www.nebrija.com\/medios\/actualidadnebrija\/?s={search_term_string}"},"query-input":"required name=search_term_string"}],"inLanguage":"es"},{"@type":"Person","@id":"https:\/\/www.nebrija.com\/medios\/actualidadnebrija\/#\/schema\/person\/0cd40b7dd3f54459e2cfc009dbd255c6","name":"jpicos","image":{"@type":"ImageObject","inLanguage":"es","@id":"https:\/\/www.nebrija.com\/medios\/actualidadnebrija\/#\/schema\/person\/image\/","url":"https:\/\/secure.gravatar.com\/avatar\/c4a1005cff3fd9bb5185e9671f4f3e9b?s=96&d=mm&r=g","contentUrl":"https:\/\/secure.gravatar.com\/avatar\/c4a1005cff3fd9bb5185e9671f4f3e9b?s=96&d=mm&r=g","caption":"jpicos"},"url":"https:\/\/www.nebrija.com\/medios\/actualidadnebrija\/author\/jpicos\/"}]}},"_links":{"self":[{"href":"https:\/\/www.nebrija.com\/medios\/actualidadnebrija\/wp-json\/wp\/v2\/posts\/94382"}],"collection":[{"href":"https:\/\/www.nebrija.com\/medios\/actualidadnebrija\/wp-json\/wp\/v2\/posts"}],"about":[{"href":"https:\/\/www.nebrija.com\/medios\/actualidadnebrija\/wp-json\/wp\/v2\/types\/post"}],"author":[{"embeddable":true,"href":"https:\/\/www.nebrija.com\/medios\/actualidadnebrija\/wp-json\/wp\/v2\/users\/326"}],"replies":[{"embeddable":true,"href":"https:\/\/www.nebrija.com\/medios\/actualidadnebrija\/wp-json\/wp\/v2\/comments?post=94382"}],"version-history":[{"count":2,"href":"https:\/\/www.nebrija.com\/medios\/actualidadnebrija\/wp-json\/wp\/v2\/posts\/94382\/revisions"}],"predecessor-version":[{"id":94388,"href":"https:\/\/www.nebrija.com\/medios\/actualidadnebrija\/wp-json\/wp\/v2\/posts\/94382\/revisions\/94388"}],"wp:featuredmedia":[{"embeddable":true,"href":"https:\/\/www.nebrija.com\/medios\/actualidadnebrija\/wp-json\/wp\/v2\/media\/94383"}],"wp:attachment":[{"href":"https:\/\/www.nebrija.com\/medios\/actualidadnebrija\/wp-json\/wp\/v2\/media?parent=94382"}],"wp:term":[{"taxonomy":"category","embeddable":true,"href":"https:\/\/www.nebrija.com\/medios\/actualidadnebrija\/wp-json\/wp\/v2\/categories?post=94382"},{"taxonomy":"post_tag","embeddable":true,"href":"https:\/\/www.nebrija.com\/medios\/actualidadnebrija\/wp-json\/wp\/v2\/tags?post=94382"}],"curies":[{"name":"wp","href":"https:\/\/api.w.org\/{rel}","templated":true}]}}