{"id":94867,"date":"2024-10-25T17:02:11","date_gmt":"2024-10-25T15:02:11","guid":{"rendered":"https:\/\/www.nebrija.com\/medios\/actualidadnebrija\/?p=94867"},"modified":"2024-10-25T17:04:48","modified_gmt":"2024-10-25T15:04:48","slug":"series-peliculas-jovenes-movil","status":"publish","type":"post","link":"https:\/\/www.nebrija.com\/medios\/actualidadnebrija\/2024\/10\/25\/series-peliculas-jovenes-movil\/","title":{"rendered":"7 de cada 10 j\u00f3venes consumen las series y las pel\u00edculas a trav\u00e9s del m\u00f3vil"},"content":{"rendered":"<p>The Family Watch, en colaboraci\u00f3n con la Fundaci\u00f3n Methos Media ha presentado la cuarta edici\u00f3n del informe <em>Los Adolescentes y los J\u00f3venes, en el cine y las series de TV en 2023<\/em>, que cuenta con el apoyo de investigadores de las universidades Complutense, Rey Juan Carlos, Nebrija y Europea de Madrid.<\/p>\n<p>Este a\u00f1o ,desde Family Watch, y con base en los datos de audiencia que ha aportado Kantar Media, el informe estudia la figura de los adolescentes y los j\u00f3venes (de 6 a 24 a\u00f1os) en las pel\u00edculas y series m\u00e1s vistas en Espa\u00f1a durante el a\u00f1o 2023. Adicionalmente, se ha analizado lo que dicen sobre las series y pel\u00edculas este segmento de edad en redes sociales, a fin de ver cu\u00e1les son las principales tendencias en sus di\u00e1logos en redes.<\/p>\n<p>La gran mayor\u00eda de los j\u00f3venes reconocen que consumen las series y pel\u00edculas a trav\u00e9s del smartphone (7 de cada 10 as\u00ed lo dicen), a continuaci\u00f3n lo hacen en Smart TV. Se trata de una denominada \u201cgeneraci\u00f3n de la impaciencia\u201d, que quiere consumir de la manera m\u00e1s c\u00f3moda posible y con la mayor brevedad, de ah\u00ed que quieran ver series y pel\u00edculas de una menor duraci\u00f3n.<\/p>\n<h3><strong>Radiograf\u00eda a la generaci\u00f3n Z<\/strong><\/h3>\n<p>El estudio ha analizado c\u00f3mo son representados los j\u00f3venes (de la denominada generaci\u00f3n Z), en las series y pel\u00edculas m\u00e1s vistas en el a\u00f1o 2023 en plataformas como Netflix, Movistar +, o Amazon Prime. As\u00ed, a pesar de que estamos analizando las series y pel\u00edculas que m\u00e1s han visto los j\u00f3venes, s\u00f3lo el 10 % de ellos forma parte de dichos productos televisivos.<\/p>\n<p>De los 50 personajes analizados en el 38 % no se conoce c\u00f3mo es su relaci\u00f3n con sus familias, mientras que la familia biparental con hijos es la m\u00e1s representada 18 %, seguida de la familia reconstruida 10 % y la familia numerosa 10 %.<\/p>\n<p>Gema L\u00f3pez, profesora en la Universidad Europea, opina: &#8220;La adolescencia es una edad muy delicada en la que los j\u00f3venes construyen su autoestima y autoimagen. Si los adolescentes que aparecen en las series est\u00e1n interpretados por actores adultos ya desarrollados, los j\u00f3venes espectadores pueden tener una imagen distorsionada de lo que es un cuerpo adolescente. Eso puede fomentar la aparici\u00f3n de complejos&#8221;.<\/p>\n<h2><strong>Int\u00e9rpretes o personajes<\/strong><\/h2>\n<p>Tal y como ha afirmado Rafael Carrasco, profesor e investigador en redes en la Universidad Complutense de Madrid, \u201cllama la atenci\u00f3n que en la red social X los comentarios sobre series y pel\u00edculas espa\u00f1olas se refieren a los int\u00e9rpretes, mientras en las americanas se usa el nombre de los personajes\u201d.<\/p>\n<p>Cristina Gallego, profesora e investigadora en la Universidad Rey Juan Carlos: \u201cPreocupa un alto consumo de alcohol mezclado con una conducci\u00f3n temeraria normalizada, lo que lleva a preguntarse si refleja a los j\u00f3venes espa\u00f1oles o les influye\u201d.<\/p>\n<p><strong>La participaci\u00f3n de INNOMEDIA<\/strong><\/p>\n<p>Carmen Llovet, investigadora de <a href=\"https:\/\/www.nebrija.com\/medios\/innomedia\/\">INNOMEDIA<\/a> (Universidad Nebrija) a\u00f1ade: &#8220;Deber\u00eda llevar a la reflexi\u00f3n que los j\u00f3venes en Espa\u00f1a elijan ver series que no les representan ni en edad ni en situaci\u00f3n socioecon\u00f3mica, como si las series fueran la nueva estrategia aspiracional\u201d.<\/p>\n<p>Para Mar\u00eda Jos\u00e9 Olesti, directora general de The Family Watch, &#8220;las familias llevan ya algunos a\u00f1os mostrando, especialmente a trav\u00e9s de nuestro Bar\u00f3metro, su especial preocupaci\u00f3n ante el uso y el abuso de las pantallas por parte de los menores y j\u00f3venes, por c\u00f3mo gestionan su imagen y c\u00f3mo se sexualiza esta, especialmente en las ni\u00f1as, y tambi\u00e9n en c\u00f3mo puede afectar todo ello en las relaciones personales y familiares y en el desarrollo psicoafectivo, en el aprendizaje y en la instauraci\u00f3n de h\u00e1bitos de vida saludables&#8221;.<\/p>\n<p><em>Fuente: Fundaci\u00f3n The Family Watch<\/em><\/p>\n","protected":false},"excerpt":{"rendered":"<p>Carmen Llovet, investigadora del grupo INNOMEDIA (Universidad Nebrija), participa en el informe promovido por la Fundaci\u00f3n The Family Watch.<\/p>\n","protected":false},"author":326,"featured_media":94870,"comment_status":"open","ping_status":"open","sticky":false,"template":"","format":"standard","meta":{"_acf_changed":false,"_monsterinsights_skip_tracking":false,"_monsterinsights_sitenote_active":false,"_monsterinsights_sitenote_note":"","_monsterinsights_sitenote_category":0,"footnotes":""},"categories":[3,3050],"tags":[6018,3190,4941,3227,5368],"acf":[],"yoast_head":"<!-- This site is optimized with the Yoast SEO plugin v22.1 - https:\/\/yoast.com\/wordpress\/plugins\/seo\/ -->\n<title>7 de cada 10 j\u00f3venes consumen las series y las pel\u00edculas a trav\u00e9s del m\u00f3vil - Actualidad Nebrija<\/title>\n<meta name=\"description\" content=\"The Family Watch presenta su cuarta edici\u00f3n del informe `Los Adolescentes y los J\u00f3venes, en el cine y las series\u00b4.\" \/>\n<meta name=\"robots\" content=\"index, follow, max-snippet:-1, max-image-preview:large, max-video-preview:-1\" \/>\n<link rel=\"canonical\" href=\"https:\/\/www.nebrija.com\/medios\/actualidadnebrija\/2024\/10\/25\/series-peliculas-jovenes-movil\/\" \/>\n<meta property=\"og:locale\" content=\"es_ES\" \/>\n<meta property=\"og:type\" content=\"article\" \/>\n<meta property=\"og:title\" content=\"7 de cada 10 j\u00f3venes consumen las series y las pel\u00edculas a trav\u00e9s del m\u00f3vil - Actualidad Nebrija\" \/>\n<meta property=\"og:description\" content=\"The Family Watch presenta su cuarta edici\u00f3n del informe `Los Adolescentes y los J\u00f3venes, en el cine y las series\u00b4.\" \/>\n<meta property=\"og:url\" content=\"https:\/\/www.nebrija.com\/medios\/actualidadnebrija\/2024\/10\/25\/series-peliculas-jovenes-movil\/\" \/>\n<meta property=\"og:site_name\" content=\"Actualidad Nebrija\" \/>\n<meta property=\"article:published_time\" content=\"2024-10-25T15:02:11+00:00\" \/>\n<meta property=\"article:modified_time\" content=\"2024-10-25T15:04:48+00:00\" \/>\n<meta property=\"og:image\" content=\"https:\/\/www.nebrija.com\/medios\/actualidadnebrija\/wp-content\/uploads\/sites\/2\/2024\/10\/7-de-cada-10-jovenes-consumen-las-series-y-peliculas-a-traves-del-movil.jpg\" \/>\n\t<meta property=\"og:image:width\" content=\"1300\" \/>\n\t<meta property=\"og:image:height\" content=\"805\" \/>\n\t<meta property=\"og:image:type\" content=\"image\/jpeg\" \/>\n<meta name=\"author\" content=\"jpicos\" \/>\n<meta name=\"twitter:card\" content=\"summary_large_image\" \/>\n<meta name=\"twitter:label1\" content=\"Escrito por\" \/>\n\t<meta name=\"twitter:data1\" content=\"jpicos\" \/>\n\t<meta name=\"twitter:label2\" content=\"Tiempo de lectura\" \/>\n\t<meta name=\"twitter:data2\" content=\"3 minutos\" \/>\n<!-- \/ Yoast SEO plugin. -->","yoast_head_json":{"title":"7 de cada 10 j\u00f3venes consumen las series y las pel\u00edculas a trav\u00e9s del m\u00f3vil - Actualidad Nebrija","description":"The Family Watch presenta su cuarta edici\u00f3n del informe `Los Adolescentes y los J\u00f3venes, en el cine y las series\u00b4.","robots":{"index":"index","follow":"follow","max-snippet":"max-snippet:-1","max-image-preview":"max-image-preview:large","max-video-preview":"max-video-preview:-1"},"canonical":"https:\/\/www.nebrija.com\/medios\/actualidadnebrija\/2024\/10\/25\/series-peliculas-jovenes-movil\/","og_locale":"es_ES","og_type":"article","og_title":"7 de cada 10 j\u00f3venes consumen las series y las pel\u00edculas a trav\u00e9s del m\u00f3vil - Actualidad Nebrija","og_description":"The Family Watch presenta su cuarta edici\u00f3n del informe `Los Adolescentes y los J\u00f3venes, en el cine y las series\u00b4.","og_url":"https:\/\/www.nebrija.com\/medios\/actualidadnebrija\/2024\/10\/25\/series-peliculas-jovenes-movil\/","og_site_name":"Actualidad Nebrija","article_published_time":"2024-10-25T15:02:11+00:00","article_modified_time":"2024-10-25T15:04:48+00:00","og_image":[{"width":1300,"height":805,"url":"https:\/\/www.nebrija.com\/medios\/actualidadnebrija\/wp-content\/uploads\/sites\/2\/2024\/10\/7-de-cada-10-jovenes-consumen-las-series-y-peliculas-a-traves-del-movil.jpg","type":"image\/jpeg"}],"author":"jpicos","twitter_card":"summary_large_image","twitter_misc":{"Escrito por":"jpicos","Tiempo de lectura":"3 minutos"},"schema":{"@context":"https:\/\/schema.org","@graph":[{"@type":"WebPage","@id":"https:\/\/www.nebrija.com\/medios\/actualidadnebrija\/2024\/10\/25\/series-peliculas-jovenes-movil\/","url":"https:\/\/www.nebrija.com\/medios\/actualidadnebrija\/2024\/10\/25\/series-peliculas-jovenes-movil\/","name":"7 de cada 10 j\u00f3venes consumen las series y las pel\u00edculas a trav\u00e9s del m\u00f3vil - Actualidad Nebrija","isPartOf":{"@id":"https:\/\/www.nebrija.com\/medios\/actualidadnebrija\/#website"},"datePublished":"2024-10-25T15:02:11+00:00","dateModified":"2024-10-25T15:04:48+00:00","author":{"@id":"https:\/\/www.nebrija.com\/medios\/actualidadnebrija\/#\/schema\/person\/0cd40b7dd3f54459e2cfc009dbd255c6"},"description":"The Family Watch presenta su cuarta edici\u00f3n del informe `Los Adolescentes y los J\u00f3venes, en el cine y las series\u00b4.","breadcrumb":{"@id":"https:\/\/www.nebrija.com\/medios\/actualidadnebrija\/2024\/10\/25\/series-peliculas-jovenes-movil\/#breadcrumb"},"inLanguage":"es","potentialAction":[{"@type":"ReadAction","target":["https:\/\/www.nebrija.com\/medios\/actualidadnebrija\/2024\/10\/25\/series-peliculas-jovenes-movil\/"]}]},{"@type":"BreadcrumbList","@id":"https:\/\/www.nebrija.com\/medios\/actualidadnebrija\/2024\/10\/25\/series-peliculas-jovenes-movil\/#breadcrumb","itemListElement":[{"@type":"ListItem","position":1,"name":"Home","item":"https:\/\/www.nebrija.com\/medios\/actualidadnebrija\/"},{"@type":"ListItem","position":2,"name":"7 de cada 10 j\u00f3venes consumen las series y las pel\u00edculas a trav\u00e9s del m\u00f3vil"}]},{"@type":"WebSite","@id":"https:\/\/www.nebrija.com\/medios\/actualidadnebrija\/#website","url":"https:\/\/www.nebrija.com\/medios\/actualidadnebrija\/","name":"Actualidad Nebrija","description":"Noticias de la Universidad Nebrija","potentialAction":[{"@type":"SearchAction","target":{"@type":"EntryPoint","urlTemplate":"https:\/\/www.nebrija.com\/medios\/actualidadnebrija\/?s={search_term_string}"},"query-input":"required name=search_term_string"}],"inLanguage":"es"},{"@type":"Person","@id":"https:\/\/www.nebrija.com\/medios\/actualidadnebrija\/#\/schema\/person\/0cd40b7dd3f54459e2cfc009dbd255c6","name":"jpicos","image":{"@type":"ImageObject","inLanguage":"es","@id":"https:\/\/www.nebrija.com\/medios\/actualidadnebrija\/#\/schema\/person\/image\/","url":"https:\/\/secure.gravatar.com\/avatar\/c4a1005cff3fd9bb5185e9671f4f3e9b?s=96&d=mm&r=g","contentUrl":"https:\/\/secure.gravatar.com\/avatar\/c4a1005cff3fd9bb5185e9671f4f3e9b?s=96&d=mm&r=g","caption":"jpicos"},"url":"https:\/\/www.nebrija.com\/medios\/actualidadnebrija\/author\/jpicos\/"}]}},"_links":{"self":[{"href":"https:\/\/www.nebrija.com\/medios\/actualidadnebrija\/wp-json\/wp\/v2\/posts\/94867"}],"collection":[{"href":"https:\/\/www.nebrija.com\/medios\/actualidadnebrija\/wp-json\/wp\/v2\/posts"}],"about":[{"href":"https:\/\/www.nebrija.com\/medios\/actualidadnebrija\/wp-json\/wp\/v2\/types\/post"}],"author":[{"embeddable":true,"href":"https:\/\/www.nebrija.com\/medios\/actualidadnebrija\/wp-json\/wp\/v2\/users\/326"}],"replies":[{"embeddable":true,"href":"https:\/\/www.nebrija.com\/medios\/actualidadnebrija\/wp-json\/wp\/v2\/comments?post=94867"}],"version-history":[{"count":7,"href":"https:\/\/www.nebrija.com\/medios\/actualidadnebrija\/wp-json\/wp\/v2\/posts\/94867\/revisions"}],"predecessor-version":[{"id":94875,"href":"https:\/\/www.nebrija.com\/medios\/actualidadnebrija\/wp-json\/wp\/v2\/posts\/94867\/revisions\/94875"}],"wp:featuredmedia":[{"embeddable":true,"href":"https:\/\/www.nebrija.com\/medios\/actualidadnebrija\/wp-json\/wp\/v2\/media\/94870"}],"wp:attachment":[{"href":"https:\/\/www.nebrija.com\/medios\/actualidadnebrija\/wp-json\/wp\/v2\/media?parent=94867"}],"wp:term":[{"taxonomy":"category","embeddable":true,"href":"https:\/\/www.nebrija.com\/medios\/actualidadnebrija\/wp-json\/wp\/v2\/categories?post=94867"},{"taxonomy":"post_tag","embeddable":true,"href":"https:\/\/www.nebrija.com\/medios\/actualidadnebrija\/wp-json\/wp\/v2\/tags?post=94867"}],"curies":[{"name":"wp","href":"https:\/\/api.w.org\/{rel}","templated":true}]}}