{"id":94904,"date":"2024-10-28T17:15:42","date_gmt":"2024-10-28T16:15:42","guid":{"rendered":"https:\/\/www.nebrija.com\/medios\/actualidadnebrija\/?p=94904"},"modified":"2024-10-29T14:20:41","modified_gmt":"2024-10-29T13:20:41","slug":"la-investigacion-en-nebrija-toma-impulso","status":"publish","type":"post","link":"https:\/\/www.nebrija.com\/medios\/actualidadnebrija\/2024\/10\/28\/la-investigacion-en-nebrija-toma-impulso\/","title":{"rendered":"La investigaci\u00f3n en Nebrija toma impulso con nuevas y consolidadas iniciativas"},"content":{"rendered":"<p>La IV Jornada de Investigaci\u00f3n e Innovaci\u00f3n visti\u00f3 el Campus de Ciencias de la Vida en La Berzosa de ideas, colaboraciones, iniciativas y oleadas de ilusi\u00f3n y divulgaci\u00f3n. Integrados por m\u00e1s de 200 personas, los diecis\u00e9is grupos y dos centros de la Universidad Nebrija, convocados por el Vicerrectorado de Investigaci\u00f3n y la Oficina de Transferencia de Resultados de Investigaci\u00f3n (<a href=\"https:\/\/www.nebrija.com\/investigacion-universidad\/otri-oficina-transferencia-resultados-investigacion\/\">OTRI<\/a>), explicaron sus l\u00edneas de trabajo y sus an\u00e1lisis en m\u00faltiples campos.<\/p>\n<p>En la presentaci\u00f3n de las sesiones, Luis D\u00edaz, director general de Nebrija, inst\u00f3 a los investigadores, \u201cfundamentales y esenciales\u201d en la comunidad universitaria, a generar conocimiento, lazos para huir de los \u201ccompartimentos estancos\u201d, valor \u201ctangible\u201d de aplicaci\u00f3n pr\u00e1ctica en la sociedad y m\u00e1s masa cr\u00edtica \u201cpara ayudar a integrar en proyectos, din\u00e1micas y estudios a m\u00e1s personas de la comunidad Nebrija\u201d.<\/p>\n<p><a href=\"https:\/\/www.nebrija.com\/medios\/actualidadnebrija\/wp-content\/uploads\/sites\/2\/2024\/10\/2024-10-28-Jornadas-Grupos-de-Investigacion-3.jpg\"><img loading=\"lazy\" decoding=\"async\" class=\"aligncenter size-full wp-image-94908\" src=\"https:\/\/www.nebrija.com\/medios\/actualidadnebrija\/wp-content\/uploads\/sites\/2\/2024\/10\/2024-10-28-Jornadas-Grupos-de-Investigacion-3.jpg\" alt=\"Luis D\u00edaz investigaci\u00f3n\" width=\"1100\" height=\"733\" \/><\/a><\/p>\n<p>Mar\u00eda Jes\u00fas Pioz, directora de la OTRI, agradeci\u00f3 a la familia investigadora su empe\u00f1o en aportar soluciones a los grandes temas sociales, econ\u00f3micos y cient\u00edficos a trav\u00e9s de las m\u00e1s de 90 propuestas presentadas en el pasado curso dentro de las seis facultades, un hecho que demuestra \u201cno solo la calidad de los proyectos y la conexi\u00f3n entre los centros sino tambi\u00e9n la solicitud de patentes y la consolidaci\u00f3n de equipos multidisciplinares\u201d.<\/p>\n<p>Parte de lo que los expertos explicaron en intervenciones de siete minutos queda aqu\u00ed plasmado. La comunidad investigadora no se conform\u00f3 con aportar los datos m\u00e1s relevantes durante el curso 2024-2024, sino que tambi\u00e9n brind\u00f3 por un pr\u00f3spero futuro.<\/p>\n<p><a href=\"https:\/\/www.nebrija.com\/medios\/actualidadnebrija\/wp-content\/uploads\/sites\/2\/2024\/10\/2024-10-28-Jornadas-Grupos-de-Investigacion-4.jpg\"><img loading=\"lazy\" decoding=\"async\" class=\"aligncenter size-full wp-image-94909\" src=\"https:\/\/www.nebrija.com\/medios\/actualidadnebrija\/wp-content\/uploads\/sites\/2\/2024\/10\/2024-10-28-Jornadas-Grupos-de-Investigacion-4.jpg\" alt=\"Pioz investigaci\u00f3n \" width=\"1100\" height=\"733\" \/><\/a><\/p>\n<h2><strong>Polit\u00e9cnica Nebrija<\/strong><\/h2>\n<p><a href=\"https:\/\/www.nebrija.com\/investigacion-universidad\/grupos\/grupo-aries.php\">Grupo de Investigaci\u00f3n Aplicada en Ingenier\u00eda y Ciencias de la Computaci\u00f3n. Applied Resarch in Engineering and computational Sciences (ARIES)<\/a><\/p>\n<p>El grupo de investigaci\u00f3n\u202fARIES\u202fcentra su investigaci\u00f3n en soluciones tecnol\u00f3gicas para resolver problemas relacionados con an\u00e1lisis e ingenier\u00eda de datos, predicci\u00f3n de resultados, generaci\u00f3n de modelos, t\u00e9cnicas de biofabricaci\u00f3n, geometr\u00edas computacionales y an\u00e1lisis de imagen.<\/p>\n<p>Su investigadora principal, Nieves Cubo, mostr\u00f3 su alegr\u00eda por la colaboraci\u00f3n con otros equipos sin perder de vista el foco de la computaci\u00f3n, el eje vertebral de un grupo vers\u00e1til que desarrolla modelos para predecir resultados. Entre los hitos del pasado ejercicio de ARIES se encuentran la concesi\u00f3n del primer plan nacional, la entrada como comunidad asociada en el CSIC (Consejo Superior de Investigaciones Cient\u00edficas), el \u201creferente\u201d de las investigaciones de Cristian Velasco en torno al uso de la inteligencia artificial en el sector marino y el trabajo con instituciones como la ONU o la ESA (Agencia Espacial Europea).<\/p>\n<p><a href=\"https:\/\/www.nebrija.com\/medios\/actualidadnebrija\/wp-content\/uploads\/sites\/2\/2024\/10\/2024-10-28-Jornadas-Grupos-de-Investigacion-6.jpg\"><img loading=\"lazy\" decoding=\"async\" class=\"aligncenter size-full wp-image-94910\" src=\"https:\/\/www.nebrija.com\/medios\/actualidadnebrija\/wp-content\/uploads\/sites\/2\/2024\/10\/2024-10-28-Jornadas-Grupos-de-Investigacion-6.jpg\" alt=\"Nieves Cubo Nebrija\" width=\"1100\" height=\"733\" \/><\/a><\/p>\n<p><a href=\"https:\/\/www.nebrija.com\/investigacion-universidad\/grupos\/grupo-vehiculos.php\">Ingenier\u00eda de Veh\u00edculos (GREEN)<\/a><\/p>\n<p>El grupo presenta las siguientes l\u00edneas de investigaci\u00f3n: recuperaci\u00f3n de energ\u00eda mec\u00e1nica (<em>Energy Harvesting<\/em>) en veh\u00edculos; recuperaci\u00f3n de energ\u00eda por medio de sistemas termoac\u00fasticos; desarrollo matem\u00e1tico-experimental de modelos de neum\u00e1tico; identificaci\u00f3n de par\u00e1metros en sistemas de veh\u00edculos; din\u00e1mica de veh\u00edculos ferroviarios; y\u00a0<em>sensorizaci\u00f3n\u00a0<\/em>de veh\u00edculos\u00a0<em>low cost\u00a0<\/em>y m\u00ednimamente invasiva.<\/p>\n<p>Sobre el factor humano disert\u00f3 Francisco Badea, su investigador principal, que, junto a Ingo Kaiser y Javier Aranceta, director de la <a href=\"https:\/\/www.nebrija.com\/catedras\/catedra-recuperacion-energia-transporte-superficie\/\">C\u00e1tedra Global Nebrija-Santander en Recuperaci\u00f3n de Energ\u00eda en el Transporte de Superficie<\/a>, no cejan en buscan temas, colaboraciones y proyectos con la inminente ayuda de un nuevo investigador \u201ccinco estrellas\u201d del que no desvel\u00f3 su identidad. \u201cGREEN ha sufrido muchos cambios, somos un gato que tiene siete vidas o un ave f\u00e9nix que se reinventa constantemente\u201d, se\u00f1al\u00f3.<\/p>\n<p>Los dos proyectos con INTA (Instituto Nacional de T\u00e9cnica Aeroespacial) o la participaci\u00f3n en el consorcio SEGVAUTO 4.0 (SEGuridad de los Veh\u00edculos AUTOm\u00f3viles) son dos de las acciones de un grupo que destaca, de la mano de Ingo Kaiser y la Universidad de Oviedo, en la investigaci\u00f3n en la relaci\u00f3n entre el veh\u00edculo ferroviario y la v\u00eda y el desgaste que conlleva.<\/p>\n<p><a href=\"https:\/\/www.nebrija.com\/medios\/actualidadnebrija\/wp-content\/uploads\/sites\/2\/2024\/10\/2024-10-28-Jornadas-Grupos-de-Investigacion-8.jpg\"><img loading=\"lazy\" decoding=\"async\" class=\"aligncenter size-full wp-image-94911\" src=\"https:\/\/www.nebrija.com\/medios\/actualidadnebrija\/wp-content\/uploads\/sites\/2\/2024\/10\/2024-10-28-Jornadas-Grupos-de-Investigacion-8.jpg\" alt=\"Francisco Badea jornadas\" width=\"1100\" height=\"733\" \/><\/a><\/p>\n<p><a href=\"https:\/\/www.nebrija.com\/investigacion-universidad\/grupos\/grupo-materiales.php\">Materiales y Fabricaci\u00f3n Avanzada (MOD3RN)<\/a><\/p>\n<p>MOD3RN presenta las siguientes l\u00edneas de investigaci\u00f3n: desarrollo de materiales multiferroicos en forma de l\u00e1minas por m\u00e9todos sostenibles para dispositivos electr\u00f3nicos desarrollo de materiales de estructura perovskita con propiedades de \u201cmagnetorresistencia colosal\u201d para el uso en sensores, desarrollo de imanes cer\u00e1micos para sustituci\u00f3n de imanes con tierras raras para eliminar la dependencia geopol\u00edtica y abaratar el precio, sistemas de aprovechamiento energ\u00e9tico basadas en el aprovechamiento del efecto Marangoni en fluidos, desarrollo de aleaciones ligeras de magnesio con propiedades mec\u00e1nicas mejoradas para su empleo en la industria aeroespacial, impresi\u00f3n 3D de metales, dise\u00f1o, optimizaci\u00f3n topol\u00f3gica y \u201cgrafol\u00f3gica\u201d (de las trayectorias) para la impresi\u00f3n 3D de piezas orientadas al uso industrial, desarrollo de fracciones nanom\u00e9tricas de pl\u00e1sticos para estudios de impacto biol\u00f3gico en c\u00e9lulas y desarrollo de modelos de elementos finitos para todos las l\u00edneas de trabajo previas.<\/p>\n<p>Dejando claro que el grupo, con colaboraciones con otros equipos como BRABE o GREEN, \u201cha ido creciendo cada vez m\u00e1s con el paso de los a\u00f1os\u201d, Rafael Barea, su investigador principal, reafirm\u00f3 su apuesta por \u201cla docencia b\u00e1sica de uso industrial con ciencia\u201d. Entre las m\u00faltiples acciones en la que participa este equipo, cit\u00f3 la fabricaci\u00f3n de micropl\u00e1sticos en temas de contaminaci\u00f3n o de recubrimientos para que duren m\u00e1s las placas solares o la medici\u00f3n del desgaste en tejidos.<\/p>\n<p>Otra de las joyas de la corona de MOD3RN es su trabajo en las variaciones del l\u00e1ser para cambiar las propiedades de materiales como el metal o el desarrollo de aleaciones de magnesio para disminuir peso e incorporar propiedades equivalentes al acero o al aluminio en sectores como el aeron\u00e1utico.<\/p>\n<p><a href=\"https:\/\/www.nebrija.com\/medios\/actualidadnebrija\/wp-content\/uploads\/sites\/2\/2024\/10\/2024-10-28-Jornadas-Grupos-de-Investigacion-9.jpg\"><img loading=\"lazy\" decoding=\"async\" class=\"aligncenter size-full wp-image-94912\" src=\"https:\/\/www.nebrija.com\/medios\/actualidadnebrija\/wp-content\/uploads\/sites\/2\/2024\/10\/2024-10-28-Jornadas-Grupos-de-Investigacion-9.jpg\" alt=\"Rafael Badea Nebrija\" width=\"1100\" height=\"733\" \/><\/a><\/p>\n<p><a href=\"https:\/\/www.nebrija.com\/investigacion-universidad\/grupos\/grupo-matematicas.php\">Matem\u00e1ticas y sus aplicaciones (MA)<\/a><\/p>\n<p>Las l\u00edneas de investigaci\u00f3n del grupo pertenecen al \u00e1rea de la geometr\u00eda algebraica y el \u00e1lgebra conmutativa y sus aplicaciones. Los polinomios complejos y reales son los objetos clave de esta disciplina.<\/p>\n<p>Pilar V\u00e9lez, su investigadora principal, mand\u00f3 a la reuni\u00f3n una presentaci\u00f3n en la que se puso de relieve la relevancia del grado en Matem\u00e1ticas Aplicadas y la l\u00ednea sostenida de su grupo en cuanto a publicaciones y asistencia a congresos. La adjudicaci\u00f3n de un proyecto sobre inteligencia aumentada, el primero concedido a MA, afianza la pujanza de estos investigadores.<\/p>\n<p><a href=\"https:\/\/www.nebrija.com\/investigacion-universidad\/grupos\/grupo-arquitectura.php\">La Arquitectura y el Urbanismo ante las Transformaciones Sociales, Econ\u00f3micas y Territoriales (At-the-oUTSET)<\/a><\/p>\n<p>Las l\u00edneas de investigaci\u00f3n de este grupo se resumen en: transformaci\u00f3n espacial de los modelos sociales, econ\u00f3micos y territoriales; arquitectura, urbanismo y cambio social; an\u00e1lisis de procesos de obsolescencia en la arquitectura y el urbanismo; gesti\u00f3n sostenible del patrimonio; tecnolog\u00eda e innovaci\u00f3n orientadas a la sostenibilidad: dise\u00f1o y durabilidad en materiales; patrones de continuidad e innovaci\u00f3n en arquitectura y urbanismo; innovaci\u00f3n en las metodolog\u00edas de dise\u00f1o y ense\u00f1anza de la arquitectura y urbanismo; dise\u00f1o basado en el principio de incertidumbre de arquitectura y urbanismo; evoluci\u00f3n de la demanda social de vivienda; e innovaci\u00f3n legislativa en materia de acceso a vivienda.<\/p>\n<p>Once expertos, con un perfil variado (t\u00e9cnicos, ingenieros, arquitectos y soci\u00f3logos) convierten al equipo encabezado por Alexandra Delgado en \u201cuna suma de intereses comunes\u201d que ayuda a transformar las ciudades y sus comunidades en espacios sostenibles sin perder de vista la transici\u00f3n energ\u00e9tica.<\/p>\n<p>Los premios de la calculadora para medir la huella de carbono, el <a href=\"https:\/\/www.nebrija.com\/medios\/actualidadnebrija\/2024\/10\/23\/la-universidad-nebrija-asesora-del-ayuntamiento-para-el-plan-general-de-madrid-360\/\">asesoramiento t\u00e9cnico<\/a> del Ayuntamiento para el desarrollo del Plan General de Madrid 360, las colaboraciones con los compa\u00f1eros de Turismo de Nebrija y los libros <em><a href=\"https:\/\/www.nebrija.com\/medios\/actualidadnebrija\/2024\/10\/03\/el-libro-decoding-cultural-heritage-muestra-las-herramientas-digitales-que-preservan-el-patrimonio\/\">Decoding Cultural Heritage<\/a><\/em> y <em><a href=\"https:\/\/www.nebrija.com\/medios\/actualidadnebrija\/2023\/12\/01\/libro-participacion-ciudada-transicion-energetica\/\">Transici\u00f3n energ\u00e9tica y construcci\u00f3n social del territorio ante el reto del cambio clim\u00e1tico y el nuevo marco geopol\u00edtico<\/a><\/em> destacan entre las numerosas acciones de At-the-oUTSET.<\/p>\n<p>Para seguir estableciendo conexiones con sus colegas investigadores de la Universidad Nebrija, la investigadora principal del grupo dej\u00f3 un eslogan muy acertado: \u201cNieves Cubo, para asuntos de espacio exterior; Alexandra Delgado, para el espacio interior\u201d.<\/p>\n<p><a href=\"https:\/\/www.nebrija.com\/medios\/actualidadnebrija\/wp-content\/uploads\/sites\/2\/2024\/10\/2024-10-28-Jornadas-Grupos-de-Investigacion-10.jpg\"><img loading=\"lazy\" decoding=\"async\" class=\"aligncenter size-full wp-image-94913\" src=\"https:\/\/www.nebrija.com\/medios\/actualidadnebrija\/wp-content\/uploads\/sites\/2\/2024\/10\/2024-10-28-Jornadas-Grupos-de-Investigacion-10.jpg\" alt=\"Alexandra Delgado investigadora\" width=\"1100\" height=\"733\" \/><\/a><\/p>\n<h2><strong>Facultad de Econom\u00eda y Empresa<\/strong><\/h2>\n<p><a href=\"https:\/\/www.nebrija.com\/investigacion-universidad\/grupos\/grupo-empresa.php\">Econom\u00eda, Bienestar, Empresa e Internacionalizaci\u00f3n (ECEMIN)<\/a><\/p>\n<p>El grupo aborda aspectos fundamentales de la econom\u00eda y la empresa como el an\u00e1lisis de la desigualdad, la educaci\u00f3n, la inseguridad econ\u00f3mica, el bienestar y la internacionalizaci\u00f3n.<\/p>\n<p>El proyecto EPSEP (2023-2025), con ocho investigadores y seis l\u00edneas de investigaci\u00f3n, relacionado con la pobreza energ\u00e9tica, la percepci\u00f3n ciudadana y las pol\u00edticas de energ\u00eda sostenible sigue siendo una de las gu\u00edas de la investigaci\u00f3n de ECEMIN al que se ha unido ENACT (2025-2028), un proyecto europeo \u201cmuy ambicioso\u201d que integra a 20 instituciones con 9 l\u00edneas de investigaci\u00f3n que aplica metodolog\u00edas de an\u00e1lisis de grupos de riesgo de pobreza y de exclusi\u00f3n en los \u00faltimos quince a\u00f1os. \u201cIndagamos sobre qu\u00e9 les ha pasado a sectores de la poblaci\u00f3n y en qu\u00e9 momento han tomado la mala senda de la pobreza (energ\u00e9tica, mental o econ\u00f3mica)\u201d, explic\u00f3 Santiago Budr\u00eda, su investigador principal. ENACT tambi\u00e9n mide los efectos de la contaminaci\u00f3n en diferentes patolog\u00edas con datos de los pacientes de los hospitales de La Paz y del Ram\u00f3n y Cajal.<\/p>\n<p>Otra vertiente investigadora es la que coordina Ra\u00fal M\u00ednguez sobre fen\u00f3menos internacionales como el <em>brexit<\/em>, la guerra de Ucrania y c\u00f3mo afectan todo tipo de tensiones geopol\u00edticas al funcionamiento de las empresas y la marcha de la econom\u00eda. \u201cSi todo se midiera por la ilusi\u00f3n y las ganas que le ponemos a todo nos podr\u00eda ir razonablemente bien\u201d, brome\u00f3 Budr\u00eda.<\/p>\n<p><a href=\"https:\/\/www.nebrija.com\/medios\/actualidadnebrija\/wp-content\/uploads\/sites\/2\/2024\/10\/2024-10-28-Jornadas-Grupos-de-Investigacion-12.jpg\"><img loading=\"lazy\" decoding=\"async\" class=\"aligncenter size-full wp-image-94914\" src=\"https:\/\/www.nebrija.com\/medios\/actualidadnebrija\/wp-content\/uploads\/sites\/2\/2024\/10\/2024-10-28-Jornadas-Grupos-de-Investigacion-12.jpg\" alt=\"Santiago Budr\u00eda Nebrija\" width=\"1100\" height=\"733\" \/><\/a><\/p>\n<p><a href=\"https:\/\/www.nebrija.com\/investigacion-universidad\/grupos\/grupo-turismo.php\">Inteligencia Tur\u00edstica e Innovaci\u00f3n (Smarttour-INN)<\/a><\/p>\n<p>La generaci\u00f3n de conocimiento de vanguardia y la b\u00fasqueda de enfoques innovadores que impulsen las pr\u00e1cticas tur\u00edsticas m\u00e1s inteligentes, fomenten el desarrollo sostenible y respalden una gesti\u00f3n y gobernanza efectivas son el norte de un grupo que reconoce el turismo como un fen\u00f3meno multidimensional que abarca aspectos espaciales, econ\u00f3micos y sociales, con una \u201cprofunda\u201d interconexi\u00f3n con la tecnolog\u00eda.<\/p>\n<p>Aurkene Alzua-Sorzabal, su investigadora principal, deleg\u00f3 en Aitziber Pousa la exposici\u00f3n de motivos en las Jornadas de Nebrija. La C\u00e1tedra Telef\u00f3nica-Nebrija en Inteligencia Tur\u00edstica, los proyectos sobre destinos tur\u00edsticos inteligentes y neutralidad en carbono y las colaboraciones con otros investigadores e instituciones conformaron el eje de su discurso.<\/p>\n<p><a href=\"https:\/\/www.nebrija.com\/medios\/actualidadnebrija\/wp-content\/uploads\/sites\/2\/2024\/10\/2024-10-28-Jornadas-Grupos-de-Investigacion-13.jpg\"><img loading=\"lazy\" decoding=\"async\" class=\"aligncenter size-full wp-image-94915\" src=\"https:\/\/www.nebrija.com\/medios\/actualidadnebrija\/wp-content\/uploads\/sites\/2\/2024\/10\/2024-10-28-Jornadas-Grupos-de-Investigacion-13.jpg\" alt=\"turismo Nebrija\" width=\"1100\" height=\"733\" \/><\/a><\/p>\n<p><a href=\"https:\/\/www.nebrija.com\/investigacion-universidad\/grupos\/grupo-areco.php\">Antitrust, Regulaci\u00f3n y Econom\u00eda del Comportamiento (ARECO) <\/a><\/p>\n<p>La pol\u00edtica de competencia y de libre mercado, las din\u00e1micas de las plataformas digitales y la econom\u00eda de datos y la econom\u00eda del comportamiento son los grandes espacios donde se mueven sus investigadores.<\/p>\n<p>Este grupo, fundado hace un a\u00f1o, hace hincapi\u00e9 en la formaci\u00f3n acad\u00e9mica. \u201cEn pleno crecimiento, pensamos que es importante embarcarse en esta tarea netamente universitaria de formar cantera\u201d, confes\u00f3 el investigador principal Fernando D\u00edez, que enumer\u00f3 proyectos como el de computaci\u00f3n en la nube, financiado por Google y que \u201cya est\u00e1 dando resultados\u201d, y otro proyecto relacionado con las personas con discapacidad visual para incorporar en la calle est\u00edmulos t\u00e1ctiles.<\/p>\n<p>La red de ARECO abraza tambi\u00e9n la creaci\u00f3n de un observatorio de la conducta, la participaci\u00f3n en publicaciones especializadas y en seminarios sobre la privacidad en las redes sociales y la coordinaci\u00f3n de hasta una veintena de trabajos de fin de grado y trabajos de fin de m\u00e1ster.<\/p>\n<p><a href=\"https:\/\/www.nebrija.com\/medios\/actualidadnebrija\/wp-content\/uploads\/sites\/2\/2024\/10\/2024-10-28-Jornadas-Grupos-de-Investigacion-14.jpg\"><img loading=\"lazy\" decoding=\"async\" class=\"aligncenter size-full wp-image-94916\" src=\"https:\/\/www.nebrija.com\/medios\/actualidadnebrija\/wp-content\/uploads\/sites\/2\/2024\/10\/2024-10-28-Jornadas-Grupos-de-Investigacion-14.jpg\" alt=\"Fernando D\u00edez jornadas\" width=\"1100\" height=\"733\" \/><\/a><\/p>\n<h2><strong>Facultad de Comunicaci\u00f3n y Artes<\/strong><\/h2>\n<p><a href=\"https:\/\/www.nebrija.com\/investigacion-universidad\/grupos\/grupo-comunicacion.php\">Innovaci\u00f3n en Comunicaci\u00f3n &amp; Medios (INNOMEDIA)<\/a><\/p>\n<p>Sus l\u00edneas de investigaci\u00f3n, adaptadas a los nuevos tiempos, son: innovaci\u00f3n en producci\u00f3n, comercializaci\u00f3n y distribuci\u00f3n digital; alfabetizaci\u00f3n digital y medi\u00e1tica en entornos conectados; y perfiles y competencias profesionales para el ecosistema digital.<\/p>\n<p>Su investigadora principal, Egl\u00e9e Ortega, que representa un grupo de diecis\u00e9is expertos \u201ctalentosos y de mentes brillantes\u201d, destac\u00f3 la publicaci\u00f3n de libros como <em><a href=\"https:\/\/www.nebrija.com\/medios\/actualidadnebrija\/2024\/06\/27\/libro-experiencias-inmersivas-en-periodismo-publicidad-y-artes\/\">Experiencias inmersivas. Realidad virtual y realidad aumentada en periodismo, publicidad y artes<\/a><\/em> o <em><a href=\"https:\/\/editorial.tirant.com\/mex\/libro\/muy-tocados-historia-del-festival-universitario-jovenes-tocados-por-la-publicidad-mar-ramos-rodriguez-9788411834735\">Muy Tocados<\/a><\/em>.<\/p>\n<p>Los proyectos AUDIO CON_SENTIDO, para definir un c\u00f3digo de orientaci\u00f3n por edades de contenidos de audio digital, MEDIATIZED EU, sobre las percepciones de las noticias, COMPENSA (Competencias Digitales para la Empleabilidad de Personas con Discapacidad en el Sector Audiovisual), WISE-ME, que contrarresta la desinformaci\u00f3n entre los adolescentes, y el informe <em><a href=\"https:\/\/www.nebrija.com\/medios\/actualidadnebrija\/2024\/10\/25\/series-peliculas-jovenes-movil\/\">Los Adolescentes y los J\u00f3venes, en el cine y las series de TV en 2023<\/a><\/em> (The Family Watch) son algunos de las iniciativas en las que est\u00e1 inmerso INNOMEDIA.<\/p>\n<p>Una de las cumbres del pasado curso acad\u00e9mico fue la creaci\u00f3n de la C\u00e1tedra Nebrija-EGEDA-Platino Educa en Cine, Mujer y Educaci\u00f3n (<a href=\"https:\/\/www.nebrija.com\/catedras\/catedra-cine-mujer-educacion\/\">CIMUED<\/a>), un pionero espacio acad\u00e9mico de investigaci\u00f3n y divulgaci\u00f3n que estudia e impulsa la representaci\u00f3n, la integraci\u00f3n y la visibilidad de las mujeres en la industria audiovisual.<\/p>\n<p>En el horizonte del grupo se atisba un nuevo libro sobre la integraci\u00f3n de la inteligencia artificial en la comunicaci\u00f3n digital, la organizaci\u00f3n de dos congresos internacionales -Digit-All (II Congreso Internacional de Nuevas Narrativas en la Sociedad Digital), los pr\u00f3ximos 14 y 15 de noviembre, y el pr\u00f3ximo congreso de la Sociedad Espa\u00f1ola de Period\u00edstica (SEP) de junio de 2025-, dos solicitudes de proyectos regionales y la creaci\u00f3n de la Catedra Nebrija L\u00b4Oreal en Comunicaci\u00f3n, Imagen y Bienestar en la generaci\u00f3n Silver (BELSILVER), dirigida por Marta Perlado.<\/p>\n<p><a href=\"https:\/\/www.nebrija.com\/medios\/actualidadnebrija\/wp-content\/uploads\/sites\/2\/2024\/10\/2024-10-28-Jornadas-Grupos-de-Investigacion-15.jpg\"><img loading=\"lazy\" decoding=\"async\" class=\"aligncenter size-full wp-image-94917\" src=\"https:\/\/www.nebrija.com\/medios\/actualidadnebrija\/wp-content\/uploads\/sites\/2\/2024\/10\/2024-10-28-Jornadas-Grupos-de-Investigacion-15.jpg\" alt=\"E. Ortega INNOMEDIA\" width=\"1100\" height=\"733\" \/><\/a><\/p>\n<p><a href=\"https:\/\/www.nebrija.com\/investigacion-universidad\/grupos\/grupo-bellas-artes.php\">Estudios Transversales en Creaci\u00f3n Contempor\u00e1nea\u00a0(ETCC)<\/a><\/p>\n<p>Las l\u00edneas de investigaci\u00f3n se resumen en: procesos art\u00edsticos contempor\u00e1neos de aplicaci\u00f3n a la docencia en artes y Dise\u00f1o; antropolog\u00eda del material, recuperaci\u00f3n hist\u00f3rica del arte y creaci\u00f3n contempor\u00e1nea; y el sistema del arte: valor, mercado, gesti\u00f3n y coleccionismo. Hay una nueva vertiente sobre el patrimonio cultural inmaterial.<\/p>\n<p>El nuevo logo dise\u00f1ado por Esther S\u00e1nchez, egresada de Nebrija, que muestra un vilano, \u201cque germinar\u00e1 en diferentes sustratos\u201d, el libro <em>La pr\u00e1ctica profesional del peritaje de obras de arte. Nuevos retos y multidisciplinariedad<\/em>, coordinado por Diana Angoso; las propuestas performativas de Alba Soto o la <a href=\"https:\/\/www.nebrija.com\/medios\/actualidadnebrija\/2024\/10\/04\/las-i-jornadas-internacionales-de-mercado-del-arte-nacen-con-un-debate-sobre-la-inversion\/\">I Jornada Internacional de Mercado del Arte<\/a> son algunas de las propuestas del grupo cuya investigadora principal es Amelia Mel\u00e9ndez.<\/p>\n<p>ETCC contempl\u00f3 la convocatoria del programa de actividades I+D en Ciencias Sociales que la Comunidad de Madrid convoca cada cuatro a\u00f1os como una continuaci\u00f3n de un consorcio con el que ya dispon\u00eda de proyecto financiado liderado por la UCM. ETCC tuvo que asumir en tiempo muy breve la necesidad de establecer alianzas con otro consorcio liderado por la UAH. A ese nuevo consorcio ETCC sum\u00f3 otros dos grupos de la UCM y la UAH al proyecto<em>\u00a0Avecinas <\/em>al que se ha concedido financiaci\u00f3n para desarrollar sus actividades los pr\u00f3ximos tres a\u00f1os. Esta nueva alianza es coherente con la deriva desde la mitocr\u00edtica cultural hacia la ecocr\u00edtica y el ecofeminismo que el grupo desarrollaba desde el anterior proyecto.<\/p>\n<p>El grupo ETCC ha aumentado la investigaci\u00f3n reconocida con sexenios en tres investigadores m\u00e1s y se ha concedido por primera vez la acreditaci\u00f3n de titular a una investigadora del Departamento de Artes, Saida Santana.<\/p>\n<p>Adem\u00e1s ha redondeado su transferencia de conocimiento con la participaci\u00f3n con tres talleres en la Semana de la Ciencia (Ecolog\u00eda afectiva, Po\u00e9ticas del Cuerpo, Arte y Ciencia) que se celebrar\u00e1n el 7 y 8 de noviembre en el nuevo Campus de San Francisco de Sales.<\/p>\n<p><a href=\"https:\/\/www.nebrija.com\/medios\/actualidadnebrija\/wp-content\/uploads\/sites\/2\/2024\/10\/2024-10-28-Jornadas-Grupos-de-Investigacion-19.jpg\"><img loading=\"lazy\" decoding=\"async\" class=\"aligncenter size-full wp-image-94920\" src=\"https:\/\/www.nebrija.com\/medios\/actualidadnebrija\/wp-content\/uploads\/sites\/2\/2024\/10\/2024-10-28-Jornadas-Grupos-de-Investigacion-19.jpg\" alt=\"ETCC Nebrija\" width=\"1100\" height=\"733\" \/><\/a><\/p>\n<h2><strong>Facultad de Ciencias de la Vida y de la Naturaleza<\/strong><\/h2>\n<p><a href=\"https:\/\/www.nebrija.com\/investigacion-universidad\/grupos\/grupo-nbc.php\">Neurociencia B\u00e1sica y Cl\u00ednica &#8211; Basic and Clinical Neuroscience Research Group (NBC)<\/a><\/p>\n<p>El nuevo grupo de investigaci\u00f3n Nebrija tiene como eje principal el estudio del sistema nervioso tanto en la salud como en la enfermedad. Con un equipo interdisciplinar que incluye profesionales con amplia experiencia b\u00e1sica y cl\u00ednica en \u00e1reas como la psicolog\u00eda, psicofarmacolog\u00eda, neuropsicolog\u00eda, neurobiolog\u00eda, enfermer\u00eda, medicina, ciencias del deporte, psicopedagog\u00eda y metodolog\u00eda en ciencias del comportamiento, el grupo trabaja en la comprensi\u00f3n de las bases moleculares y celulares de la conducta, as\u00ed como en el estudio de nuevas dianas terap\u00e9uticas en distintas enfermedades del sistema nervioso que permitan llevar los resultados de su investigaci\u00f3n al \u00e1mbito cl\u00ednico.<\/p>\n<p>Su investigador principal, V\u00edctor Echeverry, defini\u00f3 campos de investigaci\u00f3n tan interesantes como las conductas de riesgo asociadas al consumo de drogas, las alteraciones cognitivas en covid-19 o en dolor cr\u00f3nico, los efectos de la quimioterapia, la calidad de vida en la patolog\u00eda cr\u00f3nica o la simulaci\u00f3n cl\u00ednica como herramientas de adquisici\u00f3n de conocimiento en el aula.<\/p>\n<p>El eje intestino-cerebro es la columna vertebral de un equipo que no descuida la participaci\u00f3n en congresos, la publicaci\u00f3n en revistas de calidad, la incorporaci\u00f3n de contratos predoctorales o la colaboraci\u00f3n con otros compa\u00f1eros de Nebrija o con instituciones como la Direcci\u00f3n General de la Guardia Civil.<\/p>\n<p>Los investigadores de NBC siguen cosechando \u00e9xitos como el logrado por Ana Beltr\u00e1n, vicedecana de Investigaci\u00f3n y directora del grado en Psicolog\u00eda de la Facultad de Ciencias de la Vida y de la Naturaleza, que ha sido nombrada recientemente <a href=\"https:\/\/www.nebrija.com\/medios\/actualidadnebrija\/2024\/10\/23\/ana-beltran-fundacion-neurociencias\/\">miembro del Consejo Asesor de la Fundaci\u00f3n de Neurociencias<\/a>.<\/p>\n<p><a href=\"https:\/\/www.nebrija.com\/medios\/actualidadnebrija\/wp-content\/uploads\/sites\/2\/2024\/10\/2024-10-28-Jornadas-Grupos-de-Investigacion-20.jpg\"><img loading=\"lazy\" decoding=\"async\" class=\"aligncenter wp-image-94921 size-full\" src=\"https:\/\/www.nebrija.com\/medios\/actualidadnebrija\/wp-content\/uploads\/sites\/2\/2024\/10\/2024-10-28-Jornadas-Grupos-de-Investigacion-20.jpg\" alt=\"V\u00edctor Echeverry investigaci\u00f3n\" width=\"1100\" height=\"733\" \/><\/a><\/p>\n<p><a href=\"https:\/\/www.nebrija.com\/investigacion-universidad\/grupos\/grupo-cerebro.php\">BRAIN &amp; BEHAVIOUR -BRABE- (Cerebro y Comportamiento)<\/a><\/p>\n<p>Las cinco l\u00edneas de investigaci\u00f3n son: identificaci\u00f3n de biomarcadores moleculares y celulares de los procesos neurodegenerativos; plasticidad sin\u00e1ptica en los procesos de aprendizaje; an\u00e1lisis de los procesos neuroinflamatorios; estudio de los estilos de vida para la mejora de la cognici\u00f3n, y terapias preventivas en la neurodegeneraci\u00f3n.<\/p>\n<p>Natalia Arias, investigadora principal del grupo, volvi\u00f3 a realizar un n\u00edtido ejercicio de divulgaci\u00f3n de las investigaciones en los que su equipo est\u00e1 involucrado. Tras agradecer a Nebrija el funcionamiento del Centro de Experimentaci\u00f3n Animal y la pr\u00f3xima apertura de los laboratorios precl\u00ednicos, se refiri\u00f3 al inter\u00e9s de su grupo por la neurodegeneraci\u00f3n, los problemas de circulaci\u00f3n y los ictus. \u201cQueremos envejecer de manera saludable, por eso queremos entender que est\u00e1 fallando en relaci\u00f3n a la p\u00e9rdida progresiva de neuronas que causan problemas cognitivos, motores y mentales\u201d, subray\u00f3.<\/p>\n<p>En la generaci\u00f3n de nuevas neuronas sanas en pacientes con neurodegeneraci\u00f3n, un proceso definido como neurog\u00e9nesis, los investigadores de BRABE quieren alejarse de t\u00e9cnicas invasivas. El proceso de renovaci\u00f3n celular ocurre, principalmente en el hipocampo. El grupo intenta saber c\u00f3mo estimular esas neuronas \u201cpara que se hagan mayores\u201d y volver a restablecer las conexiones perdidas.<\/p>\n<p>Para impulsar la neurog\u00e9nesis, los investigadores liderados por Natalia Arias experimentan con energ\u00eda electromagn\u00e9tica en animales para intentar contestar \u201csi estas neuronas pueden integrarse en circuitos da\u00f1ados o si pueden migrar cada vez m\u00e1s lejos en un intento de supervivencia a largo plazo\u201d.<\/p>\n<p>Un programa de doctorado que apuesta por la interdisciplinariedad, \u201cmucha ilusi\u00f3n y buenos colaboradores\u201d completan la f\u00f3rmula de \u00e9xito de BRABE.<\/p>\n<p><a href=\"https:\/\/www.nebrija.com\/medios\/actualidadnebrija\/wp-content\/uploads\/sites\/2\/2024\/10\/2024-10-28-Jornadas-Grupos-de-Investigacion-21.jpg\"><img loading=\"lazy\" decoding=\"async\" class=\"aligncenter size-full wp-image-94922\" src=\"https:\/\/www.nebrija.com\/medios\/actualidadnebrija\/wp-content\/uploads\/sites\/2\/2024\/10\/2024-10-28-Jornadas-Grupos-de-Investigacion-21.jpg\" alt=\"Natalia Arias BRABE\" width=\"1100\" height=\"733\" \/><\/a><\/p>\n<h2><strong>Facultad de Derecho y de Relaciones Internacionales<\/strong><\/h2>\n<p><a href=\"https:\/\/www.nebrija.com\/investigacion-universidad\/grupos\/grupo-segerico.php\">Seguridad, Gesti\u00f3n de Riesgos y Conflictos (SEGERICO)<\/a><\/p>\n<p>Las l\u00edneas de investigaci\u00f3n de este grupo se han reformulado en: an\u00e1lisis de los riesgos para la seguridad y de los conflictos; desaf\u00edos de la sociedad global y diversificaci\u00f3n de los actores; nuevos escenarios de la Seguridad y Defensa: oc\u00e9anos, espacio y ciberespacio; relaci\u00f3n conflictos-derechos humanos, protecci\u00f3n de la persona y el menor; Uni\u00f3n Europea: Seguridad, Defensa y resiliencia; arreglo judicial, mediaci\u00f3n, arbitraje y conciliaci\u00f3n: f\u00f3rmulas alternativas para la resoluci\u00f3n de conflictos; derecho Humanitario; y gesti\u00f3n de conflictos y construcci\u00f3n de la paz.<\/p>\n<p>Sonia Boulos, su nueva investigadora principal, habl\u00f3 del <a href=\"https:\/\/www.nebrija.com\/investigacion-universidad\/grupos\/centro-seguridad-estado-derecho-altas-tecnologias.php\">CINSEDAT<\/a>\u00a0(Centro de Investigaci\u00f3n Nebrija en Seguridad, Estado de Derecho y Altas Tecnolog\u00edas) y de proyectos como H2020 MEDIATIZED EU Pro-Trest as a Democracy Rest, que integra a nueve pa\u00edses y en el que Nebrija lidera el paquete jur\u00eddico-institucional, como Discourses on Europeanization and their representation in public perceptions, del que saldr\u00e1 un libro, o como un proyecto\u00a0 sobre culturas de protesta. Un monogr\u00e1fico sobre la guerra de Ucrania, 25 ponencias en congresos y 3 libros editados completan la producci\u00f3n de uno de los grupos de la Universidad Nebrija con m\u00e1s presencia internacional.<\/p>\n<p><a href=\"https:\/\/www.nebrija.com\/medios\/actualidadnebrija\/wp-content\/uploads\/sites\/2\/2024\/10\/2024-10-28-Jornadas-Grupos-de-Investigacion-25.jpg\"><img loading=\"lazy\" decoding=\"async\" class=\"aligncenter wp-image-94923 size-full\" src=\"https:\/\/www.nebrija.com\/medios\/actualidadnebrija\/wp-content\/uploads\/sites\/2\/2024\/10\/2024-10-28-Jornadas-Grupos-de-Investigacion-25.jpg\" alt=\"Sonia Boulos Nebrija\" width=\"1100\" height=\"733\" \/><\/a><\/p>\n<h2><strong>Facultad de Lenguas y Educaci\u00f3n<\/strong><\/h2>\n<p><a href=\"https:\/\/www.nebrija.com\/investigacion-universidad\/grupos\/grupo-arte.php\">Investigaci\u00f3n en Comunidades acad\u00e9micas y art\u00edsticas (ComAcAr)<\/a><\/p>\n<p>La actividad del grupo se centra en investigar las comunidades acad\u00e9micas y art\u00edsticas desde un enfoque interdisciplinar de las ciencias sociales. Los expertos de ComAcAr aportan conocimiento sobre las culturas evaluativas, la creatividad, la excelencia y otros discursos sociales tanto en las academias art\u00edsticas m\u00e1s o menos institucionalizadas como en otros \u00e1mbitos acad\u00e9micos.<\/p>\n<p>Juan Arturo Rubio, investigador principal, se mostr\u00f3 orgulloso de las dos publicaciones derivadas de tesis y otras publicaciones del grupo con el Centro de Documentaci\u00f3n de M\u00fasica, Teatro y Danza (Ministerio de Cultura): <em>Antonio Gades <\/em>y <em>El repertorio del Ballet Nacional de Espa\u00f1a,<\/em> que se present\u00f3 en su d\u00eda con unos pasos de baile de Estela Alonso.<\/p>\n<p>A reconocimientos como el Premio de la Fundaci\u00f3n SGAE en la convocatoria del a\u00f1o 2023 al mejor Trabajo de Investigaci\u00f3n a Jerahy Garc\u00eda y como la elaboraci\u00f3n de un cap\u00edtulo del Informe sobre el Estado de la Cultura 2024 a cargo de Juan Arturo Rubio se le han unido la incorporaci\u00f3n al proyecto<em> Espacios, g\u00e9neros y p\u00fablicos de la m\u00fasica en Madrid<\/em> junto a la Universidad Complutense y la Universidad Polit\u00e9cnica de Madrid.<\/p>\n<p><a href=\"https:\/\/www.nebrija.com\/medios\/actualidadnebrija\/wp-content\/uploads\/sites\/2\/2024\/10\/2024-10-28-Jornadas-Grupos-de-Investigacion-26.jpg\"><img loading=\"lazy\" decoding=\"async\" class=\"aligncenter size-full wp-image-94924\" src=\"https:\/\/www.nebrija.com\/medios\/actualidadnebrija\/wp-content\/uploads\/sites\/2\/2024\/10\/2024-10-28-Jornadas-Grupos-de-Investigacion-26.jpg\" alt=\"Juan Arturo Rubio investigador\" width=\"1100\" height=\"733\" \/><\/a><\/p>\n<p><a href=\"https:\/\/www.nebrija.com\/investigacion-universidad\/grupos\/grupo-lenguas.php\">Ling\u00fc\u00edstica Aplicada a la Ense\u00f1anza de Lenguas Extranjeras (LAELE)<\/a><\/p>\n<p>Este grupo veterano de la Universidad Nebrija contempla las siguientes l\u00edneas de trabajo: relaci\u00f3n entre los procesos psicol\u00f3gicos b\u00e1sicos de emoci\u00f3n, memoria y atenci\u00f3n, y la adquisici\u00f3n de lenguas extranjeras; adquisici\u00f3n, aprendizaje y ense\u00f1anza del espa\u00f1ol en contextos de migraci\u00f3n; adquisici\u00f3n, aprendizaje y ense\u00f1anza del l\u00e9xico de segundas lenguas y lenguas extranjeras; identidad ling\u00fc\u00edstica, interculturalidad y aculturaci\u00f3n; evaluaci\u00f3n y certificaci\u00f3n de la competencia ling\u00fc\u00edstica; y aprendizaje y did\u00e1ctica de lenguas en contextos de inmersi\u00f3n y de integraci\u00f3n con contenidos en el \u00e1mbito escolar.<\/p>\n<p>Su investigadora principal, Alice Foucart, se refiri\u00f3 a proyectos como EMILIA-2 (La emoci\u00f3n en el aprendizaje del espa\u00f1ol como lengua adicional y en la comunicaci\u00f3n biling\u00fce en contextos de migraci\u00f3n), coordinado por Susana Mart\u00edn Leralta, decana de la Facultad de Lenguas y Educaci\u00f3n; CEFALO (Cognitive and Emotiona Flexibility in Adult Language Learning Outcomes 2024-2029) y otro proyecto nacional sobre c\u00f3mo procesamos la pragm\u00e1tica; es decir, todo el lenguaje que no es literal, que tiene que ver con la sutileza.<\/p>\n<p>\u201cCon los proyectos generamos formaci\u00f3n de los alumnos y sembramos masa cr\u00edtica. Con nuestra metodolog\u00eda y teor\u00eda tratamos de entender la neurociencia cognitiva y la psicolog\u00eda social y ling\u00fc\u00edstica\u201d, apunt\u00f3 Foucart.<\/p>\n<p>Un estudio sobre el acento extranjero y su credibilidad y el estudio del lenguaje y las lenguas extranjeras en educaci\u00f3n, tecnolog\u00edas y empresas son algunas de las aplicaciones que est\u00e1n en el radar del grupo.<\/p>\n<p><a href=\"https:\/\/www.nebrija.com\/medios\/actualidadnebrija\/wp-content\/uploads\/sites\/2\/2024\/10\/2024-10-28-Jornadas-Grupos-de-Investigacion-27.jpg\"><img loading=\"lazy\" decoding=\"async\" class=\"aligncenter size-full wp-image-94925\" src=\"https:\/\/www.nebrija.com\/medios\/actualidadnebrija\/wp-content\/uploads\/sites\/2\/2024\/10\/2024-10-28-Jornadas-Grupos-de-Investigacion-27.jpg\" alt=\"Alice Foucart\" width=\"1100\" height=\"733\" \/><\/a><\/p>\n<p><a href=\"https:\/\/www.nebrija.com\/investigacion-universidad\/grupos\/grupo-educacion.php\">Cognici\u00f3n, Educaci\u00f3n y Diferencias Individuales (CEDI)<\/a><\/p>\n<p>Las l\u00edneas de investigaci\u00f3n del grupo se conforman en los siguientes campos: memoria, atenci\u00f3n y emoci\u00f3n y su relaci\u00f3n con la educaci\u00f3n; inteligencia ejecutiva y su aplicaci\u00f3n did\u00e1ctica; diferencias individuales en los procesos cognitivos implicados en la educaci\u00f3n; y formaci\u00f3n del profesorado universitario de acuerdo con estos par\u00e1metros.<\/p>\n<p>Claudia Poch, investigadora principal, se refiri\u00f3 al proyecto, en el que han estado trabajando, sobre el impacto de la digitalizaci\u00f3n en cognici\u00f3n y emoci\u00f3n. Han analizado si el entorno actual, \u201cque se ha vuelto eminentemente digital\u201d, hace que nuestro cerebro se desarrolle de otra manera. El grupo intenta desentra\u00f1ar en este contexto los efectos positivos y negativos de nuestro \u00f3rgano pensante en un af\u00e1n por aumentar la \u201cescasa\u201d evidencia cient\u00edfica.<\/p>\n<p>El impacto de la inteligencia artificial en procesos de aprendizaje y el impacto de las redes sociales en procesos cognitivos y afectivos son otras dos de las preocupaciones de CEDI.<\/p>\n<p><a href=\"https:\/\/www.nebrija.com\/medios\/actualidadnebrija\/wp-content\/uploads\/sites\/2\/2024\/10\/2024-10-28-Jornadas-Grupos-de-Investigacion-30.jpg\"><img loading=\"lazy\" decoding=\"async\" class=\"aligncenter size-full wp-image-94926\" src=\"https:\/\/www.nebrija.com\/medios\/actualidadnebrija\/wp-content\/uploads\/sites\/2\/2024\/10\/2024-10-28-Jornadas-Grupos-de-Investigacion-30.jpg\" alt=\"CEDI Claudia Poch\" width=\"1100\" height=\"733\" \/><\/a><\/p>\n<p><a href=\"https:\/\/www.nebrija.com\/investigacion-universidad\/grupos\/centro-ciencia-cognitiva.php\">Centro de Investigaci\u00f3n Nebrija en Cognici\u00f3n (CINC)<\/a><\/p>\n<p>El CINC, orientado hacia la investigaci\u00f3n de excelencia en el \u00e1rea de las ciencias de la conducta o del comportamiento, es una de los espacios de referencia en su sector. Con la participaci\u00f3n de numerosos proyectos internacionales y nacionales, aglutina personal investigador permanente de la Universidad Nebrija y personal externo afiliado de primer orden internacional.<\/p>\n<p>Jorge Gonz\u00e1lez Alonso, subdirector del CINC, elogi\u00f3 el empe\u00f1o de la ciencia b\u00e1sica en la cognici\u00f3n humana en su intento de convertirse en ciencia aplicada. Mejorar los procesos, redise\u00f1ar estrategias, predecir y analizar resultados y valorar impactos son acciones, en su opini\u00f3n, \u201cnecesarias\u201d para seguir avanzando en investigaci\u00f3n.<\/p>\n<p><a href=\"https:\/\/www.nebrija.com\/medios\/actualidadnebrija\/wp-content\/uploads\/sites\/2\/2024\/10\/2024-10-28-Jornadas-Grupos-de-Investigacion-32.jpg\"><img loading=\"lazy\" decoding=\"async\" class=\"aligncenter size-full wp-image-94927\" src=\"https:\/\/www.nebrija.com\/medios\/actualidadnebrija\/wp-content\/uploads\/sites\/2\/2024\/10\/2024-10-28-Jornadas-Grupos-de-Investigacion-32.jpg\" alt=\"CINC Nebrija\" width=\"1100\" height=\"733\" \/><\/a><\/p>\n<p>Los diecisiete investigadores que encabeza Jon Andoni Du\u00f1abeitia han desarrollado exitosos proyectos dentro de la International Chair in Cognitive Health (<a href=\"https:\/\/www.nebrija.com\/catedras\/catedra-salud-cognitiva\/\">C\u00e1tedra Internacional en Salud Cognitiva<\/a>) o dentro de la red cient\u00edfica INDRE ApoyoDravet, el espacio de referencia para las epilepsias raras y complejas en Espa\u00f1a.<\/p>\n<p>Gonz\u00e1lez Alonso tambi\u00e9n subray\u00f3 las jornadas de captaci\u00f3n del CINC en la que mostraron algunas de las t\u00e9cnicas de investigaci\u00f3n para que \u201clos estudiantes puedan hacer ciencia con nosotros\u201d.<\/p>\n<p><a href=\"https:\/\/www.nebrija.com\/medios\/actualidadnebrija\/wp-content\/uploads\/sites\/2\/2024\/10\/2024-10-28-Jornadas-Grupos-de-Investigacion-34.jpg\"><img loading=\"lazy\" decoding=\"async\" class=\"aligncenter size-full wp-image-94928\" src=\"https:\/\/www.nebrija.com\/medios\/actualidadnebrija\/wp-content\/uploads\/sites\/2\/2024\/10\/2024-10-28-Jornadas-Grupos-de-Investigacion-34.jpg\" alt=\"\u00c1lvaro Bustinduy investigaci\u00f3n\" width=\"1100\" height=\"733\" \/><\/a><\/p>\n<h3><strong>Despedida de \u00c1lvaro Bustinduy<\/strong><\/h3>\n<p>En la clausura de la IV Jornada de Investigaci\u00f3n e Innovaci\u00f3n, el vicerrector \u00c1lvaro Bustinduy mostr\u00f3 su satisfacci\u00f3n por mantener una l\u00ednea \u201cvirtuosa\u201d y agradeci\u00f3 el trabajo a todos los investigadores. \u201cEl proceso es importante y los resultados, tarde o temprano, al final llegan\u201d, dijo antes de invitar a un vino espa\u00f1ol a los protagonistas del encuentro.<\/p>\n<p><em>Texto: Javier Picos \/ Fotos: Oliver Heras<\/em><\/p>\n<p><em> <a href=\"https:\/\/www.nebrija.com\/medios\/actualidadnebrija\/wp-content\/uploads\/sites\/2\/2024\/10\/2024-10-28-Jornadas-Grupos-de-Investigacion-35.jpg\"><img loading=\"lazy\" decoding=\"async\" class=\"aligncenter size-full wp-image-94929\" src=\"https:\/\/www.nebrija.com\/medios\/actualidadnebrija\/wp-content\/uploads\/sites\/2\/2024\/10\/2024-10-28-Jornadas-Grupos-de-Investigacion-35.jpg\" alt=\"Foto final investigaci\u00f3n Nebrija jornadas\" width=\"1100\" height=\"733\" \/><\/a><\/em><\/p>\n","protected":false},"excerpt":{"rendered":"<p>Los diecis\u00e9is grupos y los dos centros de referencia de la Universidad cumplen con el ritual de reunirse en una de las jornadas centrales del a\u00f1o acad\u00e9mico.<\/p>\n","protected":false},"author":326,"featured_media":94930,"comment_status":"open","ping_status":"open","sticky":false,"template":"","format":"standard","meta":{"_acf_changed":false,"_monsterinsights_skip_tracking":false,"_monsterinsights_sitenote_active":false,"_monsterinsights_sitenote_note":"","_monsterinsights_sitenote_category":0,"footnotes":""},"categories":[3053,4422,3050,5016,5017,3049,3064],"tags":[3788,4030,3124,3347,3337,5077,4611,4777],"acf":[],"yoast_head":"<!-- This site is optimized with the Yoast SEO plugin v22.1 - https:\/\/yoast.com\/wordpress\/plugins\/seo\/ -->\n<title>La investigaci\u00f3n en Nebrija toma impulso con nuevas y consolidadas iniciativas - Actualidad Nebrija<\/title>\n<meta name=\"description\" content=\"Los grupos de investigaci\u00f3n de la Universidad Nebrija se re\u00fanen en sus tradicionales jornadas para compartir experiencias.\" \/>\n<meta name=\"robots\" content=\"index, follow, max-snippet:-1, max-image-preview:large, max-video-preview:-1\" \/>\n<link rel=\"canonical\" href=\"https:\/\/www.nebrija.com\/medios\/actualidadnebrija\/2024\/10\/28\/la-investigacion-en-nebrija-toma-impulso\/\" \/>\n<meta property=\"og:locale\" content=\"es_ES\" \/>\n<meta property=\"og:type\" content=\"article\" \/>\n<meta property=\"og:title\" content=\"La investigaci\u00f3n en Nebrija toma impulso con nuevas y consolidadas iniciativas - Actualidad Nebrija\" \/>\n<meta property=\"og:description\" content=\"Los grupos de investigaci\u00f3n de la Universidad Nebrija se re\u00fanen en sus tradicionales jornadas para compartir experiencias.\" \/>\n<meta property=\"og:url\" content=\"https:\/\/www.nebrija.com\/medios\/actualidadnebrija\/2024\/10\/28\/la-investigacion-en-nebrija-toma-impulso\/\" \/>\n<meta property=\"og:site_name\" content=\"Actualidad Nebrija\" \/>\n<meta property=\"article:published_time\" content=\"2024-10-28T16:15:42+00:00\" \/>\n<meta property=\"article:modified_time\" content=\"2024-10-29T13:20:41+00:00\" \/>\n<meta property=\"og:image\" content=\"https:\/\/www.nebrija.com\/medios\/actualidadnebrija\/wp-content\/uploads\/sites\/2\/2024\/10\/La-investigacion-en-Nebrija-toma-impulso-con-nuevos-proyectos-y-consolidadas-iniciativas.jpg\" \/>\n\t<meta property=\"og:image:width\" content=\"1100\" \/>\n\t<meta property=\"og:image:height\" content=\"733\" \/>\n\t<meta property=\"og:image:type\" content=\"image\/jpeg\" \/>\n<meta name=\"author\" content=\"jpicos\" \/>\n<meta name=\"twitter:card\" content=\"summary_large_image\" \/>\n<meta name=\"twitter:label1\" content=\"Escrito por\" \/>\n\t<meta name=\"twitter:data1\" content=\"jpicos\" \/>\n\t<meta name=\"twitter:label2\" content=\"Tiempo de lectura\" \/>\n\t<meta name=\"twitter:data2\" content=\"23 minutos\" \/>\n<!-- \/ Yoast SEO plugin. -->","yoast_head_json":{"title":"La investigaci\u00f3n en Nebrija toma impulso con nuevas y consolidadas iniciativas - Actualidad Nebrija","description":"Los grupos de investigaci\u00f3n de la Universidad Nebrija se re\u00fanen en sus tradicionales jornadas para compartir experiencias.","robots":{"index":"index","follow":"follow","max-snippet":"max-snippet:-1","max-image-preview":"max-image-preview:large","max-video-preview":"max-video-preview:-1"},"canonical":"https:\/\/www.nebrija.com\/medios\/actualidadnebrija\/2024\/10\/28\/la-investigacion-en-nebrija-toma-impulso\/","og_locale":"es_ES","og_type":"article","og_title":"La investigaci\u00f3n en Nebrija toma impulso con nuevas y consolidadas iniciativas - Actualidad Nebrija","og_description":"Los grupos de investigaci\u00f3n de la Universidad Nebrija se re\u00fanen en sus tradicionales jornadas para compartir experiencias.","og_url":"https:\/\/www.nebrija.com\/medios\/actualidadnebrija\/2024\/10\/28\/la-investigacion-en-nebrija-toma-impulso\/","og_site_name":"Actualidad Nebrija","article_published_time":"2024-10-28T16:15:42+00:00","article_modified_time":"2024-10-29T13:20:41+00:00","og_image":[{"width":1100,"height":733,"url":"https:\/\/www.nebrija.com\/medios\/actualidadnebrija\/wp-content\/uploads\/sites\/2\/2024\/10\/La-investigacion-en-Nebrija-toma-impulso-con-nuevos-proyectos-y-consolidadas-iniciativas.jpg","type":"image\/jpeg"}],"author":"jpicos","twitter_card":"summary_large_image","twitter_misc":{"Escrito por":"jpicos","Tiempo de lectura":"23 minutos"},"schema":{"@context":"https:\/\/schema.org","@graph":[{"@type":"WebPage","@id":"https:\/\/www.nebrija.com\/medios\/actualidadnebrija\/2024\/10\/28\/la-investigacion-en-nebrija-toma-impulso\/","url":"https:\/\/www.nebrija.com\/medios\/actualidadnebrija\/2024\/10\/28\/la-investigacion-en-nebrija-toma-impulso\/","name":"La investigaci\u00f3n en Nebrija toma impulso con nuevas y consolidadas iniciativas - Actualidad Nebrija","isPartOf":{"@id":"https:\/\/www.nebrija.com\/medios\/actualidadnebrija\/#website"},"datePublished":"2024-10-28T16:15:42+00:00","dateModified":"2024-10-29T13:20:41+00:00","author":{"@id":"https:\/\/www.nebrija.com\/medios\/actualidadnebrija\/#\/schema\/person\/0cd40b7dd3f54459e2cfc009dbd255c6"},"description":"Los grupos de investigaci\u00f3n de la Universidad Nebrija se re\u00fanen en sus tradicionales jornadas para compartir experiencias.","breadcrumb":{"@id":"https:\/\/www.nebrija.com\/medios\/actualidadnebrija\/2024\/10\/28\/la-investigacion-en-nebrija-toma-impulso\/#breadcrumb"},"inLanguage":"es","potentialAction":[{"@type":"ReadAction","target":["https:\/\/www.nebrija.com\/medios\/actualidadnebrija\/2024\/10\/28\/la-investigacion-en-nebrija-toma-impulso\/"]}]},{"@type":"BreadcrumbList","@id":"https:\/\/www.nebrija.com\/medios\/actualidadnebrija\/2024\/10\/28\/la-investigacion-en-nebrija-toma-impulso\/#breadcrumb","itemListElement":[{"@type":"ListItem","position":1,"name":"Home","item":"https:\/\/www.nebrija.com\/medios\/actualidadnebrija\/"},{"@type":"ListItem","position":2,"name":"La investigaci\u00f3n en Nebrija toma impulso con nuevas y consolidadas iniciativas"}]},{"@type":"WebSite","@id":"https:\/\/www.nebrija.com\/medios\/actualidadnebrija\/#website","url":"https:\/\/www.nebrija.com\/medios\/actualidadnebrija\/","name":"Actualidad Nebrija","description":"Noticias de la Universidad Nebrija","potentialAction":[{"@type":"SearchAction","target":{"@type":"EntryPoint","urlTemplate":"https:\/\/www.nebrija.com\/medios\/actualidadnebrija\/?s={search_term_string}"},"query-input":"required name=search_term_string"}],"inLanguage":"es"},{"@type":"Person","@id":"https:\/\/www.nebrija.com\/medios\/actualidadnebrija\/#\/schema\/person\/0cd40b7dd3f54459e2cfc009dbd255c6","name":"jpicos","image":{"@type":"ImageObject","inLanguage":"es","@id":"https:\/\/www.nebrija.com\/medios\/actualidadnebrija\/#\/schema\/person\/image\/","url":"https:\/\/secure.gravatar.com\/avatar\/c4a1005cff3fd9bb5185e9671f4f3e9b?s=96&d=mm&r=g","contentUrl":"https:\/\/secure.gravatar.com\/avatar\/c4a1005cff3fd9bb5185e9671f4f3e9b?s=96&d=mm&r=g","caption":"jpicos"},"url":"https:\/\/www.nebrija.com\/medios\/actualidadnebrija\/author\/jpicos\/"}]}},"_links":{"self":[{"href":"https:\/\/www.nebrija.com\/medios\/actualidadnebrija\/wp-json\/wp\/v2\/posts\/94904"}],"collection":[{"href":"https:\/\/www.nebrija.com\/medios\/actualidadnebrija\/wp-json\/wp\/v2\/posts"}],"about":[{"href":"https:\/\/www.nebrija.com\/medios\/actualidadnebrija\/wp-json\/wp\/v2\/types\/post"}],"author":[{"embeddable":true,"href":"https:\/\/www.nebrija.com\/medios\/actualidadnebrija\/wp-json\/wp\/v2\/users\/326"}],"replies":[{"embeddable":true,"href":"https:\/\/www.nebrija.com\/medios\/actualidadnebrija\/wp-json\/wp\/v2\/comments?post=94904"}],"version-history":[{"count":16,"href":"https:\/\/www.nebrija.com\/medios\/actualidadnebrija\/wp-json\/wp\/v2\/posts\/94904\/revisions"}],"predecessor-version":[{"id":94961,"href":"https:\/\/www.nebrija.com\/medios\/actualidadnebrija\/wp-json\/wp\/v2\/posts\/94904\/revisions\/94961"}],"wp:featuredmedia":[{"embeddable":true,"href":"https:\/\/www.nebrija.com\/medios\/actualidadnebrija\/wp-json\/wp\/v2\/media\/94930"}],"wp:attachment":[{"href":"https:\/\/www.nebrija.com\/medios\/actualidadnebrija\/wp-json\/wp\/v2\/media?parent=94904"}],"wp:term":[{"taxonomy":"category","embeddable":true,"href":"https:\/\/www.nebrija.com\/medios\/actualidadnebrija\/wp-json\/wp\/v2\/categories?post=94904"},{"taxonomy":"post_tag","embeddable":true,"href":"https:\/\/www.nebrija.com\/medios\/actualidadnebrija\/wp-json\/wp\/v2\/tags?post=94904"}],"curies":[{"name":"wp","href":"https:\/\/api.w.org\/{rel}","templated":true}]}}