{"id":94963,"date":"2024-10-29T14:51:08","date_gmt":"2024-10-29T13:51:08","guid":{"rendered":"https:\/\/www.nebrija.com\/medios\/actualidadnebrija\/?p=94963"},"modified":"2024-10-30T10:40:24","modified_gmt":"2024-10-30T09:40:24","slug":"no-existe-el-crimen-perfecto-y-lo-dice-un-agente-experto-en-delitos-contra-las-personas","status":"publish","type":"post","link":"https:\/\/www.nebrija.com\/medios\/actualidadnebrija\/2024\/10\/29\/no-existe-el-crimen-perfecto-y-lo-dice-un-agente-experto-en-delitos-contra-las-personas\/","title":{"rendered":"&#8220;No existe el crimen perfecto\u201d (y lo dice un agente experto en investigaci\u00f3n criminal)"},"content":{"rendered":"<p style=\"padding-left: 40px;\">Es un experto y lo tiene claro: \u201cNo existe el crimen perfecto. Si todos hacemos lo que tenemos que hacer desde el minuto uno, no se nos escapa nadie\u201d. As\u00ed lo asegur\u00f3 Pablo de la Fuente Rodrigo, agente primero de la Brigada de Delitos contra las Personas de la <a href=\"https:\/\/www.navarra.es\/es\/policia-foral\" target=\"_blank\" rel=\"noopener\">Polic\u00eda Foral de Navarra<\/a>; y <em>alumni<\/em> de la Universidad Nebrija.<\/p>\n<p>Las claves de una correcta investigaci\u00f3n criminal est\u00e1n repletas de detalles, algunos de los cuales (los imprescindibles para no dar pistas a los malos) desvel\u00f3 De la Fuente en su conferencia \u201cEl arte de descifrar el crimen Desvelando los misterios de homicidios reales entre sombras y evidencias\u201d, organizada por el departamento de Seguridad y Defensa de la Universidad Nebrija.<\/p>\n<p>Con una destacada trayectoria al frente de las principales investigaciones de sucesos y desapariciones en Navarra, entre las que se encuentra el caso de \u201cLa Manada\u201d, De la Fuente advirti\u00f3 que, si bien lo del crimen perfecto no es real, hay que buscar soluciones frente a posibles dificultades de la investigaci\u00f3n.<\/p>\n<p>Uno de esos contratiempos es luchar frente al factor tiempo. \u201cEn una escena de un crimen, cada minuto que pasa se van perdiendo evidencias y no vuelven\u201d, advirti\u00f3. Esos momentos son determinantes tambi\u00e9n en la toma de testimonios. \u201cNada m\u00e1s llegar a una escena, recogemos testimonios en caliente que son fundamentales en la investigaci\u00f3n. Porque al d\u00eda siguiente ya no quiere testificar nadie, por eso se recogen en el momento\u201d, advirti\u00f3, a\u00f1adiendo que para evitar interferencias es importante que no se junten los testigos ni se comparta informaci\u00f3n. Es \u201cmuy f\u00e1cil\u201d, asegur\u00f3, que la versi\u00f3n de los testigos en primera instancia no se parezca a lo que, tiempo despu\u00e9s, cuentan en la vista oral. \u201cPero para eso estamos los inspectores, para intentar centrar el tiro\u201d.<\/p>\n<p><img loading=\"lazy\" decoding=\"async\" class=\"alignnone size-full wp-image-94964\" src=\"https:\/\/www.nebrija.com\/medios\/actualidadnebrija\/wp-content\/uploads\/sites\/2\/2024\/10\/crimen-perfecto.jpg\" alt=\"crimen perfecto\" width=\"1100\" height=\"734\" \/><\/p>\n<h3>El factor presi\u00f3n<\/h3>\n<p>Otro de los contratiempos en una investigaci\u00f3n criminal es el factor presi\u00f3n y las filtraciones a los medios de comunicaci\u00f3n. \u201cEste tipo de hechos son muy medi\u00e1ticos y, cuando se hacen p\u00fablicos, la presi\u00f3n se multiplica\u201d y por eso es una medida eficiente en la investigaci\u00f3n que se decrete el secreto de las actuaciones. La aparici\u00f3n en prensa de los detalles de una investigaci\u00f3n puede tener consecuencias. Puso el ejemplo de una brutal agresi\u00f3n sexual que tuvo lugar en Urkullu despu\u00e9s de \u201cLa Manada\u201d. Se evit\u00f3 que se publicara en prensa porque la polic\u00eda buscaba como autores de los hechos a siete personas extranjeras en situaci\u00f3n irregular. \u201cEran invisibles para Espa\u00f1a y se hubieran largado\u201d, de haberse conocido que se les buscaba.<\/p>\n<p>La prensa es \u201cincontrolable\u201d, admiti\u00f3 el agente De la Fuente, pero asumi\u00f3 que tiene el derecho a informar y hacer ver a la sociedad el trabajo de investigaci\u00f3n policial.<\/p>\n<p>La inmediatez en los resultados forenses tambi\u00e9n es clave en el \u00e9xito de una investigaci\u00f3n criminal. En este sentido, la Polic\u00eda Foral de Navarra ha jugado con ventaja en muchas situaciones gracias al apoyo de un laboratorio externo capaz de tener resultados de pruebas de ADN en solo 24 horas.<\/p>\n<h3><strong>Los tel\u00e9fonos, aliados fundamentales frente al crimen perfecto<\/strong><\/h3>\n<p>En la investigaci\u00f3n de un crimen hay un aliado con el que hist\u00f3ricamente no se contaba y hoy es clave para la resoluci\u00f3n de muchos casos: los tel\u00e9fonos m\u00f3viles. \u201cNo existe ninguna investigaci\u00f3n de calado sin telefon\u00eda, tanto por los datos del m\u00f3vil como por los que conservan las compa\u00f1\u00edas telef\u00f3nicas, que guardan durante doce meses\u201d, detall\u00f3.<\/p>\n<p>Los m\u00f3viles fueron clave no solo en el caso de \u201cLa Manada\u201d, sino en la resoluci\u00f3n de otra agresi\u00f3n sexual que hab\u00edan cometido previamente en C\u00f3rdoba. Fue el caso de Patricia, de 23 a\u00f1os, que en 2016 conoci\u00f3 a un grupo de chicos en las fiestas de Pozoblanco que se ofrecieron a llevarla a casa en coche. Sin recordar nada, la joven despert\u00f3 en el veh\u00edculo, semidesnuda y, al rechazar mantener sexo con uno de los hombres, fue abandonada a patadas en la carretera. Un morat\u00f3n en el muslo le hac\u00eda temer que hab\u00eda habido una agresi\u00f3n. Pero no lo sab\u00eda con certeza y no lo denunci\u00f3.<\/p>\n<p><img loading=\"lazy\" decoding=\"async\" class=\"alignnone size-full wp-image-94967\" src=\"https:\/\/www.nebrija.com\/medios\/actualidadnebrija\/wp-content\/uploads\/sites\/2\/2024\/10\/criminologia.jpg\" alt=\"criminolog\u00eda\" width=\"1100\" height=\"734\" \/><\/p>\n<p>\u201cLa labor de investigaci\u00f3n desvel\u00f3 el abuso y la investigaci\u00f3n de Pablo de la Fuente fue definitiva para la condena\u201d, record\u00f3 el profesor\u00a0Adri\u00e1n Nicol\u00e1s Marchal, director del departamento de Seguridad y Defensa y del <a href=\"https:\/\/www.nebrija.com\/carreras-universitarias\/grado-criminologia\/\" target=\"_blank\" rel=\"noopener\">Grado en Criminolog\u00eda y Ciencias Forenses<\/a>, que present\u00f3 la conferencia.<\/p>\n<p>Al investigar el caso de \u201cLa Manada\u201d, De la Fuente accedi\u00f3 a los terminales de los implicados, cada uno con 35 000 archivos. El contenido le permiti\u00f3 tirar del hilo y llegar hasta el caso de C\u00f3rdoba. \u00c9l mismo se lo comunic\u00f3 a la v\u00edctima, confirmando sus sospechas, gracias a un video de la agresi\u00f3n que hab\u00edan grabado los autores. As\u00ed se pudo llevar a juicio y <a href=\"https:\/\/www.elperiodico.com\/es\/sucesos\/20211018\/tribunal-supremo-confirma-condena-manada-pozoblanco-cordoba-12285567\" target=\"_blank\" rel=\"noopener\">condenar por abuso sexual<\/a> y delito contra la intimidad a cuatro de los miembros de &#8220;La Manada&#8221; por un delito que hab\u00edan cometido dos meses antes que el tristemente c\u00e9lebre acontecido en los Sanfermines.<\/p>\n<p>No hay crimen perfecto, asegur\u00f3 el agente de la Polic\u00eda Foral de Navarra. Pero hay otra creencia popular que, sin embargo, s\u00ed se cumple: \u201cLo de que el asesino vuelve al lugar del crimen es cierto\u201d, advirti\u00f3.<\/p>\n<p><em>Texto: Abigail Campos D\u00edez \/ Fotos: Zaida del R\u00edo<\/em><\/p>\n<p><img loading=\"lazy\" decoding=\"async\" class=\"alignnone size-full wp-image-94965\" src=\"https:\/\/www.nebrija.com\/medios\/actualidadnebrija\/wp-content\/uploads\/sites\/2\/2024\/10\/investigacion-criminal.jpg\" alt=\"investigaci\u00f3n criminal\" width=\"1100\" height=\"734\" \/><\/p>\n<p>&nbsp;<\/p>\n<p>&nbsp;<\/p>\n","protected":false},"excerpt":{"rendered":"<p>Pablo de la Fuente, agente primero de la Brigada de Delitos contra las Personas de la Polic\u00eda Foral de Navarra y alumni de la Universidad Nebrija, desvela todas las claves de este tipo de investigaciones, que le han llevado a resolver casos tan conocidos como el de &#8220;La Manada&#8221;.<\/p>\n","protected":false},"author":1182,"featured_media":94966,"comment_status":"open","ping_status":"open","sticky":false,"template":"","format":"standard","meta":{"_acf_changed":false,"_monsterinsights_skip_tracking":false,"_monsterinsights_sitenote_active":false,"_monsterinsights_sitenote_note":"","_monsterinsights_sitenote_category":0,"footnotes":""},"categories":[5016],"tags":[6033,6031,3124,6034,6029,6030,6032],"acf":[],"yoast_head":"<!-- This site is optimized with the Yoast SEO plugin v22.1 - https:\/\/yoast.com\/wordpress\/plugins\/seo\/ -->\n<title>&quot;No existe el crimen perfecto\u201d (y lo dice un agente experto en investigaci\u00f3n criminal) - Actualidad Nebrija<\/title>\n<meta name=\"description\" content=\"\u201cNo existe el crimen perfecto&quot;. As\u00ed lo asegura Pablo de la Fuente Rodrigo, agente de la Polic\u00eda Foral y alumni de la Universidad Nebrija.\" \/>\n<meta name=\"robots\" content=\"index, follow, max-snippet:-1, max-image-preview:large, max-video-preview:-1\" \/>\n<link rel=\"canonical\" href=\"https:\/\/www.nebrija.com\/medios\/actualidadnebrija\/2024\/10\/29\/no-existe-el-crimen-perfecto-y-lo-dice-un-agente-experto-en-delitos-contra-las-personas\/\" \/>\n<meta property=\"og:locale\" content=\"es_ES\" \/>\n<meta property=\"og:type\" content=\"article\" \/>\n<meta property=\"og:title\" content=\"&quot;No existe el crimen perfecto\u201d (y lo dice un agente experto en investigaci\u00f3n criminal) - Actualidad Nebrija\" \/>\n<meta property=\"og:description\" content=\"\u201cNo existe el crimen perfecto&quot;. As\u00ed lo asegura Pablo de la Fuente Rodrigo, agente de la Polic\u00eda Foral y alumni de la Universidad Nebrija.\" \/>\n<meta property=\"og:url\" content=\"https:\/\/www.nebrija.com\/medios\/actualidadnebrija\/2024\/10\/29\/no-existe-el-crimen-perfecto-y-lo-dice-un-agente-experto-en-delitos-contra-las-personas\/\" \/>\n<meta property=\"og:site_name\" content=\"Actualidad Nebrija\" \/>\n<meta property=\"article:published_time\" content=\"2024-10-29T13:51:08+00:00\" \/>\n<meta property=\"article:modified_time\" content=\"2024-10-30T09:40:24+00:00\" \/>\n<meta property=\"og:image\" content=\"https:\/\/www.nebrija.com\/medios\/actualidadnebrija\/wp-content\/uploads\/sites\/2\/2024\/10\/No-existe-el-crimen-perfecto-y-lo-dice-un-agente-experto-en-homicidios.jpg\" \/>\n\t<meta property=\"og:image:width\" content=\"1100\" \/>\n\t<meta property=\"og:image:height\" content=\"734\" \/>\n\t<meta property=\"og:image:type\" content=\"image\/jpeg\" \/>\n<meta name=\"author\" content=\"mcamposd\" \/>\n<meta name=\"twitter:card\" content=\"summary_large_image\" \/>\n<meta name=\"twitter:label1\" content=\"Escrito por\" \/>\n\t<meta name=\"twitter:data1\" content=\"mcamposd\" \/>\n\t<meta name=\"twitter:label2\" content=\"Tiempo de lectura\" \/>\n\t<meta name=\"twitter:data2\" content=\"5 minutos\" \/>\n<!-- \/ Yoast SEO plugin. -->","yoast_head_json":{"title":"\"No existe el crimen perfecto\u201d (y lo dice un agente experto en investigaci\u00f3n criminal) - Actualidad Nebrija","description":"\u201cNo existe el crimen perfecto\". As\u00ed lo asegura Pablo de la Fuente Rodrigo, agente de la Polic\u00eda Foral y alumni de la Universidad Nebrija.","robots":{"index":"index","follow":"follow","max-snippet":"max-snippet:-1","max-image-preview":"max-image-preview:large","max-video-preview":"max-video-preview:-1"},"canonical":"https:\/\/www.nebrija.com\/medios\/actualidadnebrija\/2024\/10\/29\/no-existe-el-crimen-perfecto-y-lo-dice-un-agente-experto-en-delitos-contra-las-personas\/","og_locale":"es_ES","og_type":"article","og_title":"\"No existe el crimen perfecto\u201d (y lo dice un agente experto en investigaci\u00f3n criminal) - Actualidad Nebrija","og_description":"\u201cNo existe el crimen perfecto\". As\u00ed lo asegura Pablo de la Fuente Rodrigo, agente de la Polic\u00eda Foral y alumni de la Universidad Nebrija.","og_url":"https:\/\/www.nebrija.com\/medios\/actualidadnebrija\/2024\/10\/29\/no-existe-el-crimen-perfecto-y-lo-dice-un-agente-experto-en-delitos-contra-las-personas\/","og_site_name":"Actualidad Nebrija","article_published_time":"2024-10-29T13:51:08+00:00","article_modified_time":"2024-10-30T09:40:24+00:00","og_image":[{"width":1100,"height":734,"url":"https:\/\/www.nebrija.com\/medios\/actualidadnebrija\/wp-content\/uploads\/sites\/2\/2024\/10\/No-existe-el-crimen-perfecto-y-lo-dice-un-agente-experto-en-homicidios.jpg","type":"image\/jpeg"}],"author":"mcamposd","twitter_card":"summary_large_image","twitter_misc":{"Escrito por":"mcamposd","Tiempo de lectura":"5 minutos"},"schema":{"@context":"https:\/\/schema.org","@graph":[{"@type":"WebPage","@id":"https:\/\/www.nebrija.com\/medios\/actualidadnebrija\/2024\/10\/29\/no-existe-el-crimen-perfecto-y-lo-dice-un-agente-experto-en-delitos-contra-las-personas\/","url":"https:\/\/www.nebrija.com\/medios\/actualidadnebrija\/2024\/10\/29\/no-existe-el-crimen-perfecto-y-lo-dice-un-agente-experto-en-delitos-contra-las-personas\/","name":"\"No existe el crimen perfecto\u201d (y lo dice un agente experto en investigaci\u00f3n criminal) - Actualidad Nebrija","isPartOf":{"@id":"https:\/\/www.nebrija.com\/medios\/actualidadnebrija\/#website"},"datePublished":"2024-10-29T13:51:08+00:00","dateModified":"2024-10-30T09:40:24+00:00","author":{"@id":"https:\/\/www.nebrija.com\/medios\/actualidadnebrija\/#\/schema\/person\/205582e65069359d9f07d260f6d48a9c"},"description":"\u201cNo existe el crimen perfecto\". As\u00ed lo asegura Pablo de la Fuente Rodrigo, agente de la Polic\u00eda Foral y alumni de la Universidad Nebrija.","breadcrumb":{"@id":"https:\/\/www.nebrija.com\/medios\/actualidadnebrija\/2024\/10\/29\/no-existe-el-crimen-perfecto-y-lo-dice-un-agente-experto-en-delitos-contra-las-personas\/#breadcrumb"},"inLanguage":"es","potentialAction":[{"@type":"ReadAction","target":["https:\/\/www.nebrija.com\/medios\/actualidadnebrija\/2024\/10\/29\/no-existe-el-crimen-perfecto-y-lo-dice-un-agente-experto-en-delitos-contra-las-personas\/"]}]},{"@type":"BreadcrumbList","@id":"https:\/\/www.nebrija.com\/medios\/actualidadnebrija\/2024\/10\/29\/no-existe-el-crimen-perfecto-y-lo-dice-un-agente-experto-en-delitos-contra-las-personas\/#breadcrumb","itemListElement":[{"@type":"ListItem","position":1,"name":"Home","item":"https:\/\/www.nebrija.com\/medios\/actualidadnebrija\/"},{"@type":"ListItem","position":2,"name":"&#8220;No existe el crimen perfecto\u201d (y lo dice un agente experto en investigaci\u00f3n criminal)"}]},{"@type":"WebSite","@id":"https:\/\/www.nebrija.com\/medios\/actualidadnebrija\/#website","url":"https:\/\/www.nebrija.com\/medios\/actualidadnebrija\/","name":"Actualidad Nebrija","description":"Noticias de la Universidad Nebrija","potentialAction":[{"@type":"SearchAction","target":{"@type":"EntryPoint","urlTemplate":"https:\/\/www.nebrija.com\/medios\/actualidadnebrija\/?s={search_term_string}"},"query-input":"required name=search_term_string"}],"inLanguage":"es"},{"@type":"Person","@id":"https:\/\/www.nebrija.com\/medios\/actualidadnebrija\/#\/schema\/person\/205582e65069359d9f07d260f6d48a9c","name":"mcamposd","image":{"@type":"ImageObject","inLanguage":"es","@id":"https:\/\/www.nebrija.com\/medios\/actualidadnebrija\/#\/schema\/person\/image\/","url":"https:\/\/secure.gravatar.com\/avatar\/d0592be503e718fe4bc82c9a3b03724e?s=96&d=mm&r=g","contentUrl":"https:\/\/secure.gravatar.com\/avatar\/d0592be503e718fe4bc82c9a3b03724e?s=96&d=mm&r=g","caption":"mcamposd"},"url":"https:\/\/www.nebrija.com\/medios\/actualidadnebrija\/author\/mcamposd\/"}]}},"_links":{"self":[{"href":"https:\/\/www.nebrija.com\/medios\/actualidadnebrija\/wp-json\/wp\/v2\/posts\/94963"}],"collection":[{"href":"https:\/\/www.nebrija.com\/medios\/actualidadnebrija\/wp-json\/wp\/v2\/posts"}],"about":[{"href":"https:\/\/www.nebrija.com\/medios\/actualidadnebrija\/wp-json\/wp\/v2\/types\/post"}],"author":[{"embeddable":true,"href":"https:\/\/www.nebrija.com\/medios\/actualidadnebrija\/wp-json\/wp\/v2\/users\/1182"}],"replies":[{"embeddable":true,"href":"https:\/\/www.nebrija.com\/medios\/actualidadnebrija\/wp-json\/wp\/v2\/comments?post=94963"}],"version-history":[{"count":9,"href":"https:\/\/www.nebrija.com\/medios\/actualidadnebrija\/wp-json\/wp\/v2\/posts\/94963\/revisions"}],"predecessor-version":[{"id":94972,"href":"https:\/\/www.nebrija.com\/medios\/actualidadnebrija\/wp-json\/wp\/v2\/posts\/94963\/revisions\/94972"}],"wp:featuredmedia":[{"embeddable":true,"href":"https:\/\/www.nebrija.com\/medios\/actualidadnebrija\/wp-json\/wp\/v2\/media\/94966"}],"wp:attachment":[{"href":"https:\/\/www.nebrija.com\/medios\/actualidadnebrija\/wp-json\/wp\/v2\/media?parent=94963"}],"wp:term":[{"taxonomy":"category","embeddable":true,"href":"https:\/\/www.nebrija.com\/medios\/actualidadnebrija\/wp-json\/wp\/v2\/categories?post=94963"},{"taxonomy":"post_tag","embeddable":true,"href":"https:\/\/www.nebrija.com\/medios\/actualidadnebrija\/wp-json\/wp\/v2\/tags?post=94963"}],"curies":[{"name":"wp","href":"https:\/\/api.w.org\/{rel}","templated":true}]}}