{"id":95016,"date":"2024-10-30T17:36:56","date_gmt":"2024-10-30T16:36:56","guid":{"rendered":"https:\/\/www.nebrija.com\/medios\/actualidadnebrija\/?p=95016"},"modified":"2025-01-10T09:10:27","modified_gmt":"2025-01-10T08:10:27","slug":"estamos-prestando-demasiada-atencion-o-demasiado-poca-atencion-a-nuestros-hijos","status":"publish","type":"post","link":"https:\/\/www.nebrija.com\/medios\/actualidadnebrija\/2024\/10\/30\/estamos-prestando-demasiada-atencion-o-demasiado-poca-atencion-a-nuestros-hijos\/","title":{"rendered":"\u00bfEstamos prestando demasiada atenci\u00f3n o demasiado poca atenci\u00f3n a nuestros\u00a0hijos?"},"content":{"rendered":"<div class=\"theconversation-article-body\">\n<p><em>La salud mental de los ni\u00f1os y adolescentes est\u00e1 en declive. M\u00e1s all\u00e1 de se\u00f1alar a los \u201csospechosos habituales\u201d (las redes sociales, la pandemia o la infodemia), \u00bfcu\u00e1l es el papel de la familia? \u00bfEstamos presentes cuando nos necesitan o distra\u00eddos? \u00bfLes damos la libertad suficiente para equivocarse, o buscamos facilitarles demasiado la vida? Estas son las pautas de los expertos para encontrar un equilibrio entre protecci\u00f3n, atenci\u00f3n y riesgo saludable.<\/em><\/p>\n<hr \/>\n<h2>Pilar Flores Cubos, Pilar Fern\u00e1ndez Mart\u00edn y Rosa C\u00e1novas L\u00f3pez<\/h2>\n<p><strong>Neuropsicolog\u00eda Infantil, Universidad de Almer\u00eda<\/strong><\/p>\n<p>La vida que llevamos, tan apurada y ajetreada, a menudo nos impide dedicar el tiempo necesario a nuestros hijos. Como resultado, tendemos a actuar de dos maneras: en primer lugar, podemos descuidarlos, lo que les lleva a buscar nuestra atenci\u00f3n de cualquier forma, incluso comport\u00e1ndose mal. Aprenden que \u00e9sta es la \u00fanica manera de captar nuestra atenci\u00f3n.<\/p>\n<p>En segundo lugar, podemos optar por satisfacer sus caprichos innecesarios, con la esperanza de aliviar un poco nuestra culpa por la falta de tiempo. Si a esta din\u00e1mica sumamos la inmediatez del refuerzo que ofrecen las redes sociales, podemos potenciar personalidades poco resistentes a la frustraci\u00f3n y que no saben gestionar los momentos de inactividad, tan esenciales para que nuestra mente divague y genere nuevas ideas.<\/p>\n<p>Es fundamental que los ni\u00f1os reciban la atenci\u00f3n de sus padres: que escuchen las historias que traen del colegio, del recreo o del comedor; que jueguen con ellos; que les ayuden a tomar decisiones y que conversen sobre sus intereses o dudas. Crear espacios seguros en familia donde se puedan expresar sentimientos e inquietudes es una forma efectiva de prevenir futuros problemas de salud mental.<\/p>\n<hr \/>\n<h2>Diego G\u00f3mez Baya<\/h2>\n<p><strong>Investigador en Psicolog\u00eda Social, Evolutiva y de la Educaci\u00f3n, Universidad de Huelva<\/strong><\/p>\n<p>La importancia de las buenas relaciones familiares para el desarrollo infantojuvenil ha sido bien documentada por la <a href=\"https:\/\/doi.org\/10.1177\/0192513X17741174\">investigaci\u00f3n cient\u00edfica<\/a>. <a href=\"https:\/\/www.uhu.es\/la-uhu\/departamentos\/departamento-de-psicologia-social-evolutiva-y-de-la-educacion\">Nuestro equipo de investigaci\u00f3n<\/a> ha encontrado varios resultados de inter\u00e9s que destacan la importancia de dedicar una atenci\u00f3n de calidad.<\/p>\n<p>Por ejemplo: en un estudio con padres y madres de ni\u00f1os y ni\u00f1as de entre 6 y 16 a\u00f1os, encontramos que el apoyo ofrecido a los hijos e hijas y la resiliencia de los progenitores para manejar las dificultades diarias eran <a href=\"https:\/\/doi.org\/10.1177\/0192513X211030722\">cruciales<\/a> para el bienestar psicol\u00f3gico en la infancia. Por otra parte, en un trabajo con adolescentes de varios pa\u00edses europeos, hemos observado que pasar tiempo de calidad con los padres y madres y ser tratados de manera justa por ellos resultan <a href=\"https:\/\/www.mdpi.com\/2071-1050\/12\/15\/5902\">muy importantes<\/a> para tener una mayor satisfacci\u00f3n vital.<\/p>\n<p>Y en otro estudio reciente tambi\u00e9n con adolescentes, hemos hallado que la satisfacci\u00f3n con la relaci\u00f3n con el padre y con la madre, la frecuencia con la que comentan en casa lo que les ha ocurrido durante el d\u00eda y la frecuencia con la que realizan actividades en familia en el fin de semana son <a href=\"https:\/\/onlinelibrary.wiley.com\/doi\/full\/10.1111\/sjop.13028\">indicadores muy destacados<\/a> para la promoci\u00f3n del desarrollo positivo.<\/p>\n<p>En el tiempo de pandemia y en la actualidad pospand\u00e9mica, el uso de internet y las tecnolog\u00edas est\u00e1n generando dificultades en la salud mental y en las relaciones sociales, tanto <a href=\"https:\/\/doi.org\/10.3389\/fpsyg.2021.566517\">en adultos<\/a> como en <a href=\"https:\/\/www.frontiersin.org\/journals\/pediatrics\/articles\/10.3389\/fped.2022.842928\/full\">la poblaci\u00f3n infantil y juvenil<\/a>. En la actualidad, estamos realizando una investigaci\u00f3n sobre los efectos de la falta de atenci\u00f3n por parte de los progenitores por encontrarse distra\u00eddos con alguna pantalla sobre el ajuste psicol\u00f3gico de sus hijos e hijas. Los resultados preliminares nos indican que esta falta de atenci\u00f3n hace m\u00e1s vulnerables a los hijos e hijas de sufrir dificultades relacionales en la escuela. Estos resultados van en la misma l\u00ednea de trabajos previos sobre el impacto de no dedicar una adecuada atenci\u00f3n a los hijos e hijas sobre el desarrollo socioemocional, como subraya <a href=\"https:\/\/www.tandfonline.com\/doi\/full\/10.2147\/PRBM.S417718\">una reciente revisi\u00f3n sistem\u00e1tica<\/a>.<\/p>\n<hr \/>\n<h2>Esperanza Bausela<\/h2>\n<p><strong>Psicolog\u00eda Evolutiva y de la Educaci\u00f3n, Universidad P\u00fablica de Navarra<\/strong><\/p>\n<p>Es importante encontrar un equilibrio entre sobreprotecci\u00f3n y negligencia, pues ambas cosas pueden tener consecuencias negativas en el desarrollo. No toda la atenci\u00f3n que se presta es igual: la calidad de la atenci\u00f3n que brindamos, estar emocionalmente disponibles y establecer l\u00edmites en el uso de la tecnolog\u00eda son fundamentales para su bienestar emocional.<\/p>\n<p>Hay que dejarles que tomen decisiones y cometan errores, pero siempre asegur\u00e1ndonos de crear un ambiente de comunicaci\u00f3n abierto para que se sientan seguros de expresar sus pensamientos, miedos y emociones. Adem\u00e1s, los adultos sirven de ejemplo de conductas saludables: lo que nuestros hijos, futuros padres y madres, vean en casa tendr\u00e1 m\u00e1s impacto que lo que digamos.<\/p>\n<p>Cada ni\u00f1o es \u00fanico y tiene diferentes necesidades, por lo que tenemos que ajustar nuestro enfoque parental para brindarles el apoyo que necesitan y ayudarles a desarrollar la resiliencia y tolerar la frustraci\u00f3n.<\/p>\n<hr \/>\n<h2>Joan Tahull Fort<\/h2>\n<p><strong>Sociolog\u00eda de la Educaci\u00f3n, Universitat de Lleida<\/strong><\/p>\n<p>Hoy las familias son m\u00e1s reducidas y el n\u00famero de hijos \u00fanicos ha aumentado considerablemente, lo que afecta a c\u00f3mo los padres y las madres gestionan la atenci\u00f3n y la libertad de sus hijos. A menudo se centran en ellos como un proyecto personal y vital propio. Este enfoque, aunque bienintencionado, puede llevar a una sobreprotecci\u00f3n que frena el desarrollo de su autonom\u00eda.<\/p>\n<p>En el caso de los hijos \u00fanicos, sin hermanos con quienes aprender y socializar de forma natural, el aprendizaje horizontal entre iguales, clave para el crecimiento emocional, se ve reducido. Los padres, entonces, tienden a suplir este rol, interviniendo constantemente y evitando que sus hijos emprendan retos o cometan errores.<\/p>\n<p>El aprendizaje vertical debe complementarse con oportunidades para que los ni\u00f1os y adolescentes interact\u00faen con sus iguales en diversos contextos y circunstancias. Esto les permite desarrollar habilidades sociales, aprender de sus pares y enfrentar situaciones reales que fomentan su crecimiento emocional y autonom\u00eda. \u00bfPrestamos demasiada atenci\u00f3n a nuestros hijos? S\u00ed, creo que necesitan m\u00e1s tiempo de libertad. \u00a1Los ni\u00f1os deben jugar m\u00e1s!<\/p>\n<hr \/>\n<h2>Sylvie P\u00e9rez Lima<\/h2>\n<p><strong>Psicopedagoga, profesora de los Estudios de Psicolog\u00eda y Educaci\u00f3n, UOC &#8211; Universitat Oberta de Catalunya<\/strong><\/p>\n<p>Los menores desarrollan su capacidad para comprender el mundo que les rodea gracias a la interacci\u00f3n con los padres y referentes. Es necesario que un adulto act\u00fae como un gu\u00eda que interprete y explique las situaciones que experimentan. Este proceso de mediaci\u00f3n ayuda a los ni\u00f1os a dar sentido a las experiencias, reducir la incertidumbre y procesar las emociones de manera saludable.<\/p>\n<p>Es, pues, crucial estar presente (m\u00e1s all\u00e1 de la presencia f\u00edsica), dedicando tiempo a entender las necesidades del ni\u00f1o, pero sin invadir todos los aspectos de su vida. \u00bfC\u00f3mo lograr este equilibrio? Debemos compensar nuestra mirada y forma de hacer con la manera de mirar y hacer desde otras perspectivas (el otro progenitor, abuelos, maestras, m\u00e9dicos\u2026). Tambi\u00e9n intentar ver \u201ca toro pasado\u201d qu\u00e9 efectos han tenido nuestras actuaciones respecto nuestros hijos.<\/p>\n<p>Imaginemos estas situaciones de la vida cotidiana, muy frecuentes, que son ejemplo de una atenci\u00f3n ineficaz: no prestamos atenci\u00f3n en un restaurante, en un paseo, en el coche, y dejamos a nuestros hijos al cuidado de un m\u00f3vil; y m\u00e1s adelante queremos fiscalizar y preocuparnos en exceso a qu\u00e9 contenidos acceden cuando ya son aut\u00f3nomos para coger un m\u00f3vil. O, al encontrarse en casa para cenar, s\u00f3lo preguntamos \u201cQu\u00e9 has hecho, d\u00f3nde has estado\u2026\u201d y esperamos una respuesta. La atenci\u00f3n eficaz ha de promover una conversaci\u00f3n, compartir tambi\u00e9n nosotros c\u00f3mo nos ha ido y dedicar tiempo a la respuesta que nos den.<\/p>\n<p>Dir\u00eda que, en respuesta a la pregunta, se est\u00e1 prestando una atenci\u00f3n ineficaz para el desarrollo. En algunas ocasiones la atenci\u00f3n es demasiado controladora y en otras ocasiones se nos olvida que los ni\u00f1os est\u00e1n delante.<\/p>\n<hr \/>\n<h2>Montserrat Magro Guti\u00e9rrez<\/h2>\n<p><strong>Educaci\u00f3n Infantil y Educaci\u00f3n Primaria, Universidad Nebrija<\/strong><\/p>\n<p>Por un lado, el exceso de involucramiento puede limitar la capacidad de los ni\u00f1os para desarrollar independencia, autorregulaci\u00f3n y resiliencia emocional. Por otro lado, prestarles poca atenci\u00f3n puede generar sentimientos de desprotecci\u00f3n e inseguridades: hoy en d\u00eda, la calidad de la atenci\u00f3n que se brinda a los hijos puede tener mayor relevancia que la cantidad.<\/p>\n<p>Por ello, es crucial reflexionar sobre el tipo de atenci\u00f3n que brindamos y centrarnos en estar emocionalmente disponibles, en escuchar activamente y en ofrecer un entorno de apoyo que fomente la autonom\u00eda y el crecimiento emocional. Se trata as\u00ed de conseguir equilibrar la protecci\u00f3n y la libertad, ayudando a los hijos a enfrentar desaf\u00edos y desarrollarse de manera saludable y resiliente.<!-- Below is The Conversation's page counter tag. Please DO NOT REMOVE. --><img loading=\"lazy\" decoding=\"async\" style=\"border: none !important; box-shadow: none !important; margin: 0 !important; max-height: 1px !important; max-width: 1px !important; min-height: 1px !important; min-width: 1px !important; opacity: 0 !important; outline: none !important; padding: 0 !important;\" src=\"https:\/\/counter.theconversation.com\/content\/240926\/count.gif?distributor=republish-lightbox-basic\" alt=\"The Conversation\" width=\"1\" height=\"1\" \/><!-- Fin del c\u00f3digo. Si no ve ning\u00fan c\u00f3digo arriba, por favor, obtenga el nuevo c\u00f3digo de la pesta\u00f1a Avanzado despu\u00e9s de hacer clic en el bot\u00f3n de republicar. El contador de p\u00e1ginas no recoge ning\u00fan dato personal. M\u00e1s informaci\u00f3n: http:\/\/theconversation.com\/es\/republishing-guidelines --><\/p>\n<p><a href=\"https:\/\/theconversation.com\/profiles\/pilar-flores-cubos-1300571\">Pilar Flores Cubos<\/a>, catedr\u00e1tica de Psicolog\u00eda B\u00e1sica, <em><a href=\"https:\/\/theconversation.com\/institutions\/universidad-de-almeria-4715\">Universidad de Almer\u00eda<\/a><\/em><a href=\"https:\/\/theconversation.com\/profiles\/diego-gomez-baya-1292177\">Diego G\u00f3mez-Baya<\/a>, profesor titular del Departamento de Psicolog\u00eda Social, Evolutiva y de la Educaci\u00f3n, <em><a href=\"https:\/\/theconversation.com\/institutions\/universidad-de-huelva-3977\">Universidad de Huelva<\/a><\/em>; <a href=\"https:\/\/theconversation.com\/profiles\/esperanza-bausela-663348\">Esperanza Bausela<\/a>, titular de Universidad de Psicolog\u00eda Evolutiva y de la Educaci\u00f3n, <em><a href=\"https:\/\/theconversation.com\/institutions\/universidad-publica-de-navarra-3486\">Universidad P\u00fablica de Navarra<\/a><\/em>; <a href=\"https:\/\/theconversation.com\/profiles\/joan-tahull-fort-1541222\">Joan Tahull Fort<\/a>, profesor de Sociolog\u00eda de la Educaci\u00f3n, <em><a href=\"https:\/\/theconversation.com\/institutions\/universitat-de-lleida-3488\">Universitat de Lleida<\/a><\/em>; Mar\u00eda Rosa C\u00e1novas L\u00f3pez, PhD, psic\u00f3loga sanitaria, especialista en neuropsicolog\u00eda infantil, <em><a href=\"https:\/\/theconversation.com\/institutions\/universidad-de-almeria-4715\">Universidad de Almer\u00eda<\/a><\/em>; <a href=\"https:\/\/theconversation.com\/profiles\/montserrat-magro-gutierrez-717303\">Montserrat Magro Guti\u00e9rrez<\/a>, directora de los Grados en Educaci\u00f3n Infantil y Primaria, <em><a href=\"https:\/\/theconversation.com\/institutions\/universidad-nebrija-3497\">Universidad Nebrija<\/a><\/em>; <a href=\"https:\/\/theconversation.com\/profiles\/pilar-fernandez-martin-2232942\">Pilar Fern\u00e1ndez Mart\u00edn<\/a>, PhD, psic\u00f3loga sanitaria especializada en neuropsicolog\u00eda, <em><a href=\"https:\/\/theconversation.com\/institutions\/universidad-de-almeria-4715\">Universidad de Almer\u00eda<\/a><\/em> y <a href=\"https:\/\/theconversation.com\/profiles\/sylvie-perez-lima-1242947\">Sylvie P\u00e9rez Lima<\/a>, psicopedagoga. COPC 29739. profesora tutora de los Estudios de Psicolog\u00eda y Educaci\u00f3n, <em><a href=\"https:\/\/theconversation.com\/institutions\/uoc-universitat-oberta-de-catalunya-3540\">UOC &#8211; Universitat Oberta de Catalunya<\/a><\/em><\/p>\n<p>Este art\u00edculo fue publicado originalmente en <a href=\"https:\/\/theconversation.com\">The Conversation<\/a>. Lea el <a href=\"https:\/\/theconversation.com\/estamos-prestando-demasiada-atencion-o-demasiado-poca-atencion-a-nuestros-hijos-240926\">original<\/a>.<\/p>\n<p>Foto portada: <span class=\"attribution\"><a class=\"source\" href=\"https:\/\/www.shutterstock.com\/es\/image-photo\/portrait-worried-mother-reading-while-daughter-1247959960\">engagestock\/Shutterstock<\/a><\/span><\/p>\n<\/div>\n","protected":false},"excerpt":{"rendered":"<p>Art\u00edculo de Montserrat Magro Guti\u00e9rrez, directora de los Grados en Educaci\u00f3n Infantil y Primaria, entre otros autores.<\/p>\n","protected":false},"author":326,"featured_media":95019,"comment_status":"open","ping_status":"open","sticky":false,"template":"","format":"standard","meta":{"_acf_changed":false,"_monsterinsights_skip_tracking":false,"_monsterinsights_sitenote_active":false,"_monsterinsights_sitenote_note":"","_monsterinsights_sitenote_category":0,"footnotes":""},"categories":[3049,3083],"tags":[3253,5595],"acf":[],"yoast_head":"<!-- This site is optimized with the Yoast SEO plugin v22.1 - https:\/\/yoast.com\/wordpress\/plugins\/seo\/ -->\n<title>\u00bfEstamos prestando demasiada atenci\u00f3n o demasiado poca atenci\u00f3n a nuestros\u00a0hijos? - Actualidad Nebrija<\/title>\n<meta name=\"description\" content=\"La atenci\u00f3n a los hijos es una de las obsesiones de los padres. En este art\u00edculo se establece la opini\u00f3n de los expertos al respecto.\" \/>\n<meta name=\"robots\" content=\"index, follow, max-snippet:-1, max-image-preview:large, max-video-preview:-1\" \/>\n<link rel=\"canonical\" href=\"https:\/\/www.nebrija.com\/medios\/actualidadnebrija\/2024\/10\/30\/estamos-prestando-demasiada-atencion-o-demasiado-poca-atencion-a-nuestros-hijos\/\" \/>\n<meta property=\"og:locale\" content=\"es_ES\" \/>\n<meta property=\"og:type\" content=\"article\" \/>\n<meta property=\"og:title\" content=\"\u00bfEstamos prestando demasiada atenci\u00f3n o demasiado poca atenci\u00f3n a nuestros\u00a0hijos? - Actualidad Nebrija\" \/>\n<meta property=\"og:description\" content=\"La atenci\u00f3n a los hijos es una de las obsesiones de los padres. En este art\u00edculo se establece la opini\u00f3n de los expertos al respecto.\" \/>\n<meta property=\"og:url\" content=\"https:\/\/www.nebrija.com\/medios\/actualidadnebrija\/2024\/10\/30\/estamos-prestando-demasiada-atencion-o-demasiado-poca-atencion-a-nuestros-hijos\/\" \/>\n<meta property=\"og:site_name\" content=\"Actualidad Nebrija\" \/>\n<meta property=\"article:published_time\" content=\"2024-10-30T16:36:56+00:00\" \/>\n<meta property=\"article:modified_time\" content=\"2025-01-10T08:10:27+00:00\" \/>\n<meta property=\"og:image\" content=\"https:\/\/www.nebrija.com\/medios\/actualidadnebrija\/wp-content\/uploads\/sites\/2\/2024\/10\/shutterstock_1247959960.jpg\" \/>\n\t<meta property=\"og:image:width\" content=\"1100\" \/>\n\t<meta property=\"og:image:height\" content=\"890\" \/>\n\t<meta property=\"og:image:type\" content=\"image\/jpeg\" \/>\n<meta name=\"author\" content=\"jpicos\" \/>\n<meta name=\"twitter:card\" content=\"summary_large_image\" \/>\n<meta name=\"twitter:label1\" content=\"Escrito por\" \/>\n\t<meta name=\"twitter:data1\" content=\"jpicos\" \/>\n\t<meta name=\"twitter:label2\" content=\"Tiempo de lectura\" \/>\n\t<meta name=\"twitter:data2\" content=\"8 minutos\" \/>\n<!-- \/ Yoast SEO plugin. -->","yoast_head_json":{"title":"\u00bfEstamos prestando demasiada atenci\u00f3n o demasiado poca atenci\u00f3n a nuestros\u00a0hijos? - Actualidad Nebrija","description":"La atenci\u00f3n a los hijos es una de las obsesiones de los padres. En este art\u00edculo se establece la opini\u00f3n de los expertos al respecto.","robots":{"index":"index","follow":"follow","max-snippet":"max-snippet:-1","max-image-preview":"max-image-preview:large","max-video-preview":"max-video-preview:-1"},"canonical":"https:\/\/www.nebrija.com\/medios\/actualidadnebrija\/2024\/10\/30\/estamos-prestando-demasiada-atencion-o-demasiado-poca-atencion-a-nuestros-hijos\/","og_locale":"es_ES","og_type":"article","og_title":"\u00bfEstamos prestando demasiada atenci\u00f3n o demasiado poca atenci\u00f3n a nuestros\u00a0hijos? - Actualidad Nebrija","og_description":"La atenci\u00f3n a los hijos es una de las obsesiones de los padres. En este art\u00edculo se establece la opini\u00f3n de los expertos al respecto.","og_url":"https:\/\/www.nebrija.com\/medios\/actualidadnebrija\/2024\/10\/30\/estamos-prestando-demasiada-atencion-o-demasiado-poca-atencion-a-nuestros-hijos\/","og_site_name":"Actualidad Nebrija","article_published_time":"2024-10-30T16:36:56+00:00","article_modified_time":"2025-01-10T08:10:27+00:00","og_image":[{"width":1100,"height":890,"url":"https:\/\/www.nebrija.com\/medios\/actualidadnebrija\/wp-content\/uploads\/sites\/2\/2024\/10\/shutterstock_1247959960.jpg","type":"image\/jpeg"}],"author":"jpicos","twitter_card":"summary_large_image","twitter_misc":{"Escrito por":"jpicos","Tiempo de lectura":"8 minutos"},"schema":{"@context":"https:\/\/schema.org","@graph":[{"@type":"WebPage","@id":"https:\/\/www.nebrija.com\/medios\/actualidadnebrija\/2024\/10\/30\/estamos-prestando-demasiada-atencion-o-demasiado-poca-atencion-a-nuestros-hijos\/","url":"https:\/\/www.nebrija.com\/medios\/actualidadnebrija\/2024\/10\/30\/estamos-prestando-demasiada-atencion-o-demasiado-poca-atencion-a-nuestros-hijos\/","name":"\u00bfEstamos prestando demasiada atenci\u00f3n o demasiado poca atenci\u00f3n a nuestros\u00a0hijos? - Actualidad Nebrija","isPartOf":{"@id":"https:\/\/www.nebrija.com\/medios\/actualidadnebrija\/#website"},"datePublished":"2024-10-30T16:36:56+00:00","dateModified":"2025-01-10T08:10:27+00:00","author":{"@id":"https:\/\/www.nebrija.com\/medios\/actualidadnebrija\/#\/schema\/person\/0cd40b7dd3f54459e2cfc009dbd255c6"},"description":"La atenci\u00f3n a los hijos es una de las obsesiones de los padres. En este art\u00edculo se establece la opini\u00f3n de los expertos al respecto.","breadcrumb":{"@id":"https:\/\/www.nebrija.com\/medios\/actualidadnebrija\/2024\/10\/30\/estamos-prestando-demasiada-atencion-o-demasiado-poca-atencion-a-nuestros-hijos\/#breadcrumb"},"inLanguage":"es","potentialAction":[{"@type":"ReadAction","target":["https:\/\/www.nebrija.com\/medios\/actualidadnebrija\/2024\/10\/30\/estamos-prestando-demasiada-atencion-o-demasiado-poca-atencion-a-nuestros-hijos\/"]}]},{"@type":"BreadcrumbList","@id":"https:\/\/www.nebrija.com\/medios\/actualidadnebrija\/2024\/10\/30\/estamos-prestando-demasiada-atencion-o-demasiado-poca-atencion-a-nuestros-hijos\/#breadcrumb","itemListElement":[{"@type":"ListItem","position":1,"name":"Home","item":"https:\/\/www.nebrija.com\/medios\/actualidadnebrija\/"},{"@type":"ListItem","position":2,"name":"\u00bfEstamos prestando demasiada atenci\u00f3n o demasiado poca atenci\u00f3n a nuestros\u00a0hijos?"}]},{"@type":"WebSite","@id":"https:\/\/www.nebrija.com\/medios\/actualidadnebrija\/#website","url":"https:\/\/www.nebrija.com\/medios\/actualidadnebrija\/","name":"Actualidad Nebrija","description":"Noticias de la Universidad Nebrija","potentialAction":[{"@type":"SearchAction","target":{"@type":"EntryPoint","urlTemplate":"https:\/\/www.nebrija.com\/medios\/actualidadnebrija\/?s={search_term_string}"},"query-input":"required name=search_term_string"}],"inLanguage":"es"},{"@type":"Person","@id":"https:\/\/www.nebrija.com\/medios\/actualidadnebrija\/#\/schema\/person\/0cd40b7dd3f54459e2cfc009dbd255c6","name":"jpicos","image":{"@type":"ImageObject","inLanguage":"es","@id":"https:\/\/www.nebrija.com\/medios\/actualidadnebrija\/#\/schema\/person\/image\/","url":"https:\/\/secure.gravatar.com\/avatar\/c4a1005cff3fd9bb5185e9671f4f3e9b?s=96&d=mm&r=g","contentUrl":"https:\/\/secure.gravatar.com\/avatar\/c4a1005cff3fd9bb5185e9671f4f3e9b?s=96&d=mm&r=g","caption":"jpicos"},"url":"https:\/\/www.nebrija.com\/medios\/actualidadnebrija\/author\/jpicos\/"}]}},"_links":{"self":[{"href":"https:\/\/www.nebrija.com\/medios\/actualidadnebrija\/wp-json\/wp\/v2\/posts\/95016"}],"collection":[{"href":"https:\/\/www.nebrija.com\/medios\/actualidadnebrija\/wp-json\/wp\/v2\/posts"}],"about":[{"href":"https:\/\/www.nebrija.com\/medios\/actualidadnebrija\/wp-json\/wp\/v2\/types\/post"}],"author":[{"embeddable":true,"href":"https:\/\/www.nebrija.com\/medios\/actualidadnebrija\/wp-json\/wp\/v2\/users\/326"}],"replies":[{"embeddable":true,"href":"https:\/\/www.nebrija.com\/medios\/actualidadnebrija\/wp-json\/wp\/v2\/comments?post=95016"}],"version-history":[{"count":3,"href":"https:\/\/www.nebrija.com\/medios\/actualidadnebrija\/wp-json\/wp\/v2\/posts\/95016\/revisions"}],"predecessor-version":[{"id":95815,"href":"https:\/\/www.nebrija.com\/medios\/actualidadnebrija\/wp-json\/wp\/v2\/posts\/95016\/revisions\/95815"}],"wp:featuredmedia":[{"embeddable":true,"href":"https:\/\/www.nebrija.com\/medios\/actualidadnebrija\/wp-json\/wp\/v2\/media\/95019"}],"wp:attachment":[{"href":"https:\/\/www.nebrija.com\/medios\/actualidadnebrija\/wp-json\/wp\/v2\/media?parent=95016"}],"wp:term":[{"taxonomy":"category","embeddable":true,"href":"https:\/\/www.nebrija.com\/medios\/actualidadnebrija\/wp-json\/wp\/v2\/categories?post=95016"},{"taxonomy":"post_tag","embeddable":true,"href":"https:\/\/www.nebrija.com\/medios\/actualidadnebrija\/wp-json\/wp\/v2\/tags?post=95016"}],"curies":[{"name":"wp","href":"https:\/\/api.w.org\/{rel}","templated":true}]}}