{"id":95081,"date":"2024-11-12T15:41:06","date_gmt":"2024-11-12T14:41:06","guid":{"rendered":"https:\/\/www.nebrija.com\/medios\/actualidadnebrija\/?p=95081"},"modified":"2024-11-12T15:45:44","modified_gmt":"2024-11-12T14:45:44","slug":"carlos-lopez-otin-la-salud-es-el-silencio-del-cuerpo","status":"publish","type":"post","link":"https:\/\/www.nebrija.com\/medios\/actualidadnebrija\/2024\/11\/12\/carlos-lopez-otin-la-salud-es-el-silencio-del-cuerpo\/","title":{"rendered":"Carlos L\u00f3pez-Ot\u00edn: \u201cLa salud es el silencio del cuerpo\u201d"},"content":{"rendered":"<p><span style=\"font-weight: 400;\">\u201cEl dolor, la enfermedad, es el ruido atronador del cuerpo. La salud es el silencio del cuerpo\u201d. Son palabras de Carlos L\u00f3pez-Ot\u00edn, durante la presentaci\u00f3n de su \u00faltimo libro, \u201cLa levedad de las lib\u00e9lulas\u201d, en la Universidad Nebrija. El <\/span><a href=\"https:\/\/degradome.uniovi.es\/\" target=\"_blank\" rel=\"noopener\"><span style=\"font-weight: 400;\">catedr\u00e1tico de Bioqu\u00edmica y Biolog\u00eda Molecular de la Universidad de Oviedo<\/span><\/a><span style=\"font-weight: 400;\"> calific\u00f3 la obra como \u201cun libro de viajes al centro de la salud y de la vida\u201d, en el que se hace una reflexi\u00f3n acerca de la fragilidad del ser humano.\u00a0<\/span><\/p>\n<p><span style=\"font-weight: 400;\">Editado por Paid\u00f3s, \u201cLa levedad de las lib\u00e9lulas\u201d hace un viaje de tintes on\u00edricos, filos\u00f3ficos y humanistas por el devenir de la b\u00fasqueda de salud y los hallazgos m\u00e9dicos, a trav\u00e9s del arte, la historia, la literatura, el teatro o la investigaci\u00f3n cient\u00edfica, con alusiones desde Leonardo a Rimbaud, Diego Rivera, Frida Kahlo, Julio Cort\u00e1zar, Dante o Munch, pasando por el bi\u00f3logo Claude Bernard y por James Watson y Francis Crick, descubridores de la estructura del ADN.\u00a0<\/span><\/p>\n<p><span style=\"font-weight: 400;\">\u201cEl libro rezuma humanismo y por eso es muy nebrijense\u201d, dijo durante su presentaci\u00f3n el rector de la Universidad Nebrija, Jos\u00e9 Mu\u00f1iz, asegurando que L\u00f3pez-Ot\u00edn es un pol\u00edmata y el libro as\u00ed lo refleja. \u201cSe mueve de los microbios al sentido de la vida con toda soltura y con rigor, y eso lo consiguen muy pocos\u201d, recalc\u00f3, ante una audiencia de lectores a los que no les import\u00f3 una larga espera para charlar unos minutos con el autor y llevarse el libro firmado.<\/span><\/p>\n<p><img loading=\"lazy\" decoding=\"async\" class=\"alignnone wp-image-95084 size-full\" src=\"https:\/\/www.nebrija.com\/medios\/actualidadnebrija\/wp-content\/uploads\/sites\/2\/2024\/11\/Lopez-Otin.jpg\" alt=\"L\u00f3pez-Ot\u00edn\" width=\"1100\" height=\"734\" \/><\/p>\n<h2>La salud, seg\u00fan L\u00f3pez-Ot\u00edn<\/h2>\n<p><span style=\"font-weight: 400;\">Reconocido internacionalmente por sus pioneras contribuciones a la investigaci\u00f3n del genoma humano, del envejecimiento y de enfermedades como el c\u00e1ncer, el nuevo libro de L\u00f3pez-Ot\u00edn <\/span><span style=\"font-weight: 400;\">tiene un mantra: definir la salud, seg\u00fan avanz\u00f3 el propio autor, uno de los investigadores de mayor impacto cient\u00edfico en Espa\u00f1a y en el mundo, con 450 art\u00edculos publicados, m\u00e1s 70000 citas, 38 tesis, 12 patentes y varios <\/span><i><span style=\"font-weight: 400;\">honoris causa<\/span><\/i><span style=\"font-weight: 400;\"> nacionales e internacionales, <a href=\"https:\/\/www.nebrija.com\/medios\/actualidadnebrija\/2022\/11\/21\/la-verdad-esta-en-la-fragilidad-y-en-nuestra-maravillosa-capacidad-de-responder-ante-la-adversidad\/\" target=\"_blank\" rel=\"noopener\">entre ellos el de la Universidad Nebrija<\/a>.<\/span><\/p>\n<p><span style=\"font-weight: 400;\">La salud no es la mera ausencia de enfermedad, seg\u00fan explica, recordando que la enfermedad es consustancial a la vida. \u201cLa salud es el silencio, la armon\u00eda, el equilibrio, la sabidur\u00eda del cuerpo, y adem\u00e1s el fruto de la equidad y la cultura de la vida\u201d, defini\u00f3, recordando que junto a la cita de Juvenal <\/span><i><span style=\"font-weight: 400;\">mens sana in corpore sano<\/span><\/i><span style=\"font-weight: 400;\"> tambi\u00e9n deber\u00eda considerarse <\/span><i><span style=\"font-weight: 400;\">corpore sano in mens sana.\u00a0<\/span><\/i><\/p>\n<p><span style=\"font-weight: 400;\">L\u00f3pez-Ot\u00edn lament\u00f3 el \u201cdesd\u00e9n\u201d hacia la salud mental, insistiendo en que la salud biol\u00f3gica y la mental \u201ces la misma ecuaci\u00f3n, en permanente tensi\u00f3n\u201d. <\/span><span style=\"font-weight: 400;\">En el mundo hay 17.000 enfermedades, este a\u00f1o se han diagnosticado 286.000 nuevos casos de c\u00e1ncer en Espa\u00f1a y 22 millones en todo el mundo; la malaria causa 250 millones de infecciones, con una muerte por minuto; y los des\u00f3rdenes mentales (\u201ceclipses de alma\u201d, seg\u00fan el autor) ya alcanzan a 1.000 millones de personas.<\/span><\/p>\n<p><img loading=\"lazy\" decoding=\"async\" class=\"alignnone wp-image-95086 size-full\" src=\"https:\/\/www.nebrija.com\/medios\/actualidadnebrija\/wp-content\/uploads\/sites\/2\/2024\/11\/Carlos-Lopez-Otin.jpg\" alt=\"Carlos L\u00f3pez-Ot\u00edn\" width=\"1100\" height=\"734\" \/><\/p>\n<h3><span style=\"font-weight: 400;\">Biolog\u00eda molecular, la poes\u00eda del siglo XXI<\/span><\/h3>\n<p><span style=\"font-weight: 400;\">L\u00f3pez-Ot\u00edn record\u00f3 el punto de inflexi\u00f3n que supuso el descubrimiento de la estructura en forma de doble h\u00e9lice del ADN, realizado por Watson y Crick, un hallazgo crucial para entender c\u00f3mo se almacena y transmite la informaci\u00f3n gen\u00e9tica de los organismos vivos, y que supuso, seg\u00fan el autor, \u201cdescubrir lo que es la vida: la herencia y la identidad\u201d. \u201cEn la ciencia y en la vida hay que dudar y es leg\u00edtima la imperfecci\u00f3n y el error. Por eso, pese a que la doble h\u00e9lice ten\u00eda errores, esa imperfecci\u00f3n dio lugar a mejoras y hoy se ha convertido en el icono de la vida\u201d, subray\u00f3, poni\u00e9ndolo a la altura del icono de salud representado en el Hombre de Vitruvio de Leonardo da Vinci.<\/span><\/p>\n<p><span style=\"font-weight: 400;\">Record\u00f3 que el hombre es \u201cun milagro molecular\u201d, con 60 millones de c\u00e9lulas, de las que solo la mitad son humanas, \u201ccon lo que estamos comunicados al 50% con la inhumanidad\u201d; adem\u00e1s tenemos 85.000 millones de neuronas y adem\u00e1s necesitamos copiar los 3.000 millones de piezas de nuestro genoma durante la noche.\u00a0<\/span><\/p>\n<p><span style=\"font-weight: 400;\">\u201cEs incre\u00edble que todo eso pase. Me hace pensar que con tanta imperfecci\u00f3n, entrop\u00eda y tanto ruido nos hemos empe\u00f1ado en a\u00f1adir el ruido humano y el ruido social. \u00bfA qui\u00e9n le extra\u00f1a que estemos enfermos? Lo extra\u00f1o es que estemos sanos\u201d, reflexion\u00f3, para asegurar que \u201cla biolog\u00eda molecular es la poes\u00eda del siglo XXI\u201d.<\/span><\/p>\n<p><img loading=\"lazy\" decoding=\"async\" class=\"alignnone wp-image-95083 size-full\" src=\"https:\/\/www.nebrija.com\/medios\/actualidadnebrija\/wp-content\/uploads\/sites\/2\/2024\/11\/La-levedad-de-las-libelulas.jpg\" alt=\"La levedad de las lib\u00e9lulas\" width=\"1100\" height=\"734\" \/><\/p>\n<h3><span style=\"font-weight: 400;\">Respuestas de la evoluci\u00f3n<\/span><\/h3>\n<p><span style=\"font-weight: 400;\">Para conocer qu\u00e9 estamos haciendo tan mal, L\u00f3pez-Ot\u00edn sugiri\u00f3 preguntarle a la evoluci\u00f3n. Despu\u00e9s de la biol\u00f3gica vino una evoluci\u00f3n cultural, que sobrepas\u00f3 con rapidez a la primera, \u201cy esta transici\u00f3n a la modernidad nos ha tra\u00eddo algunos problemas. Fuimos adoptando formas distintas de vivir, de trabajar, hasta de sentir y de morirnos\u201d. Ese escenario nos ha convertido en v\u00edctimas del sedentarismo, la toxicidad, de los controles internos y nos ha llevado a una epidemia de soledad y tristeza.\u00a0<\/span><\/p>\n<p><span style=\"font-weight: 400;\">\u201cHemos de cambiar las maneras de vivir y la ciencia nos dice que lo que est\u00e1 pasando es resultado de 3800 millones de a\u00f1os de evoluci\u00f3n\u201d, indic\u00f3. \u201cLa enfermedad est\u00e1 causada por la transici\u00f3n a la modernidad. Y no podemos quitarnos los genes con los que hemos ido evolucionando\u201d.\u00a0<\/span><\/p>\n<p><span style=\"font-weight: 400;\">De cara los eventuales grandes cambios en las maneras de vivir que se auguran para el futuro, L\u00f3pez-Ot\u00edn sugiri\u00f3 que, \u201cmientras ense\u00f1amos a las m\u00e1quinas, no nos olvidemos de educar a las personas\u201d.<\/span><\/p>\n<p><img loading=\"lazy\" decoding=\"async\" class=\"alignnone wp-image-95082 size-full\" src=\"https:\/\/www.nebrija.com\/medios\/actualidadnebrija\/wp-content\/uploads\/sites\/2\/2024\/11\/Firma-libro-La-levedad-de-las-libelulas.jpg\" alt=\"Firma libro La levedad de las lib\u00e9lulas\" width=\"1100\" height=\"734\" \/><\/p>\n<p><em>Texto: Abigail Campos D\u00edez \/ Fotos: Zaida del R\u00edo<\/em><\/p>\n","protected":false},"excerpt":{"rendered":"<p>El catedr\u00e1tico de Bioqu\u00edmica y Biolog\u00eda Molecular, doctor &#8220;honoris causa&#8221; por la Universidad Nebrija, presenta \u201cLa levedad de las lib\u00e9lulas\u201d, un libro que viaja al centro de la salud y de la vida, y en el que se hace una reflexi\u00f3n acerca de la fragilidad del ser humano.\u00a0<\/p>\n","protected":false},"author":1182,"featured_media":95085,"comment_status":"open","ping_status":"open","sticky":false,"template":"","format":"standard","meta":{"_acf_changed":false,"_monsterinsights_skip_tracking":false,"_monsterinsights_sitenote_active":false,"_monsterinsights_sitenote_note":"","_monsterinsights_sitenote_category":0,"footnotes":""},"categories":[1],"tags":[5018,3124,3164,4430,4201],"acf":[],"yoast_head":"<!-- This site is optimized with the Yoast SEO plugin v22.1 - https:\/\/yoast.com\/wordpress\/plugins\/seo\/ -->\n<title>Carlos L\u00f3pez-Ot\u00edn: \u201cLa salud es el silencio del cuerpo\u201d - Actualidad Nebrija<\/title>\n<meta name=\"description\" content=\"Carlos L\u00f3pez-Ot\u00edn presenta en la Universidad Nebrija su \u00faltimo libro, titulado \u201cLa levedad de las lib\u00e9lulas\u201d.\" \/>\n<meta name=\"robots\" content=\"index, follow, max-snippet:-1, max-image-preview:large, max-video-preview:-1\" \/>\n<link rel=\"canonical\" href=\"https:\/\/www.nebrija.com\/medios\/actualidadnebrija\/2024\/11\/12\/carlos-lopez-otin-la-salud-es-el-silencio-del-cuerpo\/\" \/>\n<meta property=\"og:locale\" content=\"es_ES\" \/>\n<meta property=\"og:type\" content=\"article\" \/>\n<meta property=\"og:title\" content=\"Carlos L\u00f3pez-Ot\u00edn: \u201cLa salud es el silencio del cuerpo\u201d - Actualidad Nebrija\" \/>\n<meta property=\"og:description\" content=\"Carlos L\u00f3pez-Ot\u00edn presenta en la Universidad Nebrija su \u00faltimo libro, titulado \u201cLa levedad de las lib\u00e9lulas\u201d.\" \/>\n<meta property=\"og:url\" content=\"https:\/\/www.nebrija.com\/medios\/actualidadnebrija\/2024\/11\/12\/carlos-lopez-otin-la-salud-es-el-silencio-del-cuerpo\/\" \/>\n<meta property=\"og:site_name\" content=\"Actualidad Nebrija\" \/>\n<meta property=\"article:published_time\" content=\"2024-11-12T14:41:06+00:00\" \/>\n<meta property=\"article:modified_time\" content=\"2024-11-12T14:45:44+00:00\" \/>\n<meta property=\"og:image\" content=\"https:\/\/www.nebrija.com\/medios\/actualidadnebrija\/wp-content\/uploads\/sites\/2\/2024\/11\/Carlos-Lopez-Otin-La-salud-es-el-silencio-del-cuerpo.jpg\" \/>\n\t<meta property=\"og:image:width\" content=\"1100\" \/>\n\t<meta property=\"og:image:height\" content=\"734\" \/>\n\t<meta property=\"og:image:type\" content=\"image\/jpeg\" \/>\n<meta name=\"author\" content=\"mcamposd\" \/>\n<meta name=\"twitter:card\" content=\"summary_large_image\" \/>\n<meta name=\"twitter:label1\" content=\"Escrito por\" \/>\n\t<meta name=\"twitter:data1\" content=\"mcamposd\" \/>\n\t<meta name=\"twitter:label2\" content=\"Tiempo de lectura\" \/>\n\t<meta name=\"twitter:data2\" content=\"6 minutos\" \/>\n<!-- \/ Yoast SEO plugin. -->","yoast_head_json":{"title":"Carlos L\u00f3pez-Ot\u00edn: \u201cLa salud es el silencio del cuerpo\u201d - Actualidad Nebrija","description":"Carlos L\u00f3pez-Ot\u00edn presenta en la Universidad Nebrija su \u00faltimo libro, titulado \u201cLa levedad de las lib\u00e9lulas\u201d.","robots":{"index":"index","follow":"follow","max-snippet":"max-snippet:-1","max-image-preview":"max-image-preview:large","max-video-preview":"max-video-preview:-1"},"canonical":"https:\/\/www.nebrija.com\/medios\/actualidadnebrija\/2024\/11\/12\/carlos-lopez-otin-la-salud-es-el-silencio-del-cuerpo\/","og_locale":"es_ES","og_type":"article","og_title":"Carlos L\u00f3pez-Ot\u00edn: \u201cLa salud es el silencio del cuerpo\u201d - Actualidad Nebrija","og_description":"Carlos L\u00f3pez-Ot\u00edn presenta en la Universidad Nebrija su \u00faltimo libro, titulado \u201cLa levedad de las lib\u00e9lulas\u201d.","og_url":"https:\/\/www.nebrija.com\/medios\/actualidadnebrija\/2024\/11\/12\/carlos-lopez-otin-la-salud-es-el-silencio-del-cuerpo\/","og_site_name":"Actualidad Nebrija","article_published_time":"2024-11-12T14:41:06+00:00","article_modified_time":"2024-11-12T14:45:44+00:00","og_image":[{"width":1100,"height":734,"url":"https:\/\/www.nebrija.com\/medios\/actualidadnebrija\/wp-content\/uploads\/sites\/2\/2024\/11\/Carlos-Lopez-Otin-La-salud-es-el-silencio-del-cuerpo.jpg","type":"image\/jpeg"}],"author":"mcamposd","twitter_card":"summary_large_image","twitter_misc":{"Escrito por":"mcamposd","Tiempo de lectura":"6 minutos"},"schema":{"@context":"https:\/\/schema.org","@graph":[{"@type":"WebPage","@id":"https:\/\/www.nebrija.com\/medios\/actualidadnebrija\/2024\/11\/12\/carlos-lopez-otin-la-salud-es-el-silencio-del-cuerpo\/","url":"https:\/\/www.nebrija.com\/medios\/actualidadnebrija\/2024\/11\/12\/carlos-lopez-otin-la-salud-es-el-silencio-del-cuerpo\/","name":"Carlos L\u00f3pez-Ot\u00edn: \u201cLa salud es el silencio del cuerpo\u201d - Actualidad Nebrija","isPartOf":{"@id":"https:\/\/www.nebrija.com\/medios\/actualidadnebrija\/#website"},"datePublished":"2024-11-12T14:41:06+00:00","dateModified":"2024-11-12T14:45:44+00:00","author":{"@id":"https:\/\/www.nebrija.com\/medios\/actualidadnebrija\/#\/schema\/person\/205582e65069359d9f07d260f6d48a9c"},"description":"Carlos L\u00f3pez-Ot\u00edn presenta en la Universidad Nebrija su \u00faltimo libro, titulado \u201cLa levedad de las lib\u00e9lulas\u201d.","breadcrumb":{"@id":"https:\/\/www.nebrija.com\/medios\/actualidadnebrija\/2024\/11\/12\/carlos-lopez-otin-la-salud-es-el-silencio-del-cuerpo\/#breadcrumb"},"inLanguage":"es","potentialAction":[{"@type":"ReadAction","target":["https:\/\/www.nebrija.com\/medios\/actualidadnebrija\/2024\/11\/12\/carlos-lopez-otin-la-salud-es-el-silencio-del-cuerpo\/"]}]},{"@type":"BreadcrumbList","@id":"https:\/\/www.nebrija.com\/medios\/actualidadnebrija\/2024\/11\/12\/carlos-lopez-otin-la-salud-es-el-silencio-del-cuerpo\/#breadcrumb","itemListElement":[{"@type":"ListItem","position":1,"name":"Home","item":"https:\/\/www.nebrija.com\/medios\/actualidadnebrija\/"},{"@type":"ListItem","position":2,"name":"Carlos L\u00f3pez-Ot\u00edn: \u201cLa salud es el silencio del cuerpo\u201d"}]},{"@type":"WebSite","@id":"https:\/\/www.nebrija.com\/medios\/actualidadnebrija\/#website","url":"https:\/\/www.nebrija.com\/medios\/actualidadnebrija\/","name":"Actualidad Nebrija","description":"Noticias de la Universidad Nebrija","potentialAction":[{"@type":"SearchAction","target":{"@type":"EntryPoint","urlTemplate":"https:\/\/www.nebrija.com\/medios\/actualidadnebrija\/?s={search_term_string}"},"query-input":"required name=search_term_string"}],"inLanguage":"es"},{"@type":"Person","@id":"https:\/\/www.nebrija.com\/medios\/actualidadnebrija\/#\/schema\/person\/205582e65069359d9f07d260f6d48a9c","name":"mcamposd","image":{"@type":"ImageObject","inLanguage":"es","@id":"https:\/\/www.nebrija.com\/medios\/actualidadnebrija\/#\/schema\/person\/image\/","url":"https:\/\/secure.gravatar.com\/avatar\/d0592be503e718fe4bc82c9a3b03724e?s=96&d=mm&r=g","contentUrl":"https:\/\/secure.gravatar.com\/avatar\/d0592be503e718fe4bc82c9a3b03724e?s=96&d=mm&r=g","caption":"mcamposd"},"url":"https:\/\/www.nebrija.com\/medios\/actualidadnebrija\/author\/mcamposd\/"}]}},"_links":{"self":[{"href":"https:\/\/www.nebrija.com\/medios\/actualidadnebrija\/wp-json\/wp\/v2\/posts\/95081"}],"collection":[{"href":"https:\/\/www.nebrija.com\/medios\/actualidadnebrija\/wp-json\/wp\/v2\/posts"}],"about":[{"href":"https:\/\/www.nebrija.com\/medios\/actualidadnebrija\/wp-json\/wp\/v2\/types\/post"}],"author":[{"embeddable":true,"href":"https:\/\/www.nebrija.com\/medios\/actualidadnebrija\/wp-json\/wp\/v2\/users\/1182"}],"replies":[{"embeddable":true,"href":"https:\/\/www.nebrija.com\/medios\/actualidadnebrija\/wp-json\/wp\/v2\/comments?post=95081"}],"version-history":[{"count":8,"href":"https:\/\/www.nebrija.com\/medios\/actualidadnebrija\/wp-json\/wp\/v2\/posts\/95081\/revisions"}],"predecessor-version":[{"id":95164,"href":"https:\/\/www.nebrija.com\/medios\/actualidadnebrija\/wp-json\/wp\/v2\/posts\/95081\/revisions\/95164"}],"wp:featuredmedia":[{"embeddable":true,"href":"https:\/\/www.nebrija.com\/medios\/actualidadnebrija\/wp-json\/wp\/v2\/media\/95085"}],"wp:attachment":[{"href":"https:\/\/www.nebrija.com\/medios\/actualidadnebrija\/wp-json\/wp\/v2\/media?parent=95081"}],"wp:term":[{"taxonomy":"category","embeddable":true,"href":"https:\/\/www.nebrija.com\/medios\/actualidadnebrija\/wp-json\/wp\/v2\/categories?post=95081"},{"taxonomy":"post_tag","embeddable":true,"href":"https:\/\/www.nebrija.com\/medios\/actualidadnebrija\/wp-json\/wp\/v2\/tags?post=95081"}],"curies":[{"name":"wp","href":"https:\/\/api.w.org\/{rel}","templated":true}]}}