{"id":95485,"date":"2024-11-28T12:01:30","date_gmt":"2024-11-28T11:01:30","guid":{"rendered":"https:\/\/www.nebrija.com\/medios\/actualidadnebrija\/?p=95485"},"modified":"2024-11-28T12:05:32","modified_gmt":"2024-11-28T11:05:32","slug":"fernando-porras-isla-imagina-y-ejecuta-bosques-en-la-ciudad-de-madrid","status":"publish","type":"post","link":"https:\/\/www.nebrija.com\/medios\/actualidadnebrija\/2024\/11\/28\/fernando-porras-isla-imagina-y-ejecuta-bosques-en-la-ciudad-de-madrid\/","title":{"rendered":"Fernando Porras-Isla imagina y ejecuta bosques en la ciudad de Madrid"},"content":{"rendered":"<p>Su punto de partida es generar \u201cmanchas verdes\u201d en Madrid atendiendo a la geograf\u00eda f\u00edsica y social. \u201cPlanificar \u00e1rboles y bosques donde parec\u00eda imposible\u201d, su lema, forma parte de sus proyectos en Madrid, una ciudad que dialoga con sus r\u00edos y sus habitantes. Los alumnos de la Polit\u00e9cnica Nebrija escucharon las disquisiciones del arquitecto Fernando Porras-Isla en dos de sus proyectos estrella: Madrid R\u00edo y el Parque Central de Madrid Nuevo Norte.<\/p>\n<p>Antes de entrar en esos casos concretos, el fundador de los estudios Porras La Casta Arquitectos, Mr\u00edo Arquitectos y Porras Guadiana Arquitectos resumi\u00f3 el trabajo de su equipo con estas someras palabras: \u201cDibujamos cosas, las trabajamos entre todos y se convierten en realidad\u201d. En ese empe\u00f1o siempre aparece el arbolado, \u201cel elemento de construcci\u00f3n m\u00e1s importante de nuestros proyectos\u201d.<\/p>\n<p>Madrid R\u00edo, lanzado a concurso en 2005, es una de las intervenciones m\u00e1s emblem\u00e1ticas de Fernando Porras-Isla, que ha recibido los premios Veronica Rudge Green de Harvard University, FAD de Arquitectura, FAD de Ciudad y Paisaje y el Chicago Athaeum Best Design, entre otros. Con m\u00e1s de seis kil\u00f3metros de superficie y m\u00e1s de 30 000 \u00e1rboles plantados sobre la M-30, Madrid R\u00edo se ha convertido en uno de los lugares favoritos de esparcimiento para los madrile\u00f1os. \u201cSupuso un trabajo intens\u00edsimo y una gran coordinaci\u00f3n entre empresas e instituciones con seis \u00e1mbitos que se complementaron entre s\u00ed a lo largo de una estructura continua en el margen derecho del r\u00edo Manzanares\u201d, afirm\u00f3.<\/p>\n<p><a href=\"https:\/\/www.nebrija.com\/medios\/actualidadnebrija\/wp-content\/uploads\/sites\/2\/2024\/11\/Fernando-Porras-Isla-Nebrija-1.jpg\"><img loading=\"lazy\" decoding=\"async\" class=\"aligncenter size-full wp-image-95492\" src=\"https:\/\/www.nebrija.com\/medios\/actualidadnebrija\/wp-content\/uploads\/sites\/2\/2024\/11\/Fernando-Porras-Isla-Nebrija-1.jpg\" alt=\"\" width=\"1100\" height=\"734\" \/><\/a><\/p>\n<h3><strong>Huerto con perspectiva hist\u00f3rica<\/strong><\/h3>\n<p>Sin olvidar el denominado sal\u00f3n de los Pinos, el segundo tramo mira hacia la Avenida de Portugal donde se plantaron cerezos y se decoraron con azulejos \u201ca la portuguesa\u201d las chimeneas de ventilaci\u00f3n de humos. La tercera parte tiene relaci\u00f3n con el Palacio Real y la Casa de Campo donde los arquitectos dise\u00f1aron un talud verde de la continuaci\u00f3n del Campo del Moro. Adem\u00e1s, el proyecto recuper\u00f3 un huerto con 700 \u00e1rboles frutales, desde donde el flamenco Anton van den Wyngaerde dibuj\u00f3 su famoso perfil de Madrid en la segunda mitad del siglo XVI por encargo de Felipe II.<\/p>\n<p>Mientras el cuarto fragmento mima el entorno del puente de Toledo con plantas que van cambiando seg\u00fan la temporada, el parque de Arganzuela domina el quinto sector, \u201cque conecta con mucha intensidad con la ciudad\u201d. Ah\u00ed Porras-Isla quiso recrear \u201cel car\u00e1cter cambiante del r\u00edo donde el agua en cada estaci\u00f3n deja sus surcos\u201d. En esta zona conviven un camino r\u00e1pido que lleva al Matadero, un camino lento que se retuerce y se cruza con el primero y \u201cel r\u00edo seco de cantos rodados para los ni\u00f1os\u201d. Entre todas estas v\u00edas aparecen bolsas de vegetaci\u00f3n propia de la pen\u00ednsula ib\u00e9rica.<\/p>\n<p><a href=\"https:\/\/www.nebrija.com\/medios\/actualidadnebrija\/wp-content\/uploads\/sites\/2\/2024\/11\/Fernando-Porras-Isla-Nebrija-2.jpg\"><img loading=\"lazy\" decoding=\"async\" class=\"aligncenter size-full wp-image-95493\" src=\"https:\/\/www.nebrija.com\/medios\/actualidadnebrija\/wp-content\/uploads\/sites\/2\/2024\/11\/Fernando-Porras-Isla-Nebrija-2.jpg\" alt=\"\" width=\"1100\" height=\"734\" \/><\/a><\/p>\n<p>Por \u00faltimo, el proyecto incorpor\u00f3 el Matadero. \u201cHicimos un plano casi metaf\u00edsico para que las naves del Matadero resurgieran, incluso iluminamos todos los edificios de color rojo emulando la sangre de los animales que fueron sacrificados en su d\u00eda en estas instalaciones\u201d, coment\u00f3 Fernando Porras- Isla, que tambi\u00e9n aludi\u00f3 a \u201cla playa\u201d para refrescarse en verano, a los quince espacios de juegos infantiles y a los edificios auxiliares levantados en granito de la sierra de Guadarrama.<\/p>\n<h3><strong>Nuevo Norte<\/strong><\/h3>\n<p>El <a href=\"https:\/\/creamadridnuevonorte.com\/actualidad-corporativa\/asi-sera-el-gran-parque-central-de-madrid-nuevo-norte\/\">Parque Central de Madrid Nuevo Norte<\/a>, previsto m\u00e1s all\u00e1 de 2030, es otro proyecto donde la vegetaci\u00f3n ser\u00e1 el principal material de construcci\u00f3n. El estudio holand\u00e9s West 8, junto a Porras Guadiana Arquitectos, trabajar\u00e1n sobre 14,5 hect\u00e1reas de superficie en las v\u00edas de Chamart\u00edn y su entorno. \u201cEs la mayor operaci\u00f3n urbana de Europa en plena gestaci\u00f3n en estos momentos\u201d, observ\u00f3 Fernando Porras-Isla.<\/p>\n<p>La incorporaci\u00f3n de elementos naturales a un tejido urbano dominado por losas de hormig\u00f3n es uno de los grandes retos de una planificaci\u00f3n que aplicar\u00e1 \u201cde manera cient\u00edfica\u201d an\u00e1lisis ambientales y sociales y patrones entre las personas, las v\u00edas y el clima.<\/p>\n<p>La zona sur integrar\u00e1 calles con caminos propuestos mientras la norte va a recibir a todos los viajeros de la estaci\u00f3n de tren, pero sin olvidar \u201cque tambi\u00e9n el espacio tiene que resolver los problemas del barrio\u201d. La \u201cespina central conectar\u00e1 con lo que podr\u00eda ser un centro de congresos y con el Jard\u00edn del Viento, \u201cun v\u00f3rtice, un artefacto, una gran gruta que recoge puntos \u00f3ptimos en verano para crear un lugar especial donde la temperatura pueda bajar hasta cuatro grados gracias a su ventilaci\u00f3n y su vegetaci\u00f3n\u201d.<\/p>\n<p><a href=\"https:\/\/www.nebrija.com\/medios\/actualidadnebrija\/wp-content\/uploads\/sites\/2\/2024\/11\/Fernando-Porras-Isla-Nebrija-6.jpg\"><img loading=\"lazy\" decoding=\"async\" class=\"aligncenter size-full wp-image-95495\" src=\"https:\/\/www.nebrija.com\/medios\/actualidadnebrija\/wp-content\/uploads\/sites\/2\/2024\/11\/Fernando-Porras-Isla-Nebrija-6.jpg\" alt=\"\" width=\"1100\" height=\"734\" \/><\/a><\/p>\n<h3><strong>Pavimentos diversos<\/strong><\/h3>\n<p>Los pavimentos de diferente dureza y resistencia dependiendo si est\u00e1n en las zonas de juegos de ni\u00f1os o destinados a otros usos, los jardines de lluvia, los parterres de polinizaci\u00f3n, los huertos urbanos y una gran pradera estancial son otras de las claves de este plan que integrar\u00e1 la naturaleza con elementos urbanos.<\/p>\n<p>Juan Carlos Arroyo, decano de la <a href=\"https:\/\/www.nebrija.com\/la_universidad\/facultades\/escuela-politecnica-superior-arquitectura\/\">Polit\u00e9cnica Nebrija<\/a>; Alexandra Delgado, investigadora principal del Grupo Nebrija de Investigaci\u00f3n en La Arquitectura y el Urbanismo ante las Transformaciones Sociales, Econ\u00f3micas y Territoriales (<a href=\"https:\/\/portalinvestigacion.nebrija.com\/grupos\/30991\/detalle\">At-the-oUTSET<\/a>), y Alejandro Blanco, profesor de las \u00e1reas de Urbanismo y Construcci\u00f3n del <a href=\"https:\/\/www.nebrija.com\/carreras-universitarias\/grado-arquitectura\/\">Grado en Fundamentos de la Arquitectura<\/a> de la Universidad Nebrija acompa\u00f1aron a Fernando Porras-Isla durante su ponencia dirigida a los estudiantes.<\/p>\n<p><em>Texto: Javier Picos \/ Fotos: Zaida del R\u00edo<\/em><\/p>\n","protected":false},"excerpt":{"rendered":"<p>El arquitecto expone a los alumnos de la Polit\u00e9cnica Nebrija sus ideas sobre la convivencia entre arbolado y hormig\u00f3n y su di\u00e1logo con las personas.<\/p>\n","protected":false},"author":326,"featured_media":95494,"comment_status":"open","ping_status":"open","sticky":false,"template":"","format":"standard","meta":{"_acf_changed":false,"_monsterinsights_skip_tracking":false,"_monsterinsights_sitenote_active":false,"_monsterinsights_sitenote_note":"","_monsterinsights_sitenote_category":0,"footnotes":""},"categories":[3053],"tags":[5528,4412,3315,3124,6092,4702,5110,3399,5427],"acf":[],"yoast_head":"<!-- This site is optimized with the Yoast SEO plugin v22.1 - https:\/\/yoast.com\/wordpress\/plugins\/seo\/ -->\n<title>Fernando Porras-Isla imagina y ejecuta bosques en la ciudad de Madrid - Actualidad Nebrija<\/title>\n<meta name=\"description\" content=\"El arquitecto Fernando Porras-Isla explica a los alumnos sus proyectos de bosques urbanos en Chamart\u00edn y Madrid R\u00edo.\" \/>\n<meta name=\"robots\" content=\"index, follow, max-snippet:-1, max-image-preview:large, max-video-preview:-1\" \/>\n<link rel=\"canonical\" href=\"https:\/\/www.nebrija.com\/medios\/actualidadnebrija\/2024\/11\/28\/fernando-porras-isla-imagina-y-ejecuta-bosques-en-la-ciudad-de-madrid\/\" \/>\n<meta property=\"og:locale\" content=\"es_ES\" \/>\n<meta property=\"og:type\" content=\"article\" \/>\n<meta property=\"og:title\" content=\"Fernando Porras-Isla imagina y ejecuta bosques en la ciudad de Madrid - Actualidad Nebrija\" \/>\n<meta property=\"og:description\" content=\"El arquitecto Fernando Porras-Isla explica a los alumnos sus proyectos de bosques urbanos en Chamart\u00edn y Madrid R\u00edo.\" \/>\n<meta property=\"og:url\" content=\"https:\/\/www.nebrija.com\/medios\/actualidadnebrija\/2024\/11\/28\/fernando-porras-isla-imagina-y-ejecuta-bosques-en-la-ciudad-de-madrid\/\" \/>\n<meta property=\"og:site_name\" content=\"Actualidad Nebrija\" \/>\n<meta property=\"article:published_time\" content=\"2024-11-28T11:01:30+00:00\" \/>\n<meta property=\"article:modified_time\" content=\"2024-11-28T11:05:32+00:00\" \/>\n<meta property=\"og:image\" content=\"https:\/\/www.nebrija.com\/medios\/actualidadnebrija\/wp-content\/uploads\/sites\/2\/2024\/11\/Fernando-Porras-Isla-Nebrija-5.jpg\" \/>\n\t<meta property=\"og:image:width\" content=\"1100\" \/>\n\t<meta property=\"og:image:height\" content=\"734\" \/>\n\t<meta property=\"og:image:type\" content=\"image\/jpeg\" \/>\n<meta name=\"author\" content=\"jpicos\" \/>\n<meta name=\"twitter:card\" content=\"summary_large_image\" \/>\n<meta name=\"twitter:label1\" content=\"Escrito por\" \/>\n\t<meta name=\"twitter:data1\" content=\"jpicos\" \/>\n\t<meta name=\"twitter:label2\" content=\"Tiempo de lectura\" \/>\n\t<meta name=\"twitter:data2\" content=\"5 minutos\" \/>\n<!-- \/ Yoast SEO plugin. -->","yoast_head_json":{"title":"Fernando Porras-Isla imagina y ejecuta bosques en la ciudad de Madrid - Actualidad Nebrija","description":"El arquitecto Fernando Porras-Isla explica a los alumnos sus proyectos de bosques urbanos en Chamart\u00edn y Madrid R\u00edo.","robots":{"index":"index","follow":"follow","max-snippet":"max-snippet:-1","max-image-preview":"max-image-preview:large","max-video-preview":"max-video-preview:-1"},"canonical":"https:\/\/www.nebrija.com\/medios\/actualidadnebrija\/2024\/11\/28\/fernando-porras-isla-imagina-y-ejecuta-bosques-en-la-ciudad-de-madrid\/","og_locale":"es_ES","og_type":"article","og_title":"Fernando Porras-Isla imagina y ejecuta bosques en la ciudad de Madrid - Actualidad Nebrija","og_description":"El arquitecto Fernando Porras-Isla explica a los alumnos sus proyectos de bosques urbanos en Chamart\u00edn y Madrid R\u00edo.","og_url":"https:\/\/www.nebrija.com\/medios\/actualidadnebrija\/2024\/11\/28\/fernando-porras-isla-imagina-y-ejecuta-bosques-en-la-ciudad-de-madrid\/","og_site_name":"Actualidad Nebrija","article_published_time":"2024-11-28T11:01:30+00:00","article_modified_time":"2024-11-28T11:05:32+00:00","og_image":[{"width":1100,"height":734,"url":"https:\/\/www.nebrija.com\/medios\/actualidadnebrija\/wp-content\/uploads\/sites\/2\/2024\/11\/Fernando-Porras-Isla-Nebrija-5.jpg","type":"image\/jpeg"}],"author":"jpicos","twitter_card":"summary_large_image","twitter_misc":{"Escrito por":"jpicos","Tiempo de lectura":"5 minutos"},"schema":{"@context":"https:\/\/schema.org","@graph":[{"@type":"WebPage","@id":"https:\/\/www.nebrija.com\/medios\/actualidadnebrija\/2024\/11\/28\/fernando-porras-isla-imagina-y-ejecuta-bosques-en-la-ciudad-de-madrid\/","url":"https:\/\/www.nebrija.com\/medios\/actualidadnebrija\/2024\/11\/28\/fernando-porras-isla-imagina-y-ejecuta-bosques-en-la-ciudad-de-madrid\/","name":"Fernando Porras-Isla imagina y ejecuta bosques en la ciudad de Madrid - Actualidad Nebrija","isPartOf":{"@id":"https:\/\/www.nebrija.com\/medios\/actualidadnebrija\/#website"},"datePublished":"2024-11-28T11:01:30+00:00","dateModified":"2024-11-28T11:05:32+00:00","author":{"@id":"https:\/\/www.nebrija.com\/medios\/actualidadnebrija\/#\/schema\/person\/0cd40b7dd3f54459e2cfc009dbd255c6"},"description":"El arquitecto Fernando Porras-Isla explica a los alumnos sus proyectos de bosques urbanos en Chamart\u00edn y Madrid R\u00edo.","breadcrumb":{"@id":"https:\/\/www.nebrija.com\/medios\/actualidadnebrija\/2024\/11\/28\/fernando-porras-isla-imagina-y-ejecuta-bosques-en-la-ciudad-de-madrid\/#breadcrumb"},"inLanguage":"es","potentialAction":[{"@type":"ReadAction","target":["https:\/\/www.nebrija.com\/medios\/actualidadnebrija\/2024\/11\/28\/fernando-porras-isla-imagina-y-ejecuta-bosques-en-la-ciudad-de-madrid\/"]}]},{"@type":"BreadcrumbList","@id":"https:\/\/www.nebrija.com\/medios\/actualidadnebrija\/2024\/11\/28\/fernando-porras-isla-imagina-y-ejecuta-bosques-en-la-ciudad-de-madrid\/#breadcrumb","itemListElement":[{"@type":"ListItem","position":1,"name":"Home","item":"https:\/\/www.nebrija.com\/medios\/actualidadnebrija\/"},{"@type":"ListItem","position":2,"name":"Fernando Porras-Isla imagina y ejecuta bosques en la ciudad de Madrid"}]},{"@type":"WebSite","@id":"https:\/\/www.nebrija.com\/medios\/actualidadnebrija\/#website","url":"https:\/\/www.nebrija.com\/medios\/actualidadnebrija\/","name":"Actualidad Nebrija","description":"Noticias de la Universidad Nebrija","potentialAction":[{"@type":"SearchAction","target":{"@type":"EntryPoint","urlTemplate":"https:\/\/www.nebrija.com\/medios\/actualidadnebrija\/?s={search_term_string}"},"query-input":"required name=search_term_string"}],"inLanguage":"es"},{"@type":"Person","@id":"https:\/\/www.nebrija.com\/medios\/actualidadnebrija\/#\/schema\/person\/0cd40b7dd3f54459e2cfc009dbd255c6","name":"jpicos","image":{"@type":"ImageObject","inLanguage":"es","@id":"https:\/\/www.nebrija.com\/medios\/actualidadnebrija\/#\/schema\/person\/image\/","url":"https:\/\/secure.gravatar.com\/avatar\/c4a1005cff3fd9bb5185e9671f4f3e9b?s=96&d=mm&r=g","contentUrl":"https:\/\/secure.gravatar.com\/avatar\/c4a1005cff3fd9bb5185e9671f4f3e9b?s=96&d=mm&r=g","caption":"jpicos"},"url":"https:\/\/www.nebrija.com\/medios\/actualidadnebrija\/author\/jpicos\/"}]}},"_links":{"self":[{"href":"https:\/\/www.nebrija.com\/medios\/actualidadnebrija\/wp-json\/wp\/v2\/posts\/95485"}],"collection":[{"href":"https:\/\/www.nebrija.com\/medios\/actualidadnebrija\/wp-json\/wp\/v2\/posts"}],"about":[{"href":"https:\/\/www.nebrija.com\/medios\/actualidadnebrija\/wp-json\/wp\/v2\/types\/post"}],"author":[{"embeddable":true,"href":"https:\/\/www.nebrija.com\/medios\/actualidadnebrija\/wp-json\/wp\/v2\/users\/326"}],"replies":[{"embeddable":true,"href":"https:\/\/www.nebrija.com\/medios\/actualidadnebrija\/wp-json\/wp\/v2\/comments?post=95485"}],"version-history":[{"count":3,"href":"https:\/\/www.nebrija.com\/medios\/actualidadnebrija\/wp-json\/wp\/v2\/posts\/95485\/revisions"}],"predecessor-version":[{"id":95496,"href":"https:\/\/www.nebrija.com\/medios\/actualidadnebrija\/wp-json\/wp\/v2\/posts\/95485\/revisions\/95496"}],"wp:featuredmedia":[{"embeddable":true,"href":"https:\/\/www.nebrija.com\/medios\/actualidadnebrija\/wp-json\/wp\/v2\/media\/95494"}],"wp:attachment":[{"href":"https:\/\/www.nebrija.com\/medios\/actualidadnebrija\/wp-json\/wp\/v2\/media?parent=95485"}],"wp:term":[{"taxonomy":"category","embeddable":true,"href":"https:\/\/www.nebrija.com\/medios\/actualidadnebrija\/wp-json\/wp\/v2\/categories?post=95485"},{"taxonomy":"post_tag","embeddable":true,"href":"https:\/\/www.nebrija.com\/medios\/actualidadnebrija\/wp-json\/wp\/v2\/tags?post=95485"}],"curies":[{"name":"wp","href":"https:\/\/api.w.org\/{rel}","templated":true}]}}