{"id":95653,"date":"2024-12-12T07:28:48","date_gmt":"2024-12-12T06:28:48","guid":{"rendered":"https:\/\/www.nebrija.com\/medios\/actualidadnebrija\/?p=95653"},"modified":"2024-12-12T07:29:34","modified_gmt":"2024-12-12T06:29:34","slug":"catedra-nebrija-santander-y-banco-de-espana-analizan-inflacion-y-comercio-internacional","status":"publish","type":"post","link":"https:\/\/www.nebrija.com\/medios\/actualidadnebrija\/2024\/12\/12\/catedra-nebrija-santander-y-banco-de-espana-analizan-inflacion-y-comercio-internacional\/","title":{"rendered":"La C\u00e1tedra en Internacionalizaci\u00f3n de Empresas y el Banco de Espa\u00f1a analizan los factores globales que inciden sobre la inflaci\u00f3n y el comercio internacional"},"content":{"rendered":"<p>La <a href=\"https:\/\/www.nebrija.com\/catedras\/nebrija-santander-internacionalizacion-empresas\/\">C\u00e1tedra Global Nebrija Santander en Internacionalizaci\u00f3n de Empresas<\/a> y la Direcci\u00f3n General de Econom\u00eda del <a href=\"https:\/\/www.bde.es\/wbe\/es\/\" target=\"_blank\" rel=\"noopener\">Banco de Espa\u00f1a<\/a> han organizado de forma conjunta el pasado 25 de noviembre el VI Encuentro del Banco de Espa\u00f1a con la Red de Investigaci\u00f3n en Internacionalizaci\u00f3n.<\/p>\n<p>El acto ha reunido en la sede del Banco de Espa\u00f1a a investigadores del \u00e1mbito universitario y del Banco de Espa\u00f1a, y a representantes y expertos de distintas Administraciones y organizaciones privadas.<\/p>\n<p>En el encuentro se ha analizado el impacto de fen\u00f3menos meteorol\u00f3gicos recurrentes, como el \u201cNi\u00f1o\u201d y la \u201cNi\u00f1a\u201d, en los precios alimentarios y en la inflaci\u00f3n del \u00e1rea euro. Aunque estos acontecimientos se localizan en lugares lejanos a la zona euro se trasladan de distinta forma e intensidad a la formaci\u00f3n de precios en Europa, identific\u00e1ndose diversas actuaciones de pol\u00edtica econ\u00f3mica para mitigar sus consecuencias. En particular, se destac\u00f3 c\u00f3mo los cambios introducidos en 1992 en la Pol\u00edtica Agr\u00edcola Comunitaria (PAC) mitigaron la influencia de estos fen\u00f3menos en la inflaci\u00f3n. Tambi\u00e9n se evalu\u00f3 las consecuencias que pueden tener en el comercio internacional a trav\u00e9s de desv\u00edos de flujos comerciales entre distintos pa\u00edses.<\/p>\n<p>Por otro lado, se analiz\u00f3 la situaci\u00f3n de dependencias estrat\u00e9gicas de ciertos productos en los pa\u00edses desarrollados. Se mostraron evidencias emp\u00edricas sobre la influencia de estas dependencias en los precios, sobre todo en mercados con alto poder de mercado de algunos pa\u00edses exportadores y, por lo tanto, de baja competencia, aunque en algunos pa\u00edses las econom\u00edas de escala mitigan esa influencia. Se constat\u00f3 asimismo c\u00f3mo los pa\u00edses desarrollados est\u00e1n poniendo en pr\u00e1ctica acciones para reducir esas dependencias estrat\u00e9gicas.<\/p>\n","protected":false},"excerpt":{"rendered":"<p>El encuentro ha indagado en el impacto de fen\u00f3menos meteorol\u00f3gicos recurrentes en los precios alimentarios.<\/p>\n","protected":false},"author":326,"featured_media":67247,"comment_status":"open","ping_status":"open","sticky":false,"template":"","format":"standard","meta":{"_acf_changed":false,"_monsterinsights_skip_tracking":false,"_monsterinsights_sitenote_active":false,"_monsterinsights_sitenote_note":"","_monsterinsights_sitenote_category":0,"footnotes":""},"categories":[3,3066,5017],"tags":[4136,4069,4131,4068,4734,3184],"acf":[],"yoast_head":"<!-- This site is optimized with the Yoast SEO plugin v22.1 - https:\/\/yoast.com\/wordpress\/plugins\/seo\/ -->\n<title>La C\u00e1tedra en Internacionalizaci\u00f3n de Empresas y el Banco de Espa\u00f1a analizan los factores globales que inciden sobre la inflaci\u00f3n y el comercio internacional - Actualidad Nebrija<\/title>\n<meta name=\"description\" content=\"La inflaci\u00f3n y el comercio son los ejes de la \u00faltima reuni\u00f3n de la Red de Investigaci\u00f3n en Internacionalizaci\u00f3n.\" \/>\n<meta name=\"robots\" content=\"index, follow, max-snippet:-1, max-image-preview:large, max-video-preview:-1\" \/>\n<link rel=\"canonical\" href=\"https:\/\/www.nebrija.com\/medios\/actualidadnebrija\/2024\/12\/12\/catedra-nebrija-santander-y-banco-de-espana-analizan-inflacion-y-comercio-internacional\/\" \/>\n<meta property=\"og:locale\" content=\"es_ES\" \/>\n<meta property=\"og:type\" content=\"article\" \/>\n<meta property=\"og:title\" content=\"La C\u00e1tedra en Internacionalizaci\u00f3n de Empresas y el Banco de Espa\u00f1a analizan los factores globales que inciden sobre la inflaci\u00f3n y el comercio internacional - Actualidad Nebrija\" \/>\n<meta property=\"og:description\" content=\"La inflaci\u00f3n y el comercio son los ejes de la \u00faltima reuni\u00f3n de la Red de Investigaci\u00f3n en Internacionalizaci\u00f3n.\" \/>\n<meta property=\"og:url\" content=\"https:\/\/www.nebrija.com\/medios\/actualidadnebrija\/2024\/12\/12\/catedra-nebrija-santander-y-banco-de-espana-analizan-inflacion-y-comercio-internacional\/\" \/>\n<meta property=\"og:site_name\" content=\"Actualidad Nebrija\" \/>\n<meta property=\"article:published_time\" content=\"2024-12-12T06:28:48+00:00\" \/>\n<meta property=\"article:modified_time\" content=\"2024-12-12T06:29:34+00:00\" \/>\n<meta property=\"og:image\" content=\"https:\/\/www.nebrija.com\/medios\/actualidadnebrija\/wp-content\/uploads\/sites\/2\/2020\/11\/banco_espa\u00f1a_sh.jpg\" \/>\n\t<meta property=\"og:image:width\" content=\"1000\" \/>\n\t<meta property=\"og:image:height\" content=\"666\" \/>\n\t<meta property=\"og:image:type\" content=\"image\/jpeg\" \/>\n<meta name=\"author\" content=\"jpicos\" \/>\n<meta name=\"twitter:card\" content=\"summary_large_image\" \/>\n<meta name=\"twitter:label1\" content=\"Escrito por\" \/>\n\t<meta name=\"twitter:data1\" content=\"jpicos\" \/>\n\t<meta name=\"twitter:label2\" content=\"Tiempo de lectura\" \/>\n\t<meta name=\"twitter:data2\" content=\"2 minutos\" \/>\n<!-- \/ Yoast SEO plugin. -->","yoast_head_json":{"title":"La C\u00e1tedra en Internacionalizaci\u00f3n de Empresas y el Banco de Espa\u00f1a analizan los factores globales que inciden sobre la inflaci\u00f3n y el comercio internacional - Actualidad Nebrija","description":"La inflaci\u00f3n y el comercio son los ejes de la \u00faltima reuni\u00f3n de la Red de Investigaci\u00f3n en Internacionalizaci\u00f3n.","robots":{"index":"index","follow":"follow","max-snippet":"max-snippet:-1","max-image-preview":"max-image-preview:large","max-video-preview":"max-video-preview:-1"},"canonical":"https:\/\/www.nebrija.com\/medios\/actualidadnebrija\/2024\/12\/12\/catedra-nebrija-santander-y-banco-de-espana-analizan-inflacion-y-comercio-internacional\/","og_locale":"es_ES","og_type":"article","og_title":"La C\u00e1tedra en Internacionalizaci\u00f3n de Empresas y el Banco de Espa\u00f1a analizan los factores globales que inciden sobre la inflaci\u00f3n y el comercio internacional - Actualidad Nebrija","og_description":"La inflaci\u00f3n y el comercio son los ejes de la \u00faltima reuni\u00f3n de la Red de Investigaci\u00f3n en Internacionalizaci\u00f3n.","og_url":"https:\/\/www.nebrija.com\/medios\/actualidadnebrija\/2024\/12\/12\/catedra-nebrija-santander-y-banco-de-espana-analizan-inflacion-y-comercio-internacional\/","og_site_name":"Actualidad Nebrija","article_published_time":"2024-12-12T06:28:48+00:00","article_modified_time":"2024-12-12T06:29:34+00:00","og_image":[{"width":1000,"height":666,"url":"https:\/\/www.nebrija.com\/medios\/actualidadnebrija\/wp-content\/uploads\/sites\/2\/2020\/11\/banco_espa\u00f1a_sh.jpg","type":"image\/jpeg"}],"author":"jpicos","twitter_card":"summary_large_image","twitter_misc":{"Escrito por":"jpicos","Tiempo de lectura":"2 minutos"},"schema":{"@context":"https:\/\/schema.org","@graph":[{"@type":"WebPage","@id":"https:\/\/www.nebrija.com\/medios\/actualidadnebrija\/2024\/12\/12\/catedra-nebrija-santander-y-banco-de-espana-analizan-inflacion-y-comercio-internacional\/","url":"https:\/\/www.nebrija.com\/medios\/actualidadnebrija\/2024\/12\/12\/catedra-nebrija-santander-y-banco-de-espana-analizan-inflacion-y-comercio-internacional\/","name":"La C\u00e1tedra en Internacionalizaci\u00f3n de Empresas y el Banco de Espa\u00f1a analizan los factores globales que inciden sobre la inflaci\u00f3n y el comercio internacional - Actualidad Nebrija","isPartOf":{"@id":"https:\/\/www.nebrija.com\/medios\/actualidadnebrija\/#website"},"datePublished":"2024-12-12T06:28:48+00:00","dateModified":"2024-12-12T06:29:34+00:00","author":{"@id":"https:\/\/www.nebrija.com\/medios\/actualidadnebrija\/#\/schema\/person\/0cd40b7dd3f54459e2cfc009dbd255c6"},"description":"La inflaci\u00f3n y el comercio son los ejes de la \u00faltima reuni\u00f3n de la Red de Investigaci\u00f3n en Internacionalizaci\u00f3n.","breadcrumb":{"@id":"https:\/\/www.nebrija.com\/medios\/actualidadnebrija\/2024\/12\/12\/catedra-nebrija-santander-y-banco-de-espana-analizan-inflacion-y-comercio-internacional\/#breadcrumb"},"inLanguage":"es","potentialAction":[{"@type":"ReadAction","target":["https:\/\/www.nebrija.com\/medios\/actualidadnebrija\/2024\/12\/12\/catedra-nebrija-santander-y-banco-de-espana-analizan-inflacion-y-comercio-internacional\/"]}]},{"@type":"BreadcrumbList","@id":"https:\/\/www.nebrija.com\/medios\/actualidadnebrija\/2024\/12\/12\/catedra-nebrija-santander-y-banco-de-espana-analizan-inflacion-y-comercio-internacional\/#breadcrumb","itemListElement":[{"@type":"ListItem","position":1,"name":"Home","item":"https:\/\/www.nebrija.com\/medios\/actualidadnebrija\/"},{"@type":"ListItem","position":2,"name":"La C\u00e1tedra en Internacionalizaci\u00f3n de Empresas y el Banco de Espa\u00f1a analizan los factores globales que inciden sobre la inflaci\u00f3n y el comercio internacional"}]},{"@type":"WebSite","@id":"https:\/\/www.nebrija.com\/medios\/actualidadnebrija\/#website","url":"https:\/\/www.nebrija.com\/medios\/actualidadnebrija\/","name":"Actualidad Nebrija","description":"Noticias de la Universidad Nebrija","potentialAction":[{"@type":"SearchAction","target":{"@type":"EntryPoint","urlTemplate":"https:\/\/www.nebrija.com\/medios\/actualidadnebrija\/?s={search_term_string}"},"query-input":"required name=search_term_string"}],"inLanguage":"es"},{"@type":"Person","@id":"https:\/\/www.nebrija.com\/medios\/actualidadnebrija\/#\/schema\/person\/0cd40b7dd3f54459e2cfc009dbd255c6","name":"jpicos","image":{"@type":"ImageObject","inLanguage":"es","@id":"https:\/\/www.nebrija.com\/medios\/actualidadnebrija\/#\/schema\/person\/image\/","url":"https:\/\/secure.gravatar.com\/avatar\/c4a1005cff3fd9bb5185e9671f4f3e9b?s=96&d=mm&r=g","contentUrl":"https:\/\/secure.gravatar.com\/avatar\/c4a1005cff3fd9bb5185e9671f4f3e9b?s=96&d=mm&r=g","caption":"jpicos"},"url":"https:\/\/www.nebrija.com\/medios\/actualidadnebrija\/author\/jpicos\/"}]}},"_links":{"self":[{"href":"https:\/\/www.nebrija.com\/medios\/actualidadnebrija\/wp-json\/wp\/v2\/posts\/95653"}],"collection":[{"href":"https:\/\/www.nebrija.com\/medios\/actualidadnebrija\/wp-json\/wp\/v2\/posts"}],"about":[{"href":"https:\/\/www.nebrija.com\/medios\/actualidadnebrija\/wp-json\/wp\/v2\/types\/post"}],"author":[{"embeddable":true,"href":"https:\/\/www.nebrija.com\/medios\/actualidadnebrija\/wp-json\/wp\/v2\/users\/326"}],"replies":[{"embeddable":true,"href":"https:\/\/www.nebrija.com\/medios\/actualidadnebrija\/wp-json\/wp\/v2\/comments?post=95653"}],"version-history":[{"count":2,"href":"https:\/\/www.nebrija.com\/medios\/actualidadnebrija\/wp-json\/wp\/v2\/posts\/95653\/revisions"}],"predecessor-version":[{"id":95655,"href":"https:\/\/www.nebrija.com\/medios\/actualidadnebrija\/wp-json\/wp\/v2\/posts\/95653\/revisions\/95655"}],"wp:featuredmedia":[{"embeddable":true,"href":"https:\/\/www.nebrija.com\/medios\/actualidadnebrija\/wp-json\/wp\/v2\/media\/67247"}],"wp:attachment":[{"href":"https:\/\/www.nebrija.com\/medios\/actualidadnebrija\/wp-json\/wp\/v2\/media?parent=95653"}],"wp:term":[{"taxonomy":"category","embeddable":true,"href":"https:\/\/www.nebrija.com\/medios\/actualidadnebrija\/wp-json\/wp\/v2\/categories?post=95653"},{"taxonomy":"post_tag","embeddable":true,"href":"https:\/\/www.nebrija.com\/medios\/actualidadnebrija\/wp-json\/wp\/v2\/tags?post=95653"}],"curies":[{"name":"wp","href":"https:\/\/api.w.org\/{rel}","templated":true}]}}