{"id":95662,"date":"2024-12-12T16:56:52","date_gmt":"2024-12-12T15:56:52","guid":{"rendered":"https:\/\/www.nebrija.com\/medios\/actualidadnebrija\/?p=95662"},"modified":"2024-12-12T17:00:15","modified_gmt":"2024-12-12T16:00:15","slug":"juan-enrique-soto-creador-del-metodo-vera-defiende-la-relevancia-de-la-psicologia-criminalista","status":"publish","type":"post","link":"https:\/\/www.nebrija.com\/medios\/actualidadnebrija\/2024\/12\/12\/juan-enrique-soto-creador-del-metodo-vera-defiende-la-relevancia-de-la-psicologia-criminalista\/","title":{"rendered":"Juan Enrique Soto, creador del m\u00e9todo VERA, defiende la relevancia de la psicolog\u00eda criminalista"},"content":{"rendered":"<p>De elaborar los psicot\u00e9cnicos para el carn\u00e9 de conducir a crear la Secci\u00f3n de An\u00e1lisis de Conducta en la Polic\u00eda Nacional y el M\u00e9todo VERA de perfilaci\u00f3n psicol\u00f3gica de agresores desconocidos hay una trayectoria vital de trabajo duro, vocaci\u00f3n de servicio p\u00fablico y de amor y respeto a la psicolog\u00eda. Juan Enrique Soto, autor del libro <a href=\"https:\/\/www.tecnos.es\/libro\/ventana-abierta\/vivir-en-el-asombro-juan-enrique-soto-castro-9788430991662\/\"><em>Vivir en el asombro: memorias de un psic\u00f3logo criminalista<\/em><\/a> (Tecnos), habl\u00f3 con Nicol\u00e1s Marchal, director del Departamento de Seguridad y Defensa de la Universidad Nebrija, sobre sus pesquisas en casos que se convirtieron en medi\u00e1ticos y sobre otros lances psicol\u00f3gicos.<\/p>\n<p>Antes de llegar a esos sucesos, Soto se refiri\u00f3 a sus primeros a\u00f1os en el Grupo de Homicidios de Las Palmas de Gran Canaria donde tuvo sus primeros rifirrafes con la prensa cuando un medio public\u00f3 su nota interna sobre su investigaci\u00f3n de la hospitalizaci\u00f3n de la supermodelo Naomi Campbell por sobredosis de barbit\u00faricos tras una discusi\u00f3n con su pareja, el bailar\u00edn Joaqu\u00edn Cort\u00e9s.<\/p>\n<p>Otro ejemplo fue cuando un periodista, a pesar de pedirle Soto que no lo hiciera, public\u00f3 informaci\u00f3n sobre el dispositivo policial para apresar al llamado `violador del monte\u00b4 que hab\u00eda agredido a mujeres todos los d\u00edas de la semana. No pudo detenerlo. El analista de la conducta criminal us\u00f3 este caso para explicar el \u201cenigma\u201d de c\u00f3mo funciona la memoria porque diez a\u00f1os despu\u00e9s una de las mujeres \u201cvio\u201d a su agresor en el autob\u00fas y otra de las agredidas lo reconoci\u00f3 en una foto policial. \u201cLuego el ADN demostr\u00f3 que no era \u00e9l. \u00bfQu\u00e9 elementos ten\u00eda ese hombre en su fisonom\u00eda que despertaron el recuerdo de dos personas que lo se\u00f1alaban sin lugar a dudas como culpable? El \u00e9xito policial se convirti\u00f3 en fracaso policial\u201d, cont\u00f3.<\/p>\n<p><a href=\"https:\/\/www.nebrija.com\/medios\/actualidadnebrija\/wp-content\/uploads\/sites\/2\/2024\/12\/Perfilacion-criminal-Herramientas-y-tecnicas-en-la-investigacion-forense-Presentacion-del-libro-de-memorias-Vivir-en-el-asombro-5.jpg\"><img loading=\"lazy\" decoding=\"async\" class=\"aligncenter wp-image-95665 size-full\" src=\"https:\/\/www.nebrija.com\/medios\/actualidadnebrija\/wp-content\/uploads\/sites\/2\/2024\/12\/Perfilacion-criminal-Herramientas-y-tecnicas-en-la-investigacion-forense-Presentacion-del-libro-de-memorias-Vivir-en-el-asombro-5.jpg\" alt=\"Juan Enrique Soto y Nicol\u00e1s Marchal\" width=\"1100\" height=\"733\" \/><\/a><\/p>\n<h2><strong>Placa n\u00famero 78840<\/strong><\/h2>\n<p>En su etapa canaria hubo 114 detenidos y 794 casos esclarecidos. Su cabeza ya estaba creando el m\u00e9todo VERA, aunque \u00e9l todav\u00eda no era consciente de ello. Orgulloso de su placa policial n\u00famero 78840, \u201cun peque\u00f1o artificio met\u00e1lico dorado con un poder y una responsabilidad enormes\u201d, hubo sucesos que lo marcaron como el de la chica que muri\u00f3 por una agresi\u00f3n sexual cuando hab\u00eda ingerido medicamentos con intenci\u00f3n de suicidarse y estaba inconsciente en un parque.<\/p>\n<p>De los 26 a\u00f1os en la Polic\u00eda Nacional, Juan Enrique Soto ejerci\u00f3 23 de psic\u00f3logo. Sigue \u201cviviendo en el asombro\u201d y demostrando que nuestra complejidad como seres humanos depende de la mochila gen\u00e9tica y del desarrollo personal, dos elementos \u201cindivisibles\u201d. Sin dejar de lado su respeto por otros oficios, afirm\u00f3, durante su coloquio en la Universidad Nebrija, que profesiones como la de polic\u00eda, bombero o m\u00e9dico trabajan \u201ccon el sufrimiento ajeno y eso genera un coste\u201d que \u201cno todo el mundo\u201d puede asumir.<\/p>\n<p>\u201cYo no ten\u00eda vocaci\u00f3n de polic\u00eda, pero desde el primer d\u00eda el trabajo te genera una vocaci\u00f3n de servicio p\u00fablico que tiene una intensidad enorme\u201d, dijo ante los estudiantes de Criminolog\u00eda.<\/p>\n<p><a href=\"https:\/\/www.nebrija.com\/medios\/actualidadnebrija\/wp-content\/uploads\/sites\/2\/2024\/12\/Perfilacion-criminal-Herramientas-y-tecnicas-en-la-investigacion-forense-Presentacion-del-libro-de-memorias-Vivir-en-el-asombro-10.jpg\"><img loading=\"lazy\" decoding=\"async\" class=\"aligncenter wp-image-95666 size-full\" src=\"https:\/\/www.nebrija.com\/medios\/actualidadnebrija\/wp-content\/uploads\/sites\/2\/2024\/12\/Perfilacion-criminal-Herramientas-y-tecnicas-en-la-investigacion-forense-Presentacion-del-libro-de-memorias-Vivir-en-el-asombro-10.jpg\" alt=\"coloquio con Juan Enrique Soto\" width=\"1100\" height=\"733\" \/><\/a><\/p>\n<h2><strong>Diez a\u00f1os de tesis doctoral<\/strong><\/h2>\n<p>El caso del <a href=\"https:\/\/www.europapress.es\/madrid\/noticia-violador-buho-acepta-condena-250-anos-prision-19-agresiones-sexuales-contra-18-mujeres-20091020141116.html\">&#8216;violador del b\u00faho&#8217;<\/a> da cuerpo al <a href=\"https:\/\/www.infocop.es\/manual-de-investigacion-psicologica-del-delito-el-metodo-vera\/page\/4\/?et_blog\">m\u00e9todo VERA<\/a> que re\u00fane todo tipo de conocimientos cient\u00edficos que ayudan en la elaboraci\u00f3n de los perfiles psicol\u00f3gicos de delincuentes violentos desconocidos. Juan Enrique Soto lo desarrolla despu\u00e9s de darle vueltas diez a\u00f1os con una tesis doctoral. Los cuatro pilares de este camino responden al acr\u00f3nimo: V de v\u00edctima, E de escena del delito, R de reconstrucci\u00f3n del delito y A de autor del mismo. Las fases de recopilaci\u00f3n de datos, de realizaci\u00f3n de interferencias, y de la elaboraci\u00f3n de hip\u00f3tesis conducen a los perfiles psicol\u00f3gicos de agresores.<\/p>\n<p>\u201cLa investigaci\u00f3n tradicional descansa en los indicios f\u00edsicos, son los \u00fanicos que pueden probar unos hechos, eso no puede cambiar, pero no siempre se resuelven los casos, hace falta ese algo m\u00e1s que puede proporcionar la psicolog\u00eda. Lo f\u00edsico consigue las condenas y lo psicol\u00f3gico intenta comprender qu\u00e9 ha pasado e incluso te da la oportunidad para buscar nuevos indicios\u201d, coment\u00f3 durante el coloquio con Nicol\u00e1s Marchal.<\/p>\n<h2><strong>Caso Jos\u00e9 Bret\u00f3n<\/strong><\/h2>\n<p>El caso Jos\u00e9 Bret\u00f3n se convirti\u00f3 en otro de los sucesos de alta tensi\u00f3n medi\u00e1tica y social. Juan Enrique Soto coment\u00f3 la llamada que efectu\u00f3 Bret\u00f3n a la polic\u00eda denunciando la desaparici\u00f3n de sus hijos Ruth y Jos\u00e9, de seis y dos a\u00f1os, en un parque. La Audiencia Provincial de C\u00f3rdoba conden\u00f3 el 22 de julio de 2013 a Jos\u00e9 Bret\u00f3n a 40 a\u00f1os del delito de asesinato de los ni\u00f1os.<\/p>\n<p>\u201cNo hay modo de decir en esos primeros segundos de la llamada si lo que dice es falso\u201d, coment\u00f3. Hay ansiedad, emociones y miedo, pero luego este desaparece y surge el \u201ccabreo\u201d con el interlocutor que le pide datos. \u201cLas emociones nos dan muchas pistas, la emoci\u00f3n puede ser esperada y expresada. Puede que la emoci\u00f3n no aparezca cuando ser\u00eda coherente que lo hiciera y, si aparece la emoci\u00f3n que esperas, hay que analizar si es verdadera o no\u201d, clarific\u00f3.<\/p>\n<p>En este tipo de investigaci\u00f3n, al final todo es una cuesti\u00f3n de \u201cpericia\u201d en la que cuenta el entrenamiento del an\u00e1lisis sobre los movimientos del cuerpo, la expresi\u00f3n facial, la longitud de las frases o el uso del vocabulario.<\/p>\n<p>Jos\u00e9 Bret\u00f3n no saldr\u00e1 de la c\u00e1rcel de Herrera de la Mancha hasta previsiblemente 2036. Para Soto, es complicado\u201d que reincida porque no tendr\u00e1 las motivaciones similares a cuando cometi\u00f3 el delito. Otro tipo son los agresores sexuales. El 20 % de los que salen de la c\u00e1rcel \u201cvuelven a cometer cr\u00edmenes, tienen pulsiones que permanecen\u201d. Otra forma de mirar esa realidad es que ocho de cada diez se reinsertan.<\/p>\n<h2><strong>Reacciones del cerebro a un est\u00edmulo<\/strong><\/h2>\n<p>Juan Enrique Soto y su equipo tambi\u00e9n procedieron a analizar la informaci\u00f3n y ordenarla del caso Marta del Castillo, la joven desaparecida en 2009, aunque entraron en escena cuando ya la investigaci\u00f3n estaba cerrada. No obstante, explic\u00f3, \u201csimplificando mucho\u201d, c\u00f3mo en una prueba que mide las ondas cerebrales pudo comprobar c\u00f3mo el cerebro de Miguel Carca\u00f1o, el autor confeso del crimen, reaccionaba ante un est\u00edmulo concreto, la imagen del estercolero de Camas. All\u00ed los investigadores creyeron que estaba el cuerpo, adem\u00e1s el propio Carca\u00f1o lo confes\u00f3. El cuerpo de Marta del Castillo sigue en paradero desconocido. Para Soto, la fuente de informaci\u00f3n del asesino confeso est\u00e1 ya \u201crota\u201d.<\/p>\n<p><a href=\"https:\/\/www.nebrija.com\/medios\/actualidadnebrija\/wp-content\/uploads\/sites\/2\/2024\/12\/Perfilacion-criminal-Herramientas-y-tecnicas-en-la-investigacion-forense-Presentacion-del-libro-de-memorias-Vivir-en-el-asombro-11.jpg\"><img loading=\"lazy\" decoding=\"async\" class=\"aligncenter wp-image-95667 size-full\" src=\"https:\/\/www.nebrija.com\/medios\/actualidadnebrija\/wp-content\/uploads\/sites\/2\/2024\/12\/Perfilacion-criminal-Herramientas-y-tecnicas-en-la-investigacion-forense-Presentacion-del-libro-de-memorias-Vivir-en-el-asombro-11.jpg\" alt=\"Soto y Marchal Nebrija\" width=\"1100\" height=\"733\" \/><\/a><\/p>\n<p>A la investigaci\u00f3n de la Operaci\u00f3n Candy para atrapar al pederasta de Ciudad Lineal, condenado en 2017, acudi\u00f3 el equipo de Juan Enrique Soto sin esperar a que los llamaran y \u201cno fuimos bienvenidos\u201d. En este caso elaboraron dos VERA dividiendo las agresiones. El segundo reforz\u00f3 el primero. No obstante, los investigadores que lideraban el proyecto pidieron un perfil al FBI. \u201cNosotros hicimos el nuestro y eran clavados, para nosotros fue muy importante que encajaran y tambi\u00e9n supuso una demostraci\u00f3n de que la psicolog\u00eda era capaz de plantear sugerencias a los investigadores\u201d.<\/p>\n<p>Juan Enrique Soto, coordinador del M\u00e1ster Universitario en Investigaci\u00f3n Criminal de la Universidad Internacional de La Rioja (UNIR), critic\u00f3 que el tratamiento medi\u00e1tico a estos asuntos \u201csigue apurando mucho los l\u00edmites\u201d para conseguir audiencia y captar la atenci\u00f3n.<\/p>\n<h2><strong>La intuici\u00f3n y su valor<\/strong><\/h2>\n<p>A preguntas del p\u00fablico, el psic\u00f3logo policial habl\u00f3 de la intuici\u00f3n en la investigaci\u00f3n de un crimen. \u201cLe doy mucho valor, pero cient\u00edficamente no sabemos lo que es. Sirve para ponerse en marcha, aunque luego la experiencia nos dir\u00e1 si est\u00e1bamos acertados\u201d.<\/p>\n<p><a href=\"https:\/\/www.nebrija.com\/medios\/actualidadnebrija\/wp-content\/uploads\/sites\/2\/2024\/12\/Perfilacion-criminal-Herramientas-y-tecnicas-en-la-investigacion-forense-Presentacion-del-libro-de-memorias-Vivir-en-el-asombro-3.jpg\"><img loading=\"lazy\" decoding=\"async\" class=\"aligncenter wp-image-95664 size-full\" src=\"https:\/\/www.nebrija.com\/medios\/actualidadnebrija\/wp-content\/uploads\/sites\/2\/2024\/12\/Perfilacion-criminal-Herramientas-y-tecnicas-en-la-investigacion-forense-Presentacion-del-libro-de-memorias-Vivir-en-el-asombro-3.jpg\" alt=\"Libro &#96;Vivir en el asombro\u00b4\" width=\"1100\" height=\"733\" \/><\/a><\/p>\n<p>Muchos temas se quedaron en el tintero y mucha tinta no corri\u00f3 por los temas tratados, pero para eso est\u00e1 el libro <em>Vivir en el asombro: memorias de un psic\u00f3logo criminalista<\/em>.<\/p>\n<p><em>Texto: Javier Picos. Fotos: Oliver Heras<\/em><\/p>\n","protected":false},"excerpt":{"rendered":"<p>En un coloquio con Nicol\u00e1s Marchal, presenta su libro de memorias `Vivir en el asombro\u00b4(editorial Tecnos).<\/p>\n","protected":false},"author":326,"featured_media":95663,"comment_status":"open","ping_status":"open","sticky":false,"template":"","format":"standard","meta":{"_acf_changed":false,"_monsterinsights_skip_tracking":false,"_monsterinsights_sitenote_active":false,"_monsterinsights_sitenote_note":"","_monsterinsights_sitenote_category":0,"footnotes":""},"categories":[5016],"tags":[5486,3124,6121,3651,3344,6122],"acf":[],"yoast_head":"<!-- This site is optimized with the Yoast SEO plugin v22.1 - https:\/\/yoast.com\/wordpress\/plugins\/seo\/ -->\n<title>Juan Enrique Soto, creador del m\u00e9todo VERA, defiende la relevancia de la psicolog\u00eda criminalista - Actualidad Nebrija<\/title>\n<meta name=\"description\" content=\"Juan Enrique Soto habla sobre el m\u00e9todo VERA y la explicaci\u00f3n de la investigaci\u00f3n psicol\u00f3gica de casos delictivos.\" \/>\n<meta name=\"robots\" content=\"index, follow, max-snippet:-1, max-image-preview:large, max-video-preview:-1\" \/>\n<link rel=\"canonical\" href=\"https:\/\/www.nebrija.com\/medios\/actualidadnebrija\/2024\/12\/12\/juan-enrique-soto-creador-del-metodo-vera-defiende-la-relevancia-de-la-psicologia-criminalista\/\" \/>\n<meta property=\"og:locale\" content=\"es_ES\" \/>\n<meta property=\"og:type\" content=\"article\" \/>\n<meta property=\"og:title\" content=\"Juan Enrique Soto, creador del m\u00e9todo VERA, defiende la relevancia de la psicolog\u00eda criminalista - Actualidad Nebrija\" \/>\n<meta property=\"og:description\" content=\"Juan Enrique Soto habla sobre el m\u00e9todo VERA y la explicaci\u00f3n de la investigaci\u00f3n psicol\u00f3gica de casos delictivos.\" \/>\n<meta property=\"og:url\" content=\"https:\/\/www.nebrija.com\/medios\/actualidadnebrija\/2024\/12\/12\/juan-enrique-soto-creador-del-metodo-vera-defiende-la-relevancia-de-la-psicologia-criminalista\/\" \/>\n<meta property=\"og:site_name\" content=\"Actualidad Nebrija\" \/>\n<meta property=\"article:published_time\" content=\"2024-12-12T15:56:52+00:00\" \/>\n<meta property=\"article:modified_time\" content=\"2024-12-12T16:00:15+00:00\" \/>\n<meta property=\"og:image\" content=\"https:\/\/www.nebrija.com\/medios\/actualidadnebrija\/wp-content\/uploads\/sites\/2\/2024\/12\/Perfilacion-criminal-Herramientas-y-tecnicas-en-la-investigacion-forense-Presentacion-del-libro-de-memorias-Vivir-en-el-asombro.jpg\" \/>\n\t<meta property=\"og:image:width\" content=\"1100\" \/>\n\t<meta property=\"og:image:height\" content=\"733\" \/>\n\t<meta property=\"og:image:type\" content=\"image\/jpeg\" \/>\n<meta name=\"author\" content=\"jpicos\" \/>\n<meta name=\"twitter:card\" content=\"summary_large_image\" \/>\n<meta name=\"twitter:label1\" content=\"Escrito por\" \/>\n\t<meta name=\"twitter:data1\" content=\"jpicos\" \/>\n\t<meta name=\"twitter:label2\" content=\"Tiempo de lectura\" \/>\n\t<meta name=\"twitter:data2\" content=\"7 minutos\" \/>\n<!-- \/ Yoast SEO plugin. -->","yoast_head_json":{"title":"Juan Enrique Soto, creador del m\u00e9todo VERA, defiende la relevancia de la psicolog\u00eda criminalista - Actualidad Nebrija","description":"Juan Enrique Soto habla sobre el m\u00e9todo VERA y la explicaci\u00f3n de la investigaci\u00f3n psicol\u00f3gica de casos delictivos.","robots":{"index":"index","follow":"follow","max-snippet":"max-snippet:-1","max-image-preview":"max-image-preview:large","max-video-preview":"max-video-preview:-1"},"canonical":"https:\/\/www.nebrija.com\/medios\/actualidadnebrija\/2024\/12\/12\/juan-enrique-soto-creador-del-metodo-vera-defiende-la-relevancia-de-la-psicologia-criminalista\/","og_locale":"es_ES","og_type":"article","og_title":"Juan Enrique Soto, creador del m\u00e9todo VERA, defiende la relevancia de la psicolog\u00eda criminalista - Actualidad Nebrija","og_description":"Juan Enrique Soto habla sobre el m\u00e9todo VERA y la explicaci\u00f3n de la investigaci\u00f3n psicol\u00f3gica de casos delictivos.","og_url":"https:\/\/www.nebrija.com\/medios\/actualidadnebrija\/2024\/12\/12\/juan-enrique-soto-creador-del-metodo-vera-defiende-la-relevancia-de-la-psicologia-criminalista\/","og_site_name":"Actualidad Nebrija","article_published_time":"2024-12-12T15:56:52+00:00","article_modified_time":"2024-12-12T16:00:15+00:00","og_image":[{"width":1100,"height":733,"url":"https:\/\/www.nebrija.com\/medios\/actualidadnebrija\/wp-content\/uploads\/sites\/2\/2024\/12\/Perfilacion-criminal-Herramientas-y-tecnicas-en-la-investigacion-forense-Presentacion-del-libro-de-memorias-Vivir-en-el-asombro.jpg","type":"image\/jpeg"}],"author":"jpicos","twitter_card":"summary_large_image","twitter_misc":{"Escrito por":"jpicos","Tiempo de lectura":"7 minutos"},"schema":{"@context":"https:\/\/schema.org","@graph":[{"@type":"WebPage","@id":"https:\/\/www.nebrija.com\/medios\/actualidadnebrija\/2024\/12\/12\/juan-enrique-soto-creador-del-metodo-vera-defiende-la-relevancia-de-la-psicologia-criminalista\/","url":"https:\/\/www.nebrija.com\/medios\/actualidadnebrija\/2024\/12\/12\/juan-enrique-soto-creador-del-metodo-vera-defiende-la-relevancia-de-la-psicologia-criminalista\/","name":"Juan Enrique Soto, creador del m\u00e9todo VERA, defiende la relevancia de la psicolog\u00eda criminalista - Actualidad Nebrija","isPartOf":{"@id":"https:\/\/www.nebrija.com\/medios\/actualidadnebrija\/#website"},"datePublished":"2024-12-12T15:56:52+00:00","dateModified":"2024-12-12T16:00:15+00:00","author":{"@id":"https:\/\/www.nebrija.com\/medios\/actualidadnebrija\/#\/schema\/person\/0cd40b7dd3f54459e2cfc009dbd255c6"},"description":"Juan Enrique Soto habla sobre el m\u00e9todo VERA y la explicaci\u00f3n de la investigaci\u00f3n psicol\u00f3gica de casos delictivos.","breadcrumb":{"@id":"https:\/\/www.nebrija.com\/medios\/actualidadnebrija\/2024\/12\/12\/juan-enrique-soto-creador-del-metodo-vera-defiende-la-relevancia-de-la-psicologia-criminalista\/#breadcrumb"},"inLanguage":"es","potentialAction":[{"@type":"ReadAction","target":["https:\/\/www.nebrija.com\/medios\/actualidadnebrija\/2024\/12\/12\/juan-enrique-soto-creador-del-metodo-vera-defiende-la-relevancia-de-la-psicologia-criminalista\/"]}]},{"@type":"BreadcrumbList","@id":"https:\/\/www.nebrija.com\/medios\/actualidadnebrija\/2024\/12\/12\/juan-enrique-soto-creador-del-metodo-vera-defiende-la-relevancia-de-la-psicologia-criminalista\/#breadcrumb","itemListElement":[{"@type":"ListItem","position":1,"name":"Home","item":"https:\/\/www.nebrija.com\/medios\/actualidadnebrija\/"},{"@type":"ListItem","position":2,"name":"Juan Enrique Soto, creador del m\u00e9todo VERA, defiende la relevancia de la psicolog\u00eda criminalista"}]},{"@type":"WebSite","@id":"https:\/\/www.nebrija.com\/medios\/actualidadnebrija\/#website","url":"https:\/\/www.nebrija.com\/medios\/actualidadnebrija\/","name":"Actualidad Nebrija","description":"Noticias de la Universidad Nebrija","potentialAction":[{"@type":"SearchAction","target":{"@type":"EntryPoint","urlTemplate":"https:\/\/www.nebrija.com\/medios\/actualidadnebrija\/?s={search_term_string}"},"query-input":"required name=search_term_string"}],"inLanguage":"es"},{"@type":"Person","@id":"https:\/\/www.nebrija.com\/medios\/actualidadnebrija\/#\/schema\/person\/0cd40b7dd3f54459e2cfc009dbd255c6","name":"jpicos","image":{"@type":"ImageObject","inLanguage":"es","@id":"https:\/\/www.nebrija.com\/medios\/actualidadnebrija\/#\/schema\/person\/image\/","url":"https:\/\/secure.gravatar.com\/avatar\/c4a1005cff3fd9bb5185e9671f4f3e9b?s=96&d=mm&r=g","contentUrl":"https:\/\/secure.gravatar.com\/avatar\/c4a1005cff3fd9bb5185e9671f4f3e9b?s=96&d=mm&r=g","caption":"jpicos"},"url":"https:\/\/www.nebrija.com\/medios\/actualidadnebrija\/author\/jpicos\/"}]}},"_links":{"self":[{"href":"https:\/\/www.nebrija.com\/medios\/actualidadnebrija\/wp-json\/wp\/v2\/posts\/95662"}],"collection":[{"href":"https:\/\/www.nebrija.com\/medios\/actualidadnebrija\/wp-json\/wp\/v2\/posts"}],"about":[{"href":"https:\/\/www.nebrija.com\/medios\/actualidadnebrija\/wp-json\/wp\/v2\/types\/post"}],"author":[{"embeddable":true,"href":"https:\/\/www.nebrija.com\/medios\/actualidadnebrija\/wp-json\/wp\/v2\/users\/326"}],"replies":[{"embeddable":true,"href":"https:\/\/www.nebrija.com\/medios\/actualidadnebrija\/wp-json\/wp\/v2\/comments?post=95662"}],"version-history":[{"count":3,"href":"https:\/\/www.nebrija.com\/medios\/actualidadnebrija\/wp-json\/wp\/v2\/posts\/95662\/revisions"}],"predecessor-version":[{"id":95670,"href":"https:\/\/www.nebrija.com\/medios\/actualidadnebrija\/wp-json\/wp\/v2\/posts\/95662\/revisions\/95670"}],"wp:featuredmedia":[{"embeddable":true,"href":"https:\/\/www.nebrija.com\/medios\/actualidadnebrija\/wp-json\/wp\/v2\/media\/95663"}],"wp:attachment":[{"href":"https:\/\/www.nebrija.com\/medios\/actualidadnebrija\/wp-json\/wp\/v2\/media?parent=95662"}],"wp:term":[{"taxonomy":"category","embeddable":true,"href":"https:\/\/www.nebrija.com\/medios\/actualidadnebrija\/wp-json\/wp\/v2\/categories?post=95662"},{"taxonomy":"post_tag","embeddable":true,"href":"https:\/\/www.nebrija.com\/medios\/actualidadnebrija\/wp-json\/wp\/v2\/tags?post=95662"}],"curies":[{"name":"wp","href":"https:\/\/api.w.org\/{rel}","templated":true}]}}