{"id":96289,"date":"2025-02-14T08:10:26","date_gmt":"2025-02-14T07:10:26","guid":{"rendered":"https:\/\/www.nebrija.com\/medios\/actualidadnebrija\/?p=96289"},"modified":"2025-02-14T08:22:40","modified_gmt":"2025-02-14T07:22:40","slug":"la-jornada-de-materiales-muestra-a-la-sociedad-los-usos-y-avances-de-un-campo-pujante","status":"publish","type":"post","link":"https:\/\/www.nebrija.com\/medios\/actualidadnebrija\/2025\/02\/14\/la-jornada-de-materiales-muestra-a-la-sociedad-los-usos-y-avances-de-un-campo-pujante\/","title":{"rendered":"La Jornada de Materiales muestra a la sociedad los usos y avances de un campo pujante"},"content":{"rendered":"<p>El grupo <a href=\"https:\/\/www.nebrija.com\/investigacion-universidad\/grupos\/grupo-materiales.php\">MOD3RN<\/a> (Grupo de Investigaci\u00f3n Nebrija en Materiales y Fabricaci\u00f3n Avanzada, en colaboraci\u00f3n con <a href=\"https:\/\/sociemat.es\/\">SOCIEMAT<\/a> (Sociedad Espa\u00f1ola de Materiales) y <a href=\"https:\/\/materland.sociemat.es\/\">Materland<\/a>, organiz\u00f3 en la Polit\u00e9cnica Nebrija una nueva edici\u00f3n de la Jornada de Materiales con un plantel de lujo.<\/p>\n<p>De acuerdo con Ar\u00e1nzazu Garitagoitia, directora del grado en <a href=\"https:\/\/www.nebrija.com\/carreras-universitarias\/grado-ingenieria-organizacion-industrial\/\">Ingenier\u00eda Log\u00edstica y Organizaci\u00f3n Industrial<\/a> de la Universidad Nebrija, coordinadora del \u00c1rea de Materiales de la Polit\u00e9cnica Nebrija e investigadora del grupo MOD3RN, la Jornada cumpli\u00f3 con su objetivo principal: \u201ctransmitir al p\u00fablico la importancia de los materiales en nuestra vida diaria y mostrar, desde un punto de vista multidisciplinar, destacadas investigaciones en el campo de la Ciencia e Ingenier\u00eda de Materiales\u201d.<\/p>\n<p>La Ciencia e Ingenier\u00eda de Materiales est\u00e1 cobrando cada vez un mayor peso en el dise\u00f1o de las estrategias econ\u00f3micas e industriales. Esta disciplina conforma la combinaci\u00f3n del conocimiento profundo de las propiedades de los materiales y su comportamiento f\u00edsico-qu\u00edmico, as\u00ed como de su microestructura, junto con la optimizaci\u00f3n de sus procesos de conformado y el dise\u00f1o de nuevos materiales.<\/p>\n<h3><strong>Estudio para responder a los desaf\u00edos<\/strong><\/h3>\n<p>\u201cAnte los retos cient\u00edficos, ingenieriles y sociales de hoy en d\u00eda, como el avance imparable de la inteligencia artificial o la necesidad de fuentes de energ\u00eda cero emisiones, es esencial hacer llegar al p\u00fablico universitario y general la relevancia del estudio de los materiales en toda su complejidad para dar respuesta a estos desaf\u00edos actuales\u201d, se\u00f1al\u00f3 Ar\u00e1nzazu Garitagoitia.<\/p>\n<p>La arquitecta Mar\u00eda L\u00f3pez \u00c1lvarez y el ingeniero de Minas Luis Peir\u00f3 Hergueta abrieron el encuentro con un curso-ponencia sobre <a href=\"https:\/\/www.cedinox.es\/es\/\">Cedinox<\/a>, el principal centro para la promoci\u00f3n y el servicio t\u00e9cnico del acero inoxidable dentro del mercado espa\u00f1ol.<\/p>\n<p>La sesi\u00f3n tambi\u00e9n cont\u00f3 con las lecciones de Rafael Barea, investigador principal de MOD3RN; Meng, Zhihui, doctoranda de este grupo de investigaci\u00f3n de la Universidad Nebrija y experta en fabricaci\u00f3n avanzada; y Omar D\u00edaz Luque, profesor de asignaturas de materiales en la Polit\u00e9cnica Nebrija. Las aplicaciones industriales y las nuevas aleaciones del magnesio en la ingenier\u00eda, la introducci\u00f3n a la fabricaci\u00f3n aditiva de metales, y la relaci\u00f3n con el magnetismo del \u00f3xido de manganeso con estructura perovskita conformaron los temas de sus exposiciones.<\/p>\n","protected":false},"excerpt":{"rendered":"<p>El grupo MOD3RN, en colaboraci\u00f3n con SOCIEMAT y Materland, integran en el programa cuatro conferencias de alta calidad acad\u00e9mica.<\/p>\n","protected":false},"author":326,"featured_media":96297,"comment_status":"open","ping_status":"open","sticky":false,"template":"","format":"standard","meta":{"_acf_changed":false,"_monsterinsights_skip_tracking":false,"_monsterinsights_sitenote_active":false,"_monsterinsights_sitenote_note":"","_monsterinsights_sitenote_category":0,"footnotes":""},"categories":[3,3053],"tags":[],"acf":[],"yoast_head":"<!-- This site is optimized with the Yoast SEO plugin v22.1 - https:\/\/yoast.com\/wordpress\/plugins\/seo\/ -->\n<title>La Jornada de Materiales muestra a la sociedad los usos y avances de un campo pujante - Actualidad Nebrija<\/title>\n<meta name=\"description\" content=\"El grupo de investigaci\u00f3n MOD3RN, en colaboraci\u00f3n con SOCIEMAT y Materland, organiza su tradicional Jornada de Materiales.\" \/>\n<meta name=\"robots\" content=\"index, follow, max-snippet:-1, max-image-preview:large, max-video-preview:-1\" \/>\n<link rel=\"canonical\" href=\"https:\/\/www.nebrija.com\/medios\/actualidadnebrija\/2025\/02\/14\/la-jornada-de-materiales-muestra-a-la-sociedad-los-usos-y-avances-de-un-campo-pujante\/\" \/>\n<meta property=\"og:locale\" content=\"es_ES\" \/>\n<meta property=\"og:type\" content=\"article\" \/>\n<meta property=\"og:title\" content=\"La Jornada de Materiales muestra a la sociedad los usos y avances de un campo pujante - Actualidad Nebrija\" \/>\n<meta property=\"og:description\" content=\"El grupo de investigaci\u00f3n MOD3RN, en colaboraci\u00f3n con SOCIEMAT y Materland, organiza su tradicional Jornada de Materiales.\" \/>\n<meta property=\"og:url\" content=\"https:\/\/www.nebrija.com\/medios\/actualidadnebrija\/2025\/02\/14\/la-jornada-de-materiales-muestra-a-la-sociedad-los-usos-y-avances-de-un-campo-pujante\/\" \/>\n<meta property=\"og:site_name\" content=\"Actualidad Nebrija\" \/>\n<meta property=\"article:published_time\" content=\"2025-02-14T07:10:26+00:00\" \/>\n<meta property=\"article:modified_time\" content=\"2025-02-14T07:22:40+00:00\" \/>\n<meta property=\"og:image\" content=\"https:\/\/www.nebrija.com\/medios\/actualidadnebrija\/wp-content\/uploads\/sites\/2\/2025\/02\/materiales.jpg\" \/>\n\t<meta property=\"og:image:width\" content=\"1100\" \/>\n\t<meta property=\"og:image:height\" content=\"734\" \/>\n\t<meta property=\"og:image:type\" content=\"image\/jpeg\" \/>\n<meta name=\"author\" content=\"jpicos\" \/>\n<meta name=\"twitter:card\" content=\"summary_large_image\" \/>\n<meta name=\"twitter:label1\" content=\"Escrito por\" \/>\n\t<meta name=\"twitter:data1\" content=\"jpicos\" \/>\n\t<meta name=\"twitter:label2\" content=\"Tiempo de lectura\" \/>\n\t<meta name=\"twitter:data2\" content=\"2 minutos\" \/>\n<!-- \/ Yoast SEO plugin. -->","yoast_head_json":{"title":"La Jornada de Materiales muestra a la sociedad los usos y avances de un campo pujante - Actualidad Nebrija","description":"El grupo de investigaci\u00f3n MOD3RN, en colaboraci\u00f3n con SOCIEMAT y Materland, organiza su tradicional Jornada de Materiales.","robots":{"index":"index","follow":"follow","max-snippet":"max-snippet:-1","max-image-preview":"max-image-preview:large","max-video-preview":"max-video-preview:-1"},"canonical":"https:\/\/www.nebrija.com\/medios\/actualidadnebrija\/2025\/02\/14\/la-jornada-de-materiales-muestra-a-la-sociedad-los-usos-y-avances-de-un-campo-pujante\/","og_locale":"es_ES","og_type":"article","og_title":"La Jornada de Materiales muestra a la sociedad los usos y avances de un campo pujante - Actualidad Nebrija","og_description":"El grupo de investigaci\u00f3n MOD3RN, en colaboraci\u00f3n con SOCIEMAT y Materland, organiza su tradicional Jornada de Materiales.","og_url":"https:\/\/www.nebrija.com\/medios\/actualidadnebrija\/2025\/02\/14\/la-jornada-de-materiales-muestra-a-la-sociedad-los-usos-y-avances-de-un-campo-pujante\/","og_site_name":"Actualidad Nebrija","article_published_time":"2025-02-14T07:10:26+00:00","article_modified_time":"2025-02-14T07:22:40+00:00","og_image":[{"width":1100,"height":734,"url":"https:\/\/www.nebrija.com\/medios\/actualidadnebrija\/wp-content\/uploads\/sites\/2\/2025\/02\/materiales.jpg","type":"image\/jpeg"}],"author":"jpicos","twitter_card":"summary_large_image","twitter_misc":{"Escrito por":"jpicos","Tiempo de lectura":"2 minutos"},"schema":{"@context":"https:\/\/schema.org","@graph":[{"@type":"WebPage","@id":"https:\/\/www.nebrija.com\/medios\/actualidadnebrija\/2025\/02\/14\/la-jornada-de-materiales-muestra-a-la-sociedad-los-usos-y-avances-de-un-campo-pujante\/","url":"https:\/\/www.nebrija.com\/medios\/actualidadnebrija\/2025\/02\/14\/la-jornada-de-materiales-muestra-a-la-sociedad-los-usos-y-avances-de-un-campo-pujante\/","name":"La Jornada de Materiales muestra a la sociedad los usos y avances de un campo pujante - Actualidad Nebrija","isPartOf":{"@id":"https:\/\/www.nebrija.com\/medios\/actualidadnebrija\/#website"},"datePublished":"2025-02-14T07:10:26+00:00","dateModified":"2025-02-14T07:22:40+00:00","author":{"@id":"https:\/\/www.nebrija.com\/medios\/actualidadnebrija\/#\/schema\/person\/0cd40b7dd3f54459e2cfc009dbd255c6"},"description":"El grupo de investigaci\u00f3n MOD3RN, en colaboraci\u00f3n con SOCIEMAT y Materland, organiza su tradicional Jornada de Materiales.","breadcrumb":{"@id":"https:\/\/www.nebrija.com\/medios\/actualidadnebrija\/2025\/02\/14\/la-jornada-de-materiales-muestra-a-la-sociedad-los-usos-y-avances-de-un-campo-pujante\/#breadcrumb"},"inLanguage":"es","potentialAction":[{"@type":"ReadAction","target":["https:\/\/www.nebrija.com\/medios\/actualidadnebrija\/2025\/02\/14\/la-jornada-de-materiales-muestra-a-la-sociedad-los-usos-y-avances-de-un-campo-pujante\/"]}]},{"@type":"BreadcrumbList","@id":"https:\/\/www.nebrija.com\/medios\/actualidadnebrija\/2025\/02\/14\/la-jornada-de-materiales-muestra-a-la-sociedad-los-usos-y-avances-de-un-campo-pujante\/#breadcrumb","itemListElement":[{"@type":"ListItem","position":1,"name":"Home","item":"https:\/\/www.nebrija.com\/medios\/actualidadnebrija\/"},{"@type":"ListItem","position":2,"name":"La Jornada de Materiales muestra a la sociedad los usos y avances de un campo pujante"}]},{"@type":"WebSite","@id":"https:\/\/www.nebrija.com\/medios\/actualidadnebrija\/#website","url":"https:\/\/www.nebrija.com\/medios\/actualidadnebrija\/","name":"Actualidad Nebrija","description":"Noticias de la Universidad Nebrija","potentialAction":[{"@type":"SearchAction","target":{"@type":"EntryPoint","urlTemplate":"https:\/\/www.nebrija.com\/medios\/actualidadnebrija\/?s={search_term_string}"},"query-input":"required name=search_term_string"}],"inLanguage":"es"},{"@type":"Person","@id":"https:\/\/www.nebrija.com\/medios\/actualidadnebrija\/#\/schema\/person\/0cd40b7dd3f54459e2cfc009dbd255c6","name":"jpicos","image":{"@type":"ImageObject","inLanguage":"es","@id":"https:\/\/www.nebrija.com\/medios\/actualidadnebrija\/#\/schema\/person\/image\/","url":"https:\/\/secure.gravatar.com\/avatar\/c4a1005cff3fd9bb5185e9671f4f3e9b?s=96&d=mm&r=g","contentUrl":"https:\/\/secure.gravatar.com\/avatar\/c4a1005cff3fd9bb5185e9671f4f3e9b?s=96&d=mm&r=g","caption":"jpicos"},"url":"https:\/\/www.nebrija.com\/medios\/actualidadnebrija\/author\/jpicos\/"}]}},"_links":{"self":[{"href":"https:\/\/www.nebrija.com\/medios\/actualidadnebrija\/wp-json\/wp\/v2\/posts\/96289"}],"collection":[{"href":"https:\/\/www.nebrija.com\/medios\/actualidadnebrija\/wp-json\/wp\/v2\/posts"}],"about":[{"href":"https:\/\/www.nebrija.com\/medios\/actualidadnebrija\/wp-json\/wp\/v2\/types\/post"}],"author":[{"embeddable":true,"href":"https:\/\/www.nebrija.com\/medios\/actualidadnebrija\/wp-json\/wp\/v2\/users\/326"}],"replies":[{"embeddable":true,"href":"https:\/\/www.nebrija.com\/medios\/actualidadnebrija\/wp-json\/wp\/v2\/comments?post=96289"}],"version-history":[{"count":1,"href":"https:\/\/www.nebrija.com\/medios\/actualidadnebrija\/wp-json\/wp\/v2\/posts\/96289\/revisions"}],"predecessor-version":[{"id":96290,"href":"https:\/\/www.nebrija.com\/medios\/actualidadnebrija\/wp-json\/wp\/v2\/posts\/96289\/revisions\/96290"}],"wp:featuredmedia":[{"embeddable":true,"href":"https:\/\/www.nebrija.com\/medios\/actualidadnebrija\/wp-json\/wp\/v2\/media\/96297"}],"wp:attachment":[{"href":"https:\/\/www.nebrija.com\/medios\/actualidadnebrija\/wp-json\/wp\/v2\/media?parent=96289"}],"wp:term":[{"taxonomy":"category","embeddable":true,"href":"https:\/\/www.nebrija.com\/medios\/actualidadnebrija\/wp-json\/wp\/v2\/categories?post=96289"},{"taxonomy":"post_tag","embeddable":true,"href":"https:\/\/www.nebrija.com\/medios\/actualidadnebrija\/wp-json\/wp\/v2\/tags?post=96289"}],"curies":[{"name":"wp","href":"https:\/\/api.w.org\/{rel}","templated":true}]}}