{"id":96501,"date":"2025-03-05T16:47:07","date_gmt":"2025-03-05T15:47:07","guid":{"rendered":"https:\/\/www.nebrija.com\/medios\/actualidadnebrija\/?p=96501"},"modified":"2025-03-05T16:48:08","modified_gmt":"2025-03-05T15:48:08","slug":"los-alumnos-de-bellas-artes-provocan-una-avalancha-en-art-madrid-e-incluso-doman-un-oso","status":"publish","type":"post","link":"https:\/\/www.nebrija.com\/medios\/actualidadnebrija\/2025\/03\/05\/los-alumnos-de-bellas-artes-provocan-una-avalancha-en-art-madrid-e-incluso-doman-un-oso\/","title":{"rendered":"Veinte alumnos de Bellas Artes provocan una avalancha en Art Madrid (e incluso doman un oso)"},"content":{"rendered":"<p>La vig\u00e9sima edici\u00f3n de <a href=\"https:\/\/www.art-madrid.com\/\">Art Madrid<\/a>, la feria de arte contempor\u00e1neo que se celebra hasta el 9 de marzo en la Galer\u00eda de Cristal del Palacio de Cibeles, sufre el empuje del talento emergente de los alumnos de <a href=\"https:\/\/www.nebrija.com\/carreras-universitarias\/grado-en-bellas-artes\/\">Bellas Artes<\/a> de la Universidad Nebrija. La vitalidad y la imaginaci\u00f3n de los j\u00f3venes artistas han creado cuatro peque\u00f1os proyectos \u2013 <em>Avalancha, Constelar<\/em>, <em>Mar(ejada) Madrid<\/em> y <em>Un Oso llamado Tergiverso<\/em> \u2013 para encarnar su idea de territorio y ciudad.<\/p>\n<p>Sin dejar de lado las emociones ni la apuesta por lo simb\u00f3lico, la tribu del profesor Luis G\u00e1rciga han tomado al asalto el espacio Open Booth, que Art Madrid en su segunda edici\u00f3n ha cedido a la Universidad Nebrija. <em>Bajotierras\/Sobrenubes. (DEL OSO, UN PELO)<\/em>, esta creaci\u00f3n colectiva, ocupa veintid\u00f3s metros cuadrados \u201ccon objetos modelados por el paso del tiempo, con l\u00e1mparas flotantes que evocan la memoria y las aspiraciones, con una orilla conceptual pensada para la contemplaci\u00f3n y el di\u00e1logo; y con Un Oso Llamado Tergiverso, que reinventa la ciudad como un organismo en constante cambio\u201d.<\/p>\n<p><a href=\"https:\/\/www.nebrija.com\/medios\/actualidadnebrija\/wp-content\/uploads\/sites\/2\/2025\/03\/Openbooth-Nebrija-1.jpg\"><img loading=\"lazy\" decoding=\"async\" class=\"aligncenter size-full wp-image-96502\" src=\"https:\/\/www.nebrija.com\/medios\/actualidadnebrija\/wp-content\/uploads\/sites\/2\/2025\/03\/Openbooth-Nebrija-1.jpg\" alt=\"\" width=\"1100\" height=\"734\" \/><\/a><\/p>\n<p>Con el apoyo de <a href=\"https:\/\/www.liquitex.com\/?srsltid=AfmBOopVGfVocvCf1u01MDMhYHikwYN9_3uu6FqNt5mlOXRYfVW0_39c\">Liquitex<\/a>, Open Booth no solo es un lugar est\u00e1tico que atrapa miradas de los visitantes, sino que representa un acicate para que los artistas en ciernes \u201ccapten ideas y mantengan encuentros\u201d con personas consagradas y galer\u00edas audaces. As\u00ed lo expresa Pablo \u00c1lvarez de Toledo, director del Departamento de Artes de Nebrija, en el sencillo acto de inauguraci\u00f3n. Marta Saavedra, vicedecana de la Facultad de Comunicaci\u00f3n y Artes, corrobora este aspecto con esta apuesta por la colaboraci\u00f3n entre la academia y la empresa y con la constataci\u00f3n del \u201corgullo\u201d que sienten los profesores por estos audaces pupilos.<\/p>\n<p><a href=\"https:\/\/www.nebrija.com\/medios\/actualidadnebrija\/wp-content\/uploads\/sites\/2\/2025\/03\/Openbooth-Nebrija-4.jpg\"><img loading=\"lazy\" decoding=\"async\" class=\"aligncenter size-full wp-image-96504\" src=\"https:\/\/www.nebrija.com\/medios\/actualidadnebrija\/wp-content\/uploads\/sites\/2\/2025\/03\/Openbooth-Nebrija-4.jpg\" alt=\"\" width=\"1100\" height=\"734\" \/><\/a><\/p>\n<h3><strong>Feliz, gratificante y necesaria<\/strong><\/h3>\n<p>En la ronda r\u00e1pida de palabras, entre el di\u00e1logo entre las obras y los amantes del arte, Yudinela Ortega, directora art\u00edstica de Art Madrid, exterioriza su \u201cfelicidad\u201d por dar cabida en esta edici\u00f3n al talento joven, una iniciativa \u201cnecesaria y gratificante\u201d.<\/p>\n<p>Luis G\u00e1rciga, profesor y comisario de este <a href=\"https:\/\/www.art-madrid.com\/es\/post\/open-booth-por-universidad-nebrija-art-madrid25\">Open Booth X Universidad Nebrija<\/a>, recuerda c\u00f3mo un proyecto peque\u00f1o que naci\u00f3 en las aulas es capaz de llamar la atenci\u00f3n en una feria tan relevante. \u201cGracias a las personas que desde el suelo hasta el cielo han levantado este proyecto, gracias a la pasi\u00f3n de los estudiantes. Es muy valioso disponer de este tiempo y lugar, pero hay que seguir creciendo hacia todas las dimensiones\u201d, apunta.<\/p>\n<p><a href=\"https:\/\/www.nebrija.com\/medios\/actualidadnebrija\/wp-content\/uploads\/sites\/2\/2025\/03\/Openbooth-Nebrija-3.jpg\"><img loading=\"lazy\" decoding=\"async\" class=\"aligncenter size-full wp-image-96503\" src=\"https:\/\/www.nebrija.com\/medios\/actualidadnebrija\/wp-content\/uploads\/sites\/2\/2025\/03\/Openbooth-Nebrija-3.jpg\" alt=\"\" width=\"1100\" height=\"734\" \/><\/a><\/p>\n<p>Definido el trabajo colectivo como \u201cefervescente, \u201ccasi un Alka Seltzer\u201d, G\u00e1rciga mira a Lorena Palomino, directora del grado en Bellas Artes, y suelta, c\u00f3mplice: \u201cEn esta profesi\u00f3n siempre hay que estar dispuestos a pasarnos. Es un lujazo participar, colaborar, amplificar e hilvanar esta cauterizaci\u00f3n. Ha sido un placer\u201d.<\/p>\n<p>Esta ilusi\u00f3n y esta frescura impulsan a los alumnos a defender su obra y perderse por las galer\u00edas de Art Madrid. Blanca Lanaspa, en representaci\u00f3n del grupo de veinte artistas j\u00f3venes, le da la raz\u00f3n: \u201cAgradecemos la oportunidad de venir a la feria, instalar nuestra obra y ver los entresijos de la feria\u201d.<\/p>\n<h3><strong>Los veinte implicados<\/strong><\/h3>\n<p>Tenemos la avalancha, el oso domado, materiales como cables y tierra de los pueblos aragoneses de Aguar\u00f3n y Lechago. Solo queda ya recorrer el camino de ideas para hacer m\u00e1s humano el territorio (el arte puede proponer aparte de remover).<\/p>\n<p>Aqu\u00ed est\u00e1 la lista de estos veinte peregrinos: Blanca Lanaspa, H\u00e9ctor Mendoza, Diana D\u00edaz, Ainara Asensio, Rita Gentile, Ximena Couttolenc, Laura Nogales, Michelle Camhi, Luc\u00eda Pati\u00f1o, Andrea Bornstein, Andrea Manj\u00f3n, Alis Qiu, Carlota Arias, Mar\u00eda L\u00f3pez, Jaime Mu\u00f1oz, Marialex Arcaya, Melina Fern\u00e1ndez, M\u00f3nica Escart\u00edn, In\u00e9s Rebeca Rodr\u00edguez y Nerea Romero.<\/p>\n<p><a href=\"https:\/\/www.nebrija.com\/medios\/actualidadnebrija\/wp-content\/uploads\/sites\/2\/2025\/03\/Openbooth-Nebrija-8.jpg\"><img loading=\"lazy\" decoding=\"async\" class=\"aligncenter size-full wp-image-96508\" src=\"https:\/\/www.nebrija.com\/medios\/actualidadnebrija\/wp-content\/uploads\/sites\/2\/2025\/03\/Openbooth-Nebrija-8.jpg\" alt=\"\" width=\"1100\" height=\"734\" \/><\/a><\/p>\n<p>Por cierto, adem\u00e1s de admirar las obras en su doble sentido f\u00edsico y \u00e9tico, es muy recomendable detenerse ante los textos que las acompa\u00f1an. En uno de ellos se puede leer lo que puede ser el mejor resumen de lo que los alumnos de Nebrija quieren expandir acompa\u00f1ando a las avalanchas, osos, pelos, tierras, nubes y dem\u00e1s conceptos que se esconden en el t\u00edtulo. Aqu\u00ed va: \u201c\u00bfQu\u00e9 pasar\u00eda si pudi\u00e9ramos ver los rastros emocionales que cada persona deja en la ciudad, si cada calle, cada esquina, pudiera revelar las memorias felices de quienes la recorren?\u201d.<\/p>\n<p><em>Texto: Javier Picos. Fotos: Zaida del R\u00edo.<\/em><\/p>\n\n\t\t<style type=\"text\/css\">\n\t\t\t#gallery-1 {\n\t\t\t\tmargin: auto;\n\t\t\t}\n\t\t\t#gallery-1 .gallery-item {\n\t\t\t\tfloat: left;\n\t\t\t\tmargin-top: 10px;\n\t\t\t\ttext-align: center;\n\t\t\t\twidth: 25%;\n\t\t\t}\n\t\t\t#gallery-1 img {\n\t\t\t\tborder: 2px solid #cfcfcf;\n\t\t\t}\n\t\t\t#gallery-1 .gallery-caption {\n\t\t\t\tmargin-left: 0;\n\t\t\t}\n\t\t\t\/* see gallery_shortcode() in wp-includes\/media.php *\/\n\t\t<\/style>\n\t\t<div id='gallery-1' class='gallery galleryid-96501 gallery-columns-4 gallery-size-thumbnail'><dl class='gallery-item'>\n\t\t\t<dt class='gallery-icon portrait'>\n\t\t\t\t<a href='https:\/\/www.nebrija.com\/medios\/actualidadnebrija\/wp-content\/uploads\/sites\/2\/2025\/03\/Openbooth-Nebrija-16.jpg'><img loading=\"lazy\" decoding=\"async\" width=\"100\" height=\"150\" src=\"https:\/\/www.nebrija.com\/medios\/actualidadnebrija\/wp-content\/uploads\/sites\/2\/2025\/03\/Openbooth-Nebrija-16-100x150.jpg\" class=\"attachment-thumbnail size-thumbnail\" alt=\"\" \/><\/a>\n\t\t\t<\/dt><\/dl><dl class='gallery-item'>\n\t\t\t<dt class='gallery-icon landscape'>\n\t\t\t\t<a href='https:\/\/www.nebrija.com\/medios\/actualidadnebrija\/wp-content\/uploads\/sites\/2\/2025\/03\/Openbooth-Nebrija-15.jpg'><img loading=\"lazy\" decoding=\"async\" width=\"150\" height=\"100\" src=\"https:\/\/www.nebrija.com\/medios\/actualidadnebrija\/wp-content\/uploads\/sites\/2\/2025\/03\/Openbooth-Nebrija-15-150x100.jpg\" class=\"attachment-thumbnail size-thumbnail\" alt=\"\" \/><\/a>\n\t\t\t<\/dt><\/dl><dl class='gallery-item'>\n\t\t\t<dt class='gallery-icon landscape'>\n\t\t\t\t<a href='https:\/\/www.nebrija.com\/medios\/actualidadnebrija\/wp-content\/uploads\/sites\/2\/2025\/03\/Openbooth-Nebrija-14.jpg'><img loading=\"lazy\" decoding=\"async\" width=\"150\" height=\"100\" src=\"https:\/\/www.nebrija.com\/medios\/actualidadnebrija\/wp-content\/uploads\/sites\/2\/2025\/03\/Openbooth-Nebrija-14-150x100.jpg\" class=\"attachment-thumbnail size-thumbnail\" alt=\"\" \/><\/a>\n\t\t\t<\/dt><\/dl><dl class='gallery-item'>\n\t\t\t<dt class='gallery-icon landscape'>\n\t\t\t\t<a href='https:\/\/www.nebrija.com\/medios\/actualidadnebrija\/wp-content\/uploads\/sites\/2\/2025\/03\/Openbooth-Nebrija-13.jpg'><img loading=\"lazy\" decoding=\"async\" width=\"150\" height=\"100\" src=\"https:\/\/www.nebrija.com\/medios\/actualidadnebrija\/wp-content\/uploads\/sites\/2\/2025\/03\/Openbooth-Nebrija-13-150x100.jpg\" class=\"attachment-thumbnail size-thumbnail\" alt=\"\" \/><\/a>\n\t\t\t<\/dt><\/dl><br style=\"clear: both\" \/><dl class='gallery-item'>\n\t\t\t<dt class='gallery-icon landscape'>\n\t\t\t\t<a href='https:\/\/www.nebrija.com\/medios\/actualidadnebrija\/wp-content\/uploads\/sites\/2\/2025\/03\/Openbooth-Nebrija-12.jpg'><img loading=\"lazy\" decoding=\"async\" width=\"150\" height=\"100\" src=\"https:\/\/www.nebrija.com\/medios\/actualidadnebrija\/wp-content\/uploads\/sites\/2\/2025\/03\/Openbooth-Nebrija-12-150x100.jpg\" class=\"attachment-thumbnail size-thumbnail\" alt=\"\" \/><\/a>\n\t\t\t<\/dt><\/dl><dl class='gallery-item'>\n\t\t\t<dt class='gallery-icon portrait'>\n\t\t\t\t<a href='https:\/\/www.nebrija.com\/medios\/actualidadnebrija\/wp-content\/uploads\/sites\/2\/2025\/03\/Openbooth-Nebrija-11.jpg'><img loading=\"lazy\" decoding=\"async\" width=\"97\" height=\"150\" src=\"https:\/\/www.nebrija.com\/medios\/actualidadnebrija\/wp-content\/uploads\/sites\/2\/2025\/03\/Openbooth-Nebrija-11-97x150.jpg\" class=\"attachment-thumbnail size-thumbnail\" alt=\"\" \/><\/a>\n\t\t\t<\/dt><\/dl><dl class='gallery-item'>\n\t\t\t<dt class='gallery-icon portrait'>\n\t\t\t\t<a href='https:\/\/www.nebrija.com\/medios\/actualidadnebrija\/wp-content\/uploads\/sites\/2\/2025\/03\/Openbooth-Nebrija-10.jpg'><img loading=\"lazy\" decoding=\"async\" width=\"100\" height=\"150\" src=\"https:\/\/www.nebrija.com\/medios\/actualidadnebrija\/wp-content\/uploads\/sites\/2\/2025\/03\/Openbooth-Nebrija-10-100x150.jpg\" class=\"attachment-thumbnail size-thumbnail\" alt=\"\" \/><\/a>\n\t\t\t<\/dt><\/dl><dl class='gallery-item'>\n\t\t\t<dt class='gallery-icon landscape'>\n\t\t\t\t<a href='https:\/\/www.nebrija.com\/medios\/actualidadnebrija\/wp-content\/uploads\/sites\/2\/2025\/03\/Openbooth-Nebrija-9.jpg'><img loading=\"lazy\" decoding=\"async\" width=\"150\" height=\"100\" src=\"https:\/\/www.nebrija.com\/medios\/actualidadnebrija\/wp-content\/uploads\/sites\/2\/2025\/03\/Openbooth-Nebrija-9-150x100.jpg\" class=\"attachment-thumbnail size-thumbnail\" alt=\"\" \/><\/a>\n\t\t\t<\/dt><\/dl><br style=\"clear: both\" \/><dl class='gallery-item'>\n\t\t\t<dt class='gallery-icon landscape'>\n\t\t\t\t<a href='https:\/\/www.nebrija.com\/medios\/actualidadnebrija\/wp-content\/uploads\/sites\/2\/2025\/03\/Openbooth-Nebrija-6.jpg'><img loading=\"lazy\" decoding=\"async\" width=\"150\" height=\"100\" src=\"https:\/\/www.nebrija.com\/medios\/actualidadnebrija\/wp-content\/uploads\/sites\/2\/2025\/03\/Openbooth-Nebrija-6-150x100.jpg\" class=\"attachment-thumbnail size-thumbnail\" alt=\"\" \/><\/a>\n\t\t\t<\/dt><\/dl><dl class='gallery-item'>\n\t\t\t<dt class='gallery-icon landscape'>\n\t\t\t\t<a href='https:\/\/www.nebrija.com\/medios\/actualidadnebrija\/wp-content\/uploads\/sites\/2\/2025\/03\/Openbooth-Nebrija-5.jpg'><img loading=\"lazy\" decoding=\"async\" width=\"150\" height=\"100\" src=\"https:\/\/www.nebrija.com\/medios\/actualidadnebrija\/wp-content\/uploads\/sites\/2\/2025\/03\/Openbooth-Nebrija-5-150x100.jpg\" class=\"attachment-thumbnail size-thumbnail\" alt=\"\" \/><\/a>\n\t\t\t<\/dt><\/dl>\n\t\t\t<br style='clear: both' \/>\n\t\t<\/div>\n\n","protected":false},"excerpt":{"rendered":"<p>El espacio Open Booth muestra el talento emergente de la Universidad Nebrija con una obra colectiva.<\/p>\n","protected":false},"author":326,"featured_media":96507,"comment_status":"open","ping_status":"open","sticky":false,"template":"","format":"standard","meta":{"_acf_changed":false,"_monsterinsights_skip_tracking":false,"_monsterinsights_sitenote_active":false,"_monsterinsights_sitenote_note":"","_monsterinsights_sitenote_category":0,"footnotes":""},"categories":[3050],"tags":[6228,3279,3124,3745,4100,4900,3585,6229,4245],"acf":[],"yoast_head":"<!-- This site is optimized with the Yoast SEO plugin v22.1 - https:\/\/yoast.com\/wordpress\/plugins\/seo\/ -->\n<title>Veinte alumnos de Bellas Artes provocan una avalancha en Art Madrid (e incluso doman un oso) - Actualidad Nebrija<\/title>\n<meta name=\"description\" content=\"Art Madrid y su espacio joven Open Booth muestra una obra colectiva de los alumnos del grado en Bellas Artes de Nebrija.\" \/>\n<meta name=\"robots\" content=\"index, follow, max-snippet:-1, max-image-preview:large, max-video-preview:-1\" \/>\n<link rel=\"canonical\" href=\"https:\/\/www.nebrija.com\/medios\/actualidadnebrija\/2025\/03\/05\/los-alumnos-de-bellas-artes-provocan-una-avalancha-en-art-madrid-e-incluso-doman-un-oso\/\" \/>\n<meta property=\"og:locale\" content=\"es_ES\" \/>\n<meta property=\"og:type\" content=\"article\" \/>\n<meta property=\"og:title\" content=\"Veinte alumnos de Bellas Artes provocan una avalancha en Art Madrid (e incluso doman un oso) - Actualidad Nebrija\" \/>\n<meta property=\"og:description\" content=\"Art Madrid y su espacio joven Open Booth muestra una obra colectiva de los alumnos del grado en Bellas Artes de Nebrija.\" \/>\n<meta property=\"og:url\" content=\"https:\/\/www.nebrija.com\/medios\/actualidadnebrija\/2025\/03\/05\/los-alumnos-de-bellas-artes-provocan-una-avalancha-en-art-madrid-e-incluso-doman-un-oso\/\" \/>\n<meta property=\"og:site_name\" content=\"Actualidad Nebrija\" \/>\n<meta property=\"article:published_time\" content=\"2025-03-05T15:47:07+00:00\" \/>\n<meta property=\"article:modified_time\" content=\"2025-03-05T15:48:08+00:00\" \/>\n<meta property=\"og:image\" content=\"https:\/\/www.nebrija.com\/medios\/actualidadnebrija\/wp-content\/uploads\/sites\/2\/2025\/03\/Openbooth-Nebrija-7.jpg\" \/>\n\t<meta property=\"og:image:width\" content=\"1100\" \/>\n\t<meta property=\"og:image:height\" content=\"734\" \/>\n\t<meta property=\"og:image:type\" content=\"image\/jpeg\" \/>\n<meta name=\"author\" content=\"jpicos\" \/>\n<meta name=\"twitter:card\" content=\"summary_large_image\" \/>\n<meta name=\"twitter:label1\" content=\"Escrito por\" \/>\n\t<meta name=\"twitter:data1\" content=\"jpicos\" \/>\n\t<meta name=\"twitter:label2\" content=\"Tiempo de lectura\" \/>\n\t<meta name=\"twitter:data2\" content=\"5 minutos\" \/>\n<!-- \/ Yoast SEO plugin. -->","yoast_head_json":{"title":"Veinte alumnos de Bellas Artes provocan una avalancha en Art Madrid (e incluso doman un oso) - Actualidad Nebrija","description":"Art Madrid y su espacio joven Open Booth muestra una obra colectiva de los alumnos del grado en Bellas Artes de Nebrija.","robots":{"index":"index","follow":"follow","max-snippet":"max-snippet:-1","max-image-preview":"max-image-preview:large","max-video-preview":"max-video-preview:-1"},"canonical":"https:\/\/www.nebrija.com\/medios\/actualidadnebrija\/2025\/03\/05\/los-alumnos-de-bellas-artes-provocan-una-avalancha-en-art-madrid-e-incluso-doman-un-oso\/","og_locale":"es_ES","og_type":"article","og_title":"Veinte alumnos de Bellas Artes provocan una avalancha en Art Madrid (e incluso doman un oso) - Actualidad Nebrija","og_description":"Art Madrid y su espacio joven Open Booth muestra una obra colectiva de los alumnos del grado en Bellas Artes de Nebrija.","og_url":"https:\/\/www.nebrija.com\/medios\/actualidadnebrija\/2025\/03\/05\/los-alumnos-de-bellas-artes-provocan-una-avalancha-en-art-madrid-e-incluso-doman-un-oso\/","og_site_name":"Actualidad Nebrija","article_published_time":"2025-03-05T15:47:07+00:00","article_modified_time":"2025-03-05T15:48:08+00:00","og_image":[{"width":1100,"height":734,"url":"https:\/\/www.nebrija.com\/medios\/actualidadnebrija\/wp-content\/uploads\/sites\/2\/2025\/03\/Openbooth-Nebrija-7.jpg","type":"image\/jpeg"}],"author":"jpicos","twitter_card":"summary_large_image","twitter_misc":{"Escrito por":"jpicos","Tiempo de lectura":"5 minutos"},"schema":{"@context":"https:\/\/schema.org","@graph":[{"@type":"WebPage","@id":"https:\/\/www.nebrija.com\/medios\/actualidadnebrija\/2025\/03\/05\/los-alumnos-de-bellas-artes-provocan-una-avalancha-en-art-madrid-e-incluso-doman-un-oso\/","url":"https:\/\/www.nebrija.com\/medios\/actualidadnebrija\/2025\/03\/05\/los-alumnos-de-bellas-artes-provocan-una-avalancha-en-art-madrid-e-incluso-doman-un-oso\/","name":"Veinte alumnos de Bellas Artes provocan una avalancha en Art Madrid (e incluso doman un oso) - Actualidad Nebrija","isPartOf":{"@id":"https:\/\/www.nebrija.com\/medios\/actualidadnebrija\/#website"},"datePublished":"2025-03-05T15:47:07+00:00","dateModified":"2025-03-05T15:48:08+00:00","author":{"@id":"https:\/\/www.nebrija.com\/medios\/actualidadnebrija\/#\/schema\/person\/0cd40b7dd3f54459e2cfc009dbd255c6"},"description":"Art Madrid y su espacio joven Open Booth muestra una obra colectiva de los alumnos del grado en Bellas Artes de Nebrija.","breadcrumb":{"@id":"https:\/\/www.nebrija.com\/medios\/actualidadnebrija\/2025\/03\/05\/los-alumnos-de-bellas-artes-provocan-una-avalancha-en-art-madrid-e-incluso-doman-un-oso\/#breadcrumb"},"inLanguage":"es","potentialAction":[{"@type":"ReadAction","target":["https:\/\/www.nebrija.com\/medios\/actualidadnebrija\/2025\/03\/05\/los-alumnos-de-bellas-artes-provocan-una-avalancha-en-art-madrid-e-incluso-doman-un-oso\/"]}]},{"@type":"BreadcrumbList","@id":"https:\/\/www.nebrija.com\/medios\/actualidadnebrija\/2025\/03\/05\/los-alumnos-de-bellas-artes-provocan-una-avalancha-en-art-madrid-e-incluso-doman-un-oso\/#breadcrumb","itemListElement":[{"@type":"ListItem","position":1,"name":"Home","item":"https:\/\/www.nebrija.com\/medios\/actualidadnebrija\/"},{"@type":"ListItem","position":2,"name":"Veinte alumnos de Bellas Artes provocan una avalancha en Art Madrid (e incluso doman un oso)"}]},{"@type":"WebSite","@id":"https:\/\/www.nebrija.com\/medios\/actualidadnebrija\/#website","url":"https:\/\/www.nebrija.com\/medios\/actualidadnebrija\/","name":"Actualidad Nebrija","description":"Noticias de la Universidad Nebrija","potentialAction":[{"@type":"SearchAction","target":{"@type":"EntryPoint","urlTemplate":"https:\/\/www.nebrija.com\/medios\/actualidadnebrija\/?s={search_term_string}"},"query-input":"required name=search_term_string"}],"inLanguage":"es"},{"@type":"Person","@id":"https:\/\/www.nebrija.com\/medios\/actualidadnebrija\/#\/schema\/person\/0cd40b7dd3f54459e2cfc009dbd255c6","name":"jpicos","image":{"@type":"ImageObject","inLanguage":"es","@id":"https:\/\/www.nebrija.com\/medios\/actualidadnebrija\/#\/schema\/person\/image\/","url":"https:\/\/secure.gravatar.com\/avatar\/c4a1005cff3fd9bb5185e9671f4f3e9b?s=96&d=mm&r=g","contentUrl":"https:\/\/secure.gravatar.com\/avatar\/c4a1005cff3fd9bb5185e9671f4f3e9b?s=96&d=mm&r=g","caption":"jpicos"},"url":"https:\/\/www.nebrija.com\/medios\/actualidadnebrija\/author\/jpicos\/"}]}},"_links":{"self":[{"href":"https:\/\/www.nebrija.com\/medios\/actualidadnebrija\/wp-json\/wp\/v2\/posts\/96501"}],"collection":[{"href":"https:\/\/www.nebrija.com\/medios\/actualidadnebrija\/wp-json\/wp\/v2\/posts"}],"about":[{"href":"https:\/\/www.nebrija.com\/medios\/actualidadnebrija\/wp-json\/wp\/v2\/types\/post"}],"author":[{"embeddable":true,"href":"https:\/\/www.nebrija.com\/medios\/actualidadnebrija\/wp-json\/wp\/v2\/users\/326"}],"replies":[{"embeddable":true,"href":"https:\/\/www.nebrija.com\/medios\/actualidadnebrija\/wp-json\/wp\/v2\/comments?post=96501"}],"version-history":[{"count":3,"href":"https:\/\/www.nebrija.com\/medios\/actualidadnebrija\/wp-json\/wp\/v2\/posts\/96501\/revisions"}],"predecessor-version":[{"id":96519,"href":"https:\/\/www.nebrija.com\/medios\/actualidadnebrija\/wp-json\/wp\/v2\/posts\/96501\/revisions\/96519"}],"wp:featuredmedia":[{"embeddable":true,"href":"https:\/\/www.nebrija.com\/medios\/actualidadnebrija\/wp-json\/wp\/v2\/media\/96507"}],"wp:attachment":[{"href":"https:\/\/www.nebrija.com\/medios\/actualidadnebrija\/wp-json\/wp\/v2\/media?parent=96501"}],"wp:term":[{"taxonomy":"category","embeddable":true,"href":"https:\/\/www.nebrija.com\/medios\/actualidadnebrija\/wp-json\/wp\/v2\/categories?post=96501"},{"taxonomy":"post_tag","embeddable":true,"href":"https:\/\/www.nebrija.com\/medios\/actualidadnebrija\/wp-json\/wp\/v2\/tags?post=96501"}],"curies":[{"name":"wp","href":"https:\/\/api.w.org\/{rel}","templated":true}]}}