{"id":96977,"date":"2025-03-25T18:42:21","date_gmt":"2025-03-25T17:42:21","guid":{"rendered":"https:\/\/www.nebrija.com\/medios\/actualidadnebrija\/?p=96977"},"modified":"2025-03-25T18:42:38","modified_gmt":"2025-03-25T17:42:38","slug":"la-ii-feria-infantil-de-la-ciencia-convierte-a-los-ninos-en-piratas-en-busca-del-tesoro-del-aprendizaje","status":"publish","type":"post","link":"https:\/\/www.nebrija.com\/medios\/actualidadnebrija\/2025\/03\/25\/la-ii-feria-infantil-de-la-ciencia-convierte-a-los-ninos-en-piratas-en-busca-del-tesoro-del-aprendizaje\/","title":{"rendered":"La II Feria Infantil de la Ciencia convierte a los ni\u00f1os en piratas en busca del tesoro del aprendizaje"},"content":{"rendered":"<p>Setenta y cinco ni\u00f1os del <a href=\"https:\/\/www.agustiniano.es\/\">colegio Agustiniano de Madrid<\/a> han participado en la II edici\u00f3n de la Feria Infantil de la Ciencia de la Universidad Nebrija, con el lema &#8220;En busca del aprendizaje&#8221;.<\/p>\n<p>Organizada los d\u00edas 14 y 21 de marzo en la Facultad de Lenguas y Educaci\u00f3n, los peque\u00f1os participaron en actividades para conocer c\u00f3mo es el proceso cognitivo, y lo hicieron mediante juegos y talleres, guiados a los estudiantes del <a href=\"https:\/\/www.nebrija.com\/programas-postgrado\/master\/cognicion\/\" target=\"_blank\" rel=\"noopener\">M\u00e1ster Universitario en Cognici\u00f3n y Emoci\u00f3n en Contextos Educativos<\/a>.<\/p>\n<p>As\u00ed, los ni\u00f1os se convirtieron en piratas cient\u00edficos en busca del secreto del aprendizaje y, en cada taller, obten\u00edan una pista para encontrar el tesoro, que conten\u00eda una maqueta de un cerebro.<\/p>\n<p><img loading=\"lazy\" decoding=\"async\" class=\"alignnone size-full wp-image-96981\" src=\"https:\/\/www.nebrija.com\/medios\/actualidadnebrija\/wp-content\/uploads\/sites\/2\/2025\/03\/La-II-Feria-Infantil-de-la-Ciencia.jpg\" alt=\"La II Feria Infantil de la Ciencia\" width=\"1100\" height=\"734\" \/><\/p>\n<p>Los participantes en la II Feria Infantil de la Ciencia tambi\u00e9n pudieron visitar los laboratorios de realidad virtual, electroencefalograf\u00eda, <em>eye tracker<\/em>\u00a0y simulador de conducci\u00f3n del\u00a0<a href=\"https:\/\/www.nebrija.com\/investigacion-universidad\/grupos\/centro-ciencia-cognitiva.php\" target=\"_blank\" rel=\"noopener\">Centro de Investigaci\u00f3n Nebrija en Cognici\u00f3n<\/a>, guiados por los doctorandos del\u00a0<a href=\"https:\/\/www.nebrija.com\/programas-postgrado\/doctorado\/educacion\/\" target=\"_blank\" rel=\"noopener\">programa en Educaci\u00f3n y Procesos Cognitivos<\/a>.<\/p>\n<p><img loading=\"lazy\" decoding=\"async\" class=\"alignnone size-full wp-image-96980\" src=\"https:\/\/www.nebrija.com\/medios\/actualidadnebrija\/wp-content\/uploads\/sites\/2\/2025\/03\/Feria-ciencia.jpg\" alt=\"Feria ciencia\" width=\"1100\" height=\"734\" \/> <img loading=\"lazy\" decoding=\"async\" class=\"alignnone size-full wp-image-96979\" src=\"https:\/\/www.nebrija.com\/medios\/actualidadnebrija\/wp-content\/uploads\/sites\/2\/2025\/03\/Feria-Infantil-de-la-Ciencia.jpg\" alt=\"Feria Infantil de la Ciencia\" width=\"1100\" height=\"734\" \/><\/p>\n","protected":false},"excerpt":{"rendered":"<p>Organizada los d\u00edas 14 y 21 de marzo en la Facultad de Lenguas y Educaci\u00f3n, los peque\u00f1os participaron en actividades para conocer c\u00f3mo es el proceso cognitivo.<\/p>\n","protected":false},"author":1182,"featured_media":96978,"comment_status":"open","ping_status":"open","sticky":false,"template":"","format":"standard","meta":{"_acf_changed":false,"_monsterinsights_skip_tracking":false,"_monsterinsights_sitenote_active":false,"_monsterinsights_sitenote_note":"","_monsterinsights_sitenote_category":0,"footnotes":""},"categories":[3,3049],"tags":[4481,4967,5646,3708],"acf":[],"yoast_head":"<!-- This site is optimized with the Yoast SEO plugin v22.1 - https:\/\/yoast.com\/wordpress\/plugins\/seo\/ -->\n<title>La II Feria Infantil de la Ciencia convierte a los ni\u00f1os en piratas en busca del tesoro del aprendizaje - Actualidad Nebrija<\/title>\n<meta name=\"description\" content=\"Setenta y cinco ni\u00f1os del colegio Agustiniano de Madrid han participado en la II Feria Infantil de la Ciencia de la Universidad Nebrija.\" \/>\n<meta name=\"robots\" content=\"index, follow, max-snippet:-1, max-image-preview:large, max-video-preview:-1\" \/>\n<link rel=\"canonical\" href=\"https:\/\/www.nebrija.com\/medios\/actualidadnebrija\/2025\/03\/25\/la-ii-feria-infantil-de-la-ciencia-convierte-a-los-ninos-en-piratas-en-busca-del-tesoro-del-aprendizaje\/\" \/>\n<meta property=\"og:locale\" content=\"es_ES\" \/>\n<meta property=\"og:type\" content=\"article\" \/>\n<meta property=\"og:title\" content=\"La II Feria Infantil de la Ciencia convierte a los ni\u00f1os en piratas en busca del tesoro del aprendizaje - Actualidad Nebrija\" \/>\n<meta property=\"og:description\" content=\"Setenta y cinco ni\u00f1os del colegio Agustiniano de Madrid han participado en la II Feria Infantil de la Ciencia de la Universidad Nebrija.\" \/>\n<meta property=\"og:url\" content=\"https:\/\/www.nebrija.com\/medios\/actualidadnebrija\/2025\/03\/25\/la-ii-feria-infantil-de-la-ciencia-convierte-a-los-ninos-en-piratas-en-busca-del-tesoro-del-aprendizaje\/\" \/>\n<meta property=\"og:site_name\" content=\"Actualidad Nebrija\" \/>\n<meta property=\"article:published_time\" content=\"2025-03-25T17:42:21+00:00\" \/>\n<meta property=\"article:modified_time\" content=\"2025-03-25T17:42:38+00:00\" \/>\n<meta property=\"og:image\" content=\"https:\/\/www.nebrija.com\/medios\/actualidadnebrija\/wp-content\/uploads\/sites\/2\/2025\/03\/La-II-Feria-Infantil-de-la-Ciencia-convierte-a-los-ninos-en-piratas-en-busca-del-tesoro-del-aprendizaje.jpg\" \/>\n\t<meta property=\"og:image:width\" content=\"1100\" \/>\n\t<meta property=\"og:image:height\" content=\"734\" \/>\n\t<meta property=\"og:image:type\" content=\"image\/jpeg\" \/>\n<meta name=\"author\" content=\"mcamposd\" \/>\n<meta name=\"twitter:card\" content=\"summary_large_image\" \/>\n<meta name=\"twitter:label1\" content=\"Escrito por\" \/>\n\t<meta name=\"twitter:data1\" content=\"mcamposd\" \/>\n\t<meta name=\"twitter:label2\" content=\"Tiempo de lectura\" \/>\n\t<meta name=\"twitter:data2\" content=\"2 minutos\" \/>\n<!-- \/ Yoast SEO plugin. -->","yoast_head_json":{"title":"La II Feria Infantil de la Ciencia convierte a los ni\u00f1os en piratas en busca del tesoro del aprendizaje - Actualidad Nebrija","description":"Setenta y cinco ni\u00f1os del colegio Agustiniano de Madrid han participado en la II Feria Infantil de la Ciencia de la Universidad Nebrija.","robots":{"index":"index","follow":"follow","max-snippet":"max-snippet:-1","max-image-preview":"max-image-preview:large","max-video-preview":"max-video-preview:-1"},"canonical":"https:\/\/www.nebrija.com\/medios\/actualidadnebrija\/2025\/03\/25\/la-ii-feria-infantil-de-la-ciencia-convierte-a-los-ninos-en-piratas-en-busca-del-tesoro-del-aprendizaje\/","og_locale":"es_ES","og_type":"article","og_title":"La II Feria Infantil de la Ciencia convierte a los ni\u00f1os en piratas en busca del tesoro del aprendizaje - Actualidad Nebrija","og_description":"Setenta y cinco ni\u00f1os del colegio Agustiniano de Madrid han participado en la II Feria Infantil de la Ciencia de la Universidad Nebrija.","og_url":"https:\/\/www.nebrija.com\/medios\/actualidadnebrija\/2025\/03\/25\/la-ii-feria-infantil-de-la-ciencia-convierte-a-los-ninos-en-piratas-en-busca-del-tesoro-del-aprendizaje\/","og_site_name":"Actualidad Nebrija","article_published_time":"2025-03-25T17:42:21+00:00","article_modified_time":"2025-03-25T17:42:38+00:00","og_image":[{"width":1100,"height":734,"url":"https:\/\/www.nebrija.com\/medios\/actualidadnebrija\/wp-content\/uploads\/sites\/2\/2025\/03\/La-II-Feria-Infantil-de-la-Ciencia-convierte-a-los-ninos-en-piratas-en-busca-del-tesoro-del-aprendizaje.jpg","type":"image\/jpeg"}],"author":"mcamposd","twitter_card":"summary_large_image","twitter_misc":{"Escrito por":"mcamposd","Tiempo de lectura":"2 minutos"},"schema":{"@context":"https:\/\/schema.org","@graph":[{"@type":"WebPage","@id":"https:\/\/www.nebrija.com\/medios\/actualidadnebrija\/2025\/03\/25\/la-ii-feria-infantil-de-la-ciencia-convierte-a-los-ninos-en-piratas-en-busca-del-tesoro-del-aprendizaje\/","url":"https:\/\/www.nebrija.com\/medios\/actualidadnebrija\/2025\/03\/25\/la-ii-feria-infantil-de-la-ciencia-convierte-a-los-ninos-en-piratas-en-busca-del-tesoro-del-aprendizaje\/","name":"La II Feria Infantil de la Ciencia convierte a los ni\u00f1os en piratas en busca del tesoro del aprendizaje - Actualidad Nebrija","isPartOf":{"@id":"https:\/\/www.nebrija.com\/medios\/actualidadnebrija\/#website"},"datePublished":"2025-03-25T17:42:21+00:00","dateModified":"2025-03-25T17:42:38+00:00","author":{"@id":"https:\/\/www.nebrija.com\/medios\/actualidadnebrija\/#\/schema\/person\/205582e65069359d9f07d260f6d48a9c"},"description":"Setenta y cinco ni\u00f1os del colegio Agustiniano de Madrid han participado en la II Feria Infantil de la Ciencia de la Universidad Nebrija.","breadcrumb":{"@id":"https:\/\/www.nebrija.com\/medios\/actualidadnebrija\/2025\/03\/25\/la-ii-feria-infantil-de-la-ciencia-convierte-a-los-ninos-en-piratas-en-busca-del-tesoro-del-aprendizaje\/#breadcrumb"},"inLanguage":"es","potentialAction":[{"@type":"ReadAction","target":["https:\/\/www.nebrija.com\/medios\/actualidadnebrija\/2025\/03\/25\/la-ii-feria-infantil-de-la-ciencia-convierte-a-los-ninos-en-piratas-en-busca-del-tesoro-del-aprendizaje\/"]}]},{"@type":"BreadcrumbList","@id":"https:\/\/www.nebrija.com\/medios\/actualidadnebrija\/2025\/03\/25\/la-ii-feria-infantil-de-la-ciencia-convierte-a-los-ninos-en-piratas-en-busca-del-tesoro-del-aprendizaje\/#breadcrumb","itemListElement":[{"@type":"ListItem","position":1,"name":"Home","item":"https:\/\/www.nebrija.com\/medios\/actualidadnebrija\/"},{"@type":"ListItem","position":2,"name":"La II Feria Infantil de la Ciencia convierte a los ni\u00f1os en piratas en busca del tesoro del aprendizaje"}]},{"@type":"WebSite","@id":"https:\/\/www.nebrija.com\/medios\/actualidadnebrija\/#website","url":"https:\/\/www.nebrija.com\/medios\/actualidadnebrija\/","name":"Actualidad Nebrija","description":"Noticias de la Universidad Nebrija","potentialAction":[{"@type":"SearchAction","target":{"@type":"EntryPoint","urlTemplate":"https:\/\/www.nebrija.com\/medios\/actualidadnebrija\/?s={search_term_string}"},"query-input":"required name=search_term_string"}],"inLanguage":"es"},{"@type":"Person","@id":"https:\/\/www.nebrija.com\/medios\/actualidadnebrija\/#\/schema\/person\/205582e65069359d9f07d260f6d48a9c","name":"mcamposd","image":{"@type":"ImageObject","inLanguage":"es","@id":"https:\/\/www.nebrija.com\/medios\/actualidadnebrija\/#\/schema\/person\/image\/","url":"https:\/\/secure.gravatar.com\/avatar\/d0592be503e718fe4bc82c9a3b03724e?s=96&d=mm&r=g","contentUrl":"https:\/\/secure.gravatar.com\/avatar\/d0592be503e718fe4bc82c9a3b03724e?s=96&d=mm&r=g","caption":"mcamposd"},"url":"https:\/\/www.nebrija.com\/medios\/actualidadnebrija\/author\/mcamposd\/"}]}},"_links":{"self":[{"href":"https:\/\/www.nebrija.com\/medios\/actualidadnebrija\/wp-json\/wp\/v2\/posts\/96977"}],"collection":[{"href":"https:\/\/www.nebrija.com\/medios\/actualidadnebrija\/wp-json\/wp\/v2\/posts"}],"about":[{"href":"https:\/\/www.nebrija.com\/medios\/actualidadnebrija\/wp-json\/wp\/v2\/types\/post"}],"author":[{"embeddable":true,"href":"https:\/\/www.nebrija.com\/medios\/actualidadnebrija\/wp-json\/wp\/v2\/users\/1182"}],"replies":[{"embeddable":true,"href":"https:\/\/www.nebrija.com\/medios\/actualidadnebrija\/wp-json\/wp\/v2\/comments?post=96977"}],"version-history":[{"count":1,"href":"https:\/\/www.nebrija.com\/medios\/actualidadnebrija\/wp-json\/wp\/v2\/posts\/96977\/revisions"}],"predecessor-version":[{"id":96982,"href":"https:\/\/www.nebrija.com\/medios\/actualidadnebrija\/wp-json\/wp\/v2\/posts\/96977\/revisions\/96982"}],"wp:featuredmedia":[{"embeddable":true,"href":"https:\/\/www.nebrija.com\/medios\/actualidadnebrija\/wp-json\/wp\/v2\/media\/96978"}],"wp:attachment":[{"href":"https:\/\/www.nebrija.com\/medios\/actualidadnebrija\/wp-json\/wp\/v2\/media?parent=96977"}],"wp:term":[{"taxonomy":"category","embeddable":true,"href":"https:\/\/www.nebrija.com\/medios\/actualidadnebrija\/wp-json\/wp\/v2\/categories?post=96977"},{"taxonomy":"post_tag","embeddable":true,"href":"https:\/\/www.nebrija.com\/medios\/actualidadnebrija\/wp-json\/wp\/v2\/tags?post=96977"}],"curies":[{"name":"wp","href":"https:\/\/api.w.org\/{rel}","templated":true}]}}