{"id":97104,"date":"2025-04-02T08:50:18","date_gmt":"2025-04-02T06:50:18","guid":{"rendered":"https:\/\/www.nebrija.com\/medios\/actualidadnebrija\/?p=97104"},"modified":"2025-04-02T09:01:54","modified_gmt":"2025-04-02T07:01:54","slug":"alianza-con-affor-health-para-lanzar-el-diploma-de-experto-en-gestion-psicosocial-y-salud-mental","status":"publish","type":"post","link":"https:\/\/www.nebrija.com\/medios\/actualidadnebrija\/2025\/04\/02\/alianza-con-affor-health-para-lanzar-el-diploma-de-experto-en-gestion-psicosocial-y-salud-mental\/","title":{"rendered":"Alianza con Affor Health para lanzar el Diploma de Experto en Gesti\u00f3n Psicosocial y Salud Mental"},"content":{"rendered":"<p>La Universidad Nebrija y Affor Health, consultora especializada en <a href=\"https:\/\/afforhealth.com\/\" target=\"_blank\" rel=\"noopener\">gesti\u00f3n psicosocial y salud mental para organizaciones<\/a>, han firmado un convenio de colaboraci\u00f3n acad\u00e9mica para la puesta en marcha del Diploma de Experto\/a en Gesti\u00f3n Psicosocial y Salud Mental: Innovaci\u00f3n en la Direcci\u00f3n de Personas.<\/p>\n<p>Este t\u00edtulo est\u00e1 dirigido a los t\u00e9cnicos de prevenci\u00f3n y, en general, a profesionales de la salud ocupacional. El programa persigue capacitarles en el \u00e1rea de los riesgos psicosociales y as\u00ed como dotarles de herramientas pr\u00e1cticas para liderar su evaluaci\u00f3n y gesti\u00f3n, desde un punto de vista innovador y estrat\u00e9gico. De este modo, estar\u00e1n habilitados en minimizar los riesgos a los que estar\u00e1n expuestas las personas en sus organizaciones.<\/p>\n<p>Compuesto por cinco m\u00f3dulos de 200 horas, se impartir\u00e1 en modalidad <em>online<\/em> y se ha dise\u00f1ado con un enfoque pr\u00e1ctico y orientado a la realidad del mercado laboral. El plan de estudios aborda contenidos como el acoso laboral y la gesti\u00f3n de conflictos en el trabajo, la gesti\u00f3n de la salud psicol\u00f3gica en las organizaciones, la gesti\u00f3n psicosocial en el trabajo o el liderazgo en bienestar de las organizaciones.<\/p>\n<h2>La experiencia de Affor Health<\/h2>\n<p>Affor Health aporta su experiencia en el dise\u00f1o de los contenidos del programa para asegurar su alineaci\u00f3n con las demandas del sector y participa en la selecci\u00f3n de profesionales especializados para la impartici\u00f3n de asignaturas clave. La Universidad Nebrija, por su parte, se encargar\u00e1 de la validaci\u00f3n acad\u00e9mica del t\u00edtulo, la expedici\u00f3n de diplomas y la supervisi\u00f3n del sistema de evaluaci\u00f3n de los estudiantes.<img loading=\"lazy\" decoding=\"async\" class=\"alignnone size-full wp-image-97106\" src=\"https:\/\/www.nebrija.com\/medios\/actualidadnebrija\/wp-content\/uploads\/sites\/2\/2025\/04\/Affor-Health.jpg\" alt=\"Affor Health\" width=\"1100\" height=\"734\" \/><\/p>\n<p>Con esta alianza, la Universidad Nebrija y Affor Health reafirman su compromiso con la formaci\u00f3n de excelencia y con el desarrollo de profesionales preparados para afrontar los desaf\u00edos de la gesti\u00f3n psicosocial y la salud mental en las organizaciones.<\/p>\n<h3>Salud mental en el trabajo<\/h3>\n<p>El rector de la Universidad Nebrija, Jos\u00e9 Mu\u00f1iz, subray\u00f3 que la colaboraci\u00f3n con Affor Health permite ofrecer \u201cun programa innovador y de alta calidad\u201d en la gesti\u00f3n psicosocial y la salud mental. \u201cEste diploma no solo responde a las necesidades actuales del mercado laboral, sino que tambi\u00e9n refuerza nuestro compromiso con la formaci\u00f3n de profesionales capaces de liderar el bienestar en sus organizaciones de manera estrat\u00e9gica y efectiva&#8221;.<\/p>\n<p>Por su parte, Anabel Fern\u00e1ndez Fornelino, CEO de Affor Health, destac\u00f3 que este diploma supone \u201cun paso clave para dotar a los profesionales de herramientas pr\u00e1cticas e innovadoras en la gesti\u00f3n psicosocial. La salud mental en el trabajo ya no es una opci\u00f3n, sino una necesidad estrat\u00e9gica para las organizaciones. En Affor Health, creemos firmemente en ello y de ah\u00ed esta colaboraci\u00f3n con la Universidad Nebrija. Todo con el objetivo de contribuir a la preparaci\u00f3n de una nueva generaci\u00f3n de profesionales especializados en este \u00e1mbito clave para el futuro del trabajo&#8221;.<\/p>\n<p>&nbsp;<\/p>\n","protected":false},"excerpt":{"rendered":"<p>Este t\u00edtulo est\u00e1 dirigido a los t\u00e9cnicos de prevenci\u00f3n y, en general, a profesionales de la salud ocupacional.<\/p>\n","protected":false},"author":1182,"featured_media":97105,"comment_status":"open","ping_status":"open","sticky":false,"template":"","format":"standard","meta":{"_acf_changed":false,"_monsterinsights_skip_tracking":false,"_monsterinsights_sitenote_active":false,"_monsterinsights_sitenote_note":"","_monsterinsights_sitenote_category":0,"footnotes":""},"categories":[12],"tags":[6320,3124,6078,4198],"acf":[],"yoast_head":"<!-- This site is optimized with the Yoast SEO plugin v22.1 - https:\/\/yoast.com\/wordpress\/plugins\/seo\/ -->\n<title>Alianza con Affor Health para lanzar el Diploma de Experto en Gesti\u00f3n Psicosocial y Salud Mental - Actualidad Nebrija<\/title>\n<meta name=\"description\" content=\"Nebrija y Affor Health lanzan el Diploma de Experto\/a en Gesti\u00f3n Psicosocial y Salud Mental: Innovaci\u00f3n en la Direcci\u00f3n de Personas.\" \/>\n<meta name=\"robots\" content=\"index, follow, max-snippet:-1, max-image-preview:large, max-video-preview:-1\" \/>\n<link rel=\"canonical\" href=\"https:\/\/www.nebrija.com\/medios\/actualidadnebrija\/2025\/04\/02\/alianza-con-affor-health-para-lanzar-el-diploma-de-experto-en-gestion-psicosocial-y-salud-mental\/\" \/>\n<meta property=\"og:locale\" content=\"es_ES\" \/>\n<meta property=\"og:type\" content=\"article\" \/>\n<meta property=\"og:title\" content=\"Alianza con Affor Health para lanzar el Diploma de Experto en Gesti\u00f3n Psicosocial y Salud Mental - Actualidad Nebrija\" \/>\n<meta property=\"og:description\" content=\"Nebrija y Affor Health lanzan el Diploma de Experto\/a en Gesti\u00f3n Psicosocial y Salud Mental: Innovaci\u00f3n en la Direcci\u00f3n de Personas.\" \/>\n<meta property=\"og:url\" content=\"https:\/\/www.nebrija.com\/medios\/actualidadnebrija\/2025\/04\/02\/alianza-con-affor-health-para-lanzar-el-diploma-de-experto-en-gestion-psicosocial-y-salud-mental\/\" \/>\n<meta property=\"og:site_name\" content=\"Actualidad Nebrija\" \/>\n<meta property=\"article:published_time\" content=\"2025-04-02T06:50:18+00:00\" \/>\n<meta property=\"article:modified_time\" content=\"2025-04-02T07:01:54+00:00\" \/>\n<meta property=\"og:image\" content=\"https:\/\/www.nebrija.com\/medios\/actualidadnebrija\/wp-content\/uploads\/sites\/2\/2025\/04\/Alianza-con-Affor-Health-para-lanzar-el-Diploma-de-Experto-en-Gestion-Psicosocial-y-Salud-Mental-.jpg\" \/>\n\t<meta property=\"og:image:width\" content=\"1100\" \/>\n\t<meta property=\"og:image:height\" content=\"734\" \/>\n\t<meta property=\"og:image:type\" content=\"image\/jpeg\" \/>\n<meta name=\"author\" content=\"mcamposd\" \/>\n<meta name=\"twitter:card\" content=\"summary_large_image\" \/>\n<meta name=\"twitter:label1\" content=\"Escrito por\" \/>\n\t<meta name=\"twitter:data1\" content=\"mcamposd\" \/>\n\t<meta name=\"twitter:label2\" content=\"Tiempo de lectura\" \/>\n\t<meta name=\"twitter:data2\" content=\"3 minutos\" \/>\n<!-- \/ Yoast SEO plugin. -->","yoast_head_json":{"title":"Alianza con Affor Health para lanzar el Diploma de Experto en Gesti\u00f3n Psicosocial y Salud Mental - Actualidad Nebrija","description":"Nebrija y Affor Health lanzan el Diploma de Experto\/a en Gesti\u00f3n Psicosocial y Salud Mental: Innovaci\u00f3n en la Direcci\u00f3n de Personas.","robots":{"index":"index","follow":"follow","max-snippet":"max-snippet:-1","max-image-preview":"max-image-preview:large","max-video-preview":"max-video-preview:-1"},"canonical":"https:\/\/www.nebrija.com\/medios\/actualidadnebrija\/2025\/04\/02\/alianza-con-affor-health-para-lanzar-el-diploma-de-experto-en-gestion-psicosocial-y-salud-mental\/","og_locale":"es_ES","og_type":"article","og_title":"Alianza con Affor Health para lanzar el Diploma de Experto en Gesti\u00f3n Psicosocial y Salud Mental - Actualidad Nebrija","og_description":"Nebrija y Affor Health lanzan el Diploma de Experto\/a en Gesti\u00f3n Psicosocial y Salud Mental: Innovaci\u00f3n en la Direcci\u00f3n de Personas.","og_url":"https:\/\/www.nebrija.com\/medios\/actualidadnebrija\/2025\/04\/02\/alianza-con-affor-health-para-lanzar-el-diploma-de-experto-en-gestion-psicosocial-y-salud-mental\/","og_site_name":"Actualidad Nebrija","article_published_time":"2025-04-02T06:50:18+00:00","article_modified_time":"2025-04-02T07:01:54+00:00","og_image":[{"width":1100,"height":734,"url":"https:\/\/www.nebrija.com\/medios\/actualidadnebrija\/wp-content\/uploads\/sites\/2\/2025\/04\/Alianza-con-Affor-Health-para-lanzar-el-Diploma-de-Experto-en-Gestion-Psicosocial-y-Salud-Mental-.jpg","type":"image\/jpeg"}],"author":"mcamposd","twitter_card":"summary_large_image","twitter_misc":{"Escrito por":"mcamposd","Tiempo de lectura":"3 minutos"},"schema":{"@context":"https:\/\/schema.org","@graph":[{"@type":"WebPage","@id":"https:\/\/www.nebrija.com\/medios\/actualidadnebrija\/2025\/04\/02\/alianza-con-affor-health-para-lanzar-el-diploma-de-experto-en-gestion-psicosocial-y-salud-mental\/","url":"https:\/\/www.nebrija.com\/medios\/actualidadnebrija\/2025\/04\/02\/alianza-con-affor-health-para-lanzar-el-diploma-de-experto-en-gestion-psicosocial-y-salud-mental\/","name":"Alianza con Affor Health para lanzar el Diploma de Experto en Gesti\u00f3n Psicosocial y Salud Mental - Actualidad Nebrija","isPartOf":{"@id":"https:\/\/www.nebrija.com\/medios\/actualidadnebrija\/#website"},"datePublished":"2025-04-02T06:50:18+00:00","dateModified":"2025-04-02T07:01:54+00:00","author":{"@id":"https:\/\/www.nebrija.com\/medios\/actualidadnebrija\/#\/schema\/person\/205582e65069359d9f07d260f6d48a9c"},"description":"Nebrija y Affor Health lanzan el Diploma de Experto\/a en Gesti\u00f3n Psicosocial y Salud Mental: Innovaci\u00f3n en la Direcci\u00f3n de Personas.","breadcrumb":{"@id":"https:\/\/www.nebrija.com\/medios\/actualidadnebrija\/2025\/04\/02\/alianza-con-affor-health-para-lanzar-el-diploma-de-experto-en-gestion-psicosocial-y-salud-mental\/#breadcrumb"},"inLanguage":"es","potentialAction":[{"@type":"ReadAction","target":["https:\/\/www.nebrija.com\/medios\/actualidadnebrija\/2025\/04\/02\/alianza-con-affor-health-para-lanzar-el-diploma-de-experto-en-gestion-psicosocial-y-salud-mental\/"]}]},{"@type":"BreadcrumbList","@id":"https:\/\/www.nebrija.com\/medios\/actualidadnebrija\/2025\/04\/02\/alianza-con-affor-health-para-lanzar-el-diploma-de-experto-en-gestion-psicosocial-y-salud-mental\/#breadcrumb","itemListElement":[{"@type":"ListItem","position":1,"name":"Home","item":"https:\/\/www.nebrija.com\/medios\/actualidadnebrija\/"},{"@type":"ListItem","position":2,"name":"Alianza con Affor Health para lanzar el Diploma de Experto en Gesti\u00f3n Psicosocial y Salud Mental"}]},{"@type":"WebSite","@id":"https:\/\/www.nebrija.com\/medios\/actualidadnebrija\/#website","url":"https:\/\/www.nebrija.com\/medios\/actualidadnebrija\/","name":"Actualidad Nebrija","description":"Noticias de la Universidad Nebrija","potentialAction":[{"@type":"SearchAction","target":{"@type":"EntryPoint","urlTemplate":"https:\/\/www.nebrija.com\/medios\/actualidadnebrija\/?s={search_term_string}"},"query-input":"required name=search_term_string"}],"inLanguage":"es"},{"@type":"Person","@id":"https:\/\/www.nebrija.com\/medios\/actualidadnebrija\/#\/schema\/person\/205582e65069359d9f07d260f6d48a9c","name":"mcamposd","image":{"@type":"ImageObject","inLanguage":"es","@id":"https:\/\/www.nebrija.com\/medios\/actualidadnebrija\/#\/schema\/person\/image\/","url":"https:\/\/secure.gravatar.com\/avatar\/d0592be503e718fe4bc82c9a3b03724e?s=96&d=mm&r=g","contentUrl":"https:\/\/secure.gravatar.com\/avatar\/d0592be503e718fe4bc82c9a3b03724e?s=96&d=mm&r=g","caption":"mcamposd"},"url":"https:\/\/www.nebrija.com\/medios\/actualidadnebrija\/author\/mcamposd\/"}]}},"_links":{"self":[{"href":"https:\/\/www.nebrija.com\/medios\/actualidadnebrija\/wp-json\/wp\/v2\/posts\/97104"}],"collection":[{"href":"https:\/\/www.nebrija.com\/medios\/actualidadnebrija\/wp-json\/wp\/v2\/posts"}],"about":[{"href":"https:\/\/www.nebrija.com\/medios\/actualidadnebrija\/wp-json\/wp\/v2\/types\/post"}],"author":[{"embeddable":true,"href":"https:\/\/www.nebrija.com\/medios\/actualidadnebrija\/wp-json\/wp\/v2\/users\/1182"}],"replies":[{"embeddable":true,"href":"https:\/\/www.nebrija.com\/medios\/actualidadnebrija\/wp-json\/wp\/v2\/comments?post=97104"}],"version-history":[{"count":1,"href":"https:\/\/www.nebrija.com\/medios\/actualidadnebrija\/wp-json\/wp\/v2\/posts\/97104\/revisions"}],"predecessor-version":[{"id":97107,"href":"https:\/\/www.nebrija.com\/medios\/actualidadnebrija\/wp-json\/wp\/v2\/posts\/97104\/revisions\/97107"}],"wp:featuredmedia":[{"embeddable":true,"href":"https:\/\/www.nebrija.com\/medios\/actualidadnebrija\/wp-json\/wp\/v2\/media\/97105"}],"wp:attachment":[{"href":"https:\/\/www.nebrija.com\/medios\/actualidadnebrija\/wp-json\/wp\/v2\/media?parent=97104"}],"wp:term":[{"taxonomy":"category","embeddable":true,"href":"https:\/\/www.nebrija.com\/medios\/actualidadnebrija\/wp-json\/wp\/v2\/categories?post=97104"},{"taxonomy":"post_tag","embeddable":true,"href":"https:\/\/www.nebrija.com\/medios\/actualidadnebrija\/wp-json\/wp\/v2\/tags?post=97104"}],"curies":[{"name":"wp","href":"https:\/\/api.w.org\/{rel}","templated":true}]}}