{"id":97506,"date":"2025-04-30T08:46:30","date_gmt":"2025-04-30T06:46:30","guid":{"rendered":"https:\/\/www.nebrija.com\/medios\/actualidadnebrija\/?p=97506"},"modified":"2025-04-30T08:47:50","modified_gmt":"2025-04-30T06:47:50","slug":"el-festival-adn-firma-un-convenio-de-colaboracion-con-el-ficci-el-certamen-mas-antiguo-de-america-latina","status":"publish","type":"post","link":"https:\/\/www.nebrija.com\/medios\/actualidadnebrija\/2025\/04\/30\/el-festival-adn-firma-un-convenio-de-colaboracion-con-el-ficci-el-certamen-mas-antiguo-de-america-latina\/","title":{"rendered":"El Festival AdN firma un convenio con el FICCI, el certamen m\u00e1s antiguo de Am\u00e9rica Latina"},"content":{"rendered":"<p>La 21\u00aa edici\u00f3n del <a href=\"https:\/\/www.nebrija.com\/la_universidad\/facultades\/facultad-ciencias-comunicacion\/actividades\/AdN\/\">Festival Internacional de Cortometrajes Universitarios AdN<\/a>, que organiza la Facultad de Comunicaci\u00f3n y Artes de la Universidad Nebrija, acaba de cerrar un convenio de colaboraci\u00f3n con el <a href=\"https:\/\/ficcifestival.com\/\">Festival Internacional de Cine de Cartagena de Indias<\/a> (Colombia), el certamen cinematogr\u00e1fico m\u00e1s antiguo de Am\u00e9rica Latina.<\/p>\n<p>El acuerdo posibilita que los cortometrajes ganadores en las categor\u00edas de Mejor Corto 2025 y Mejor Corto Pa\u00eds Invitado, en la gala que se celebrar\u00e1 el pr\u00f3ximo d\u00eda 8 de mayo en los Cines Callao de Madrid, se proyecten dentro de la secci\u00f3n <em>Academia,<\/em> en la futura edici\u00f3n del FICCI, que se celebrar\u00e1 en la primavera de 2026. Dicha proyecci\u00f3n se complementar\u00e1 con un posterior encuentro y debate con los directores responsables de los trabajos ganadores, otorg\u00e1ndoles acreditaciones, adem\u00e1s, para que puedan participar en otras actividades ligadas a la programaci\u00f3n del veterano festival colombiano.<\/p>\n<p>El objetivo de esta alianza es la formalizaci\u00f3n de un marco estable de colaboraci\u00f3n entre la Universidad Nebrija y el Festival Internacional de Cine de Cartagena de Indias (FICCI) en relaci\u00f3n al desarrollo de un programa de formaci\u00f3n de car\u00e1cter educativo y cultural que permita enriquecer las experiencias de los dos cert\u00e1menes y sus integrantes, fomentando el trabajo creativo, art\u00edstico y t\u00e9cnico de los estudiantes universitarios participantes.<\/p>\n<p><a href=\"https:\/\/www.nebrija.com\/medios\/actualidadnebrija\/wp-content\/uploads\/sites\/2\/2025\/04\/FICCI.png\"><img loading=\"lazy\" decoding=\"async\" class=\"aligncenter size-full wp-image-97509\" src=\"https:\/\/www.nebrija.com\/medios\/actualidadnebrija\/wp-content\/uploads\/sites\/2\/2025\/04\/FICCI.png\" alt=\"FICCI Colombia AdN Nebrija\" width=\"640\" height=\"344\" \/><\/a><\/p>\n<h3><strong>Un referente \u00fanico en Latinoam\u00e9rica<\/strong><\/h3>\n<p>La firma validada por los dos protagonistas, adem\u00e1s, incluye la presencia de la marca FICCI en todas las acciones de promoci\u00f3n, comunicaci\u00f3n y marketing de la 21\u00aa edici\u00f3n del Festival AdN, incluyendo la figura del prestigioso evento cinematogr\u00e1fico colombiano en la gala del 8 de mayo, y en la rueda de prensa previa que la Universidad Nebrija celebrar\u00e1 el lunes 5 de mayo en la Embajada de Colombia en Madrid (Paseo del General Mart\u00ednez Campos, 48), con motivo de la presentaci\u00f3n oficial de la entrega de premios.<\/p>\n<p>La presencia del FICCI en la presente edici\u00f3n del Festival AdN se convierte en un motivo de alegr\u00eda y orgullo para el certamen espa\u00f1ol por lo que supone la inclusi\u00f3n de este acontecimiento cultural iberoamericano de primer nivel en el consolidado certamen que patrocina la Universidad Nebrija.<\/p>\n<p>Desde su conformaci\u00f3n, FICCI, ha realizado consecutivamente 61 ediciones, proyectando en toda su historia m\u00e1s de cinco mil pel\u00edculas, logrando promover la producci\u00f3n y realizaci\u00f3n de pel\u00edculas latinoamericanas e iberoamericanas, y resaltando el trabajo de productores, directores, actores, actrices y miembros de la industria de la regi\u00f3n.<\/p>\n<p>La \u00faltima edici\u00f3n del FICCI, la n\u00famero 64, se celebr\u00f3 entre el 1 y el 6 de abril de 2025 en la ciudad caribe\u00f1a de Cartagena de Indias. Su programaci\u00f3n incluy\u00f3 m\u00e1s de 190 pel\u00edculas provenientes de 57 pa\u00edses, llegando a generar m\u00e1s de 75 espacios de encuentros, con m\u00e1s de 700 citas y 91 representantes.<\/p>\n<h3><strong>Colombia, pa\u00eds invitado<\/strong><\/h3>\n<p>Este feliz encuentro viene motivado por la participaci\u00f3n de Colombia como pa\u00eds invitado en la 21 edici\u00f3n del Festival AdN, dentro de la categor\u00eda de Mejor Cortometraje Pa\u00eds Invitado. En total han sido 69 los cortometrajes recibidos de los estudiantes de las 16 universidades participantes, tanto de centros p\u00fablicos como privados, que representan la practica totalidad de los territorios del pa\u00eds. Un r\u00e9cord de trabajos presentados que confirma de manera evidente el \u00e9xito de la internacionalizaci\u00f3n del Festival AdN, proceso que comenz\u00f3 en 2019, coincidiendo con la celebraci\u00f3n de la 18\u00aa edici\u00f3n. Desde entonces hasta ahora, cuatro han sido los pa\u00edses invitados, Per\u00fa, Rep\u00fablica Dominicana, M\u00e9xico y Colombia.<\/p>\n<p><a href=\"https:\/\/www.nebrija.com\/medios\/actualidadnebrija\/wp-content\/uploads\/sites\/2\/2025\/04\/FICCI.jpg\"><img loading=\"lazy\" decoding=\"async\" class=\"aligncenter size-full wp-image-97508\" src=\"https:\/\/www.nebrija.com\/medios\/actualidadnebrija\/wp-content\/uploads\/sites\/2\/2025\/04\/FICCI.jpg\" alt=\"FICCI Colombia AdN\" width=\"1100\" height=\"1100\" \/><\/a><\/p>\n<h3><strong>AdN, una historia de \u00e9xito<\/strong><\/h3>\n<p>La historia del Festival de Cortos AdN se remonta hasta el a\u00f1o 1998, momento en el que un grupo de profesores y estudiantes de una joven, por entonces, Universidad Nebrija decidi\u00f3 poner en marcha un proyecto preprofesional para que los alumnos de los estudios de Comunicaci\u00f3n Audiovisual pudiesen proyectar sus operas primas en gran pantalla bajo la supervisi\u00f3n de un jurado profesional compuesto por primeras figuras de la cinematograf\u00eda y el audiovisual espa\u00f1ol. Desde ese momento hasta ahora, cada una de las ediciones se ha convertido en todo un reto para los equipos organizadores, desarrollando su idea creativa, escribiendo un guion, dise\u00f1ando la imagen de cada edici\u00f3n y sus contenidos audiovisuales, planificando una estrategia de comunicaci\u00f3n, as\u00ed como promoviendo la participaci\u00f3n en el concurso de todos los estudiantes.<\/p>\n<p>La etapa m\u00e1s reciente del Festival coincide con el crecimiento de la <a href=\"https:\/\/www.nebrija.com\/la_universidad\/facultades\/facultad-ciencias-comunicacion\/\">Facultad de Comunicaci\u00f3n y Artes<\/a>, y con los nuevos desaf\u00edos de la Universidad Nebrija: un mayor crecimiento, cambios tecnol\u00f3gicos y sociales, importantes retos culturales y educativos. Por este motivo, al mismo tiempo que se consolidan las categor\u00edas de premios que recuerdan los principales roles del profesional del audiovisual, se inicia la internacionalizaci\u00f3n del proyecto. Los organizadores dise\u00f1an para eso el concepto de pa\u00eds invitado, y a partir de la presente edici\u00f3n, el premio al Mejor Corto Iberoamericano, que abre la participaci\u00f3n a pa\u00edses ya invitados en anteriores ediciones y a aquellos otros que todav\u00eda no han alcanzado esta distinci\u00f3n.<\/p>\n","protected":false},"excerpt":{"rendered":"<p>Los ganadores a Mejor Corto y Mejor Corto Pa\u00eds Invitado (Colombia) ver\u00e1n sus trabajos proyectados en la secci\u00f3n Academia, de la 65 edici\u00f3n del FICCI.<\/p>\n","protected":false},"author":326,"featured_media":97507,"comment_status":"open","ping_status":"open","sticky":false,"template":"","format":"standard","meta":{"_acf_changed":false,"_monsterinsights_skip_tracking":false,"_monsterinsights_sitenote_active":false,"_monsterinsights_sitenote_note":"","_monsterinsights_sitenote_category":0,"footnotes":""},"categories":[3,3050],"tags":[3427,3766,3436,6379],"acf":[],"yoast_head":"<!-- This site is optimized with the Yoast SEO plugin v22.1 - https:\/\/yoast.com\/wordpress\/plugins\/seo\/ -->\n<title>El Festival AdN firma un convenio con el FICCI, el certamen m\u00e1s antiguo de Am\u00e9rica Latina - Actualidad Nebrija<\/title>\n<meta name=\"description\" content=\"El Festival AdN firma un convenio de colaboraci\u00f3n con el FICCI (Colombia), el certamen m\u00e1s antiguo de Am\u00e9rica Latina.\" \/>\n<meta name=\"robots\" content=\"index, follow, max-snippet:-1, max-image-preview:large, max-video-preview:-1\" \/>\n<link rel=\"canonical\" href=\"https:\/\/www.nebrija.com\/medios\/actualidadnebrija\/2025\/04\/30\/el-festival-adn-firma-un-convenio-de-colaboracion-con-el-ficci-el-certamen-mas-antiguo-de-america-latina\/\" \/>\n<meta property=\"og:locale\" content=\"es_ES\" \/>\n<meta property=\"og:type\" content=\"article\" \/>\n<meta property=\"og:title\" content=\"El Festival AdN firma un convenio con el FICCI, el certamen m\u00e1s antiguo de Am\u00e9rica Latina - Actualidad Nebrija\" \/>\n<meta property=\"og:description\" content=\"El Festival AdN firma un convenio de colaboraci\u00f3n con el FICCI (Colombia), el certamen m\u00e1s antiguo de Am\u00e9rica Latina.\" \/>\n<meta property=\"og:url\" content=\"https:\/\/www.nebrija.com\/medios\/actualidadnebrija\/2025\/04\/30\/el-festival-adn-firma-un-convenio-de-colaboracion-con-el-ficci-el-certamen-mas-antiguo-de-america-latina\/\" \/>\n<meta property=\"og:site_name\" content=\"Actualidad Nebrija\" \/>\n<meta property=\"article:published_time\" content=\"2025-04-30T06:46:30+00:00\" \/>\n<meta property=\"article:modified_time\" content=\"2025-04-30T06:47:50+00:00\" \/>\n<meta property=\"og:image\" content=\"https:\/\/www.nebrija.com\/medios\/actualidadnebrija\/wp-content\/uploads\/sites\/2\/2025\/04\/FICCI.jpeg\" \/>\n\t<meta property=\"og:image:width\" content=\"768\" \/>\n\t<meta property=\"og:image:height\" content=\"512\" \/>\n\t<meta property=\"og:image:type\" content=\"image\/jpeg\" \/>\n<meta name=\"author\" content=\"jpicos\" \/>\n<meta name=\"twitter:card\" content=\"summary_large_image\" \/>\n<meta name=\"twitter:label1\" content=\"Escrito por\" \/>\n\t<meta name=\"twitter:data1\" content=\"jpicos\" \/>\n\t<meta name=\"twitter:label2\" content=\"Tiempo de lectura\" \/>\n\t<meta name=\"twitter:data2\" content=\"5 minutos\" \/>\n<!-- \/ Yoast SEO plugin. -->","yoast_head_json":{"title":"El Festival AdN firma un convenio con el FICCI, el certamen m\u00e1s antiguo de Am\u00e9rica Latina - Actualidad Nebrija","description":"El Festival AdN firma un convenio de colaboraci\u00f3n con el FICCI (Colombia), el certamen m\u00e1s antiguo de Am\u00e9rica Latina.","robots":{"index":"index","follow":"follow","max-snippet":"max-snippet:-1","max-image-preview":"max-image-preview:large","max-video-preview":"max-video-preview:-1"},"canonical":"https:\/\/www.nebrija.com\/medios\/actualidadnebrija\/2025\/04\/30\/el-festival-adn-firma-un-convenio-de-colaboracion-con-el-ficci-el-certamen-mas-antiguo-de-america-latina\/","og_locale":"es_ES","og_type":"article","og_title":"El Festival AdN firma un convenio con el FICCI, el certamen m\u00e1s antiguo de Am\u00e9rica Latina - Actualidad Nebrija","og_description":"El Festival AdN firma un convenio de colaboraci\u00f3n con el FICCI (Colombia), el certamen m\u00e1s antiguo de Am\u00e9rica Latina.","og_url":"https:\/\/www.nebrija.com\/medios\/actualidadnebrija\/2025\/04\/30\/el-festival-adn-firma-un-convenio-de-colaboracion-con-el-ficci-el-certamen-mas-antiguo-de-america-latina\/","og_site_name":"Actualidad Nebrija","article_published_time":"2025-04-30T06:46:30+00:00","article_modified_time":"2025-04-30T06:47:50+00:00","og_image":[{"width":768,"height":512,"url":"https:\/\/www.nebrija.com\/medios\/actualidadnebrija\/wp-content\/uploads\/sites\/2\/2025\/04\/FICCI.jpeg","type":"image\/jpeg"}],"author":"jpicos","twitter_card":"summary_large_image","twitter_misc":{"Escrito por":"jpicos","Tiempo de lectura":"5 minutos"},"schema":{"@context":"https:\/\/schema.org","@graph":[{"@type":"WebPage","@id":"https:\/\/www.nebrija.com\/medios\/actualidadnebrija\/2025\/04\/30\/el-festival-adn-firma-un-convenio-de-colaboracion-con-el-ficci-el-certamen-mas-antiguo-de-america-latina\/","url":"https:\/\/www.nebrija.com\/medios\/actualidadnebrija\/2025\/04\/30\/el-festival-adn-firma-un-convenio-de-colaboracion-con-el-ficci-el-certamen-mas-antiguo-de-america-latina\/","name":"El Festival AdN firma un convenio con el FICCI, el certamen m\u00e1s antiguo de Am\u00e9rica Latina - Actualidad Nebrija","isPartOf":{"@id":"https:\/\/www.nebrija.com\/medios\/actualidadnebrija\/#website"},"datePublished":"2025-04-30T06:46:30+00:00","dateModified":"2025-04-30T06:47:50+00:00","author":{"@id":"https:\/\/www.nebrija.com\/medios\/actualidadnebrija\/#\/schema\/person\/0cd40b7dd3f54459e2cfc009dbd255c6"},"description":"El Festival AdN firma un convenio de colaboraci\u00f3n con el FICCI (Colombia), el certamen m\u00e1s antiguo de Am\u00e9rica Latina.","breadcrumb":{"@id":"https:\/\/www.nebrija.com\/medios\/actualidadnebrija\/2025\/04\/30\/el-festival-adn-firma-un-convenio-de-colaboracion-con-el-ficci-el-certamen-mas-antiguo-de-america-latina\/#breadcrumb"},"inLanguage":"es","potentialAction":[{"@type":"ReadAction","target":["https:\/\/www.nebrija.com\/medios\/actualidadnebrija\/2025\/04\/30\/el-festival-adn-firma-un-convenio-de-colaboracion-con-el-ficci-el-certamen-mas-antiguo-de-america-latina\/"]}]},{"@type":"BreadcrumbList","@id":"https:\/\/www.nebrija.com\/medios\/actualidadnebrija\/2025\/04\/30\/el-festival-adn-firma-un-convenio-de-colaboracion-con-el-ficci-el-certamen-mas-antiguo-de-america-latina\/#breadcrumb","itemListElement":[{"@type":"ListItem","position":1,"name":"Home","item":"https:\/\/www.nebrija.com\/medios\/actualidadnebrija\/"},{"@type":"ListItem","position":2,"name":"El Festival AdN firma un convenio con el FICCI, el certamen m\u00e1s antiguo de Am\u00e9rica Latina"}]},{"@type":"WebSite","@id":"https:\/\/www.nebrija.com\/medios\/actualidadnebrija\/#website","url":"https:\/\/www.nebrija.com\/medios\/actualidadnebrija\/","name":"Actualidad Nebrija","description":"Noticias de la Universidad Nebrija","potentialAction":[{"@type":"SearchAction","target":{"@type":"EntryPoint","urlTemplate":"https:\/\/www.nebrija.com\/medios\/actualidadnebrija\/?s={search_term_string}"},"query-input":"required name=search_term_string"}],"inLanguage":"es"},{"@type":"Person","@id":"https:\/\/www.nebrija.com\/medios\/actualidadnebrija\/#\/schema\/person\/0cd40b7dd3f54459e2cfc009dbd255c6","name":"jpicos","image":{"@type":"ImageObject","inLanguage":"es","@id":"https:\/\/www.nebrija.com\/medios\/actualidadnebrija\/#\/schema\/person\/image\/","url":"https:\/\/secure.gravatar.com\/avatar\/c4a1005cff3fd9bb5185e9671f4f3e9b?s=96&d=mm&r=g","contentUrl":"https:\/\/secure.gravatar.com\/avatar\/c4a1005cff3fd9bb5185e9671f4f3e9b?s=96&d=mm&r=g","caption":"jpicos"},"url":"https:\/\/www.nebrija.com\/medios\/actualidadnebrija\/author\/jpicos\/"}]}},"_links":{"self":[{"href":"https:\/\/www.nebrija.com\/medios\/actualidadnebrija\/wp-json\/wp\/v2\/posts\/97506"}],"collection":[{"href":"https:\/\/www.nebrija.com\/medios\/actualidadnebrija\/wp-json\/wp\/v2\/posts"}],"about":[{"href":"https:\/\/www.nebrija.com\/medios\/actualidadnebrija\/wp-json\/wp\/v2\/types\/post"}],"author":[{"embeddable":true,"href":"https:\/\/www.nebrija.com\/medios\/actualidadnebrija\/wp-json\/wp\/v2\/users\/326"}],"replies":[{"embeddable":true,"href":"https:\/\/www.nebrija.com\/medios\/actualidadnebrija\/wp-json\/wp\/v2\/comments?post=97506"}],"version-history":[{"count":2,"href":"https:\/\/www.nebrija.com\/medios\/actualidadnebrija\/wp-json\/wp\/v2\/posts\/97506\/revisions"}],"predecessor-version":[{"id":97511,"href":"https:\/\/www.nebrija.com\/medios\/actualidadnebrija\/wp-json\/wp\/v2\/posts\/97506\/revisions\/97511"}],"wp:featuredmedia":[{"embeddable":true,"href":"https:\/\/www.nebrija.com\/medios\/actualidadnebrija\/wp-json\/wp\/v2\/media\/97507"}],"wp:attachment":[{"href":"https:\/\/www.nebrija.com\/medios\/actualidadnebrija\/wp-json\/wp\/v2\/media?parent=97506"}],"wp:term":[{"taxonomy":"category","embeddable":true,"href":"https:\/\/www.nebrija.com\/medios\/actualidadnebrija\/wp-json\/wp\/v2\/categories?post=97506"},{"taxonomy":"post_tag","embeddable":true,"href":"https:\/\/www.nebrija.com\/medios\/actualidadnebrija\/wp-json\/wp\/v2\/tags?post=97506"}],"curies":[{"name":"wp","href":"https:\/\/api.w.org\/{rel}","templated":true}]}}