{"id":97712,"date":"2025-05-13T16:50:39","date_gmt":"2025-05-13T14:50:39","guid":{"rendered":"https:\/\/www.nebrija.com\/medios\/actualidadnebrija\/?p=97712"},"modified":"2025-05-13T17:35:25","modified_gmt":"2025-05-13T15:35:25","slug":"expertos-apela-responsabilidad-colectiva-sentido-comun-ciudades-mas-sostenibles","status":"publish","type":"post","link":"https:\/\/www.nebrija.com\/medios\/actualidadnebrija\/2025\/05\/13\/expertos-apela-responsabilidad-colectiva-sentido-comun-ciudades-mas-sostenibles\/","title":{"rendered":"Expertos apelan a la responsabilidad colectiva y al sentido com\u00fan para construir ciudades m\u00e1s sostenibles"},"content":{"rendered":"<p data-start=\"437\" data-end=\"808\"><span class=\"_fadeIn_m1hgl_8\">La <\/span><span class=\"_fadeIn_m1hgl_8\">transici\u00f3n <\/span><span class=\"_fadeIn_m1hgl_8\">hacia <\/span><span class=\"_fadeIn_m1hgl_8\">un <\/span><span class=\"_fadeIn_m1hgl_8\">mundo <\/span><span class=\"_fadeIn_m1hgl_8\">m\u00e1s <\/span><span class=\"_fadeIn_m1hgl_8\">sostenible <\/span><span class=\"_fadeIn_m1hgl_8\">es <\/span><span class=\"_fadeIn_m1hgl_8\">inevitable, <\/span><span class=\"_fadeIn_m1hgl_8\">pero <\/span><span class=\"_fadeIn_m1hgl_8\">para <\/span><span class=\"_fadeIn_m1hgl_8\">lograrla <\/span><span class=\"_fadeIn_m1hgl_8\">se <\/span><span class=\"_fadeIn_m1hgl_8\">requiere <\/span><span class=\"_fadeIn_m1hgl_8\">el <\/span><span class=\"_fadeIn_m1hgl_8\">trabajo <\/span><span class=\"_fadeIn_m1hgl_8\">conjunto <\/span><span class=\"_fadeIn_m1hgl_8\">de <\/span><span class=\"_fadeIn_m1hgl_8\">administraciones, <\/span><span class=\"_fadeIn_m1hgl_8\">empresas <\/span><span class=\"_fadeIn_m1hgl_8\">y <\/span><span class=\"_fadeIn_m1hgl_8\">ciudadan\u00eda, <\/span><span class=\"_fadeIn_m1hgl_8\">alineado <\/span><span class=\"_fadeIn_m1hgl_8\">con <\/span><span class=\"_fadeIn_m1hgl_8\">un <\/span><span class=\"_fadeIn_m1hgl_8\">ingrediente <\/span><span class=\"_fadeIn_m1hgl_8\">indispensable: <\/span><span class=\"_fadeIn_m1hgl_8\">el <\/span><span class=\"_fadeIn_m1hgl_8\">sentido <\/span><span class=\"_fadeIn_m1hgl_8\">com\u00fan. <\/span><span class=\"_fadeIn_m1hgl_8\">As\u00ed <\/span><span class=\"_fadeIn_m1hgl_8\">lo <\/span><span class=\"_fadeIn_m1hgl_8\">afirmaron <\/span><span class=\"_fadeIn_m1hgl_8\">los <\/span><span class=\"_fadeIn_m1hgl_8\">expertos <\/span><span class=\"_fadeIn_m1hgl_8\">que <\/span><span class=\"_fadeIn_m1hgl_8\">participaron <\/span><span class=\"_fadeIn_m1hgl_8\">en <\/span><span class=\"_fadeIn_m1hgl_8\">la <\/span><span class=\"_fadeIn_m1hgl_8\">III <\/span><span class=\"_fadeIn_m1hgl_8\">Jornada <\/span><span class=\"_fadeIn_m1hgl_8\">de <\/span><span class=\"_fadeIn_m1hgl_8\">Sostenibilidad <\/span><span class=\"_fadeIn_m1hgl_8\">organizada <\/span><span class=\"_fadeIn_m1hgl_8\">por <\/span><span class=\"_fadeIn_m1hgl_8\">la <a href=\"https:\/\/www.nebrija.com\/la_universidad\/facultades\/escuela-politecnica-superior-arquitectura\/\">Polit\u00e9cnica Nebrija<\/a>.<\/span><\/p>\n<p data-start=\"810\" data-end=\"1452\"><span class=\"_fadeIn_m1hgl_8\">Ante <\/span><span class=\"_fadeIn_m1hgl_8\">un <\/span><span class=\"_fadeIn_m1hgl_8\">sal\u00f3n <\/span><span class=\"_fadeIn_m1hgl_8\">de <\/span><span class=\"_fadeIn_m1hgl_8\">actos <\/span><span class=\"_fadeIn_m1hgl_8\">repleto <\/span><span class=\"_fadeIn_m1hgl_8\">de <\/span><span class=\"_fadeIn_m1hgl_8\">estudiantes <\/span><span class=\"_fadeIn_m1hgl_8\">y <\/span><span class=\"_fadeIn_m1hgl_8\">futuros <\/span><span class=\"_fadeIn_m1hgl_8\">ingenieros, <\/span><span class=\"_fadeIn_m1hgl_8\">intervinieron <\/span><span class=\"_fadeIn_m1hgl_8\">Jorge <\/span><span class=\"_fadeIn_m1hgl_8\">Gonz\u00e1lez <\/span><span class=\"_fadeIn_m1hgl_8\">de <\/span><span class=\"_fadeIn_m1hgl_8\">la <\/span><span class=\"_fadeIn_m1hgl_8\">Fuente, <\/span><span class=\"_fadeIn_m1hgl_8\">director <\/span><span class=\"_fadeIn_m1hgl_8\">del <\/span><a href=\"https:\/\/www.nebrija.com\/carreras-universitarias\/grado-ingenieria-tecnologias-industriales\/\"><span class=\"_fadeIn_m1hgl_8\">Grado <\/span><span class=\"_fadeIn_m1hgl_8\">en <\/span><span class=\"_fadeIn_m1hgl_8\">Ingenier\u00eda <\/span><span class=\"_fadeIn_m1hgl_8\">en <\/span><span class=\"_fadeIn_m1hgl_8\">Tecnolog\u00edas <\/span><span class=\"_fadeIn_m1hgl_8\">Industriales <\/span><\/a><span class=\"_fadeIn_m1hgl_8\">de <\/span><span class=\"_fadeIn_m1hgl_8\">Nebrija; <\/span><span class=\"_fadeIn_m1hgl_8\">Alejandro <\/span><span class=\"_fadeIn_m1hgl_8\">Labanda, <\/span><span class=\"_fadeIn_m1hgl_8\">director <\/span><span class=\"_fadeIn_m1hgl_8\">de <\/span><span class=\"_fadeIn_m1hgl_8\">Transici\u00f3n <\/span><span class=\"_fadeIn_m1hgl_8\">Ecol\u00f3gica <\/span><span class=\"_fadeIn_m1hgl_8\">en <\/span><span class=\"_fadeIn_m1hgl_8\">beBartlet; <\/span><span class=\"_fadeIn_m1hgl_8\">Jaime <\/span><span class=\"_fadeIn_m1hgl_8\">S\u00e1nchez <\/span><span class=\"_fadeIn_m1hgl_8\">Gallego, <\/span><span class=\"_fadeIn_m1hgl_8\">Global <\/span><span class=\"_fadeIn_m1hgl_8\">Executive <\/span><span class=\"_fadeIn_m1hgl_8\">in <\/span><span class=\"_fadeIn_m1hgl_8\">Innovation <\/span><span class=\"_fadeIn_m1hgl_8\">and <\/span><span class=\"_fadeIn_m1hgl_8\">Technology <\/span><span class=\"_fadeIn_m1hgl_8\">en <\/span><span class=\"_fadeIn_m1hgl_8\">IVECO; <\/span><span class=\"_fadeIn_m1hgl_8\">Mar\u00eda <\/span><span class=\"_fadeIn_m1hgl_8\">Luisa <\/span><span class=\"_fadeIn_m1hgl_8\">L\u00f3pez-<\/span><span class=\"_fadeIn_m1hgl_8\">Tola, <\/span><span class=\"_fadeIn_m1hgl_8\">directora <\/span><span class=\"_fadeIn_m1hgl_8\">de <\/span><span class=\"_fadeIn_m1hgl_8\">Soluciones <\/span><span class=\"_fadeIn_m1hgl_8\">Energ\u00e9ticas <\/span><span class=\"_fadeIn_m1hgl_8\">en <\/span><span class=\"_fadeIn_m1hgl_8\">Capgemini; <\/span><span class=\"_fadeIn_m1hgl_8\">Alejandro <\/span><span class=\"_fadeIn_m1hgl_8\">L\u00f3pez <\/span><span class=\"_fadeIn_m1hgl_8\">Pereira, <\/span><span class=\"_fadeIn_m1hgl_8\">manager <\/span><span class=\"_fadeIn_m1hgl_8\">en <\/span><span class=\"_fadeIn_m1hgl_8\">Kaizen <\/span><span class=\"_fadeIn_m1hgl_8\">Institute <\/span><span class=\"_fadeIn_m1hgl_8\">Western <\/span><span class=\"_fadeIn_m1hgl_8\">Europe; <\/span><span class=\"_fadeIn_m1hgl_8\">y <\/span><span class=\"_fadeIn_m1hgl_8\">Rub\u00e9n <\/span><span class=\"_fadeIn_m1hgl_8\">Ferrero,<\/span><span class=\"_fadeIn_m1hgl_8\">\u00a0<\/span><span class=\"_fadeIn_m1hgl_8\">docente <\/span><span class=\"_fadeIn_m1hgl_8\">de <\/span><span class=\"_fadeIn_m1hgl_8\">la <\/span><span class=\"_fadeIn_m1hgl_8\">Universidad <\/span><span class=\"_fadeIn_m1hgl_8\">Nebrija. <\/span><span class=\"_fadeIn_m1hgl_8\">Todos <\/span><span class=\"_fadeIn_m1hgl_8\">ellos <\/span><span class=\"_fadeIn_m1hgl_8\">abordaron <\/span><span class=\"_fadeIn_m1hgl_8\">los <\/span><span class=\"_fadeIn_m1hgl_8\">grandes <\/span><span class=\"_fadeIn_m1hgl_8\">desaf\u00edos <\/span><span class=\"_fadeIn_m1hgl_8\">en <\/span><span class=\"_fadeIn_m1hgl_8\">materia <\/span><span class=\"_fadeIn_m1hgl_8\">de <\/span><span class=\"_fadeIn_m1hgl_8\">sostenibilidad <\/span><span class=\"_fadeIn_m1hgl_8\">en <\/span><span class=\"_fadeIn_m1hgl_8\">el <\/span><span class=\"_fadeIn_m1hgl_8\">\u00e1mbito <\/span><span class=\"_fadeIn_m1hgl_8\">urbano <\/span><span class=\"_fadeIn_m1hgl_8\">y <\/span><span class=\"_fadeIn_m1hgl_8\">del <\/span><span class=\"_fadeIn_m1hgl_8\">transporte.<\/span><\/p>\n<p data-start=\"810\" data-end=\"1452\"><a href=\"https:\/\/www.nebrija.com\/medios\/actualidadnebrija\/?attachment_id=97716\"><img loading=\"lazy\" decoding=\"async\" class=\"alignnone wp-image-97716 size-full\" src=\"https:\/\/www.nebrija.com\/medios\/actualidadnebrija\/wp-content\/uploads\/sites\/2\/2025\/05\/DSC06982.jpg\" alt=\"sostenibilidad-nebrija\" width=\"1100\" height=\"734\" \/><\/a><\/p>\n<h2 data-start=\"810\" data-end=\"1452\">Hacia la transici\u00f3n verde a largo plazo<\/h2>\n<p data-start=\"1454\" data-end=\"1964\"><span class=\"_fadeIn_m1hgl_8\">\u201c<\/span><span class=\"_fadeIn_m1hgl_8\">Queremos <\/span><span class=\"_fadeIn_m1hgl_8\">respirar <\/span><span class=\"_fadeIn_m1hgl_8\">mejor, <\/span><span class=\"_fadeIn_m1hgl_8\">desplazarnos <\/span><span class=\"_fadeIn_m1hgl_8\">con <\/span><span class=\"_fadeIn_m1hgl_8\">eficiencia <\/span><span class=\"_fadeIn_m1hgl_8\">por <\/span><span class=\"_fadeIn_m1hgl_8\">la <\/span><span class=\"_fadeIn_m1hgl_8\">ciudad, <\/span><span class=\"_fadeIn_m1hgl_8\">aprovechar <\/span><span class=\"_fadeIn_m1hgl_8\">los <\/span><span class=\"_fadeIn_m1hgl_8\">residuos <\/span><span class=\"_fadeIn_m1hgl_8\">que <\/span><span class=\"_fadeIn_m1hgl_8\">generamos\u2026 <\/span><span class=\"_fadeIn_m1hgl_8\">y, <\/span><span class=\"_fadeIn_m1hgl_8\">para <\/span><span class=\"_fadeIn_m1hgl_8\">ello, <\/span><span class=\"_fadeIn_m1hgl_8\">debemos <\/span><span class=\"_fadeIn_m1hgl_8\">lograr <\/span><span class=\"_fadeIn_m1hgl_8\">una <\/span><span class=\"_fadeIn_m1hgl_8\">mayor <\/span><span class=\"_fadeIn_m1hgl_8\">eficiencia <\/span><span class=\"_fadeIn_m1hgl_8\">energ\u00e9tica. <\/span><span class=\"_fadeIn_m1hgl_8\">La <\/span><span class=\"_fadeIn_m1hgl_8\">mejor <\/span><span class=\"_fadeIn_m1hgl_8\">energ\u00eda <\/span><span class=\"_fadeIn_m1hgl_8\">no <\/span><span class=\"_fadeIn_m1hgl_8\">consumida <\/span><span class=\"_fadeIn_m1hgl_8\">es <\/span><span class=\"_fadeIn_m1hgl_8\">la <\/span><span class=\"_fadeIn_m1hgl_8\">que <\/span><span class=\"_fadeIn_m1hgl_8\">no <\/span><span class=\"_fadeIn_m1hgl_8\">se <\/span><span class=\"_fadeIn_m1hgl_8\">desperdicia\u201d, <\/span><span class=\"_fadeIn_m1hgl_8\">afirmaba <\/span><span class=\"_fadeIn_m1hgl_8\">Rub\u00e9n <\/span><span class=\"_fadeIn_m1hgl_8\">Ferrero <\/span><span class=\"_fadeIn_m1hgl_8\">al <\/span><span class=\"_fadeIn_m1hgl_8\">referirse <\/span><span class=\"_fadeIn_m1hgl_8\">a <\/span><span class=\"_fadeIn_m1hgl_8\">la <\/span><span class=\"_fadeIn_m1hgl_8\">necesidad <\/span><span class=\"_fadeIn_m1hgl_8\">de <\/span><span class=\"_fadeIn_m1hgl_8\">reducir <\/span><span class=\"_fadeIn_m1hgl_8\">el <\/span><span class=\"_fadeIn_m1hgl_8\">despilfarro <\/span><span class=\"_fadeIn_m1hgl_8\">energ\u00e9tico <\/span><span class=\"_fadeIn_m1hgl_8\">en <\/span><span class=\"_fadeIn_m1hgl_8\">los <\/span><span class=\"_fadeIn_m1hgl_8\">entornos <\/span><span class=\"_fadeIn_m1hgl_8\">urbanos. <\/span><span class=\"_fadeIn_m1hgl_8\">Una <\/span><span class=\"_fadeIn_m1hgl_8\">reflexi\u00f3n <\/span><span class=\"_fadeIn_m1hgl_8\">que <\/span><span class=\"_fadeIn_m1hgl_8\">el <\/span><span class=\"_fadeIn_m1hgl_8\">profesor <\/span><span class=\"_fadeIn_m1hgl_8\">reforzaba <\/span><span class=\"_fadeIn_m1hgl_8\">con <\/span><span class=\"_fadeIn_m1hgl_8\">un <\/span><span class=\"_fadeIn_m1hgl_8\">dato <\/span><span class=\"_fadeIn_m1hgl_8\">revelador: \u201c<\/span><span class=\"_fadeIn_m1hgl_8\">Las <\/span><span class=\"_fadeIn_m1hgl_8\">ciudades <\/span><span class=\"_fadeIn_m1hgl_8\">ocupan <\/span><span class=\"_fadeIn_m1hgl_8\">apenas <\/span><span class=\"_fadeIn_m1hgl_8\">el <\/span><span class=\"_fadeIn_m1hgl_8\">3\u202f% <\/span><span class=\"_fadeIn_m1hgl_8\">del <\/span><span class=\"_fadeIn_m1hgl_8\">territorio <\/span><span class=\"_fadeIn_m1hgl_8\">terrestre, <\/span><span class=\"_fadeIn_m1hgl_8\">pero <\/span><span class=\"_fadeIn_m1hgl_8\">consumen <\/span><span class=\"_fadeIn_m1hgl_8\">hasta <\/span><span class=\"_fadeIn_m1hgl_8\">el <\/span><span class=\"_fadeIn_m1hgl_8\">70\u202f% <\/span><span class=\"_fadeIn_m1hgl_8\">de <\/span><span class=\"_fadeIn_m1hgl_8\">la <\/span><span class=\"_fadeIn_m1hgl_8\">energ\u00eda\u201d.<\/span><\/p>\n<p data-start=\"1966\" data-end=\"2477\"><span class=\"_fadeIn_m1hgl_8\">En <\/span><span class=\"_fadeIn_m1hgl_8\">esta <\/span><span class=\"_fadeIn_m1hgl_8\">misma <\/span><span class=\"_fadeIn_m1hgl_8\">l\u00ednea, <\/span><span class=\"_fadeIn_m1hgl_8\">Alejandro <\/span><span class=\"_fadeIn_m1hgl_8\">Labanda <\/span><span class=\"_fadeIn_m1hgl_8\">subray\u00f3 <\/span><span class=\"_fadeIn_m1hgl_8\">el <\/span><span class=\"_fadeIn_m1hgl_8\">autoconsumo <\/span><span class=\"_fadeIn_m1hgl_8\">como <\/span><span class=\"_fadeIn_m1hgl_8\">un <\/span><span class=\"_fadeIn_m1hgl_8\">aliado <\/span><span class=\"_fadeIn_m1hgl_8\">clave <\/span><span class=\"_fadeIn_m1hgl_8\">en <\/span><span class=\"_fadeIn_m1hgl_8\">la <\/span><span class=\"_fadeIn_m1hgl_8\">transici\u00f3n <\/span><span class=\"_fadeIn_m1hgl_8\">sostenible <\/span><span class=\"_fadeIn_m1hgl_8\">de <\/span><span class=\"_fadeIn_m1hgl_8\">las <\/span><span class=\"_fadeIn_m1hgl_8\">ciudades, <\/span><span class=\"_fadeIn_m1hgl_8\">condicionada <\/span><span class=\"_fadeIn_m1hgl_8\">incluso <\/span><span class=\"_fadeIn_m1hgl_8\">por <\/span><span class=\"_fadeIn_m1hgl_8\">nuestro <\/span><span class=\"_fadeIn_m1hgl_8\">modelo <\/span><span class=\"_fadeIn_m1hgl_8\">alimentario. \u201c<\/span><span class=\"_fadeIn_m1hgl_8\">Espa\u00f1a <\/span><span class=\"_fadeIn_m1hgl_8\">es <\/span><span class=\"_fadeIn_m1hgl_8\">l\u00edder <\/span><span class=\"_fadeIn_m1hgl_8\">en <\/span><span class=\"_fadeIn_m1hgl_8\">la <\/span><span class=\"_fadeIn_m1hgl_8\">producci\u00f3n <\/span><span class=\"_fadeIn_m1hgl_8\">de <\/span><span class=\"_fadeIn_m1hgl_8\">productos <\/span><span class=\"_fadeIn_m1hgl_8\">ecol\u00f3gicos, <\/span><span class=\"_fadeIn_m1hgl_8\">pero <\/span><span class=\"_fadeIn_m1hgl_8\">estamos <\/span><span class=\"_fadeIn_m1hgl_8\">muy <\/span><span class=\"_fadeIn_m1hgl_8\">por <\/span><span class=\"_fadeIn_m1hgl_8\">debajo <\/span><span class=\"_fadeIn_m1hgl_8\">de <\/span><span class=\"_fadeIn_m1hgl_8\">la <\/span><span class=\"_fadeIn_m1hgl_8\">media <\/span><span class=\"_fadeIn_m1hgl_8\">europea <\/span><span class=\"_fadeIn_m1hgl_8\">en <\/span><span class=\"_fadeIn_m1hgl_8\">su <\/span><span class=\"_fadeIn_m1hgl_8\">consumo\u201d, <\/span><span class=\"_fadeIn_m1hgl_8\">apuntaba <\/span><span class=\"_fadeIn_m1hgl_8\">el <\/span><span class=\"_fadeIn_m1hgl_8\">experto <\/span><span class=\"_fadeIn_m1hgl_8\">de <\/span><span class=\"_fadeIn_m1hgl_8\">beBartlet. <\/span><span class=\"_fadeIn_m1hgl_8\">Por <\/span><span class=\"_fadeIn_m1hgl_8\">su <\/span><span class=\"_fadeIn_m1hgl_8\">parte, <\/span><span class=\"_fadeIn_m1hgl_8\">Alejandro <\/span><span class=\"_fadeIn_m1hgl_8\">L\u00f3pez <\/span><span class=\"_fadeIn_m1hgl_8\">destacaba <\/span><span class=\"_fadeIn_m1hgl_8\">que \u201c<\/span><span class=\"_fadeIn_m1hgl_8\">la <\/span><span class=\"_fadeIn_m1hgl_8\">sostenibilidad <\/span><span class=\"_fadeIn_m1hgl_8\">no <\/span><span class=\"_fadeIn_m1hgl_8\">es <\/span><span class=\"_fadeIn_m1hgl_8\">un <\/span><span class=\"_fadeIn_m1hgl_8\">proyecto, <\/span><span class=\"_fadeIn_m1hgl_8\">sino <\/span><span class=\"_fadeIn_m1hgl_8\">un <\/span><span class=\"_fadeIn_m1hgl_8\">compromiso <\/span><span class=\"_fadeIn_m1hgl_8\">a <\/span><span class=\"_fadeIn_m1hgl_8\">largo <\/span><span class=\"_fadeIn_m1hgl_8\">plazo, <\/span><span class=\"_fadeIn_m1hgl_8\">equiparable <\/span><span class=\"_fadeIn_m1hgl_8\">a <\/span><span class=\"_fadeIn_m1hgl_8\">ponerse <\/span><span class=\"_fadeIn_m1hgl_8\">en <\/span><span class=\"_fadeIn_m1hgl_8\">forma <\/span><span class=\"_fadeIn_m1hgl_8\">y <\/span><span class=\"_fadeIn_m1hgl_8\">mantenerse <\/span><span class=\"_fadeIn_m1hgl_8\">toda <\/span><span class=\"_fadeIn_m1hgl_8\">la <\/span><span class=\"_fadeIn_m1hgl_8\">vida\u201d.<\/span><\/p>\n<p data-start=\"1966\" data-end=\"2477\"><img loading=\"lazy\" decoding=\"async\" class=\"alignnone wp-image-97717 size-full\" src=\"https:\/\/www.nebrija.com\/medios\/actualidadnebrija\/wp-content\/uploads\/sites\/2\/2025\/05\/DSC07058.jpg\" alt=\"sostenibilidad-nebrija\" width=\"1100\" height=\"734\" \/><\/p>\n<h3 data-start=\"2479\" data-end=\"2837\">Un modelo europeo de veh\u00edculo el\u00e9ctrico poco sostenible<\/h3>\n<p data-start=\"2479\" data-end=\"2837\"><span class=\"_fadeIn_m1hgl_8\">Uno <\/span><span class=\"_fadeIn_m1hgl_8\">de <\/span><span class=\"_fadeIn_m1hgl_8\">los <\/span><span class=\"_fadeIn_m1hgl_8\">bloques <\/span><span class=\"_fadeIn_m1hgl_8\">centrales <\/span><span class=\"_fadeIn_m1hgl_8\">de <\/span><span class=\"_fadeIn_m1hgl_8\">la <\/span><span class=\"_fadeIn_m1hgl_8\">jornada <\/span><span class=\"_fadeIn_m1hgl_8\">se <\/span><span class=\"_fadeIn_m1hgl_8\">centr\u00f3 <\/span><span class=\"_fadeIn_m1hgl_8\">en <\/span><span class=\"_fadeIn_m1hgl_8\">el <\/span><span class=\"_fadeIn_m1hgl_8\">presente <\/span><span class=\"_fadeIn_m1hgl_8\">y <\/span><span class=\"_fadeIn_m1hgl_8\">futuro <\/span><span class=\"_fadeIn_m1hgl_8\">del <\/span><span class=\"_fadeIn_m1hgl_8\">sector <\/span><span class=\"_fadeIn_m1hgl_8\">de <\/span><span class=\"_fadeIn_m1hgl_8\">la <\/span><span class=\"_fadeIn_m1hgl_8\">automoci\u00f3n, \u201c<\/span><span class=\"_fadeIn_m1hgl_8\">muy <\/span><span class=\"_fadeIn_m1hgl_8\">vinculado <\/span><span class=\"_fadeIn_m1hgl_8\">tambi\u00e9n <\/span><span class=\"_fadeIn_m1hgl_8\">a <\/span><span class=\"_fadeIn_m1hgl_8\">la <\/span><span class=\"_fadeIn_m1hgl_8\">vida <\/span><span class=\"_fadeIn_m1hgl_8\">en <\/span><span class=\"_fadeIn_m1hgl_8\">las <\/span><span class=\"_fadeIn_m1hgl_8\">ciudades\u201d, <\/span><span class=\"_fadeIn_m1hgl_8\">como <\/span><span class=\"_fadeIn_m1hgl_8\">explic\u00f3 <\/span><span class=\"_fadeIn_m1hgl_8\">Jaime <\/span><span class=\"_fadeIn_m1hgl_8\">S\u00e1nchez. <\/span><span class=\"_fadeIn_m1hgl_8\">El <\/span><span class=\"_fadeIn_m1hgl_8\">experto <\/span><span class=\"_fadeIn_m1hgl_8\">de <\/span><span class=\"_fadeIn_m1hgl_8\">IVECO <\/span><span class=\"_fadeIn_m1hgl_8\">puso <\/span><span class=\"_fadeIn_m1hgl_8\">como <\/span><span class=\"_fadeIn_m1hgl_8\">ejemplo <\/span><span class=\"_fadeIn_m1hgl_8\">de <\/span><span class=\"_fadeIn_m1hgl_8\">resiliencia <\/span><span class=\"_fadeIn_m1hgl_8\">y <\/span><span class=\"_fadeIn_m1hgl_8\">\u00e9xito <\/span><span class=\"_fadeIn_m1hgl_8\">la <\/span><span class=\"_fadeIn_m1hgl_8\">primera <\/span><span class=\"_fadeIn_m1hgl_8\">f\u00e1brica <\/span><span class=\"_fadeIn_m1hgl_8\">de <\/span><span class=\"_fadeIn_m1hgl_8\">Opel, <\/span><span class=\"_fadeIn_m1hgl_8\">que <\/span><span class=\"_fadeIn_m1hgl_8\">lleva <\/span><span class=\"_fadeIn_m1hgl_8\">m\u00e1s <\/span><span class=\"_fadeIn_m1hgl_8\">de <\/span><span class=\"_fadeIn_m1hgl_8\">un <\/span><span class=\"_fadeIn_m1hgl_8\">siglo <\/span><span class=\"_fadeIn_m1hgl_8\">produciendo <\/span><span class=\"_fadeIn_m1hgl_8\">veh\u00edculos <\/span><span class=\"_fadeIn_m1hgl_8\">en <\/span><span class=\"_fadeIn_m1hgl_8\">la <\/span><span class=\"_fadeIn_m1hgl_8\">ciudad <\/span><span class=\"_fadeIn_m1hgl_8\">alemana <\/span><span class=\"_fadeIn_m1hgl_8\">de <\/span><span class=\"_fadeIn_m1hgl_8\">R\u00fcsselsheim.<\/span><\/p>\n<p data-start=\"2839\" data-end=\"3171\"><span class=\"_fadeIn_m1hgl_8\">No <\/span><span class=\"_fadeIn_m1hgl_8\">obstante, <\/span><span class=\"_fadeIn_m1hgl_8\">la <\/span><span class=\"_fadeIn_m1hgl_8\">incertidumbre <\/span><span class=\"_fadeIn_m1hgl_8\">sobre <\/span><span class=\"_fadeIn_m1hgl_8\">el <\/span><span class=\"_fadeIn_m1hgl_8\">futuro <\/span><span class=\"_fadeIn_m1hgl_8\">del <\/span><span class=\"_fadeIn_m1hgl_8\">veh\u00edculo <\/span><span class=\"_fadeIn_m1hgl_8\">el\u00e9ctrico <\/span><span class=\"_fadeIn_m1hgl_8\">marc\u00f3 <\/span><span class=\"_fadeIn_m1hgl_8\">el <\/span><span class=\"_fadeIn_m1hgl_8\">tramo <\/span><span class=\"_fadeIn_m1hgl_8\">final <\/span><span class=\"_fadeIn_m1hgl_8\">del <\/span><span class=\"_fadeIn_m1hgl_8\">encuentro. \u201c<\/span><span class=\"_fadeIn_m1hgl_8\">El <\/span><span class=\"_fadeIn_m1hgl_8\">modelo <\/span><span class=\"_fadeIn_m1hgl_8\">actual <\/span><span class=\"_fadeIn_m1hgl_8\">del <\/span><span class=\"_fadeIn_m1hgl_8\">coche <\/span><span class=\"_fadeIn_m1hgl_8\">el\u00e9ctrico <\/span><span class=\"_fadeIn_m1hgl_8\">en <\/span><span class=\"_fadeIn_m1hgl_8\">Europa <\/span><span class=\"_fadeIn_m1hgl_8\">es <\/span><span class=\"_fadeIn_m1hgl_8\">insostenible <\/span><span class=\"_fadeIn_m1hgl_8\">porque <\/span><span class=\"_fadeIn_m1hgl_8\">su <\/span><span class=\"_fadeIn_m1hgl_8\">cadena <\/span><span class=\"_fadeIn_m1hgl_8\">de <\/span><span class=\"_fadeIn_m1hgl_8\">valor <\/span><span class=\"_fadeIn_m1hgl_8\">depende, <\/span><span class=\"_fadeIn_m1hgl_8\">en <\/span><span class=\"_fadeIn_m1hgl_8\">gran <\/span><span class=\"_fadeIn_m1hgl_8\">medida, <\/span><span class=\"_fadeIn_m1hgl_8\">de <\/span><span class=\"_fadeIn_m1hgl_8\">China\u201d, <\/span><span class=\"_fadeIn_m1hgl_8\">advert\u00eda <\/span><span class=\"_fadeIn_m1hgl_8\">S\u00e1nchez, <\/span><span class=\"_fadeIn_m1hgl_8\">quien <\/span><span class=\"_fadeIn_m1hgl_8\">apel\u00f3 <\/span><span class=\"_fadeIn_m1hgl_8\">nuevamente <\/span><span class=\"_fadeIn_m1hgl_8\">al <\/span><span class=\"_fadeIn_m1hgl_8\">sentido <\/span><span class=\"_fadeIn_m1hgl_8\">com\u00fan \u201c<\/span><span class=\"_fadeIn_m1hgl_8\">si <\/span><span class=\"_fadeIn_m1hgl_8\">no <\/span><span class=\"_fadeIn_m1hgl_8\">queremos <\/span><span class=\"_fadeIn_m1hgl_8\">que <\/span><span class=\"_fadeIn_m1hgl_8\">se <\/span><span class=\"_fadeIn_m1hgl_8\">destruya <\/span><span class=\"_fadeIn_m1hgl_8\">el <\/span><span class=\"_fadeIn_m1hgl_8\">sector\u201d.<\/span><\/p>\n<p data-start=\"3173\" data-end=\"3674\"><span class=\"_fadeIn_m1hgl_8\">Precisamente <\/span><span class=\"_fadeIn_m1hgl_8\">para <\/span><span class=\"_fadeIn_m1hgl_8\">afrontar <\/span><span class=\"_fadeIn_m1hgl_8\">estos <\/span><span class=\"_fadeIn_m1hgl_8\">y <\/span><span class=\"_fadeIn_m1hgl_8\">otros <\/span><span class=\"_fadeIn_m1hgl_8\">dilemas <\/span><span class=\"_fadeIn_m1hgl_8\">ambientales, <\/span><span class=\"_fadeIn_m1hgl_8\">Mar\u00eda <\/span><span class=\"_fadeIn_m1hgl_8\">Luisa <\/span><span class=\"_fadeIn_m1hgl_8\">L\u00f3pez-<\/span><span class=\"_fadeIn_m1hgl_8\">Tola <\/span><span class=\"_fadeIn_m1hgl_8\">anim\u00f3 <\/span><span class=\"_fadeIn_m1hgl_8\">a <\/span><span class=\"_fadeIn_m1hgl_8\">los <\/span><span class=\"_fadeIn_m1hgl_8\">estudiantes <\/span><span class=\"_fadeIn_m1hgl_8\">a <\/span><span class=\"_fadeIn_m1hgl_8\">liderar <\/span><span class=\"_fadeIn_m1hgl_8\">la <\/span><span class=\"_fadeIn_m1hgl_8\">transformaci\u00f3n sostenible <\/span><span class=\"_fadeIn_m1hgl_8\">urbana <\/span><span class=\"_fadeIn_m1hgl_8\">desde <\/span><span class=\"_fadeIn_m1hgl_8\">un <\/span><span class=\"_fadeIn_m1hgl_8\">enfoque <\/span><span class=\"_fadeIn_m1hgl_8\">social, <\/span><span class=\"_fadeIn_m1hgl_8\">ambiental <\/span><span class=\"_fadeIn_m1hgl_8\">y <\/span><span class=\"_fadeIn_m1hgl_8\">econ\u00f3mico. \u201c<\/span><span class=\"_fadeIn_m1hgl_8\">La <\/span><span class=\"_fadeIn_m1hgl_8\">tecnolog\u00eda <\/span><span class=\"_fadeIn_m1hgl_8\">est\u00e1 <\/span><span class=\"_fadeIn_m1hgl_8\">redefiniendo <\/span><span class=\"_fadeIn_m1hgl_8\">la <\/span><span class=\"_fadeIn_m1hgl_8\">vida <\/span><span class=\"_fadeIn_m1hgl_8\">urbana <\/span><span class=\"_fadeIn_m1hgl_8\">y <\/span><span class=\"_fadeIn_m1hgl_8\">est\u00e1 <\/span><span class=\"_fadeIn_m1hgl_8\">demostrado <\/span><span class=\"_fadeIn_m1hgl_8\">que <\/span><span class=\"_fadeIn_m1hgl_8\">las <\/span><span class=\"_fadeIn_m1hgl_8\">ciudades <\/span><span class=\"_fadeIn_m1hgl_8\">inteligentes <\/span><span class=\"_fadeIn_m1hgl_8\">mejoran <\/span><span class=\"_fadeIn_m1hgl_8\">significativamente <\/span><span class=\"_fadeIn_m1hgl_8\">la <\/span><span class=\"_fadeIn_m1hgl_8\">calidad <\/span><span class=\"_fadeIn_m1hgl_8\">de <\/span><span class=\"_fadeIn_m1hgl_8\">vida <\/span><span class=\"_fadeIn_m1hgl_8\">y <\/span><span class=\"_fadeIn_m1hgl_8\">la <\/span><span class=\"_fadeIn_m1hgl_8\">experiencia <\/span><span class=\"_fadeIn_m1hgl_8\">de <\/span><span class=\"_fadeIn_m1hgl_8\">sus <\/span><span class=\"_fadeIn_m1hgl_8\">habitantes\u201d, <\/span><span class=\"_fadeIn_m1hgl_8\">se\u00f1al\u00f3. <\/span><span class=\"_fadeIn_m1hgl_8\">Eso <\/span><span class=\"_fadeIn_m1hgl_8\">s\u00ed, <\/span><span class=\"_fadeIn_m1hgl_8\">aunque <\/span><span class=\"_fadeIn_m1hgl_8\">la <\/span><span class=\"_fadeIn_m1hgl_8\">tecnolog\u00eda <\/span><span class=\"_fadeIn_m1hgl_8\">sea <\/span><span class=\"_fadeIn_m1hgl_8\">una <\/span><span class=\"_fadeIn_m1hgl_8\">aliada, <\/span><span class=\"_fadeIn_m1hgl_8\">concluy\u00f3, \u201c<\/span><span class=\"_fadeIn_m1hgl_8\">la <\/span><span class=\"_fadeIn_m1hgl_8\">responsabilidad <\/span><span class=\"_fadeIn_m1hgl_8\">de <\/span><span class=\"_fadeIn_m1hgl_8\">construir <\/span><span class=\"_fadeIn_m1hgl_8\">ciudades <\/span><span class=\"_fadeIn_m1hgl_8\">m\u00e1s <\/span><span class=\"_fadeIn_m1hgl_8\">humanas <\/span><span class=\"_fadeIn_m1hgl_8\">es <\/span><span class=\"_fadeIn_m1hgl_8\">de <\/span><span class=\"_fadeIn_m1hgl_8\">todos\u201d.<\/span><\/p>\n<p data-start=\"3173\" data-end=\"3674\"><em>Texto: Pablo Mart\u00ednez Dorado \/ Fotograf\u00edas: Zaida del R\u00edo<\/em><\/p>\n","protected":false},"excerpt":{"rendered":"<p>La III Jornada de Sostenibilidad gir\u00f3 en torno a los desaf\u00edos sostenibles del sector urbano y de la automoci\u00f3n.<\/p>\n","protected":false},"author":324,"featured_media":97714,"comment_status":"open","ping_status":"open","sticky":false,"template":"","format":"standard","meta":{"_acf_changed":false,"_monsterinsights_skip_tracking":false,"_monsterinsights_sitenote_active":false,"_monsterinsights_sitenote_note":"","_monsterinsights_sitenote_category":0,"footnotes":""},"categories":[3053],"tags":[3124,6399,6048,4566,6400],"acf":[],"yoast_head":"<!-- This site is optimized with the Yoast SEO plugin v22.1 - https:\/\/yoast.com\/wordpress\/plugins\/seo\/ -->\n<title>Expertos apelan a la responsabilidad colectiva y al sentido com\u00fan para construir ciudades m\u00e1s sostenibles - Actualidad Nebrija<\/title>\n<meta name=\"description\" content=\"La Universidad Nebrija celebr\u00f3 la III Jornada de Sostenibilidad en el Campus de la Polit\u00e9cnica y Ciencias Sociales en Madrid-Princesa.\" \/>\n<meta name=\"robots\" content=\"index, follow, max-snippet:-1, max-image-preview:large, max-video-preview:-1\" \/>\n<link rel=\"canonical\" href=\"https:\/\/www.nebrija.com\/medios\/actualidadnebrija\/2025\/05\/13\/expertos-apela-responsabilidad-colectiva-sentido-comun-ciudades-mas-sostenibles\/\" \/>\n<meta property=\"og:locale\" content=\"es_ES\" \/>\n<meta property=\"og:type\" content=\"article\" \/>\n<meta property=\"og:title\" content=\"Expertos apelan a la responsabilidad colectiva y al sentido com\u00fan para construir ciudades m\u00e1s sostenibles - Actualidad Nebrija\" \/>\n<meta property=\"og:description\" content=\"La Universidad Nebrija celebr\u00f3 la III Jornada de Sostenibilidad en el Campus de la Polit\u00e9cnica y Ciencias Sociales en Madrid-Princesa.\" \/>\n<meta property=\"og:url\" content=\"https:\/\/www.nebrija.com\/medios\/actualidadnebrija\/2025\/05\/13\/expertos-apela-responsabilidad-colectiva-sentido-comun-ciudades-mas-sostenibles\/\" \/>\n<meta property=\"og:site_name\" content=\"Actualidad Nebrija\" \/>\n<meta property=\"article:published_time\" content=\"2025-05-13T14:50:39+00:00\" \/>\n<meta property=\"article:modified_time\" content=\"2025-05-13T15:35:25+00:00\" \/>\n<meta property=\"og:image\" content=\"https:\/\/www.nebrija.com\/medios\/actualidadnebrija\/wp-content\/uploads\/sites\/2\/2025\/05\/DSC06913.jpg\" \/>\n\t<meta property=\"og:image:width\" content=\"1100\" \/>\n\t<meta property=\"og:image:height\" content=\"734\" \/>\n\t<meta property=\"og:image:type\" content=\"image\/jpeg\" \/>\n<meta name=\"author\" content=\"Pablo Mart\u00ednez Dorado\" \/>\n<meta name=\"twitter:card\" content=\"summary_large_image\" \/>\n<meta name=\"twitter:label1\" content=\"Escrito por\" \/>\n\t<meta name=\"twitter:data1\" content=\"Pablo Mart\u00ednez Dorado\" \/>\n\t<meta name=\"twitter:label2\" content=\"Tiempo de lectura\" \/>\n\t<meta name=\"twitter:data2\" content=\"3 minutos\" \/>\n<!-- \/ Yoast SEO plugin. -->","yoast_head_json":{"title":"Expertos apelan a la responsabilidad colectiva y al sentido com\u00fan para construir ciudades m\u00e1s sostenibles - Actualidad Nebrija","description":"La Universidad Nebrija celebr\u00f3 la III Jornada de Sostenibilidad en el Campus de la Polit\u00e9cnica y Ciencias Sociales en Madrid-Princesa.","robots":{"index":"index","follow":"follow","max-snippet":"max-snippet:-1","max-image-preview":"max-image-preview:large","max-video-preview":"max-video-preview:-1"},"canonical":"https:\/\/www.nebrija.com\/medios\/actualidadnebrija\/2025\/05\/13\/expertos-apela-responsabilidad-colectiva-sentido-comun-ciudades-mas-sostenibles\/","og_locale":"es_ES","og_type":"article","og_title":"Expertos apelan a la responsabilidad colectiva y al sentido com\u00fan para construir ciudades m\u00e1s sostenibles - Actualidad Nebrija","og_description":"La Universidad Nebrija celebr\u00f3 la III Jornada de Sostenibilidad en el Campus de la Polit\u00e9cnica y Ciencias Sociales en Madrid-Princesa.","og_url":"https:\/\/www.nebrija.com\/medios\/actualidadnebrija\/2025\/05\/13\/expertos-apela-responsabilidad-colectiva-sentido-comun-ciudades-mas-sostenibles\/","og_site_name":"Actualidad Nebrija","article_published_time":"2025-05-13T14:50:39+00:00","article_modified_time":"2025-05-13T15:35:25+00:00","og_image":[{"width":1100,"height":734,"url":"https:\/\/www.nebrija.com\/medios\/actualidadnebrija\/wp-content\/uploads\/sites\/2\/2025\/05\/DSC06913.jpg","type":"image\/jpeg"}],"author":"Pablo Mart\u00ednez Dorado","twitter_card":"summary_large_image","twitter_misc":{"Escrito por":"Pablo Mart\u00ednez Dorado","Tiempo de lectura":"3 minutos"},"schema":{"@context":"https:\/\/schema.org","@graph":[{"@type":"WebPage","@id":"https:\/\/www.nebrija.com\/medios\/actualidadnebrija\/2025\/05\/13\/expertos-apela-responsabilidad-colectiva-sentido-comun-ciudades-mas-sostenibles\/","url":"https:\/\/www.nebrija.com\/medios\/actualidadnebrija\/2025\/05\/13\/expertos-apela-responsabilidad-colectiva-sentido-comun-ciudades-mas-sostenibles\/","name":"Expertos apelan a la responsabilidad colectiva y al sentido com\u00fan para construir ciudades m\u00e1s sostenibles - Actualidad Nebrija","isPartOf":{"@id":"https:\/\/www.nebrija.com\/medios\/actualidadnebrija\/#website"},"datePublished":"2025-05-13T14:50:39+00:00","dateModified":"2025-05-13T15:35:25+00:00","author":{"@id":"https:\/\/www.nebrija.com\/medios\/actualidadnebrija\/#\/schema\/person\/290b7d822a0b963cb48331d739d707ac"},"description":"La Universidad Nebrija celebr\u00f3 la III Jornada de Sostenibilidad en el Campus de la Polit\u00e9cnica y Ciencias Sociales en Madrid-Princesa.","breadcrumb":{"@id":"https:\/\/www.nebrija.com\/medios\/actualidadnebrija\/2025\/05\/13\/expertos-apela-responsabilidad-colectiva-sentido-comun-ciudades-mas-sostenibles\/#breadcrumb"},"inLanguage":"es","potentialAction":[{"@type":"ReadAction","target":["https:\/\/www.nebrija.com\/medios\/actualidadnebrija\/2025\/05\/13\/expertos-apela-responsabilidad-colectiva-sentido-comun-ciudades-mas-sostenibles\/"]}]},{"@type":"BreadcrumbList","@id":"https:\/\/www.nebrija.com\/medios\/actualidadnebrija\/2025\/05\/13\/expertos-apela-responsabilidad-colectiva-sentido-comun-ciudades-mas-sostenibles\/#breadcrumb","itemListElement":[{"@type":"ListItem","position":1,"name":"Home","item":"https:\/\/www.nebrija.com\/medios\/actualidadnebrija\/"},{"@type":"ListItem","position":2,"name":"Expertos apelan a la responsabilidad colectiva y al sentido com\u00fan para construir ciudades m\u00e1s sostenibles"}]},{"@type":"WebSite","@id":"https:\/\/www.nebrija.com\/medios\/actualidadnebrija\/#website","url":"https:\/\/www.nebrija.com\/medios\/actualidadnebrija\/","name":"Actualidad Nebrija","description":"Noticias de la Universidad Nebrija","potentialAction":[{"@type":"SearchAction","target":{"@type":"EntryPoint","urlTemplate":"https:\/\/www.nebrija.com\/medios\/actualidadnebrija\/?s={search_term_string}"},"query-input":"required name=search_term_string"}],"inLanguage":"es"},{"@type":"Person","@id":"https:\/\/www.nebrija.com\/medios\/actualidadnebrija\/#\/schema\/person\/290b7d822a0b963cb48331d739d707ac","name":"Pablo Mart\u00ednez Dorado","image":{"@type":"ImageObject","inLanguage":"es","@id":"https:\/\/www.nebrija.com\/medios\/actualidadnebrija\/#\/schema\/person\/image\/","url":"https:\/\/secure.gravatar.com\/avatar\/f00fb483227a6b51bb604b861e785163?s=96&d=mm&r=g","contentUrl":"https:\/\/secure.gravatar.com\/avatar\/f00fb483227a6b51bb604b861e785163?s=96&d=mm&r=g","caption":"Pablo Mart\u00ednez Dorado"},"url":"https:\/\/www.nebrija.com\/medios\/actualidadnebrija\/author\/pmartinezd\/"}]}},"_links":{"self":[{"href":"https:\/\/www.nebrija.com\/medios\/actualidadnebrija\/wp-json\/wp\/v2\/posts\/97712"}],"collection":[{"href":"https:\/\/www.nebrija.com\/medios\/actualidadnebrija\/wp-json\/wp\/v2\/posts"}],"about":[{"href":"https:\/\/www.nebrija.com\/medios\/actualidadnebrija\/wp-json\/wp\/v2\/types\/post"}],"author":[{"embeddable":true,"href":"https:\/\/www.nebrija.com\/medios\/actualidadnebrija\/wp-json\/wp\/v2\/users\/324"}],"replies":[{"embeddable":true,"href":"https:\/\/www.nebrija.com\/medios\/actualidadnebrija\/wp-json\/wp\/v2\/comments?post=97712"}],"version-history":[{"count":5,"href":"https:\/\/www.nebrija.com\/medios\/actualidadnebrija\/wp-json\/wp\/v2\/posts\/97712\/revisions"}],"predecessor-version":[{"id":97721,"href":"https:\/\/www.nebrija.com\/medios\/actualidadnebrija\/wp-json\/wp\/v2\/posts\/97712\/revisions\/97721"}],"wp:featuredmedia":[{"embeddable":true,"href":"https:\/\/www.nebrija.com\/medios\/actualidadnebrija\/wp-json\/wp\/v2\/media\/97714"}],"wp:attachment":[{"href":"https:\/\/www.nebrija.com\/medios\/actualidadnebrija\/wp-json\/wp\/v2\/media?parent=97712"}],"wp:term":[{"taxonomy":"category","embeddable":true,"href":"https:\/\/www.nebrija.com\/medios\/actualidadnebrija\/wp-json\/wp\/v2\/categories?post=97712"},{"taxonomy":"post_tag","embeddable":true,"href":"https:\/\/www.nebrija.com\/medios\/actualidadnebrija\/wp-json\/wp\/v2\/tags?post=97712"}],"curies":[{"name":"wp","href":"https:\/\/api.w.org\/{rel}","templated":true}]}}