{"id":98203,"date":"2025-06-11T12:55:49","date_gmt":"2025-06-11T10:55:49","guid":{"rendered":"https:\/\/www.nebrija.com\/medios\/actualidadnebrija\/?p=98203"},"modified":"2025-06-11T12:55:49","modified_gmt":"2025-06-11T10:55:49","slug":"alumnos-derecho-relaciones-internacionales-visitan-instituciones-union-europea","status":"publish","type":"post","link":"https:\/\/www.nebrija.com\/medios\/actualidadnebrija\/2025\/06\/11\/alumnos-derecho-relaciones-internacionales-visitan-instituciones-union-europea\/","title":{"rendered":"Los alumnos de la Facultad de Derecho y de Relaciones Internacionales visitan las instituciones de la UE"},"content":{"rendered":"<p>Entre el 3 y el 5 de junio un grupo de 21 alumnos de grado de la <a href=\"https:\/\/www.nebrija.com\/la_universidad\/facultades\/facultad-derecho-relaciones-internacionales\/\">Facultad de Derecho y de Relaciones Internacionales<\/a> viajaron a Bruselas para visitar las instituciones de la Uni\u00f3n Europea acompa\u00f1ados de los profesores Carlos L\u00f3pez G\u00f3mez y Manuel Mar\u00edn Gast\u00f3n, del Departamento de Relaciones Internacionales, y Luis Armando Garc\u00eda Segura, del Departamento de Derecho.<\/p>\n<p>El viaje fue sufragado por el <a href=\"https:\/\/www.europarl.europa.eu\/portal\/es\">Parlamento Europeo<\/a> y se produjo por invitaci\u00f3n de la eurodiputada espa\u00f1ola Margarita de la Pisa. Los alumnos mantuvieron un encuentro con la eurodiputada y varios funcionarios del Parlamento Europeo, en que se habl\u00f3 del papel y el funcionamiento de las distintas instituciones de la Uni\u00f3n, y tuvieron ocasi\u00f3n de conocer el hemiciclo y otras instalaciones, as\u00ed como presenciar una votaci\u00f3n en la Comisi\u00f3n de Medio Ambiente.<\/p>\n<p><a href=\"https:\/\/www.nebrija.com\/medios\/actualidadnebrija\/wp-content\/uploads\/sites\/2\/2025\/06\/Visita-UE-Nebrija-1.jpg\"><img loading=\"lazy\" decoding=\"async\" class=\"aligncenter size-full wp-image-98204\" src=\"https:\/\/www.nebrija.com\/medios\/actualidadnebrija\/wp-content\/uploads\/sites\/2\/2025\/06\/Visita-UE-Nebrija-1.jpg\" alt=\"\" width=\"1100\" height=\"825\" \/><\/a><\/p>\n<h3><strong>Casa de la Historia Europea<\/strong><\/h3>\n<p>Asimismo, los alumnos visitaron la <a href=\"https:\/\/visiting.europarl.europa.eu\/es\/visitor-offer\/brussels\/house-of-european-history\">Casa de la Historia Europea<\/a>, un museo inaugurado en 2017 que recorre la historia contempor\u00e1nea de Europa, con particular atenci\u00f3n al proceso de integraci\u00f3n europea. Tambi\u00e9n estuvieron en las instalaciones de la <a href=\"https:\/\/commission.europa.eu\/index_es\">Comisi\u00f3n Europea<\/a> en el palacio Berlaymont de la mano de la funcionaria de la Direcci\u00f3n General de Comunicaci\u00f3n de la Comisi\u00f3n Ana Gonzales, quien les habl\u00f3 de la pol\u00edtica de comunicaci\u00f3n de la Comisi\u00f3n y sus relaciones con los periodistas acreditados en Bruselas.<\/p>\n<p>La visita de alumnos de la Facultad de Derecho y Relaciones Internacionales a las instituciones de la UE en Bruselas se viene realizando cada a\u00f1o desde 2011 y ha demostrado ser una experiencia altamente educativa y gratificante para los estudiantes. Los alumnos participan previamente en un seminario impartido por los profesores Adela Alija, Gracia Abad y Carlos L\u00f3pez G\u00f3mez, del Departamento de Relaciones Internacionales, y en un proceso selectivo para asegurar un mejor aprovechamiento del viaje.<\/p>\n\n\t\t<style type=\"text\/css\">\n\t\t\t#gallery-1 {\n\t\t\t\tmargin: auto;\n\t\t\t}\n\t\t\t#gallery-1 .gallery-item {\n\t\t\t\tfloat: left;\n\t\t\t\tmargin-top: 10px;\n\t\t\t\ttext-align: center;\n\t\t\t\twidth: 33%;\n\t\t\t}\n\t\t\t#gallery-1 img {\n\t\t\t\tborder: 2px solid #cfcfcf;\n\t\t\t}\n\t\t\t#gallery-1 .gallery-caption {\n\t\t\t\tmargin-left: 0;\n\t\t\t}\n\t\t\t\/* see gallery_shortcode() in wp-includes\/media.php *\/\n\t\t<\/style>\n\t\t<div id='gallery-1' class='gallery galleryid-98203 gallery-columns-3 gallery-size-thumbnail'><dl class='gallery-item'>\n\t\t\t<dt class='gallery-icon landscape'>\n\t\t\t\t<a href='https:\/\/www.nebrija.com\/medios\/actualidadnebrija\/wp-content\/uploads\/sites\/2\/2025\/06\/Visita-UE-Nebrija-4.jpg'><img loading=\"lazy\" decoding=\"async\" width=\"150\" height=\"113\" src=\"https:\/\/www.nebrija.com\/medios\/actualidadnebrija\/wp-content\/uploads\/sites\/2\/2025\/06\/Visita-UE-Nebrija-4-150x113.jpg\" class=\"attachment-thumbnail size-thumbnail\" alt=\"\" \/><\/a>\n\t\t\t<\/dt><\/dl><dl class='gallery-item'>\n\t\t\t<dt class='gallery-icon landscape'>\n\t\t\t\t<a href='https:\/\/www.nebrija.com\/medios\/actualidadnebrija\/wp-content\/uploads\/sites\/2\/2025\/06\/Visita-UE-Nebrija-3.jpg'><img loading=\"lazy\" decoding=\"async\" width=\"150\" height=\"84\" src=\"https:\/\/www.nebrija.com\/medios\/actualidadnebrija\/wp-content\/uploads\/sites\/2\/2025\/06\/Visita-UE-Nebrija-3-150x84.jpg\" class=\"attachment-thumbnail size-thumbnail\" alt=\"\" \/><\/a>\n\t\t\t<\/dt><\/dl><dl class='gallery-item'>\n\t\t\t<dt class='gallery-icon landscape'>\n\t\t\t\t<a href='https:\/\/www.nebrija.com\/medios\/actualidadnebrija\/wp-content\/uploads\/sites\/2\/2025\/06\/Visita-UE-Nebrija-2.jpg'><img loading=\"lazy\" decoding=\"async\" width=\"150\" height=\"113\" src=\"https:\/\/www.nebrija.com\/medios\/actualidadnebrija\/wp-content\/uploads\/sites\/2\/2025\/06\/Visita-UE-Nebrija-2-150x113.jpg\" class=\"attachment-thumbnail size-thumbnail\" alt=\"\" \/><\/a>\n\t\t\t<\/dt><\/dl><br style=\"clear: both\" \/>\n\t\t<\/div>\n\n","protected":false},"excerpt":{"rendered":"<p>Los profesores Carlos L\u00f3pez G\u00f3mez, Manuel Mar\u00edn Gast\u00f3n y Luis Garc\u00eda Segura encabezan la comitiva de Nebrija.<\/p>\n","protected":false},"author":326,"featured_media":98208,"comment_status":"open","ping_status":"open","sticky":false,"template":"","format":"standard","meta":{"_acf_changed":false,"_monsterinsights_skip_tracking":false,"_monsterinsights_sitenote_active":false,"_monsterinsights_sitenote_note":"","_monsterinsights_sitenote_category":0,"footnotes":""},"categories":[3,5016],"tags":[3630,4853,5319,4649,4694,4852,4771,6451,4389,4388],"acf":[],"yoast_head":"<!-- This site is optimized with the Yoast SEO plugin v22.1 - https:\/\/yoast.com\/wordpress\/plugins\/seo\/ -->\n<title>Los alumnos de la Facultad de Derecho y de Relaciones Internacionales visitan las instituciones de la UE - Actualidad Nebrija<\/title>\n<meta name=\"description\" content=\"Los alumnos de la Facultad de Derecho y de Relaciones Internacionales visitan las instituciones de la Uni\u00f3n Europea.\" \/>\n<meta name=\"robots\" content=\"index, follow, max-snippet:-1, max-image-preview:large, max-video-preview:-1\" \/>\n<link rel=\"canonical\" href=\"https:\/\/www.nebrija.com\/medios\/actualidadnebrija\/2025\/06\/11\/alumnos-derecho-relaciones-internacionales-visitan-instituciones-union-europea\/\" \/>\n<meta property=\"og:locale\" content=\"es_ES\" \/>\n<meta property=\"og:type\" content=\"article\" \/>\n<meta property=\"og:title\" content=\"Los alumnos de la Facultad de Derecho y de Relaciones Internacionales visitan las instituciones de la UE - Actualidad Nebrija\" \/>\n<meta property=\"og:description\" content=\"Los alumnos de la Facultad de Derecho y de Relaciones Internacionales visitan las instituciones de la Uni\u00f3n Europea.\" \/>\n<meta property=\"og:url\" content=\"https:\/\/www.nebrija.com\/medios\/actualidadnebrija\/2025\/06\/11\/alumnos-derecho-relaciones-internacionales-visitan-instituciones-union-europea\/\" \/>\n<meta property=\"og:site_name\" content=\"Actualidad Nebrija\" \/>\n<meta property=\"article:published_time\" content=\"2025-06-11T10:55:49+00:00\" \/>\n<meta property=\"og:image\" content=\"https:\/\/www.nebrija.com\/medios\/actualidadnebrija\/wp-content\/uploads\/sites\/2\/2025\/06\/Visita-UE-Nebrija-5.jpg\" \/>\n\t<meta property=\"og:image:width\" content=\"1100\" \/>\n\t<meta property=\"og:image:height\" content=\"619\" \/>\n\t<meta property=\"og:image:type\" content=\"image\/jpeg\" \/>\n<meta name=\"author\" content=\"jpicos\" \/>\n<meta name=\"twitter:card\" content=\"summary_large_image\" \/>\n<meta name=\"twitter:label1\" content=\"Escrito por\" \/>\n\t<meta name=\"twitter:data1\" content=\"jpicos\" \/>\n\t<meta name=\"twitter:label2\" content=\"Tiempo de lectura\" \/>\n\t<meta name=\"twitter:data2\" content=\"2 minutos\" \/>\n<!-- \/ Yoast SEO plugin. -->","yoast_head_json":{"title":"Los alumnos de la Facultad de Derecho y de Relaciones Internacionales visitan las instituciones de la UE - Actualidad Nebrija","description":"Los alumnos de la Facultad de Derecho y de Relaciones Internacionales visitan las instituciones de la Uni\u00f3n Europea.","robots":{"index":"index","follow":"follow","max-snippet":"max-snippet:-1","max-image-preview":"max-image-preview:large","max-video-preview":"max-video-preview:-1"},"canonical":"https:\/\/www.nebrija.com\/medios\/actualidadnebrija\/2025\/06\/11\/alumnos-derecho-relaciones-internacionales-visitan-instituciones-union-europea\/","og_locale":"es_ES","og_type":"article","og_title":"Los alumnos de la Facultad de Derecho y de Relaciones Internacionales visitan las instituciones de la UE - Actualidad Nebrija","og_description":"Los alumnos de la Facultad de Derecho y de Relaciones Internacionales visitan las instituciones de la Uni\u00f3n Europea.","og_url":"https:\/\/www.nebrija.com\/medios\/actualidadnebrija\/2025\/06\/11\/alumnos-derecho-relaciones-internacionales-visitan-instituciones-union-europea\/","og_site_name":"Actualidad Nebrija","article_published_time":"2025-06-11T10:55:49+00:00","og_image":[{"width":1100,"height":619,"url":"https:\/\/www.nebrija.com\/medios\/actualidadnebrija\/wp-content\/uploads\/sites\/2\/2025\/06\/Visita-UE-Nebrija-5.jpg","type":"image\/jpeg"}],"author":"jpicos","twitter_card":"summary_large_image","twitter_misc":{"Escrito por":"jpicos","Tiempo de lectura":"2 minutos"},"schema":{"@context":"https:\/\/schema.org","@graph":[{"@type":"WebPage","@id":"https:\/\/www.nebrija.com\/medios\/actualidadnebrija\/2025\/06\/11\/alumnos-derecho-relaciones-internacionales-visitan-instituciones-union-europea\/","url":"https:\/\/www.nebrija.com\/medios\/actualidadnebrija\/2025\/06\/11\/alumnos-derecho-relaciones-internacionales-visitan-instituciones-union-europea\/","name":"Los alumnos de la Facultad de Derecho y de Relaciones Internacionales visitan las instituciones de la UE - Actualidad Nebrija","isPartOf":{"@id":"https:\/\/www.nebrija.com\/medios\/actualidadnebrija\/#website"},"datePublished":"2025-06-11T10:55:49+00:00","dateModified":"2025-06-11T10:55:49+00:00","author":{"@id":"https:\/\/www.nebrija.com\/medios\/actualidadnebrija\/#\/schema\/person\/0cd40b7dd3f54459e2cfc009dbd255c6"},"description":"Los alumnos de la Facultad de Derecho y de Relaciones Internacionales visitan las instituciones de la Uni\u00f3n Europea.","breadcrumb":{"@id":"https:\/\/www.nebrija.com\/medios\/actualidadnebrija\/2025\/06\/11\/alumnos-derecho-relaciones-internacionales-visitan-instituciones-union-europea\/#breadcrumb"},"inLanguage":"es","potentialAction":[{"@type":"ReadAction","target":["https:\/\/www.nebrija.com\/medios\/actualidadnebrija\/2025\/06\/11\/alumnos-derecho-relaciones-internacionales-visitan-instituciones-union-europea\/"]}]},{"@type":"BreadcrumbList","@id":"https:\/\/www.nebrija.com\/medios\/actualidadnebrija\/2025\/06\/11\/alumnos-derecho-relaciones-internacionales-visitan-instituciones-union-europea\/#breadcrumb","itemListElement":[{"@type":"ListItem","position":1,"name":"Home","item":"https:\/\/www.nebrija.com\/medios\/actualidadnebrija\/"},{"@type":"ListItem","position":2,"name":"Los alumnos de la Facultad de Derecho y de Relaciones Internacionales visitan las instituciones de la UE"}]},{"@type":"WebSite","@id":"https:\/\/www.nebrija.com\/medios\/actualidadnebrija\/#website","url":"https:\/\/www.nebrija.com\/medios\/actualidadnebrija\/","name":"Actualidad Nebrija","description":"Noticias de la Universidad Nebrija","potentialAction":[{"@type":"SearchAction","target":{"@type":"EntryPoint","urlTemplate":"https:\/\/www.nebrija.com\/medios\/actualidadnebrija\/?s={search_term_string}"},"query-input":"required name=search_term_string"}],"inLanguage":"es"},{"@type":"Person","@id":"https:\/\/www.nebrija.com\/medios\/actualidadnebrija\/#\/schema\/person\/0cd40b7dd3f54459e2cfc009dbd255c6","name":"jpicos","image":{"@type":"ImageObject","inLanguage":"es","@id":"https:\/\/www.nebrija.com\/medios\/actualidadnebrija\/#\/schema\/person\/image\/","url":"https:\/\/secure.gravatar.com\/avatar\/c4a1005cff3fd9bb5185e9671f4f3e9b?s=96&d=mm&r=g","contentUrl":"https:\/\/secure.gravatar.com\/avatar\/c4a1005cff3fd9bb5185e9671f4f3e9b?s=96&d=mm&r=g","caption":"jpicos"},"url":"https:\/\/www.nebrija.com\/medios\/actualidadnebrija\/author\/jpicos\/"}]}},"_links":{"self":[{"href":"https:\/\/www.nebrija.com\/medios\/actualidadnebrija\/wp-json\/wp\/v2\/posts\/98203"}],"collection":[{"href":"https:\/\/www.nebrija.com\/medios\/actualidadnebrija\/wp-json\/wp\/v2\/posts"}],"about":[{"href":"https:\/\/www.nebrija.com\/medios\/actualidadnebrija\/wp-json\/wp\/v2\/types\/post"}],"author":[{"embeddable":true,"href":"https:\/\/www.nebrija.com\/medios\/actualidadnebrija\/wp-json\/wp\/v2\/users\/326"}],"replies":[{"embeddable":true,"href":"https:\/\/www.nebrija.com\/medios\/actualidadnebrija\/wp-json\/wp\/v2\/comments?post=98203"}],"version-history":[{"count":1,"href":"https:\/\/www.nebrija.com\/medios\/actualidadnebrija\/wp-json\/wp\/v2\/posts\/98203\/revisions"}],"predecessor-version":[{"id":98209,"href":"https:\/\/www.nebrija.com\/medios\/actualidadnebrija\/wp-json\/wp\/v2\/posts\/98203\/revisions\/98209"}],"wp:featuredmedia":[{"embeddable":true,"href":"https:\/\/www.nebrija.com\/medios\/actualidadnebrija\/wp-json\/wp\/v2\/media\/98208"}],"wp:attachment":[{"href":"https:\/\/www.nebrija.com\/medios\/actualidadnebrija\/wp-json\/wp\/v2\/media?parent=98203"}],"wp:term":[{"taxonomy":"category","embeddable":true,"href":"https:\/\/www.nebrija.com\/medios\/actualidadnebrija\/wp-json\/wp\/v2\/categories?post=98203"},{"taxonomy":"post_tag","embeddable":true,"href":"https:\/\/www.nebrija.com\/medios\/actualidadnebrija\/wp-json\/wp\/v2\/tags?post=98203"}],"curies":[{"name":"wp","href":"https:\/\/api.w.org\/{rel}","templated":true}]}}