{"id":98437,"date":"2025-06-27T09:56:34","date_gmt":"2025-06-27T07:56:34","guid":{"rendered":"https:\/\/www.nebrija.com\/medios\/actualidadnebrija\/?p=98437"},"modified":"2025-06-27T09:57:04","modified_gmt":"2025-06-27T07:57:04","slug":"visita-a-la-central-hidroelectrica-de-castrejon","status":"publish","type":"post","link":"https:\/\/www.nebrija.com\/medios\/actualidadnebrija\/2025\/06\/27\/visita-a-la-central-hidroelectrica-de-castrejon\/","title":{"rendered":"Visita a la central hidroel\u00e9ctrica de Castrej\u00f3n"},"content":{"rendered":"<p>Los alumnos participantes en la VII Semana de Iniciaci\u00f3n a la Investigaci\u00f3n, organizada por la <a href=\"https:\/\/www.nebrija.com\/catedras\/catedra-recuperacion-energia-transporte-superficie\/\" target=\"_blank\" rel=\"noopener\">C\u00e1tedra Global Nebrija en Recuperaci\u00f3n de Energ\u00eda en el Transporte de Superficie<\/a>, han visitado la central hidroel\u00e9ctrica de Castrej\u00f3n (Toledo), perteneciente a Naturgy.<\/p>\n<p>Durante la visita a Castrej\u00f3n, los alumnos pudieron conocer aspectos como las dimensiones de un generador de 20MW, el proceso de puesta en marcha de una central, qu\u00e9 es lo que decide que esa central deba pararse o arrancarse, los rigurosos controles e inspecciones que han de pasar, o las dificultades de compaginar, a veces, las necesidades de \u201cturbinar\u201d (hacer pasar el agua por las turbinas y generar electricidad) con las de caudales m\u00ednimos de los r\u00edos.<\/p>\n<p>Personal de Naturgy acompa\u00f1\u00f3 a los alumnos, mostr\u00e1ndoles las instalaciones (generadores, cuadros de mando, variables de control, central de transformaci\u00f3n) y respondiendo a todas las preguntas.<\/p>\n<h3>Almacenamiento y recuperaci\u00f3n de energ\u00eda<\/h3>\n<p>La visita a la central de Castrej\u00f3n se encuadra en la tem\u00e1tica de esta edici\u00f3n, centrada en el almacenamiento y posterior recuperaci\u00f3n de energ\u00eda mediante diferentes tecnolog\u00edas, y, concretamente, con volantes de inercia. La semana ha contado con la participaci\u00f3n de expertos como Ra\u00fal Garc\u00eda Posada, director de ASEALEN (<a href=\"https:\/\/asealen.es\/\" target=\"_blank\" rel=\"noopener\">Asociaci\u00f3n Espa\u00f1ola para el Almacenamiento de Energ\u00eda<\/a>), quien destac\u00f3 la importancia de un buen sistema de almacenamiento y recuperaci\u00f3n energ\u00e9tica, para que no sucedan episodios de apagones como el recientemente vivido.<\/p>\n<p>En funci\u00f3n de la tecnolog\u00eda se puede disponer de todo un abanico de posibilidades relacionadas con la cantidad de energ\u00eda almacenada y la rapidez con la que se puede disponer de ella. As\u00ed, de entre las tecnolog\u00edas utilizadas, para el reto de esta semana los alumnos van a construir una maqueta funcional de un volante de inercia. Esta tecnolog\u00eda se utiliza para almacenar energ\u00eda cuya disponibilidad tenga que ser muy r\u00e1pida y puede complementar a otras como bater\u00edas o supercondensadores.<\/p>\n<p>La energ\u00eda hidroel\u00e9ctrica, por otra parte, con sus posibilidades de bombeo y generaci\u00f3n permite sistemas de almacenamiento de importantes cantidades, aunque su disponibilidad requiere de minutos para un funcionamiento adecuado. Estas instalaciones contribuyen al sistema el\u00e9ctrico no solamente con una energ\u00eda 100 % renovable sino con una aportaci\u00f3n clave para la estabilidad de toda la red el\u00e9ctrica.<\/p>\n<p>&nbsp;<\/p>\n","protected":false},"excerpt":{"rendered":"<p>Durante la VII Semana de Iniciaci\u00f3n a la Investigaci\u00f3n, organizada por la C\u00e1tedra Global Nebrija en Recuperaci\u00f3n de Energ\u00eda en el Transporte de Superficie.<\/p>\n","protected":false},"author":1182,"featured_media":98438,"comment_status":"open","ping_status":"open","sticky":false,"template":"","format":"standard","meta":{"_acf_changed":false,"_monsterinsights_skip_tracking":false,"_monsterinsights_sitenote_active":false,"_monsterinsights_sitenote_note":"","_monsterinsights_sitenote_category":0,"footnotes":""},"categories":[3],"tags":[6317,6470,6471,6469],"acf":[],"yoast_head":"<!-- This site is optimized with the Yoast SEO plugin v22.1 - https:\/\/yoast.com\/wordpress\/plugins\/seo\/ -->\n<title>Visita a la central hidroel\u00e9ctrica de Castrej\u00f3n - Actualidad Nebrija<\/title>\n<meta name=\"description\" content=\"Los alumnos de la Universidad Nebrija visitan la central hidroel\u00e9ctrica de Castrej\u00f3n (Toledo), perteneciente a Naturgy.\" \/>\n<meta name=\"robots\" content=\"index, follow, max-snippet:-1, max-image-preview:large, max-video-preview:-1\" \/>\n<link rel=\"canonical\" href=\"https:\/\/www.nebrija.com\/medios\/actualidadnebrija\/2025\/06\/27\/visita-a-la-central-hidroelectrica-de-castrejon\/\" \/>\n<meta property=\"og:locale\" content=\"es_ES\" \/>\n<meta property=\"og:type\" content=\"article\" \/>\n<meta property=\"og:title\" content=\"Visita a la central hidroel\u00e9ctrica de Castrej\u00f3n - Actualidad Nebrija\" \/>\n<meta property=\"og:description\" content=\"Los alumnos de la Universidad Nebrija visitan la central hidroel\u00e9ctrica de Castrej\u00f3n (Toledo), perteneciente a Naturgy.\" \/>\n<meta property=\"og:url\" content=\"https:\/\/www.nebrija.com\/medios\/actualidadnebrija\/2025\/06\/27\/visita-a-la-central-hidroelectrica-de-castrejon\/\" \/>\n<meta property=\"og:site_name\" content=\"Actualidad Nebrija\" \/>\n<meta property=\"article:published_time\" content=\"2025-06-27T07:56:34+00:00\" \/>\n<meta property=\"article:modified_time\" content=\"2025-06-27T07:57:04+00:00\" \/>\n<meta property=\"og:image\" content=\"https:\/\/www.nebrija.com\/medios\/actualidadnebrija\/wp-content\/uploads\/sites\/2\/2025\/06\/Visita-a-la-central-hidroelectrica-de-Castrejon.jpg\" \/>\n\t<meta property=\"og:image:width\" content=\"1100\" \/>\n\t<meta property=\"og:image:height\" content=\"734\" \/>\n\t<meta property=\"og:image:type\" content=\"image\/jpeg\" \/>\n<meta name=\"author\" content=\"mcamposd\" \/>\n<meta name=\"twitter:card\" content=\"summary_large_image\" \/>\n<meta name=\"twitter:label1\" content=\"Escrito por\" \/>\n\t<meta name=\"twitter:data1\" content=\"mcamposd\" \/>\n\t<meta name=\"twitter:label2\" content=\"Tiempo de lectura\" \/>\n\t<meta name=\"twitter:data2\" content=\"2 minutos\" \/>\n<!-- \/ Yoast SEO plugin. -->","yoast_head_json":{"title":"Visita a la central hidroel\u00e9ctrica de Castrej\u00f3n - Actualidad Nebrija","description":"Los alumnos de la Universidad Nebrija visitan la central hidroel\u00e9ctrica de Castrej\u00f3n (Toledo), perteneciente a Naturgy.","robots":{"index":"index","follow":"follow","max-snippet":"max-snippet:-1","max-image-preview":"max-image-preview:large","max-video-preview":"max-video-preview:-1"},"canonical":"https:\/\/www.nebrija.com\/medios\/actualidadnebrija\/2025\/06\/27\/visita-a-la-central-hidroelectrica-de-castrejon\/","og_locale":"es_ES","og_type":"article","og_title":"Visita a la central hidroel\u00e9ctrica de Castrej\u00f3n - Actualidad Nebrija","og_description":"Los alumnos de la Universidad Nebrija visitan la central hidroel\u00e9ctrica de Castrej\u00f3n (Toledo), perteneciente a Naturgy.","og_url":"https:\/\/www.nebrija.com\/medios\/actualidadnebrija\/2025\/06\/27\/visita-a-la-central-hidroelectrica-de-castrejon\/","og_site_name":"Actualidad Nebrija","article_published_time":"2025-06-27T07:56:34+00:00","article_modified_time":"2025-06-27T07:57:04+00:00","og_image":[{"width":1100,"height":734,"url":"https:\/\/www.nebrija.com\/medios\/actualidadnebrija\/wp-content\/uploads\/sites\/2\/2025\/06\/Visita-a-la-central-hidroelectrica-de-Castrejon.jpg","type":"image\/jpeg"}],"author":"mcamposd","twitter_card":"summary_large_image","twitter_misc":{"Escrito por":"mcamposd","Tiempo de lectura":"2 minutos"},"schema":{"@context":"https:\/\/schema.org","@graph":[{"@type":"WebPage","@id":"https:\/\/www.nebrija.com\/medios\/actualidadnebrija\/2025\/06\/27\/visita-a-la-central-hidroelectrica-de-castrejon\/","url":"https:\/\/www.nebrija.com\/medios\/actualidadnebrija\/2025\/06\/27\/visita-a-la-central-hidroelectrica-de-castrejon\/","name":"Visita a la central hidroel\u00e9ctrica de Castrej\u00f3n - Actualidad Nebrija","isPartOf":{"@id":"https:\/\/www.nebrija.com\/medios\/actualidadnebrija\/#website"},"datePublished":"2025-06-27T07:56:34+00:00","dateModified":"2025-06-27T07:57:04+00:00","author":{"@id":"https:\/\/www.nebrija.com\/medios\/actualidadnebrija\/#\/schema\/person\/205582e65069359d9f07d260f6d48a9c"},"description":"Los alumnos de la Universidad Nebrija visitan la central hidroel\u00e9ctrica de Castrej\u00f3n (Toledo), perteneciente a Naturgy.","breadcrumb":{"@id":"https:\/\/www.nebrija.com\/medios\/actualidadnebrija\/2025\/06\/27\/visita-a-la-central-hidroelectrica-de-castrejon\/#breadcrumb"},"inLanguage":"es","potentialAction":[{"@type":"ReadAction","target":["https:\/\/www.nebrija.com\/medios\/actualidadnebrija\/2025\/06\/27\/visita-a-la-central-hidroelectrica-de-castrejon\/"]}]},{"@type":"BreadcrumbList","@id":"https:\/\/www.nebrija.com\/medios\/actualidadnebrija\/2025\/06\/27\/visita-a-la-central-hidroelectrica-de-castrejon\/#breadcrumb","itemListElement":[{"@type":"ListItem","position":1,"name":"Home","item":"https:\/\/www.nebrija.com\/medios\/actualidadnebrija\/"},{"@type":"ListItem","position":2,"name":"Visita a la central hidroel\u00e9ctrica de Castrej\u00f3n"}]},{"@type":"WebSite","@id":"https:\/\/www.nebrija.com\/medios\/actualidadnebrija\/#website","url":"https:\/\/www.nebrija.com\/medios\/actualidadnebrija\/","name":"Actualidad Nebrija","description":"Noticias de la Universidad Nebrija","potentialAction":[{"@type":"SearchAction","target":{"@type":"EntryPoint","urlTemplate":"https:\/\/www.nebrija.com\/medios\/actualidadnebrija\/?s={search_term_string}"},"query-input":"required name=search_term_string"}],"inLanguage":"es"},{"@type":"Person","@id":"https:\/\/www.nebrija.com\/medios\/actualidadnebrija\/#\/schema\/person\/205582e65069359d9f07d260f6d48a9c","name":"mcamposd","image":{"@type":"ImageObject","inLanguage":"es","@id":"https:\/\/www.nebrija.com\/medios\/actualidadnebrija\/#\/schema\/person\/image\/","url":"https:\/\/secure.gravatar.com\/avatar\/d0592be503e718fe4bc82c9a3b03724e?s=96&d=mm&r=g","contentUrl":"https:\/\/secure.gravatar.com\/avatar\/d0592be503e718fe4bc82c9a3b03724e?s=96&d=mm&r=g","caption":"mcamposd"},"url":"https:\/\/www.nebrija.com\/medios\/actualidadnebrija\/author\/mcamposd\/"}]}},"_links":{"self":[{"href":"https:\/\/www.nebrija.com\/medios\/actualidadnebrija\/wp-json\/wp\/v2\/posts\/98437"}],"collection":[{"href":"https:\/\/www.nebrija.com\/medios\/actualidadnebrija\/wp-json\/wp\/v2\/posts"}],"about":[{"href":"https:\/\/www.nebrija.com\/medios\/actualidadnebrija\/wp-json\/wp\/v2\/types\/post"}],"author":[{"embeddable":true,"href":"https:\/\/www.nebrija.com\/medios\/actualidadnebrija\/wp-json\/wp\/v2\/users\/1182"}],"replies":[{"embeddable":true,"href":"https:\/\/www.nebrija.com\/medios\/actualidadnebrija\/wp-json\/wp\/v2\/comments?post=98437"}],"version-history":[{"count":2,"href":"https:\/\/www.nebrija.com\/medios\/actualidadnebrija\/wp-json\/wp\/v2\/posts\/98437\/revisions"}],"predecessor-version":[{"id":98440,"href":"https:\/\/www.nebrija.com\/medios\/actualidadnebrija\/wp-json\/wp\/v2\/posts\/98437\/revisions\/98440"}],"wp:featuredmedia":[{"embeddable":true,"href":"https:\/\/www.nebrija.com\/medios\/actualidadnebrija\/wp-json\/wp\/v2\/media\/98438"}],"wp:attachment":[{"href":"https:\/\/www.nebrija.com\/medios\/actualidadnebrija\/wp-json\/wp\/v2\/media?parent=98437"}],"wp:term":[{"taxonomy":"category","embeddable":true,"href":"https:\/\/www.nebrija.com\/medios\/actualidadnebrija\/wp-json\/wp\/v2\/categories?post=98437"},{"taxonomy":"post_tag","embeddable":true,"href":"https:\/\/www.nebrija.com\/medios\/actualidadnebrija\/wp-json\/wp\/v2\/tags?post=98437"}],"curies":[{"name":"wp","href":"https:\/\/api.w.org\/{rel}","templated":true}]}}