{"id":98459,"date":"2025-06-30T12:12:08","date_gmt":"2025-06-30T10:12:08","guid":{"rendered":"https:\/\/www.nebrija.com\/medios\/actualidadnebrija\/?p=98459"},"modified":"2025-06-30T12:12:08","modified_gmt":"2025-06-30T10:12:08","slug":"noticia-en-julio-el-servicio-de-biblioteca-recomienda","status":"publish","type":"post","link":"https:\/\/www.nebrija.com\/medios\/actualidadnebrija\/2025\/06\/30\/noticia-en-julio-el-servicio-de-biblioteca-recomienda\/","title":{"rendered":"Noticia. En julio, el Servicio de Biblioteca recomienda\u2026"},"content":{"rendered":"<p>&nbsp;<\/p>\n<ul>\n<li><strong><em><a href=\"https:\/\/biblioteca.nebrija.es\/opac\/baratzcl?ACC=258&amp;DI=10994\">Novedades de julio<\/a> <\/em><\/strong>de libros en papel y electr\u00f3nicos en el Cat\u00e1logo-OPAC ~ Web Portal.<\/li>\n<\/ul>\n<p>&nbsp;<\/p>\n<ul>\n<li><a href=\"https:\/\/biblioteca.nebrija.es\/opac\"><strong><em>Accede de forma m\u00e1s r\u00e1pida y sencilla a tu espacio personal de la Biblioteca.<\/em><\/strong><\/a>\u00a0En el <strong>Cat\u00e1logo-OPAC ~ Web Portal<\/strong> haz clic en el bot\u00f3n <strong>&#8220;Identif\u00edcame\u201d,<\/strong> inicia sesi\u00f3n con tu correo electr\u00f3nico de la Universidad Nebrija y desde tu espacio personal \u201c<strong>Mi Biblioteca&#8221; <\/strong>renueva tus pr\u00e9stamos, solicita libros ubicados en otros campus o dep\u00f3sitos o realiza otros tr\u00e1mites relacionados con los servicios de la Biblioteca.<\/li>\n<\/ul>\n<p>&nbsp;<\/p>\n<ul>\n<li>Publicaciones de la Biblioteca: <strong><em><a href=\"https:\/\/biblioteca.nebrija.es\/opac\/baratzcl?TITN=144218\">Explora Digitalia Hisp\u00e1nica: t\u00fa biblioteca digital en espa\u00f1ol<\/a><\/em><\/strong>.<\/li>\n<\/ul>\n<p>&nbsp;<\/p>\n<ul>\n<li>Consulta los cierres vacacionales de nuestras bibliotecas y la informaci\u00f3n sobre el <a href=\"https:\/\/biblioteca.nebrija.es\/opac\/baratzcl?HELPID=unne0006\"><strong><em>pr\u00e9stamo de verano<\/em><\/strong><\/a>.<\/li>\n<\/ul>\n<p>&nbsp;<\/p>\n<p>Y si quieres saber m\u00e1s sobre el <strong>Servicio de Biblioteca<\/strong>, visita nuestro <a href=\"https:\/\/www.facebook.com\/BibliotecaNebrija\/?locale=es_ES\"><strong><em>Facebook<\/em><\/strong><\/a>\u00a0y el <a href=\"https:\/\/biblioteca.nebrija.es\/opac\"><strong><em>Cat\u00e1logo-OPAC ~ Web Portal<\/em><\/strong><\/a>.<\/p>\n<p>&nbsp;<\/p>\n","protected":false},"excerpt":{"rendered":"<p>&nbsp; Novedades de julio de libros en papel y electr\u00f3nicos en el Cat\u00e1logo-OPAC ~ Web Portal. &nbsp; Accede de forma m\u00e1s r\u00e1pida y sencilla a tu espacio personal de la Biblioteca.\u00a0En el Cat\u00e1logo-OPAC ~ Web Portal haz clic en el<\/p>\n","protected":false},"author":326,"featured_media":98447,"comment_status":"open","ping_status":"open","sticky":false,"template":"","format":"standard","meta":{"_acf_changed":false,"_monsterinsights_skip_tracking":false,"_monsterinsights_sitenote_active":false,"_monsterinsights_sitenote_note":"","_monsterinsights_sitenote_category":0,"footnotes":""},"categories":[3063],"tags":[3143,5658],"acf":[],"yoast_head":"<!-- This site is optimized with the Yoast SEO plugin v22.1 - https:\/\/yoast.com\/wordpress\/plugins\/seo\/ -->\n<title>Noticia. En julio, el Servicio de Biblioteca recomienda\u2026 - Actualidad Nebrija<\/title>\n<meta name=\"robots\" content=\"index, follow, max-snippet:-1, max-image-preview:large, max-video-preview:-1\" \/>\n<link rel=\"canonical\" href=\"https:\/\/www.nebrija.com\/medios\/actualidadnebrija\/2025\/06\/30\/noticia-en-julio-el-servicio-de-biblioteca-recomienda\/\" \/>\n<meta property=\"og:locale\" content=\"es_ES\" \/>\n<meta property=\"og:type\" content=\"article\" \/>\n<meta property=\"og:title\" content=\"Noticia. En julio, el Servicio de Biblioteca recomienda\u2026 - Actualidad Nebrija\" \/>\n<meta property=\"og:description\" content=\"&nbsp; Novedades de julio de libros en papel y electr\u00f3nicos en el Cat\u00e1logo-OPAC ~ Web Portal. &nbsp; Accede de forma m\u00e1s r\u00e1pida y sencilla a tu espacio personal de la Biblioteca.\u00a0En el Cat\u00e1logo-OPAC ~ Web Portal haz clic en el\" \/>\n<meta property=\"og:url\" content=\"https:\/\/www.nebrija.com\/medios\/actualidadnebrija\/2025\/06\/30\/noticia-en-julio-el-servicio-de-biblioteca-recomienda\/\" \/>\n<meta property=\"og:site_name\" content=\"Actualidad Nebrija\" \/>\n<meta property=\"article:published_time\" content=\"2025-06-30T10:12:08+00:00\" \/>\n<meta property=\"og:image\" content=\"https:\/\/www.nebrija.com\/medios\/actualidadnebrija\/wp-content\/uploads\/sites\/2\/2025\/06\/jls-3-jun.jpg\" \/>\n\t<meta property=\"og:image:width\" content=\"744\" \/>\n\t<meta property=\"og:image:height\" content=\"570\" \/>\n\t<meta property=\"og:image:type\" content=\"image\/jpeg\" \/>\n<meta name=\"author\" content=\"jpicos\" \/>\n<meta name=\"twitter:card\" content=\"summary_large_image\" \/>\n<meta name=\"twitter:label1\" content=\"Escrito por\" \/>\n\t<meta name=\"twitter:data1\" content=\"jpicos\" \/>\n\t<meta name=\"twitter:label2\" content=\"Tiempo de lectura\" \/>\n\t<meta name=\"twitter:data2\" content=\"1 minuto\" \/>\n<!-- \/ Yoast SEO plugin. -->","yoast_head_json":{"title":"Noticia. En julio, el Servicio de Biblioteca recomienda\u2026 - Actualidad Nebrija","robots":{"index":"index","follow":"follow","max-snippet":"max-snippet:-1","max-image-preview":"max-image-preview:large","max-video-preview":"max-video-preview:-1"},"canonical":"https:\/\/www.nebrija.com\/medios\/actualidadnebrija\/2025\/06\/30\/noticia-en-julio-el-servicio-de-biblioteca-recomienda\/","og_locale":"es_ES","og_type":"article","og_title":"Noticia. En julio, el Servicio de Biblioteca recomienda\u2026 - Actualidad Nebrija","og_description":"&nbsp; Novedades de julio de libros en papel y electr\u00f3nicos en el Cat\u00e1logo-OPAC ~ Web Portal. &nbsp; Accede de forma m\u00e1s r\u00e1pida y sencilla a tu espacio personal de la Biblioteca.\u00a0En el Cat\u00e1logo-OPAC ~ Web Portal haz clic en el","og_url":"https:\/\/www.nebrija.com\/medios\/actualidadnebrija\/2025\/06\/30\/noticia-en-julio-el-servicio-de-biblioteca-recomienda\/","og_site_name":"Actualidad Nebrija","article_published_time":"2025-06-30T10:12:08+00:00","og_image":[{"width":744,"height":570,"url":"https:\/\/www.nebrija.com\/medios\/actualidadnebrija\/wp-content\/uploads\/sites\/2\/2025\/06\/jls-3-jun.jpg","type":"image\/jpeg"}],"author":"jpicos","twitter_card":"summary_large_image","twitter_misc":{"Escrito por":"jpicos","Tiempo de lectura":"1 minuto"},"schema":{"@context":"https:\/\/schema.org","@graph":[{"@type":"WebPage","@id":"https:\/\/www.nebrija.com\/medios\/actualidadnebrija\/2025\/06\/30\/noticia-en-julio-el-servicio-de-biblioteca-recomienda\/","url":"https:\/\/www.nebrija.com\/medios\/actualidadnebrija\/2025\/06\/30\/noticia-en-julio-el-servicio-de-biblioteca-recomienda\/","name":"Noticia. En julio, el Servicio de Biblioteca recomienda\u2026 - Actualidad Nebrija","isPartOf":{"@id":"https:\/\/www.nebrija.com\/medios\/actualidadnebrija\/#website"},"datePublished":"2025-06-30T10:12:08+00:00","dateModified":"2025-06-30T10:12:08+00:00","author":{"@id":"https:\/\/www.nebrija.com\/medios\/actualidadnebrija\/#\/schema\/person\/0cd40b7dd3f54459e2cfc009dbd255c6"},"breadcrumb":{"@id":"https:\/\/www.nebrija.com\/medios\/actualidadnebrija\/2025\/06\/30\/noticia-en-julio-el-servicio-de-biblioteca-recomienda\/#breadcrumb"},"inLanguage":"es","potentialAction":[{"@type":"ReadAction","target":["https:\/\/www.nebrija.com\/medios\/actualidadnebrija\/2025\/06\/30\/noticia-en-julio-el-servicio-de-biblioteca-recomienda\/"]}]},{"@type":"BreadcrumbList","@id":"https:\/\/www.nebrija.com\/medios\/actualidadnebrija\/2025\/06\/30\/noticia-en-julio-el-servicio-de-biblioteca-recomienda\/#breadcrumb","itemListElement":[{"@type":"ListItem","position":1,"name":"Home","item":"https:\/\/www.nebrija.com\/medios\/actualidadnebrija\/"},{"@type":"ListItem","position":2,"name":"Noticia. En julio, el Servicio de Biblioteca recomienda\u2026"}]},{"@type":"WebSite","@id":"https:\/\/www.nebrija.com\/medios\/actualidadnebrija\/#website","url":"https:\/\/www.nebrija.com\/medios\/actualidadnebrija\/","name":"Actualidad Nebrija","description":"Noticias de la Universidad Nebrija","potentialAction":[{"@type":"SearchAction","target":{"@type":"EntryPoint","urlTemplate":"https:\/\/www.nebrija.com\/medios\/actualidadnebrija\/?s={search_term_string}"},"query-input":"required name=search_term_string"}],"inLanguage":"es"},{"@type":"Person","@id":"https:\/\/www.nebrija.com\/medios\/actualidadnebrija\/#\/schema\/person\/0cd40b7dd3f54459e2cfc009dbd255c6","name":"jpicos","image":{"@type":"ImageObject","inLanguage":"es","@id":"https:\/\/www.nebrija.com\/medios\/actualidadnebrija\/#\/schema\/person\/image\/","url":"https:\/\/secure.gravatar.com\/avatar\/c4a1005cff3fd9bb5185e9671f4f3e9b?s=96&d=mm&r=g","contentUrl":"https:\/\/secure.gravatar.com\/avatar\/c4a1005cff3fd9bb5185e9671f4f3e9b?s=96&d=mm&r=g","caption":"jpicos"},"url":"https:\/\/www.nebrija.com\/medios\/actualidadnebrija\/author\/jpicos\/"}]}},"_links":{"self":[{"href":"https:\/\/www.nebrija.com\/medios\/actualidadnebrija\/wp-json\/wp\/v2\/posts\/98459"}],"collection":[{"href":"https:\/\/www.nebrija.com\/medios\/actualidadnebrija\/wp-json\/wp\/v2\/posts"}],"about":[{"href":"https:\/\/www.nebrija.com\/medios\/actualidadnebrija\/wp-json\/wp\/v2\/types\/post"}],"author":[{"embeddable":true,"href":"https:\/\/www.nebrija.com\/medios\/actualidadnebrija\/wp-json\/wp\/v2\/users\/326"}],"replies":[{"embeddable":true,"href":"https:\/\/www.nebrija.com\/medios\/actualidadnebrija\/wp-json\/wp\/v2\/comments?post=98459"}],"version-history":[{"count":1,"href":"https:\/\/www.nebrija.com\/medios\/actualidadnebrija\/wp-json\/wp\/v2\/posts\/98459\/revisions"}],"predecessor-version":[{"id":98460,"href":"https:\/\/www.nebrija.com\/medios\/actualidadnebrija\/wp-json\/wp\/v2\/posts\/98459\/revisions\/98460"}],"wp:featuredmedia":[{"embeddable":true,"href":"https:\/\/www.nebrija.com\/medios\/actualidadnebrija\/wp-json\/wp\/v2\/media\/98447"}],"wp:attachment":[{"href":"https:\/\/www.nebrija.com\/medios\/actualidadnebrija\/wp-json\/wp\/v2\/media?parent=98459"}],"wp:term":[{"taxonomy":"category","embeddable":true,"href":"https:\/\/www.nebrija.com\/medios\/actualidadnebrija\/wp-json\/wp\/v2\/categories?post=98459"},{"taxonomy":"post_tag","embeddable":true,"href":"https:\/\/www.nebrija.com\/medios\/actualidadnebrija\/wp-json\/wp\/v2\/tags?post=98459"}],"curies":[{"name":"wp","href":"https:\/\/api.w.org\/{rel}","templated":true}]}}