{"id":98672,"date":"2025-07-14T11:01:20","date_gmt":"2025-07-14T09:01:20","guid":{"rendered":"https:\/\/www.nebrija.com\/medios\/actualidadnebrija\/?p=98672"},"modified":"2025-07-14T14:21:10","modified_gmt":"2025-07-14T12:21:10","slug":"pilar-velz-icm-congreso-internacional-matematicos","status":"publish","type":"post","link":"https:\/\/www.nebrija.com\/medios\/actualidadnebrija\/2025\/07\/14\/pilar-velz-icm-congreso-internacional-matematicos\/","title":{"rendered":"Pilar V\u00e9lez, panelista invitada en el ICM, el prestigioso Congreso Internacional de Matem\u00e1ticos"},"content":{"rendered":"<p>El International Congress of Mathematicians (<a href=\"https:\/\/www.icm2026.org\/event\/ac193975-5d24-4628-8c30-ddb23de19a8b\/home\">ICM<\/a>), el Congreso Internacional de Matem\u00e1ticos, ha invitado a Pilar V\u00e9lez, directora del departamento de Matem\u00e1ticas y F\u00edsica de la Universidad Nebrija e investigadora principal del grupo <a href=\"https:\/\/www.nebrija.com\/investigacion-universidad\/grupos\/grupo-matematicas.php\">Matem\u00e1ticas y sus Aplicaciones<\/a> (MA) de la <a href=\"https:\/\/www.nebrija.com\/la_universidad\/facultades\/escuela-politecnica-superior-arquitectura\/\">Polit\u00e9cnica Nebrija<\/a>, a participar en su exclusivo programa oficial.<\/p>\n<p>El ICM, que se celebra cada cuatro a\u00f1os desde 1987, organiza su pr\u00f3xima edici\u00f3n en Filadelfia (Estados Unidos) del 23 al 30 de julio de 2026. El encuentro, bajo los auspicios de la Uni\u00f3n Matem\u00e1tica Internacional (<a href=\"https:\/\/www.mathunion.org\/\">IMU<\/a>), es el foro m\u00e1s importante en la comunidad matem\u00e1tica internacional.<\/p>\n<p>El Congreso m\u00e1s famoso fue el de Paris en 1900, en el que <a href=\"https:\/\/es.wikipedia.org\/wiki\/David_Hilbert\" data-auth=\"NotApplicable\">David Hilbert<\/a>\u00a0anunci\u00f3 su famosa lista de 23 problemas abiertos en matem\u00e1ticas, ahora llamados los <a href=\"https:\/\/es.wikipedia.org\/wiki\/Problemas_de_Hilbert\" data-auth=\"NotApplicable\">problemas de Hilbert<\/a>, algunos a\u00fan sin resolver.\u00a0 El ICM 2006 se celebr\u00f3 en Madrid con una asistencia de 4500 personas.<\/p>\n<p>La edici\u00f3n de 2026 prev\u00e9 la asistencia de unos cinco mil matem\u00e1ticos de todo el mundo para compartir los avances m\u00e1s recientes en investigaci\u00f3n. Uno de los momentos m\u00e1s esperados es el anuncio de los galardonados con la Medalla Fields, reconocimiento que equivale al Nobel de la matem\u00e1tica.<\/p>\n<h3><strong>Impacto de la inteligencia artificial<\/strong><\/h3>\n<p>Pilar V\u00e9lez interviene como panelista en una mesa redonda sobre <em>Mathematics Education in the Advent of the A.I. Era, <\/em>dentro de la Secci\u00f3n 19, titulada <em>Mathematical Education and Popularization of Mathematics<\/em>. Hasta el momento, tambi\u00e9n est\u00e1 previsto que intervenga en el mismo debate Andreas Matt, cofundador y director de <a href=\"https:\/\/www.imaginary.org\/\" target=\"_blank\" rel=\"noopener\">IMAGINARY<\/a>, una organizaci\u00f3n internacional sin \u00e1nimo de lucro con sede en Berl\u00edn que se dedica a crear nuevas formas interactivas de explorar las matem\u00e1ticas, la inteligencia artificial y otras ciencias.<\/p>\n<p>La investigadora de la Universidad Nebrija disertar\u00e1 sobre el impacto de la inteligencia artificial generativa y simb\u00f3lica en la educaci\u00f3n matem\u00e1tica, en concreto sobre GeoGebra Discovery, la plataforma de razonamiento autom\u00e1tico mediante c\u00e1lculo simb\u00f3lico en que trabaja el grupo Matem\u00e1ticas y sus Aplicaciones..<\/p>\n<p>&#8220;Haber sido invitada a participar en el ICM es un gran honor. A pesar de que hay miles de congresos cient\u00edficos en todo el mundo,<strong>\u00a0<\/strong>este es extraordinariamente especial porque solo ocurre cada cuatro a\u00f1os y re\u00fane a los mejores matem\u00e1ticos del mundo. Se podr\u00eda decir que es aquel lugar al que los matem\u00e1ticos sue\u00f1an llegar. Por ello, el haber sido invitada a participar en el ICM 2026 es tambi\u00e9n para mi un sue\u00f1o&#8221;, se\u00f1ala Pilar V\u00e9lez.<\/p>\n","protected":false},"excerpt":{"rendered":"<p>La edici\u00f3n de 2026 prev\u00e9 la asistencia de unos cinco mil expertos de todo el mundo para compartir los avances m\u00e1s recientes en investigaci\u00f3n. <\/p>\n","protected":false},"author":326,"featured_media":55568,"comment_status":"open","ping_status":"open","sticky":false,"template":"","format":"standard","meta":{"_acf_changed":false,"_monsterinsights_skip_tracking":false,"_monsterinsights_sitenote_active":false,"_monsterinsights_sitenote_note":"","_monsterinsights_sitenote_category":0,"footnotes":""},"categories":[3,3053,3064],"tags":[5504,4671,6503,6504,3705,4348,3339,3878],"acf":[],"yoast_head":"<!-- This site is optimized with the Yoast SEO plugin v22.1 - https:\/\/yoast.com\/wordpress\/plugins\/seo\/ -->\n<title>Pilar V\u00e9lez, panelista invitada en el ICM, el prestigioso Congreso Internacional de Matem\u00e1ticos - Actualidad Nebrija<\/title>\n<meta name=\"description\" content=\"Pilar V\u00e9lez interviene en el ICM, el prestigioso Congreso Internacional de Matem\u00e1ticos, que se celebra en 2026 en Estados Unidos.\" \/>\n<meta name=\"robots\" content=\"index, follow, max-snippet:-1, max-image-preview:large, max-video-preview:-1\" \/>\n<link rel=\"canonical\" href=\"https:\/\/www.nebrija.com\/medios\/actualidadnebrija\/2025\/07\/14\/pilar-velz-icm-congreso-internacional-matematicos\/\" \/>\n<meta property=\"og:locale\" content=\"es_ES\" \/>\n<meta property=\"og:type\" content=\"article\" \/>\n<meta property=\"og:title\" content=\"Pilar V\u00e9lez, panelista invitada en el ICM, el prestigioso Congreso Internacional de Matem\u00e1ticos - Actualidad Nebrija\" \/>\n<meta property=\"og:description\" content=\"Pilar V\u00e9lez interviene en el ICM, el prestigioso Congreso Internacional de Matem\u00e1ticos, que se celebra en 2026 en Estados Unidos.\" \/>\n<meta property=\"og:url\" content=\"https:\/\/www.nebrija.com\/medios\/actualidadnebrija\/2025\/07\/14\/pilar-velz-icm-congreso-internacional-matematicos\/\" \/>\n<meta property=\"og:site_name\" content=\"Actualidad Nebrija\" \/>\n<meta property=\"article:published_time\" content=\"2025-07-14T09:01:20+00:00\" \/>\n<meta property=\"article:modified_time\" content=\"2025-07-14T12:21:10+00:00\" \/>\n<meta property=\"og:image\" content=\"https:\/\/www.nebrija.com\/medios\/actualidadnebrija\/wp-content\/uploads\/sites\/2\/2019\/02\/pilar-velez-melon-600x350.jpg\" \/>\n\t<meta property=\"og:image:width\" content=\"600\" \/>\n\t<meta property=\"og:image:height\" content=\"350\" \/>\n\t<meta property=\"og:image:type\" content=\"image\/jpeg\" \/>\n<meta name=\"author\" content=\"jpicos\" \/>\n<meta name=\"twitter:card\" content=\"summary_large_image\" \/>\n<meta name=\"twitter:label1\" content=\"Escrito por\" \/>\n\t<meta name=\"twitter:data1\" content=\"jpicos\" \/>\n\t<meta name=\"twitter:label2\" content=\"Tiempo de lectura\" \/>\n\t<meta name=\"twitter:data2\" content=\"3 minutos\" \/>\n<!-- \/ Yoast SEO plugin. -->","yoast_head_json":{"title":"Pilar V\u00e9lez, panelista invitada en el ICM, el prestigioso Congreso Internacional de Matem\u00e1ticos - Actualidad Nebrija","description":"Pilar V\u00e9lez interviene en el ICM, el prestigioso Congreso Internacional de Matem\u00e1ticos, que se celebra en 2026 en Estados Unidos.","robots":{"index":"index","follow":"follow","max-snippet":"max-snippet:-1","max-image-preview":"max-image-preview:large","max-video-preview":"max-video-preview:-1"},"canonical":"https:\/\/www.nebrija.com\/medios\/actualidadnebrija\/2025\/07\/14\/pilar-velz-icm-congreso-internacional-matematicos\/","og_locale":"es_ES","og_type":"article","og_title":"Pilar V\u00e9lez, panelista invitada en el ICM, el prestigioso Congreso Internacional de Matem\u00e1ticos - Actualidad Nebrija","og_description":"Pilar V\u00e9lez interviene en el ICM, el prestigioso Congreso Internacional de Matem\u00e1ticos, que se celebra en 2026 en Estados Unidos.","og_url":"https:\/\/www.nebrija.com\/medios\/actualidadnebrija\/2025\/07\/14\/pilar-velz-icm-congreso-internacional-matematicos\/","og_site_name":"Actualidad Nebrija","article_published_time":"2025-07-14T09:01:20+00:00","article_modified_time":"2025-07-14T12:21:10+00:00","og_image":[{"width":600,"height":350,"url":"https:\/\/www.nebrija.com\/medios\/actualidadnebrija\/wp-content\/uploads\/sites\/2\/2019\/02\/pilar-velez-melon-600x350.jpg","type":"image\/jpeg"}],"author":"jpicos","twitter_card":"summary_large_image","twitter_misc":{"Escrito por":"jpicos","Tiempo de lectura":"3 minutos"},"schema":{"@context":"https:\/\/schema.org","@graph":[{"@type":"WebPage","@id":"https:\/\/www.nebrija.com\/medios\/actualidadnebrija\/2025\/07\/14\/pilar-velz-icm-congreso-internacional-matematicos\/","url":"https:\/\/www.nebrija.com\/medios\/actualidadnebrija\/2025\/07\/14\/pilar-velz-icm-congreso-internacional-matematicos\/","name":"Pilar V\u00e9lez, panelista invitada en el ICM, el prestigioso Congreso Internacional de Matem\u00e1ticos - Actualidad Nebrija","isPartOf":{"@id":"https:\/\/www.nebrija.com\/medios\/actualidadnebrija\/#website"},"datePublished":"2025-07-14T09:01:20+00:00","dateModified":"2025-07-14T12:21:10+00:00","author":{"@id":"https:\/\/www.nebrija.com\/medios\/actualidadnebrija\/#\/schema\/person\/0cd40b7dd3f54459e2cfc009dbd255c6"},"description":"Pilar V\u00e9lez interviene en el ICM, el prestigioso Congreso Internacional de Matem\u00e1ticos, que se celebra en 2026 en Estados Unidos.","breadcrumb":{"@id":"https:\/\/www.nebrija.com\/medios\/actualidadnebrija\/2025\/07\/14\/pilar-velz-icm-congreso-internacional-matematicos\/#breadcrumb"},"inLanguage":"es","potentialAction":[{"@type":"ReadAction","target":["https:\/\/www.nebrija.com\/medios\/actualidadnebrija\/2025\/07\/14\/pilar-velz-icm-congreso-internacional-matematicos\/"]}]},{"@type":"BreadcrumbList","@id":"https:\/\/www.nebrija.com\/medios\/actualidadnebrija\/2025\/07\/14\/pilar-velz-icm-congreso-internacional-matematicos\/#breadcrumb","itemListElement":[{"@type":"ListItem","position":1,"name":"Home","item":"https:\/\/www.nebrija.com\/medios\/actualidadnebrija\/"},{"@type":"ListItem","position":2,"name":"Pilar V\u00e9lez, panelista invitada en el ICM, el prestigioso Congreso Internacional de Matem\u00e1ticos"}]},{"@type":"WebSite","@id":"https:\/\/www.nebrija.com\/medios\/actualidadnebrija\/#website","url":"https:\/\/www.nebrija.com\/medios\/actualidadnebrija\/","name":"Actualidad Nebrija","description":"Noticias de la Universidad Nebrija","potentialAction":[{"@type":"SearchAction","target":{"@type":"EntryPoint","urlTemplate":"https:\/\/www.nebrija.com\/medios\/actualidadnebrija\/?s={search_term_string}"},"query-input":"required name=search_term_string"}],"inLanguage":"es"},{"@type":"Person","@id":"https:\/\/www.nebrija.com\/medios\/actualidadnebrija\/#\/schema\/person\/0cd40b7dd3f54459e2cfc009dbd255c6","name":"jpicos","image":{"@type":"ImageObject","inLanguage":"es","@id":"https:\/\/www.nebrija.com\/medios\/actualidadnebrija\/#\/schema\/person\/image\/","url":"https:\/\/secure.gravatar.com\/avatar\/c4a1005cff3fd9bb5185e9671f4f3e9b?s=96&d=mm&r=g","contentUrl":"https:\/\/secure.gravatar.com\/avatar\/c4a1005cff3fd9bb5185e9671f4f3e9b?s=96&d=mm&r=g","caption":"jpicos"},"url":"https:\/\/www.nebrija.com\/medios\/actualidadnebrija\/author\/jpicos\/"}]}},"_links":{"self":[{"href":"https:\/\/www.nebrija.com\/medios\/actualidadnebrija\/wp-json\/wp\/v2\/posts\/98672"}],"collection":[{"href":"https:\/\/www.nebrija.com\/medios\/actualidadnebrija\/wp-json\/wp\/v2\/posts"}],"about":[{"href":"https:\/\/www.nebrija.com\/medios\/actualidadnebrija\/wp-json\/wp\/v2\/types\/post"}],"author":[{"embeddable":true,"href":"https:\/\/www.nebrija.com\/medios\/actualidadnebrija\/wp-json\/wp\/v2\/users\/326"}],"replies":[{"embeddable":true,"href":"https:\/\/www.nebrija.com\/medios\/actualidadnebrija\/wp-json\/wp\/v2\/comments?post=98672"}],"version-history":[{"count":8,"href":"https:\/\/www.nebrija.com\/medios\/actualidadnebrija\/wp-json\/wp\/v2\/posts\/98672\/revisions"}],"predecessor-version":[{"id":98681,"href":"https:\/\/www.nebrija.com\/medios\/actualidadnebrija\/wp-json\/wp\/v2\/posts\/98672\/revisions\/98681"}],"wp:featuredmedia":[{"embeddable":true,"href":"https:\/\/www.nebrija.com\/medios\/actualidadnebrija\/wp-json\/wp\/v2\/media\/55568"}],"wp:attachment":[{"href":"https:\/\/www.nebrija.com\/medios\/actualidadnebrija\/wp-json\/wp\/v2\/media?parent=98672"}],"wp:term":[{"taxonomy":"category","embeddable":true,"href":"https:\/\/www.nebrija.com\/medios\/actualidadnebrija\/wp-json\/wp\/v2\/categories?post=98672"},{"taxonomy":"post_tag","embeddable":true,"href":"https:\/\/www.nebrija.com\/medios\/actualidadnebrija\/wp-json\/wp\/v2\/tags?post=98672"}],"curies":[{"name":"wp","href":"https:\/\/api.w.org\/{rel}","templated":true}]}}