{"id":99079,"date":"2025-09-29T12:24:22","date_gmt":"2025-09-29T10:24:22","guid":{"rendered":"https:\/\/www.nebrija.com\/medios\/actualidadnebrija\/?p=99079"},"modified":"2025-09-29T12:24:22","modified_gmt":"2025-09-29T10:24:22","slug":"el-campus-de-madrid-princesa-un-gran-laboratorio-abierto-durante-la-noche-europea-de-los-investigadores","status":"publish","type":"post","link":"https:\/\/www.nebrija.com\/medios\/actualidadnebrija\/2025\/09\/29\/el-campus-de-madrid-princesa-un-gran-laboratorio-abierto-durante-la-noche-europea-de-los-investigadores\/","title":{"rendered":"El campus de Madrid-Princesa, un gran laboratorio abierto durante la Noche Europea de los Investigadores"},"content":{"rendered":"<p>El pasado viernes, la Universidad Nebrija abri\u00f3 las puertas de su campus a la curiosidad y al juego con motivo de la <a href=\"https:\/\/www.madrimasd.org\/lanochedelosinvestigadores\/\">Noche Europea de los Investigadores<\/a>. En torno a 800 personas, en su mayor\u00eda familias con ni\u00f1os y j\u00f3venes, participaron en talleres, experimentos y juegos que convirtieron la ciencia en una experiencia divertida y cercana.<\/p>\n<p>En colaboraci\u00f3n con el<a href=\"https:\/\/www.inta.es\/INTA\/es\/index.html\"> Instituto Nacional de T\u00e9cnica Aeroespacial (INTA)<\/a>, la Universidad ofreci\u00f3 un programa variado que permiti\u00f3 descubrir desde los secretos de Marte hasta el funcionamiento de la inteligencia artificial. El campus se prepar\u00f3 para la ocasi\u00f3n provisto de carteles, se\u00f1alizaci\u00f3n y espacios transformados para guiar a los visitantes en este recorrido \u00fanico por la investigaci\u00f3n.<\/p>\n<p><a href=\"https:\/\/www.nebrija.com\/medios\/actualidadnebrija\/wp-content\/uploads\/sites\/2\/2025\/09\/photo_5967523261979937257_w.jpg\"><img loading=\"lazy\" decoding=\"async\" class=\"alignnone wp-image-99086 size-shareaholic-thumbnail\" src=\"https:\/\/www.nebrija.com\/medios\/actualidadnebrija\/wp-content\/uploads\/sites\/2\/2025\/09\/photo_5967523261979937257_w-640x495.jpg\" alt=\"\" width=\"584\" height=\"452\" \/><\/a><\/p>\n<h2>Ciencia que se toca, se juega y se imagina<\/h2>\n<p>Los m\u00e1s peque\u00f1os pudieron dar rienda suelta a su creatividad en Arte espacial pixelado, una actividad de manualidades que mezcl\u00f3 astronom\u00eda y arte. Otros se sorprendieron con el Origami aeroespacial, aprendiendo c\u00f3mo un simple pliegue puede inspirar estructuras espaciales tan avanzadas como las del telescopio James Webb.<\/p>\n<p>Uno de los talleres estrella fue el &#8220;escape room&#8221; marciano, en el que equipos de astronautas tuvieron que superar misiones y pruebas sobre Marte para poder \u201cregresar a la Tierra\u201d. La experiencia, adaptada a distintas edades, combin\u00f3 juego, cooperaci\u00f3n y ciencia.<\/p>\n<p><a href=\"https:\/\/www.nebrija.com\/medios\/actualidadnebrija\/wp-content\/uploads\/sites\/2\/2025\/09\/thumbnail_20250926_181943.jpg\"><img loading=\"lazy\" decoding=\"async\" class=\"alignnone wp-image-99090 size-full\" src=\"https:\/\/www.nebrija.com\/medios\/actualidadnebrija\/wp-content\/uploads\/sites\/2\/2025\/09\/thumbnail_20250926_181943.jpg\" alt=\"\" width=\"1920\" height=\"1440\" \/><\/a><\/p>\n<p>La parte m\u00e1s visual lleg\u00f3 con Viendo lo invisible, donde un t\u00fanel de viento mostr\u00f3 c\u00f3mo circula el aire alrededor de coches y aviones, revelando fen\u00f3menos como turbulencias y v\u00f3rtices que normalmente no podemos ver. Y para llevarse un recuerdo especial, los visitantes se fotografiaron en el croma de la Noche de los Investigadores.<\/p>\n<p>Por su parte, la Universidad Nebrija present\u00f3 el taller &#8220;Los poderes de la IA. Humano vs M\u00e1quina&#8221;, en el que j\u00f3venes y mayores descubrieron, a trav\u00e9s de ejemplos pr\u00e1cticos, c\u00f3mo funciona la inteligencia artificial y qu\u00e9 papel juega ya en nuestro d\u00eda a d\u00eda.<\/p>\n<p><a href=\"https:\/\/www.nebrija.com\/medios\/actualidadnebrija\/wp-content\/uploads\/sites\/2\/2025\/09\/photo_5967523261979937258_w.jpg\"><img loading=\"lazy\" decoding=\"async\" class=\"alignnone wp-image-99087 size-full\" src=\"https:\/\/www.nebrija.com\/medios\/actualidadnebrija\/wp-content\/uploads\/sites\/2\/2025\/09\/photo_5967523261979937258_w.jpg\" alt=\"\" width=\"2560\" height=\"1920\" \/><\/a><\/p>\n<h3>Una noche para despertar vocaciones<\/h3>\n<p>La Noche Europea de los Investigadores no solo llen\u00f3 el campus de actividades, tambi\u00e9n sembr\u00f3 la semilla de la curiosidad cient\u00edfica en muchos de los asistentes. \u201cQuer\u00edamos que la ciencia se viviera de forma natural y divertida, y la respuesta del p\u00fablico fue fant\u00e1stica. Ver a los ni\u00f1os sorprenderse y a las familias aprender juntas es el mejor resultado\u201d, destac\u00f3 Carlos Gumiel, vicedecano de Investigaci\u00f3n de la Escuela Polit\u00e9cnica Superior.<\/p>\n<p>Este evento, financiado por la Comisi\u00f3n Europea dentro del programa<a href=\"https:\/\/www.horizonteeuropa.es\/\"> Horizonte Europa<\/a> y celebrado simult\u00e1neamente en m\u00e1s de 370 ciudades del continente, volvi\u00f3 a demostrar que la investigaci\u00f3n puede contarse de mil maneras y llegar a todos los p\u00fablicos.<\/p>\n<h3>El campus, un gran laboratorio abierto<\/h3>\n<p>As\u00ed fue c\u00f3mo la Universidad Nebrija se convirti\u00f3 en un aut\u00e9ntico laboratorio vivo, donde padres, madres, ni\u00f1os y j\u00f3venes pudieron jugar, experimentar y aprender. Una noche en la que el conocimiento se comparti\u00f3 en familia, la ciencia sali\u00f3 de los laboratorios y los investigadores se acercaron, con sencillez y entusiasmo, a quienes ser\u00e1n los ciudadanos y profesionales del futuro.<\/p>\n<p><a href=\"https:\/\/www.nebrija.com\/medios\/actualidadnebrija\/wp-content\/uploads\/sites\/2\/2025\/09\/photo_5967523261979937242_w-1.jpg\"><img loading=\"lazy\" decoding=\"async\" class=\"alignnone wp-image-99081 size-full\" src=\"https:\/\/www.nebrija.com\/medios\/actualidadnebrija\/wp-content\/uploads\/sites\/2\/2025\/09\/photo_5967523261979937242_w-1.jpg\" alt=\"\" width=\"2560\" height=\"1920\" \/><\/a><\/p>\n","protected":false},"excerpt":{"rendered":"<p>Entre &#8220;escape room&#8221; alien\u00edgenas y talleres aeroespaciales, celebramos junto al INTA un encuentro para acercar la ciencia a los m\u00e1s j\u00f3venes.<\/p>\n","protected":false},"author":324,"featured_media":99089,"comment_status":"open","ping_status":"open","sticky":false,"template":"","format":"standard","meta":{"_acf_changed":false,"_monsterinsights_skip_tracking":false,"_monsterinsights_sitenote_active":false,"_monsterinsights_sitenote_note":"","_monsterinsights_sitenote_category":0,"footnotes":""},"categories":[3,3053,3064],"tags":[5253,3941,6564],"acf":[],"yoast_head":"<!-- This site is optimized with the Yoast SEO plugin v22.1 - https:\/\/yoast.com\/wordpress\/plugins\/seo\/ -->\n<title>El campus de Madrid-Princesa, un gran laboratorio abierto durante la Noche Europea de los Investigadores - Actualidad Nebrija<\/title>\n<meta name=\"description\" content=\"Entre &quot;escape room&quot; alien\u00edgenas y talleres aeroespaciales, celebramos junto al INTA un encuentro para acercar la ciencia a los m\u00e1s j\u00f3venes.\" \/>\n<meta name=\"robots\" content=\"index, follow, max-snippet:-1, max-image-preview:large, max-video-preview:-1\" \/>\n<link rel=\"canonical\" href=\"https:\/\/www.nebrija.com\/medios\/actualidadnebrija\/2025\/09\/29\/el-campus-de-madrid-princesa-un-gran-laboratorio-abierto-durante-la-noche-europea-de-los-investigadores\/\" \/>\n<meta property=\"og:locale\" content=\"es_ES\" \/>\n<meta property=\"og:type\" content=\"article\" \/>\n<meta property=\"og:title\" content=\"El campus de Madrid-Princesa, un gran laboratorio abierto durante la Noche Europea de los Investigadores - Actualidad Nebrija\" \/>\n<meta property=\"og:description\" content=\"Entre &quot;escape room&quot; alien\u00edgenas y talleres aeroespaciales, celebramos junto al INTA un encuentro para acercar la ciencia a los m\u00e1s j\u00f3venes.\" \/>\n<meta property=\"og:url\" content=\"https:\/\/www.nebrija.com\/medios\/actualidadnebrija\/2025\/09\/29\/el-campus-de-madrid-princesa-un-gran-laboratorio-abierto-durante-la-noche-europea-de-los-investigadores\/\" \/>\n<meta property=\"og:site_name\" content=\"Actualidad Nebrija\" \/>\n<meta property=\"article:published_time\" content=\"2025-09-29T10:24:22+00:00\" \/>\n<meta property=\"og:image\" content=\"https:\/\/www.nebrija.com\/medios\/actualidadnebrija\/wp-content\/uploads\/sites\/2\/2025\/09\/photo_5967523261979937260_w.jpg\" \/>\n\t<meta property=\"og:image:width\" content=\"2560\" \/>\n\t<meta property=\"og:image:height\" content=\"1829\" \/>\n\t<meta property=\"og:image:type\" content=\"image\/jpeg\" \/>\n<meta name=\"author\" content=\"Pablo Mart\u00ednez Dorado\" \/>\n<meta name=\"twitter:card\" content=\"summary_large_image\" \/>\n<meta name=\"twitter:label1\" content=\"Escrito por\" \/>\n\t<meta name=\"twitter:data1\" content=\"Pablo Mart\u00ednez Dorado\" \/>\n\t<meta name=\"twitter:label2\" content=\"Tiempo de lectura\" \/>\n\t<meta name=\"twitter:data2\" content=\"4 minutos\" \/>\n<!-- \/ Yoast SEO plugin. -->","yoast_head_json":{"title":"El campus de Madrid-Princesa, un gran laboratorio abierto durante la Noche Europea de los Investigadores - Actualidad Nebrija","description":"Entre \"escape room\" alien\u00edgenas y talleres aeroespaciales, celebramos junto al INTA un encuentro para acercar la ciencia a los m\u00e1s j\u00f3venes.","robots":{"index":"index","follow":"follow","max-snippet":"max-snippet:-1","max-image-preview":"max-image-preview:large","max-video-preview":"max-video-preview:-1"},"canonical":"https:\/\/www.nebrija.com\/medios\/actualidadnebrija\/2025\/09\/29\/el-campus-de-madrid-princesa-un-gran-laboratorio-abierto-durante-la-noche-europea-de-los-investigadores\/","og_locale":"es_ES","og_type":"article","og_title":"El campus de Madrid-Princesa, un gran laboratorio abierto durante la Noche Europea de los Investigadores - Actualidad Nebrija","og_description":"Entre \"escape room\" alien\u00edgenas y talleres aeroespaciales, celebramos junto al INTA un encuentro para acercar la ciencia a los m\u00e1s j\u00f3venes.","og_url":"https:\/\/www.nebrija.com\/medios\/actualidadnebrija\/2025\/09\/29\/el-campus-de-madrid-princesa-un-gran-laboratorio-abierto-durante-la-noche-europea-de-los-investigadores\/","og_site_name":"Actualidad Nebrija","article_published_time":"2025-09-29T10:24:22+00:00","og_image":[{"width":2560,"height":1829,"url":"https:\/\/www.nebrija.com\/medios\/actualidadnebrija\/wp-content\/uploads\/sites\/2\/2025\/09\/photo_5967523261979937260_w.jpg","type":"image\/jpeg"}],"author":"Pablo Mart\u00ednez Dorado","twitter_card":"summary_large_image","twitter_misc":{"Escrito por":"Pablo Mart\u00ednez Dorado","Tiempo de lectura":"4 minutos"},"schema":{"@context":"https:\/\/schema.org","@graph":[{"@type":"WebPage","@id":"https:\/\/www.nebrija.com\/medios\/actualidadnebrija\/2025\/09\/29\/el-campus-de-madrid-princesa-un-gran-laboratorio-abierto-durante-la-noche-europea-de-los-investigadores\/","url":"https:\/\/www.nebrija.com\/medios\/actualidadnebrija\/2025\/09\/29\/el-campus-de-madrid-princesa-un-gran-laboratorio-abierto-durante-la-noche-europea-de-los-investigadores\/","name":"El campus de Madrid-Princesa, un gran laboratorio abierto durante la Noche Europea de los Investigadores - Actualidad Nebrija","isPartOf":{"@id":"https:\/\/www.nebrija.com\/medios\/actualidadnebrija\/#website"},"datePublished":"2025-09-29T10:24:22+00:00","dateModified":"2025-09-29T10:24:22+00:00","author":{"@id":"https:\/\/www.nebrija.com\/medios\/actualidadnebrija\/#\/schema\/person\/290b7d822a0b963cb48331d739d707ac"},"description":"Entre \"escape room\" alien\u00edgenas y talleres aeroespaciales, celebramos junto al INTA un encuentro para acercar la ciencia a los m\u00e1s j\u00f3venes.","breadcrumb":{"@id":"https:\/\/www.nebrija.com\/medios\/actualidadnebrija\/2025\/09\/29\/el-campus-de-madrid-princesa-un-gran-laboratorio-abierto-durante-la-noche-europea-de-los-investigadores\/#breadcrumb"},"inLanguage":"es","potentialAction":[{"@type":"ReadAction","target":["https:\/\/www.nebrija.com\/medios\/actualidadnebrija\/2025\/09\/29\/el-campus-de-madrid-princesa-un-gran-laboratorio-abierto-durante-la-noche-europea-de-los-investigadores\/"]}]},{"@type":"BreadcrumbList","@id":"https:\/\/www.nebrija.com\/medios\/actualidadnebrija\/2025\/09\/29\/el-campus-de-madrid-princesa-un-gran-laboratorio-abierto-durante-la-noche-europea-de-los-investigadores\/#breadcrumb","itemListElement":[{"@type":"ListItem","position":1,"name":"Home","item":"https:\/\/www.nebrija.com\/medios\/actualidadnebrija\/"},{"@type":"ListItem","position":2,"name":"El campus de Madrid-Princesa, un gran laboratorio abierto durante la Noche Europea de los Investigadores"}]},{"@type":"WebSite","@id":"https:\/\/www.nebrija.com\/medios\/actualidadnebrija\/#website","url":"https:\/\/www.nebrija.com\/medios\/actualidadnebrija\/","name":"Actualidad Nebrija","description":"Noticias de la Universidad Nebrija","potentialAction":[{"@type":"SearchAction","target":{"@type":"EntryPoint","urlTemplate":"https:\/\/www.nebrija.com\/medios\/actualidadnebrija\/?s={search_term_string}"},"query-input":"required name=search_term_string"}],"inLanguage":"es"},{"@type":"Person","@id":"https:\/\/www.nebrija.com\/medios\/actualidadnebrija\/#\/schema\/person\/290b7d822a0b963cb48331d739d707ac","name":"Pablo Mart\u00ednez Dorado","image":{"@type":"ImageObject","inLanguage":"es","@id":"https:\/\/www.nebrija.com\/medios\/actualidadnebrija\/#\/schema\/person\/image\/","url":"https:\/\/secure.gravatar.com\/avatar\/f00fb483227a6b51bb604b861e785163?s=96&d=mm&r=g","contentUrl":"https:\/\/secure.gravatar.com\/avatar\/f00fb483227a6b51bb604b861e785163?s=96&d=mm&r=g","caption":"Pablo Mart\u00ednez Dorado"},"url":"https:\/\/www.nebrija.com\/medios\/actualidadnebrija\/author\/pmartinezd\/"}]}},"_links":{"self":[{"href":"https:\/\/www.nebrija.com\/medios\/actualidadnebrija\/wp-json\/wp\/v2\/posts\/99079"}],"collection":[{"href":"https:\/\/www.nebrija.com\/medios\/actualidadnebrija\/wp-json\/wp\/v2\/posts"}],"about":[{"href":"https:\/\/www.nebrija.com\/medios\/actualidadnebrija\/wp-json\/wp\/v2\/types\/post"}],"author":[{"embeddable":true,"href":"https:\/\/www.nebrija.com\/medios\/actualidadnebrija\/wp-json\/wp\/v2\/users\/324"}],"replies":[{"embeddable":true,"href":"https:\/\/www.nebrija.com\/medios\/actualidadnebrija\/wp-json\/wp\/v2\/comments?post=99079"}],"version-history":[{"count":1,"href":"https:\/\/www.nebrija.com\/medios\/actualidadnebrija\/wp-json\/wp\/v2\/posts\/99079\/revisions"}],"predecessor-version":[{"id":99091,"href":"https:\/\/www.nebrija.com\/medios\/actualidadnebrija\/wp-json\/wp\/v2\/posts\/99079\/revisions\/99091"}],"wp:featuredmedia":[{"embeddable":true,"href":"https:\/\/www.nebrija.com\/medios\/actualidadnebrija\/wp-json\/wp\/v2\/media\/99089"}],"wp:attachment":[{"href":"https:\/\/www.nebrija.com\/medios\/actualidadnebrija\/wp-json\/wp\/v2\/media?parent=99079"}],"wp:term":[{"taxonomy":"category","embeddable":true,"href":"https:\/\/www.nebrija.com\/medios\/actualidadnebrija\/wp-json\/wp\/v2\/categories?post=99079"},{"taxonomy":"post_tag","embeddable":true,"href":"https:\/\/www.nebrija.com\/medios\/actualidadnebrija\/wp-json\/wp\/v2\/tags?post=99079"}],"curies":[{"name":"wp","href":"https:\/\/api.w.org\/{rel}","templated":true}]}}