{"id":99151,"date":"2025-10-06T10:55:09","date_gmt":"2025-10-06T08:55:09","guid":{"rendered":"https:\/\/www.nebrija.com\/medios\/actualidadnebrija\/?p=99151"},"modified":"2025-10-06T10:55:09","modified_gmt":"2025-10-06T08:55:09","slug":"nerea-lovecchio-vaciada-teatro","status":"publish","type":"post","link":"https:\/\/www.nebrija.com\/medios\/actualidadnebrija\/2025\/10\/06\/nerea-lovecchio-vaciada-teatro\/","title":{"rendered":"Nerea Lovecchio recrea la figura universal de Yerma en la obra `Vaciada\u00b4"},"content":{"rendered":"<p>Nerea Lovecchio, profesora del <a href=\"https:\/\/www.nebrija.com\/carreras-universitarias\/grado-artes-escenicas\/\">grado en Artes Esc\u00e9nicas<\/a>, estrena el pr\u00f3ximo domingo 12 de octubre a las 19 horas, en la <a href=\"https:\/\/tarambana.net\/\">sala Tarambana <\/a>(calle Dolores Armengot, 31, Madrid)<em> la obra <a href=\"https:\/\/tarambana.net\/espectaculos\/vaciada\/\">Vaciada<\/a>.<\/em><\/p>\n<p>Nerea Lovecchio ha escrito la dramaturgia, basada en <em>Yerma, <\/em>de Federico Garc\u00eda Lorca, ha dirigido la obra y tambi\u00e9n la interpreta acompa\u00f1ada de Pury Estalayo, Luisa Maci\u00e1 y Ant\u00eda Goyene.<\/p>\n<h3><strong>Carne de una mujer contempor\u00e1nea<\/strong><\/h3>\n<p>En un espacio suspendido entre lo real, lo simb\u00f3lico y lo ancestral, tres mujeres entretejen una dramaturgia del cuerpo, el deseo y la ausencia. Yerma, aun latiendo en su tragedia, resuena en la \u2014 que tambi\u00e9n ha sido vaciada \u2014de expectativas, de sentido, de poder sobre su propio cuerpo\u2014.<\/p>\n<p>Junto a ella, la Vieja, figura sabia y espectral, arrastra la memoria de lo que fue y de lo que siempre se repite: el mandato, la culpa, el deber ser. Y entre ambas, la Actriz, que muta, encarna y encausa distintas voces, como si en ella hablaran todas las mujeres posibles.<\/p>\n<h3><strong>Exploraci\u00f3n po\u00e9tica y f\u00edsica del vac\u00edo<\/strong><\/h3>\n<p><em>Vaciada<\/em> no es solo una relectura de Lorca: es una desposesi\u00f3n, una exploraci\u00f3n po\u00e9tica y f\u00edsica del vac\u00edo que deja lo no dicho, lo no elegido, lo no parido. Una puesta en escena que se mueve entre el teatro de texto y la creaci\u00f3n contempor\u00e1nea, la palabra lorquiana y la pulsi\u00f3n corporal de lo que ya no cabe dentro.<\/p>\n<p>En escena, lo femenino se despliega sin m\u00e1scaras ni concesiones. No hay una sola Yerma. No hay una sola mujer. Pero s\u00ed un mismo vac\u00edo.<\/p>\n<p>La obra se representar\u00e1 los domingos, 12, 19 y 26 de octubre a las 19 horas en la Sala Tarambana.<\/p>\n<p>Entradas en <a href=\"https:\/\/www.flowte.me\/storefront\/tarambana-1?e=35964\"><strong>este enlace<\/strong><\/a>.<\/p>\n\n\t\t<style type=\"text\/css\">\n\t\t\t#gallery-1 {\n\t\t\t\tmargin: auto;\n\t\t\t}\n\t\t\t#gallery-1 .gallery-item {\n\t\t\t\tfloat: left;\n\t\t\t\tmargin-top: 10px;\n\t\t\t\ttext-align: center;\n\t\t\t\twidth: 33%;\n\t\t\t}\n\t\t\t#gallery-1 img {\n\t\t\t\tborder: 2px solid #cfcfcf;\n\t\t\t}\n\t\t\t#gallery-1 .gallery-caption {\n\t\t\t\tmargin-left: 0;\n\t\t\t}\n\t\t\t\/* see gallery_shortcode() in wp-includes\/media.php *\/\n\t\t<\/style>\n\t\t<div id='gallery-1' class='gallery galleryid-99151 gallery-columns-3 gallery-size-thumbnail'><dl class='gallery-item'>\n\t\t\t<dt class='gallery-icon landscape'>\n\t\t\t\t<a href='https:\/\/www.nebrija.com\/medios\/actualidadnebrija\/wp-content\/uploads\/sites\/2\/2025\/10\/Vaciada-1.jpg'><img loading=\"lazy\" decoding=\"async\" width=\"150\" height=\"100\" src=\"https:\/\/www.nebrija.com\/medios\/actualidadnebrija\/wp-content\/uploads\/sites\/2\/2025\/10\/Vaciada-1-150x100.jpg\" class=\"attachment-thumbnail size-thumbnail\" alt=\"\" \/><\/a>\n\t\t\t<\/dt><\/dl><dl class='gallery-item'>\n\t\t\t<dt class='gallery-icon portrait'>\n\t\t\t\t<a href='https:\/\/www.nebrija.com\/medios\/actualidadnebrija\/wp-content\/uploads\/sites\/2\/2025\/10\/Cartel-vaciada.png'><img loading=\"lazy\" decoding=\"async\" width=\"106\" height=\"150\" src=\"https:\/\/www.nebrija.com\/medios\/actualidadnebrija\/wp-content\/uploads\/sites\/2\/2025\/10\/Cartel-vaciada-106x150.png\" class=\"attachment-thumbnail size-thumbnail\" alt=\"\" \/><\/a>\n\t\t\t<\/dt><\/dl>\n\t\t\t<br style='clear: both' \/>\n\t\t<\/div>\n\n","protected":false},"excerpt":{"rendered":"<p>La sala madrile\u00f1a Tarambana programa la pieza los domingos, 12, 19 y 26 de octubre a las 19 horas.<\/p>\n","protected":false},"author":326,"featured_media":99154,"comment_status":"open","ping_status":"open","sticky":false,"template":"","format":"standard","meta":{"_acf_changed":false,"_monsterinsights_skip_tracking":false,"_monsterinsights_sitenote_active":false,"_monsterinsights_sitenote_note":"","_monsterinsights_sitenote_category":0,"footnotes":""},"categories":[3,3050],"tags":[4181,5299,3469],"acf":[],"yoast_head":"<!-- This site is optimized with the Yoast SEO plugin v22.1 - https:\/\/yoast.com\/wordpress\/plugins\/seo\/ -->\n<title>Nerea Lovecchio recrea la figura universal de Yerma en la obra `Vaciada\u00b4 - Actualidad Nebrija<\/title>\n<meta name=\"description\" content=\"Nerea Lovecchio, profesora de Artes Esc\u00e9nicas de Nebrija, recrea la figura universal de Yerma en la obra `Vaciada\u00b4.\" \/>\n<meta name=\"robots\" content=\"index, follow, max-snippet:-1, max-image-preview:large, max-video-preview:-1\" \/>\n<link rel=\"canonical\" href=\"https:\/\/www.nebrija.com\/medios\/actualidadnebrija\/2025\/10\/06\/nerea-lovecchio-vaciada-teatro\/\" \/>\n<meta property=\"og:locale\" content=\"es_ES\" \/>\n<meta property=\"og:type\" content=\"article\" \/>\n<meta property=\"og:title\" content=\"Nerea Lovecchio recrea la figura universal de Yerma en la obra `Vaciada\u00b4 - Actualidad Nebrija\" \/>\n<meta property=\"og:description\" content=\"Nerea Lovecchio, profesora de Artes Esc\u00e9nicas de Nebrija, recrea la figura universal de Yerma en la obra `Vaciada\u00b4.\" \/>\n<meta property=\"og:url\" content=\"https:\/\/www.nebrija.com\/medios\/actualidadnebrija\/2025\/10\/06\/nerea-lovecchio-vaciada-teatro\/\" \/>\n<meta property=\"og:site_name\" content=\"Actualidad Nebrija\" \/>\n<meta property=\"article:published_time\" content=\"2025-10-06T08:55:09+00:00\" \/>\n<meta property=\"og:image\" content=\"https:\/\/www.nebrija.com\/medios\/actualidadnebrija\/wp-content\/uploads\/sites\/2\/2025\/10\/Vaciada-7.jpg\" \/>\n\t<meta property=\"og:image:width\" content=\"1100\" \/>\n\t<meta property=\"og:image:height\" content=\"734\" \/>\n\t<meta property=\"og:image:type\" content=\"image\/jpeg\" \/>\n<meta name=\"author\" content=\"jpicos\" \/>\n<meta name=\"twitter:card\" content=\"summary_large_image\" \/>\n<meta name=\"twitter:label1\" content=\"Escrito por\" \/>\n\t<meta name=\"twitter:data1\" content=\"jpicos\" \/>\n\t<meta name=\"twitter:label2\" content=\"Tiempo de lectura\" \/>\n\t<meta name=\"twitter:data2\" content=\"2 minutos\" \/>\n<!-- \/ Yoast SEO plugin. -->","yoast_head_json":{"title":"Nerea Lovecchio recrea la figura universal de Yerma en la obra `Vaciada\u00b4 - Actualidad Nebrija","description":"Nerea Lovecchio, profesora de Artes Esc\u00e9nicas de Nebrija, recrea la figura universal de Yerma en la obra `Vaciada\u00b4.","robots":{"index":"index","follow":"follow","max-snippet":"max-snippet:-1","max-image-preview":"max-image-preview:large","max-video-preview":"max-video-preview:-1"},"canonical":"https:\/\/www.nebrija.com\/medios\/actualidadnebrija\/2025\/10\/06\/nerea-lovecchio-vaciada-teatro\/","og_locale":"es_ES","og_type":"article","og_title":"Nerea Lovecchio recrea la figura universal de Yerma en la obra `Vaciada\u00b4 - Actualidad Nebrija","og_description":"Nerea Lovecchio, profesora de Artes Esc\u00e9nicas de Nebrija, recrea la figura universal de Yerma en la obra `Vaciada\u00b4.","og_url":"https:\/\/www.nebrija.com\/medios\/actualidadnebrija\/2025\/10\/06\/nerea-lovecchio-vaciada-teatro\/","og_site_name":"Actualidad Nebrija","article_published_time":"2025-10-06T08:55:09+00:00","og_image":[{"width":1100,"height":734,"url":"https:\/\/www.nebrija.com\/medios\/actualidadnebrija\/wp-content\/uploads\/sites\/2\/2025\/10\/Vaciada-7.jpg","type":"image\/jpeg"}],"author":"jpicos","twitter_card":"summary_large_image","twitter_misc":{"Escrito por":"jpicos","Tiempo de lectura":"2 minutos"},"schema":{"@context":"https:\/\/schema.org","@graph":[{"@type":"WebPage","@id":"https:\/\/www.nebrija.com\/medios\/actualidadnebrija\/2025\/10\/06\/nerea-lovecchio-vaciada-teatro\/","url":"https:\/\/www.nebrija.com\/medios\/actualidadnebrija\/2025\/10\/06\/nerea-lovecchio-vaciada-teatro\/","name":"Nerea Lovecchio recrea la figura universal de Yerma en la obra `Vaciada\u00b4 - Actualidad Nebrija","isPartOf":{"@id":"https:\/\/www.nebrija.com\/medios\/actualidadnebrija\/#website"},"datePublished":"2025-10-06T08:55:09+00:00","dateModified":"2025-10-06T08:55:09+00:00","author":{"@id":"https:\/\/www.nebrija.com\/medios\/actualidadnebrija\/#\/schema\/person\/0cd40b7dd3f54459e2cfc009dbd255c6"},"description":"Nerea Lovecchio, profesora de Artes Esc\u00e9nicas de Nebrija, recrea la figura universal de Yerma en la obra `Vaciada\u00b4.","breadcrumb":{"@id":"https:\/\/www.nebrija.com\/medios\/actualidadnebrija\/2025\/10\/06\/nerea-lovecchio-vaciada-teatro\/#breadcrumb"},"inLanguage":"es","potentialAction":[{"@type":"ReadAction","target":["https:\/\/www.nebrija.com\/medios\/actualidadnebrija\/2025\/10\/06\/nerea-lovecchio-vaciada-teatro\/"]}]},{"@type":"BreadcrumbList","@id":"https:\/\/www.nebrija.com\/medios\/actualidadnebrija\/2025\/10\/06\/nerea-lovecchio-vaciada-teatro\/#breadcrumb","itemListElement":[{"@type":"ListItem","position":1,"name":"Home","item":"https:\/\/www.nebrija.com\/medios\/actualidadnebrija\/"},{"@type":"ListItem","position":2,"name":"Nerea Lovecchio recrea la figura universal de Yerma en la obra `Vaciada\u00b4"}]},{"@type":"WebSite","@id":"https:\/\/www.nebrija.com\/medios\/actualidadnebrija\/#website","url":"https:\/\/www.nebrija.com\/medios\/actualidadnebrija\/","name":"Actualidad Nebrija","description":"Noticias de la Universidad Nebrija","potentialAction":[{"@type":"SearchAction","target":{"@type":"EntryPoint","urlTemplate":"https:\/\/www.nebrija.com\/medios\/actualidadnebrija\/?s={search_term_string}"},"query-input":"required name=search_term_string"}],"inLanguage":"es"},{"@type":"Person","@id":"https:\/\/www.nebrija.com\/medios\/actualidadnebrija\/#\/schema\/person\/0cd40b7dd3f54459e2cfc009dbd255c6","name":"jpicos","image":{"@type":"ImageObject","inLanguage":"es","@id":"https:\/\/www.nebrija.com\/medios\/actualidadnebrija\/#\/schema\/person\/image\/","url":"https:\/\/secure.gravatar.com\/avatar\/c4a1005cff3fd9bb5185e9671f4f3e9b?s=96&d=mm&r=g","contentUrl":"https:\/\/secure.gravatar.com\/avatar\/c4a1005cff3fd9bb5185e9671f4f3e9b?s=96&d=mm&r=g","caption":"jpicos"},"url":"https:\/\/www.nebrija.com\/medios\/actualidadnebrija\/author\/jpicos\/"}]}},"_links":{"self":[{"href":"https:\/\/www.nebrija.com\/medios\/actualidadnebrija\/wp-json\/wp\/v2\/posts\/99151"}],"collection":[{"href":"https:\/\/www.nebrija.com\/medios\/actualidadnebrija\/wp-json\/wp\/v2\/posts"}],"about":[{"href":"https:\/\/www.nebrija.com\/medios\/actualidadnebrija\/wp-json\/wp\/v2\/types\/post"}],"author":[{"embeddable":true,"href":"https:\/\/www.nebrija.com\/medios\/actualidadnebrija\/wp-json\/wp\/v2\/users\/326"}],"replies":[{"embeddable":true,"href":"https:\/\/www.nebrija.com\/medios\/actualidadnebrija\/wp-json\/wp\/v2\/comments?post=99151"}],"version-history":[{"count":1,"href":"https:\/\/www.nebrija.com\/medios\/actualidadnebrija\/wp-json\/wp\/v2\/posts\/99151\/revisions"}],"predecessor-version":[{"id":99155,"href":"https:\/\/www.nebrija.com\/medios\/actualidadnebrija\/wp-json\/wp\/v2\/posts\/99151\/revisions\/99155"}],"wp:featuredmedia":[{"embeddable":true,"href":"https:\/\/www.nebrija.com\/medios\/actualidadnebrija\/wp-json\/wp\/v2\/media\/99154"}],"wp:attachment":[{"href":"https:\/\/www.nebrija.com\/medios\/actualidadnebrija\/wp-json\/wp\/v2\/media?parent=99151"}],"wp:term":[{"taxonomy":"category","embeddable":true,"href":"https:\/\/www.nebrija.com\/medios\/actualidadnebrija\/wp-json\/wp\/v2\/categories?post=99151"},{"taxonomy":"post_tag","embeddable":true,"href":"https:\/\/www.nebrija.com\/medios\/actualidadnebrija\/wp-json\/wp\/v2\/tags?post=99151"}],"curies":[{"name":"wp","href":"https:\/\/api.w.org\/{rel}","templated":true}]}}