{"id":99713,"date":"2025-11-12T13:19:43","date_gmt":"2025-11-12T12:19:43","guid":{"rendered":"https:\/\/www.nebrija.com\/medios\/actualidadnebrija\/?p=99713"},"modified":"2025-11-12T13:20:51","modified_gmt":"2025-11-12T12:20:51","slug":"nebrija-y-ecoembes-se-alian-para-impulsar-la-economia-circular-en-la-universidad","status":"publish","type":"post","link":"https:\/\/www.nebrija.com\/medios\/actualidadnebrija\/2025\/11\/12\/nebrija-y-ecoembes-se-alian-para-impulsar-la-economia-circular-en-la-universidad\/","title":{"rendered":"Nebrija y Ecoembes se al\u00edan para impulsar la econom\u00eda circular en la universidad"},"content":{"rendered":"<p>La Universidad Nebrija y la Fundaci\u00f3n Nebrija han firmado un convenio de colaboraci\u00f3n con Ecoembes, dirigido a la puesta en marcha de acciones que contribuir\u00e1n a reforzar la colaboraci\u00f3n docente, investigadora y de difusi\u00f3n en el \u00e1mbito de la econom\u00eda circular, un modelo que busca reducir el desperdicio y aprovechar al m\u00e1ximo los recursos disponibles. Entre las acciones planificadas se encuentra la participaci\u00f3n en un M\u00e1ster de Sostenibilidad y Econom\u00eda Circular.<\/p>\n<p>El posgrado, que se desarrollar\u00e1 en la <a href=\"https:\/\/www.nebrija.com\/la_universidad\/facultades\/facultad-economia-empresa\/\" target=\"_blank\" rel=\"noopener\">Facultad de Econom\u00eda y Empresa<\/a>, contar\u00e1 con la colaboraci\u00f3n de Ecoembes tanto en la elaboraci\u00f3n de contenidos como en su impartici\u00f3n. la <a href=\"https:\/\/www.ecoembes.com\/es\" target=\"_blank\" rel=\"noopener\">organizaci\u00f3n medioambiental<\/a> que lleva m\u00e1s de 25 a\u00f1os promoviendo la econom\u00eda circular a trav\u00e9s del reciclaje de envases, tambi\u00e9n participar\u00e1 en otros programas de la <a href=\"https:\/\/www.nebrija.com\/business-school\/\" target=\"_blank\" rel=\"noopener\">Nebrija Business &amp; Technology School<\/a>, como el <em>Master of Business Administration<\/em> o el Master in Management.<\/p>\n<p>El convenio tiene una vocaci\u00f3n transversal porque prev\u00e9 la colaboraci\u00f3n a otras facultades a trav\u00e9s de Naturaliza, el proyecto de Ecoembes que impulsa la educaci\u00f3n ambiental en el sistema educativo. Tambi\u00e9n se extender\u00e1 a \u00e1mbitos como Nebrija Emprende, una iniciativa de la\u00a0Universidad Nebrija\u00a0para fomentar el esp\u00edritu emprendedor entre sus estudiantes; e igualmente contempla acciones de voluntariado de alumnos y profesores a trav\u00e9s de recogidas de <em>basuraleza<\/em> en el marco del Proyecto Libera de Ecoembes, que busca concienciar a la ciudadan\u00eda para mantener limpios los espacios naturales.<\/p>\n<h2>Nueva cultura ambiental con ECOEMBES<\/h2>\n<p>Ana Fern\u00e1ndez Ardav\u00edn, decana de la Facultad de Econom\u00eda y Empresa, destaca como principal prop\u00f3sito \u201cfomentar la educaci\u00f3n ambiental, promover la gesti\u00f3n responsable de residuos y sensibilizar a la comunidad universitaria sobre la importancia del reciclaje y la econom\u00eda circular. Ecoembes, como organizaci\u00f3n l\u00edder en la gesti\u00f3n de envases y residuos, aporta su experiencia y recursos para desarrollar actividades formativas, campa\u00f1as de concienciaci\u00f3n y proyectos de investigaci\u00f3n. Su compromiso con la formaci\u00f3n de los alumnos de grado y posgrado es un paso decisivo para asegurar que nuestros estudiantes se conviertan en verdaderos embajadores de la econom\u00eda circular a trav\u00e9s de una formaci\u00f3n transversal que completa su formaci\u00f3n curricular\u201d.<\/p>\n<p>Por su parte, \u00c1ngel Hervella Touchard, director de Gesti\u00f3n Local y Auton\u00f3mica en Ecoembes, ha se\u00f1alado que \u201cesta colaboraci\u00f3n con la Universidad Nebrija representa una oportunidad para trasladar la econom\u00eda circular del aula a la pr\u00e1ctica real, impulsando proyectos piloto de reutilizaci\u00f3n y gesti\u00f3n responsable de recursos en los campus universitarios. Con estas iniciativas, buscamos fomentar una nueva cultura ambiental que inspire a los futuros profesionales a liderar el cambio hacia un modelo m\u00e1s circular y sostenible\u201d.<\/p>\n<p>Junto a proyectos acad\u00e9micos y de investigaci\u00f3n de inter\u00e9s com\u00fan, la alianza entre Nebrija y Ecoembes incluye el trabajo en equipo en proyectos conjuntos, tanto de \u00e1mbito nacional como internacional, relacionados con la sostenibilidad de los envases, desde la reducci\u00f3n de la generaci\u00f3n de residuos a la correcta gesti\u00f3n de estos. Tambi\u00e9n habr\u00e1 apoyo en programas acad\u00e9micos espec\u00edficos que revistan especial inter\u00e9s para profesores y autoridades institucionales; o en programas como seminarios o conferencias, entre otros.<\/p>\n","protected":false},"excerpt":{"rendered":"<p>Entre otras iniciativas, colaborar\u00e1n en el desarrollo e impartici\u00f3n del M\u00e1ster de Sostenibilidad y Econom\u00eda Circular junto a la Facultad de Econom\u00eda y Empresa.<\/p>\n","protected":false},"author":1182,"featured_media":99714,"comment_status":"open","ping_status":"open","sticky":false,"template":"","format":"standard","meta":{"_acf_changed":false,"_monsterinsights_skip_tracking":false,"_monsterinsights_sitenote_active":false,"_monsterinsights_sitenote_note":"","_monsterinsights_sitenote_category":0,"footnotes":""},"categories":[12,5017,3058,3054],"tags":[4993,6685,3124,6684,5279,5114,5754,5883],"acf":[],"yoast_head":"<!-- This site is optimized with the Yoast SEO plugin v22.1 - https:\/\/yoast.com\/wordpress\/plugins\/seo\/ -->\n<title>Nebrija y Ecoembes se al\u00edan para impulsar la econom\u00eda circular en la universidad - Actualidad Nebrija<\/title>\n<meta name=\"description\" content=\"La Universidad Nebrija, la Fundaci\u00f3n Nebrija y Ecoembes se al\u00edan para impulsar la econom\u00eda circular en la universidad.\" \/>\n<meta name=\"robots\" content=\"index, follow, max-snippet:-1, max-image-preview:large, max-video-preview:-1\" \/>\n<link rel=\"canonical\" href=\"https:\/\/www.nebrija.com\/medios\/actualidadnebrija\/2025\/11\/12\/nebrija-y-ecoembes-se-alian-para-impulsar-la-economia-circular-en-la-universidad\/\" \/>\n<meta property=\"og:locale\" content=\"es_ES\" \/>\n<meta property=\"og:type\" content=\"article\" \/>\n<meta property=\"og:title\" content=\"Nebrija y Ecoembes se al\u00edan para impulsar la econom\u00eda circular en la universidad - Actualidad Nebrija\" \/>\n<meta property=\"og:description\" content=\"La Universidad Nebrija, la Fundaci\u00f3n Nebrija y Ecoembes se al\u00edan para impulsar la econom\u00eda circular en la universidad.\" \/>\n<meta property=\"og:url\" content=\"https:\/\/www.nebrija.com\/medios\/actualidadnebrija\/2025\/11\/12\/nebrija-y-ecoembes-se-alian-para-impulsar-la-economia-circular-en-la-universidad\/\" \/>\n<meta property=\"og:site_name\" content=\"Actualidad Nebrija\" \/>\n<meta property=\"article:published_time\" content=\"2025-11-12T12:19:43+00:00\" \/>\n<meta property=\"article:modified_time\" content=\"2025-11-12T12:20:51+00:00\" \/>\n<meta property=\"og:image\" content=\"https:\/\/www.nebrija.com\/medios\/actualidadnebrija\/wp-content\/uploads\/sites\/2\/2025\/11\/Nebrija-y-Ecoembes-se-alian-para-impulsar-la-economia-circular-en-la-universidad.jpg\" \/>\n\t<meta property=\"og:image:width\" content=\"1100\" \/>\n\t<meta property=\"og:image:height\" content=\"734\" \/>\n\t<meta property=\"og:image:type\" content=\"image\/jpeg\" \/>\n<meta name=\"author\" content=\"mcamposd\" \/>\n<meta name=\"twitter:card\" content=\"summary_large_image\" \/>\n<meta name=\"twitter:label1\" content=\"Escrito por\" \/>\n\t<meta name=\"twitter:data1\" content=\"mcamposd\" \/>\n\t<meta name=\"twitter:label2\" content=\"Tiempo de lectura\" \/>\n\t<meta name=\"twitter:data2\" content=\"3 minutos\" \/>\n<!-- \/ Yoast SEO plugin. -->","yoast_head_json":{"title":"Nebrija y Ecoembes se al\u00edan para impulsar la econom\u00eda circular en la universidad - Actualidad Nebrija","description":"La Universidad Nebrija, la Fundaci\u00f3n Nebrija y Ecoembes se al\u00edan para impulsar la econom\u00eda circular en la universidad.","robots":{"index":"index","follow":"follow","max-snippet":"max-snippet:-1","max-image-preview":"max-image-preview:large","max-video-preview":"max-video-preview:-1"},"canonical":"https:\/\/www.nebrija.com\/medios\/actualidadnebrija\/2025\/11\/12\/nebrija-y-ecoembes-se-alian-para-impulsar-la-economia-circular-en-la-universidad\/","og_locale":"es_ES","og_type":"article","og_title":"Nebrija y Ecoembes se al\u00edan para impulsar la econom\u00eda circular en la universidad - Actualidad Nebrija","og_description":"La Universidad Nebrija, la Fundaci\u00f3n Nebrija y Ecoembes se al\u00edan para impulsar la econom\u00eda circular en la universidad.","og_url":"https:\/\/www.nebrija.com\/medios\/actualidadnebrija\/2025\/11\/12\/nebrija-y-ecoembes-se-alian-para-impulsar-la-economia-circular-en-la-universidad\/","og_site_name":"Actualidad Nebrija","article_published_time":"2025-11-12T12:19:43+00:00","article_modified_time":"2025-11-12T12:20:51+00:00","og_image":[{"width":1100,"height":734,"url":"https:\/\/www.nebrija.com\/medios\/actualidadnebrija\/wp-content\/uploads\/sites\/2\/2025\/11\/Nebrija-y-Ecoembes-se-alian-para-impulsar-la-economia-circular-en-la-universidad.jpg","type":"image\/jpeg"}],"author":"mcamposd","twitter_card":"summary_large_image","twitter_misc":{"Escrito por":"mcamposd","Tiempo de lectura":"3 minutos"},"schema":{"@context":"https:\/\/schema.org","@graph":[{"@type":"WebPage","@id":"https:\/\/www.nebrija.com\/medios\/actualidadnebrija\/2025\/11\/12\/nebrija-y-ecoembes-se-alian-para-impulsar-la-economia-circular-en-la-universidad\/","url":"https:\/\/www.nebrija.com\/medios\/actualidadnebrija\/2025\/11\/12\/nebrija-y-ecoembes-se-alian-para-impulsar-la-economia-circular-en-la-universidad\/","name":"Nebrija y Ecoembes se al\u00edan para impulsar la econom\u00eda circular en la universidad - Actualidad Nebrija","isPartOf":{"@id":"https:\/\/www.nebrija.com\/medios\/actualidadnebrija\/#website"},"datePublished":"2025-11-12T12:19:43+00:00","dateModified":"2025-11-12T12:20:51+00:00","author":{"@id":"https:\/\/www.nebrija.com\/medios\/actualidadnebrija\/#\/schema\/person\/205582e65069359d9f07d260f6d48a9c"},"description":"La Universidad Nebrija, la Fundaci\u00f3n Nebrija y Ecoembes se al\u00edan para impulsar la econom\u00eda circular en la universidad.","breadcrumb":{"@id":"https:\/\/www.nebrija.com\/medios\/actualidadnebrija\/2025\/11\/12\/nebrija-y-ecoembes-se-alian-para-impulsar-la-economia-circular-en-la-universidad\/#breadcrumb"},"inLanguage":"es","potentialAction":[{"@type":"ReadAction","target":["https:\/\/www.nebrija.com\/medios\/actualidadnebrija\/2025\/11\/12\/nebrija-y-ecoembes-se-alian-para-impulsar-la-economia-circular-en-la-universidad\/"]}]},{"@type":"BreadcrumbList","@id":"https:\/\/www.nebrija.com\/medios\/actualidadnebrija\/2025\/11\/12\/nebrija-y-ecoembes-se-alian-para-impulsar-la-economia-circular-en-la-universidad\/#breadcrumb","itemListElement":[{"@type":"ListItem","position":1,"name":"Home","item":"https:\/\/www.nebrija.com\/medios\/actualidadnebrija\/"},{"@type":"ListItem","position":2,"name":"Nebrija y Ecoembes se al\u00edan para impulsar la econom\u00eda circular en la universidad"}]},{"@type":"WebSite","@id":"https:\/\/www.nebrija.com\/medios\/actualidadnebrija\/#website","url":"https:\/\/www.nebrija.com\/medios\/actualidadnebrija\/","name":"Actualidad Nebrija","description":"Noticias de la Universidad Nebrija","potentialAction":[{"@type":"SearchAction","target":{"@type":"EntryPoint","urlTemplate":"https:\/\/www.nebrija.com\/medios\/actualidadnebrija\/?s={search_term_string}"},"query-input":"required name=search_term_string"}],"inLanguage":"es"},{"@type":"Person","@id":"https:\/\/www.nebrija.com\/medios\/actualidadnebrija\/#\/schema\/person\/205582e65069359d9f07d260f6d48a9c","name":"mcamposd","image":{"@type":"ImageObject","inLanguage":"es","@id":"https:\/\/www.nebrija.com\/medios\/actualidadnebrija\/#\/schema\/person\/image\/","url":"https:\/\/secure.gravatar.com\/avatar\/d0592be503e718fe4bc82c9a3b03724e?s=96&d=mm&r=g","contentUrl":"https:\/\/secure.gravatar.com\/avatar\/d0592be503e718fe4bc82c9a3b03724e?s=96&d=mm&r=g","caption":"mcamposd"},"url":"https:\/\/www.nebrija.com\/medios\/actualidadnebrija\/author\/mcamposd\/"}]}},"_links":{"self":[{"href":"https:\/\/www.nebrija.com\/medios\/actualidadnebrija\/wp-json\/wp\/v2\/posts\/99713"}],"collection":[{"href":"https:\/\/www.nebrija.com\/medios\/actualidadnebrija\/wp-json\/wp\/v2\/posts"}],"about":[{"href":"https:\/\/www.nebrija.com\/medios\/actualidadnebrija\/wp-json\/wp\/v2\/types\/post"}],"author":[{"embeddable":true,"href":"https:\/\/www.nebrija.com\/medios\/actualidadnebrija\/wp-json\/wp\/v2\/users\/1182"}],"replies":[{"embeddable":true,"href":"https:\/\/www.nebrija.com\/medios\/actualidadnebrija\/wp-json\/wp\/v2\/comments?post=99713"}],"version-history":[{"count":2,"href":"https:\/\/www.nebrija.com\/medios\/actualidadnebrija\/wp-json\/wp\/v2\/posts\/99713\/revisions"}],"predecessor-version":[{"id":99716,"href":"https:\/\/www.nebrija.com\/medios\/actualidadnebrija\/wp-json\/wp\/v2\/posts\/99713\/revisions\/99716"}],"wp:featuredmedia":[{"embeddable":true,"href":"https:\/\/www.nebrija.com\/medios\/actualidadnebrija\/wp-json\/wp\/v2\/media\/99714"}],"wp:attachment":[{"href":"https:\/\/www.nebrija.com\/medios\/actualidadnebrija\/wp-json\/wp\/v2\/media?parent=99713"}],"wp:term":[{"taxonomy":"category","embeddable":true,"href":"https:\/\/www.nebrija.com\/medios\/actualidadnebrija\/wp-json\/wp\/v2\/categories?post=99713"},{"taxonomy":"post_tag","embeddable":true,"href":"https:\/\/www.nebrija.com\/medios\/actualidadnebrija\/wp-json\/wp\/v2\/tags?post=99713"}],"curies":[{"name":"wp","href":"https:\/\/api.w.org\/{rel}","templated":true}]}}