{"id":1004,"date":"2021-10-14T10:02:07","date_gmt":"2021-10-14T08:02:07","guid":{"rendered":"https:\/\/www.nebrija.com\/medios\/etcc\/?p=1004"},"modified":"2021-10-14T10:02:07","modified_gmt":"2021-10-14T08:02:07","slug":"la-marea-humana-segun-ai-weiwei-articulo","status":"publish","type":"post","link":"https:\/\/www.nebrija.com\/medios\/etcc\/la-marea-humana-segun-ai-weiwei-articulo\/","title":{"rendered":"La &#8216;Marea Humana&#8217; seg\u00fan Ai Weiwei. Art\u00edculo."},"content":{"rendered":"<!-- VideographyWP Plugin Message: Automatic video embedding prevented by plugin options. -->\n\n<p>El investigador ETCC Julio P\u00e9rez Manzanares public\u00f3 el pasado diciembre de 2020 el art\u00edculo:<\/p>\n\n\n\n<p>P\u00e9rez Manzanares, J. (2020). La &#8216;Marea Humana&#8217; seg\u00fan Ai Weiwei: conflictos transnacionales y discrepancias fronterizas entre la \u00e9tica, la est\u00e9tica y la pol\u00edtica en la representaci\u00f3n de ciudadanos refugiados. <em>Anales de Historia del Arte<\/em>. Vol. 30, pp.131-152.<strong> <\/strong>DOI:https:\/\/doi.org\/10.5209\/anha.72177<\/p>\n\n\n\n<p><a href=\"https:\/\/revistas.ucm.es\/index.php\/ANHA\/article\/view\/72177\">https:\/\/revistas.ucm.es\/index.php\/ANHA\/article\/view\/72177<\/a><\/p>\n\n\n\n<p>RESUMEN:<\/p>\n\n\n\n<p>Revisando el documental&nbsp;<em>HumanFlow (Marea Humana)<\/em>&nbsp;del artista chino Ai Weiwei, y algunos de sus pol\u00e9micos planteamientos visuales sobre la crisis de los refugiados, trataremos de observar la necesidad de vinculaci\u00f3n de paradigmas \u00e9ticos y est\u00e9ticos en las representaciones de car\u00e1cter pol\u00edtico actuales. Para ello revisaremos algunos de los discursos que en las \u00faltimas d\u00e9cadas se han realizado en este sentido, contrast\u00e1ndolos con las estrategias narrativas que Weiwei realiza en su producci\u00f3n, intentando localizar d\u00f3nde puede producirse la fractura entre discurso \u00e9tico y est\u00e9tico, y las consecuencias que esto tiene para la posibilidad de realizar un arte pol\u00edtico.<\/p>\n\n\n\n<p><a href=\"https:\/\/www.instagram.com\/p\/CVAFynWsYbz\/\">https:\/\/www.instagram.com\/p\/CVAFynWsYbz\/<\/a><\/p>\n","protected":false},"excerpt":{"rendered":"<p>El investigador ETCC Julio P\u00e9rez Manzanares public\u00f3 el pasado diciembre de 2020 el art\u00edculo: P\u00e9rez Manzanares, J. (2020). La &#8216;Marea Humana&#8217; seg\u00fan Ai Weiwei: conflictos transnacionales y discrepancias fronterizas entre la \u00e9tica, la est\u00e9tica y la pol\u00edtica en la representaci\u00f3n de ciudadanos refugiados. Anales de Historia del Arte. Vol. 30, pp.131-152. DOI:https:\/\/doi.org\/10.5209\/anha.72177 https:\/\/revistas.ucm.es\/index.php\/ANHA\/article\/view\/72177 RESUMEN: Revisando &hellip; <\/p>\n<p class=\"link-more\"><a href=\"https:\/\/www.nebrija.com\/medios\/etcc\/la-marea-humana-segun-ai-weiwei-articulo\/\" class=\"more-link\">Continuar leyendo<span class=\"screen-reader-text\"> \u00abLa &#8216;Marea Humana&#8217; seg\u00fan Ai Weiwei. Art\u00edculo.\u00bb<\/span><\/a><\/p>\n","protected":false},"author":313,"featured_media":0,"comment_status":"open","ping_status":"open","sticky":false,"template":"","format":"standard","meta":{"_monsterinsights_skip_tracking":false,"_monsterinsights_sitenote_active":false,"_monsterinsights_sitenote_note":"","_monsterinsights_sitenote_category":0,"footnotes":""},"categories":[1],"tags":[86],"_links":{"self":[{"href":"https:\/\/www.nebrija.com\/medios\/etcc\/wp-json\/wp\/v2\/posts\/1004"}],"collection":[{"href":"https:\/\/www.nebrija.com\/medios\/etcc\/wp-json\/wp\/v2\/posts"}],"about":[{"href":"https:\/\/www.nebrija.com\/medios\/etcc\/wp-json\/wp\/v2\/types\/post"}],"author":[{"embeddable":true,"href":"https:\/\/www.nebrija.com\/medios\/etcc\/wp-json\/wp\/v2\/users\/313"}],"replies":[{"embeddable":true,"href":"https:\/\/www.nebrija.com\/medios\/etcc\/wp-json\/wp\/v2\/comments?post=1004"}],"version-history":[{"count":1,"href":"https:\/\/www.nebrija.com\/medios\/etcc\/wp-json\/wp\/v2\/posts\/1004\/revisions"}],"predecessor-version":[{"id":1005,"href":"https:\/\/www.nebrija.com\/medios\/etcc\/wp-json\/wp\/v2\/posts\/1004\/revisions\/1005"}],"wp:attachment":[{"href":"https:\/\/www.nebrija.com\/medios\/etcc\/wp-json\/wp\/v2\/media?parent=1004"}],"wp:term":[{"taxonomy":"category","embeddable":true,"href":"https:\/\/www.nebrija.com\/medios\/etcc\/wp-json\/wp\/v2\/categories?post=1004"},{"taxonomy":"post_tag","embeddable":true,"href":"https:\/\/www.nebrija.com\/medios\/etcc\/wp-json\/wp\/v2\/tags?post=1004"}],"curies":[{"name":"wp","href":"https:\/\/api.w.org\/{rel}","templated":true}]}}