{"id":1006,"date":"2021-10-14T10:41:30","date_gmt":"2021-10-14T08:41:30","guid":{"rendered":"https:\/\/www.nebrija.com\/medios\/etcc\/?p=1006"},"modified":"2021-10-14T10:41:31","modified_gmt":"2021-10-14T08:41:31","slug":"la-necesidad-de-la-educacion-estetica-en-la-formacion-de-diseno-grafico-articulo","status":"publish","type":"post","link":"https:\/\/www.nebrija.com\/medios\/etcc\/la-necesidad-de-la-educacion-estetica-en-la-formacion-de-diseno-grafico-articulo\/","title":{"rendered":"La necesidad de la educaci\u00f3n est\u00e9tica en la formaci\u00f3n de Dise\u00f1o Gr\u00e1fico. Art\u00edculo"},"content":{"rendered":"<!-- VideographyWP Plugin Message: Automatic video embedding prevented by plugin options. -->\n\n<p>El Investigador ETCC Julio P\u00e9rez Manzanares public\u00f3 el pasado diciembre:<\/p>\n\n\n\n<p>Presol Herrero, \u00c1frica, &amp; P\u00e9rez Manzanares, J. (2020). La necesidad de la educaci\u00f3n est\u00e9tica para la formaci\u00f3n en dise\u00f1o gr\u00e1fico: una propuesta metodol\u00f3gica.&nbsp;<em>Vivat Academia<\/em>, (153), 117-136. https:\/\/doi.org\/10.15178\/va.2020.153.117-136<\/p>\n\n\n\n<p><a href=\"https:\/\/www.vivatacademia.net\/index.php\/vivat\/article\/view\/1218\">https:\/\/www.vivatacademia.net\/index.php\/vivat\/article\/view\/1218<\/a><\/p>\n\n\n\n<p>RESUMEN:<\/p>\n\n\n\n<p>Esta investigaci\u00f3n estudia la necesidad de combinar la educaci\u00f3n est\u00e9tica y la adquisici\u00f3n de cultura visual como aptitudes t\u00e9cnicas para el dise\u00f1o gr\u00e1fico. Se establece una metodolog\u00eda doble: recuperaci\u00f3n y exploraci\u00f3n bibliogr\u00e1fica que analiza la vinculaci\u00f3n de los conocimientos de car\u00e1cter t\u00e9cnico de ambas disciplinas, as\u00ed como del an\u00e1lisis pr\u00e1ctico de los resultados obtenidos mediante su aplicaci\u00f3n en la experiencia docente y el cuestionario como t\u00e9cnica de investigaci\u00f3n cualitativa realizado a estudiantes del Grado en Publicidad y Relaciones P\u00fablicas en Educaci\u00f3n Superior. Los resultados muestran que el m\u00e9todo de ense\u00f1anza transversal y una formaci\u00f3n de car\u00e1cter hist\u00f3rico y te\u00f3rico sobre los medios visuales es adecuado para la aplicaci\u00f3n de t\u00e9cnicas digitales y el desarrollo de proyectos de creaci\u00f3n de branding, identidad visual e imagen de marca.<\/p>\n\n\n\n<p><a href=\"https:\/\/www.instagram.com\/p\/CVAKqYzsgIv\/\">https:\/\/www.instagram.com\/p\/CVAKqYzsgIv\/<\/a><\/p>\n","protected":false},"excerpt":{"rendered":"<p>El Investigador ETCC Julio P\u00e9rez Manzanares public\u00f3 el pasado diciembre: Presol Herrero, \u00c1frica, &amp; P\u00e9rez Manzanares, J. (2020). La necesidad de la educaci\u00f3n est\u00e9tica para la formaci\u00f3n en dise\u00f1o gr\u00e1fico: una propuesta metodol\u00f3gica.&nbsp;Vivat Academia, (153), 117-136. https:\/\/doi.org\/10.15178\/va.2020.153.117-136 https:\/\/www.vivatacademia.net\/index.php\/vivat\/article\/view\/1218 RESUMEN: Esta investigaci\u00f3n estudia la necesidad de combinar la educaci\u00f3n est\u00e9tica y la adquisici\u00f3n de cultura visual &hellip; <\/p>\n<p class=\"link-more\"><a href=\"https:\/\/www.nebrija.com\/medios\/etcc\/la-necesidad-de-la-educacion-estetica-en-la-formacion-de-diseno-grafico-articulo\/\" class=\"more-link\">Continuar leyendo<span class=\"screen-reader-text\"> \u00abLa necesidad de la educaci\u00f3n est\u00e9tica en la formaci\u00f3n de Dise\u00f1o Gr\u00e1fico. Art\u00edculo\u00bb<\/span><\/a><\/p>\n","protected":false},"author":313,"featured_media":0,"comment_status":"open","ping_status":"open","sticky":false,"template":"","format":"standard","meta":{"_monsterinsights_skip_tracking":false,"_monsterinsights_sitenote_active":false,"_monsterinsights_sitenote_note":"","_monsterinsights_sitenote_category":0,"footnotes":""},"categories":[1],"tags":[86],"_links":{"self":[{"href":"https:\/\/www.nebrija.com\/medios\/etcc\/wp-json\/wp\/v2\/posts\/1006"}],"collection":[{"href":"https:\/\/www.nebrija.com\/medios\/etcc\/wp-json\/wp\/v2\/posts"}],"about":[{"href":"https:\/\/www.nebrija.com\/medios\/etcc\/wp-json\/wp\/v2\/types\/post"}],"author":[{"embeddable":true,"href":"https:\/\/www.nebrija.com\/medios\/etcc\/wp-json\/wp\/v2\/users\/313"}],"replies":[{"embeddable":true,"href":"https:\/\/www.nebrija.com\/medios\/etcc\/wp-json\/wp\/v2\/comments?post=1006"}],"version-history":[{"count":1,"href":"https:\/\/www.nebrija.com\/medios\/etcc\/wp-json\/wp\/v2\/posts\/1006\/revisions"}],"predecessor-version":[{"id":1007,"href":"https:\/\/www.nebrija.com\/medios\/etcc\/wp-json\/wp\/v2\/posts\/1006\/revisions\/1007"}],"wp:attachment":[{"href":"https:\/\/www.nebrija.com\/medios\/etcc\/wp-json\/wp\/v2\/media?parent=1006"}],"wp:term":[{"taxonomy":"category","embeddable":true,"href":"https:\/\/www.nebrija.com\/medios\/etcc\/wp-json\/wp\/v2\/categories?post=1006"},{"taxonomy":"post_tag","embeddable":true,"href":"https:\/\/www.nebrija.com\/medios\/etcc\/wp-json\/wp\/v2\/tags?post=1006"}],"curies":[{"name":"wp","href":"https:\/\/api.w.org\/{rel}","templated":true}]}}