{"id":1008,"date":"2021-10-14T11:06:39","date_gmt":"2021-10-14T09:06:39","guid":{"rendered":"https:\/\/www.nebrija.com\/medios\/etcc\/?p=1008"},"modified":"2025-10-22T11:05:32","modified_gmt":"2025-10-22T09:05:32","slug":"el-signo-fotografico-la-relacion-semantica-de-la-fotografia-con-la-realidad","status":"publish","type":"post","link":"https:\/\/www.nebrija.com\/medios\/etcc\/el-signo-fotografico-la-relacion-semantica-de-la-fotografia-con-la-realidad\/","title":{"rendered":"El signo fotogr\u00e1fico: la relaci\u00f3n sem\u00e1ntica de la fotograf\u00eda con la realidad."},"content":{"rendered":"<!-- VideographyWP Plugin Message: Automatic video embedding prevented by plugin options. -->\n\n<p>La investigadora ETCC, Francisca Beneyto Ruiz public\u00f3 en enero de 2021 el art\u00edculo<\/p>\n\n\n\n<p>Beneyto Ruiz, F. (2021). El signo fotogr\u00e1fico: la relaci\u00f3n sem\u00e1ntica de la fotograf\u00eda con la realidad. Revista de Humanidades, 43, enero-junio, pp. 349-370. ISSN impreso: 0717-0491. ISSN digital: 2452-445X<\/p>\n\n\n\n<p><a href=\"https:\/\/revistahumanidades.unab.cl\/index.php\/revista-de-humanidades\/article\/view\/19\/124\">https:\/\/revistahumanidades.unab.cl\/index.php\/revista-de-humanidades\/article\/view\/19\/124<\/a><\/p>\n\n\n\n<p>RESUMEN:<\/p>\n\n\n\n<p>La fotograf\u00eda, a diferencia de otras pr\u00e1cticas visuales, tiene como<\/p>\n\n\n\n<p>principal funci\u00f3n el registro de los acontecimientos debido al<\/p>\n\n\n\n<p>v\u00ednculo f\u00edsico que establece con ellos. Sin embargo, la fotograf\u00eda<\/p>\n\n\n\n<p>tambi\u00e9n crea discursos que la alejan de su funci\u00f3n referencial<\/p>\n\n\n\n<p>desplaz\u00e1ndose a terrenos m\u00e1s simb\u00f3licos. Su capacidad de actuar<\/p>\n\n\n\n<p>simult\u00e1neamente como huella, \u00edcono y s\u00edmbolo, ha tenido<\/p>\n\n\n\n<p>usos muy diferentes, lo que ha mantenido vivo el debate sobre<\/p>\n\n\n\n<p>su relaci\u00f3n con el referente. A continuaci\u00f3n, se propone una<\/p>\n\n\n\n<p>reflexi\u00f3n sobre el signo fotogr\u00e1fico y su v\u00ednculo con el referente<\/p>\n\n\n\n<p>seg\u00fan la funci\u00f3n que se otorgue a la imagen<\/p>\n\n\n\n<p><a href=\"https:\/\/www.instagram.com\/p\/CVANj9EMjdk\/\">https:\/\/www.instagram.com\/p\/CVANj9EMjdk\/<\/a><\/p>\n","protected":false},"excerpt":{"rendered":"<p>La investigadora ETCC, Francisca Beneyto Ruiz public\u00f3 en enero de 2021 el art\u00edculo Beneyto Ruiz, F. (2021). El signo fotogr\u00e1fico: la relaci\u00f3n sem\u00e1ntica de la fotograf\u00eda con la realidad. Revista de Humanidades, 43, enero-junio, pp. 349-370. ISSN impreso: 0717-0491. ISSN digital: 2452-445X https:\/\/revistahumanidades.unab.cl\/index.php\/revista-de-humanidades\/article\/view\/19\/124 RESUMEN: La fotograf\u00eda, a diferencia de otras pr\u00e1cticas visuales, tiene como principal &hellip; <\/p>\n<p class=\"link-more\"><a href=\"https:\/\/www.nebrija.com\/medios\/etcc\/el-signo-fotografico-la-relacion-semantica-de-la-fotografia-con-la-realidad\/\" class=\"more-link\">Continuar leyendo<span class=\"screen-reader-text\"> \u00abEl signo fotogr\u00e1fico: la relaci\u00f3n sem\u00e1ntica de la fotograf\u00eda con la realidad.\u00bb<\/span><\/a><\/p>\n","protected":false},"author":313,"featured_media":0,"comment_status":"open","ping_status":"open","sticky":false,"template":"","format":"standard","meta":{"_monsterinsights_skip_tracking":false,"_monsterinsights_sitenote_active":false,"_monsterinsights_sitenote_note":"","_monsterinsights_sitenote_category":0,"footnotes":""},"categories":[1],"tags":[86],"_links":{"self":[{"href":"https:\/\/www.nebrija.com\/medios\/etcc\/wp-json\/wp\/v2\/posts\/1008"}],"collection":[{"href":"https:\/\/www.nebrija.com\/medios\/etcc\/wp-json\/wp\/v2\/posts"}],"about":[{"href":"https:\/\/www.nebrija.com\/medios\/etcc\/wp-json\/wp\/v2\/types\/post"}],"author":[{"embeddable":true,"href":"https:\/\/www.nebrija.com\/medios\/etcc\/wp-json\/wp\/v2\/users\/313"}],"replies":[{"embeddable":true,"href":"https:\/\/www.nebrija.com\/medios\/etcc\/wp-json\/wp\/v2\/comments?post=1008"}],"version-history":[{"count":2,"href":"https:\/\/www.nebrija.com\/medios\/etcc\/wp-json\/wp\/v2\/posts\/1008\/revisions"}],"predecessor-version":[{"id":1107,"href":"https:\/\/www.nebrija.com\/medios\/etcc\/wp-json\/wp\/v2\/posts\/1008\/revisions\/1107"}],"wp:attachment":[{"href":"https:\/\/www.nebrija.com\/medios\/etcc\/wp-json\/wp\/v2\/media?parent=1008"}],"wp:term":[{"taxonomy":"category","embeddable":true,"href":"https:\/\/www.nebrija.com\/medios\/etcc\/wp-json\/wp\/v2\/categories?post=1008"},{"taxonomy":"post_tag","embeddable":true,"href":"https:\/\/www.nebrija.com\/medios\/etcc\/wp-json\/wp\/v2\/tags?post=1008"}],"curies":[{"name":"wp","href":"https:\/\/api.w.org\/{rel}","templated":true}]}}