{"id":1012,"date":"2021-10-14T11:27:53","date_gmt":"2021-10-14T09:27:53","guid":{"rendered":"https:\/\/www.nebrija.com\/medios\/etcc\/?p=1012"},"modified":"2021-10-14T11:27:53","modified_gmt":"2021-10-14T09:27:53","slug":"el-acto-de-levantarse-las-faldas-de-la-performance-al-foto-ensayo-articulo","status":"publish","type":"post","link":"https:\/\/www.nebrija.com\/medios\/etcc\/el-acto-de-levantarse-las-faldas-de-la-performance-al-foto-ensayo-articulo\/","title":{"rendered":"El acto de levantarse las faldas. De la performance al foto ensayo. Art\u00edculo"},"content":{"rendered":"<!-- VideographyWP Plugin Message: Automatic video embedding prevented by plugin options. -->\n\n<p>La investigadora ETCC Alba Soto Guti\u00e9rrez public\u00f3 el pasado agosto el art\u00edculo:<\/p>\n\n\n\n<p>Soto, A., &amp; Grau, M. (2021). El acto de levantarse las faldas. De la performance al foto ensayo.&nbsp;<em>Revista Afluir<\/em>, (extra3), 89-110. https:\/\/doi.org\/10.48260\/ralf.extra3.65<\/p>\n\n\n\n<p><a href=\"https:\/\/www.afluir.es\/index.php\/afluir\/article\/view\/65\">https:\/\/www.afluir.es\/index.php\/afluir\/article\/view\/65<\/a><\/p>\n\n\n\n<p><\/p>\n\n\n\n<p>RESUMEN<\/p>\n\n\n\n<p>Durante la investigaci\u00f3n realizada para el proyecto art\u00edstico que llevamos a cabo sobre la figura mitol\u00f3gica de Baubo y el gesto del anasyrma (acci\u00f3n de levantarse las faldas), descubrimos que nos acercamos a ella desde diferentes vertientes: El arquetipo de la diosa como referente, la construcci\u00f3n del imaginario simb\u00f3lico que transita, su asimilaci\u00f3n a partir del cuerpo y las connotaciones sociales del propio gesto.<\/p>\n\n\n\n<p><a href=\"https:\/\/www.instagram.com\/p\/CVAQL5YsLT0\/\">https:\/\/www.instagram.com\/p\/CVAQL5YsLT0\/<\/a><\/p>\n","protected":false},"excerpt":{"rendered":"<p>La investigadora ETCC Alba Soto Guti\u00e9rrez public\u00f3 el pasado agosto el art\u00edculo: Soto, A., &amp; Grau, M. (2021). El acto de levantarse las faldas. De la performance al foto ensayo.&nbsp;Revista Afluir, (extra3), 89-110. https:\/\/doi.org\/10.48260\/ralf.extra3.65 https:\/\/www.afluir.es\/index.php\/afluir\/article\/view\/65 RESUMEN Durante la investigaci\u00f3n realizada para el proyecto art\u00edstico que llevamos a cabo sobre la figura mitol\u00f3gica de Baubo y &hellip; <\/p>\n<p class=\"link-more\"><a href=\"https:\/\/www.nebrija.com\/medios\/etcc\/el-acto-de-levantarse-las-faldas-de-la-performance-al-foto-ensayo-articulo\/\" class=\"more-link\">Continuar leyendo<span class=\"screen-reader-text\"> \u00abEl acto de levantarse las faldas. De la performance al foto ensayo. Art\u00edculo\u00bb<\/span><\/a><\/p>\n","protected":false},"author":313,"featured_media":0,"comment_status":"open","ping_status":"open","sticky":false,"template":"","format":"standard","meta":{"_monsterinsights_skip_tracking":false,"_monsterinsights_sitenote_active":false,"_monsterinsights_sitenote_note":"","_monsterinsights_sitenote_category":0,"footnotes":""},"categories":[1],"tags":[86],"_links":{"self":[{"href":"https:\/\/www.nebrija.com\/medios\/etcc\/wp-json\/wp\/v2\/posts\/1012"}],"collection":[{"href":"https:\/\/www.nebrija.com\/medios\/etcc\/wp-json\/wp\/v2\/posts"}],"about":[{"href":"https:\/\/www.nebrija.com\/medios\/etcc\/wp-json\/wp\/v2\/types\/post"}],"author":[{"embeddable":true,"href":"https:\/\/www.nebrija.com\/medios\/etcc\/wp-json\/wp\/v2\/users\/313"}],"replies":[{"embeddable":true,"href":"https:\/\/www.nebrija.com\/medios\/etcc\/wp-json\/wp\/v2\/comments?post=1012"}],"version-history":[{"count":1,"href":"https:\/\/www.nebrija.com\/medios\/etcc\/wp-json\/wp\/v2\/posts\/1012\/revisions"}],"predecessor-version":[{"id":1013,"href":"https:\/\/www.nebrija.com\/medios\/etcc\/wp-json\/wp\/v2\/posts\/1012\/revisions\/1013"}],"wp:attachment":[{"href":"https:\/\/www.nebrija.com\/medios\/etcc\/wp-json\/wp\/v2\/media?parent=1012"}],"wp:term":[{"taxonomy":"category","embeddable":true,"href":"https:\/\/www.nebrija.com\/medios\/etcc\/wp-json\/wp\/v2\/categories?post=1012"},{"taxonomy":"post_tag","embeddable":true,"href":"https:\/\/www.nebrija.com\/medios\/etcc\/wp-json\/wp\/v2\/tags?post=1012"}],"curies":[{"name":"wp","href":"https:\/\/api.w.org\/{rel}","templated":true}]}}