{"id":1022,"date":"2022-07-11T00:01:25","date_gmt":"2022-07-10T22:01:25","guid":{"rendered":"https:\/\/www.nebrija.com\/medios\/etcc\/?p=1022"},"modified":"2022-07-11T00:01:25","modified_gmt":"2022-07-10T22:01:25","slug":"exposicion-semilla-llama-penumbra","status":"publish","type":"post","link":"https:\/\/www.nebrija.com\/medios\/etcc\/exposicion-semilla-llama-penumbra\/","title":{"rendered":"Exposici\u00f3n Semilla, Llama, Penumbra"},"content":{"rendered":"<!-- VideographyWP Plugin Message: Automatic video embedding prevented by plugin options. -->\n\n<p>Galer\u00eda Planta1_ Grupo ETCC_ Proyecto Aglaya<\/p>\n\n\n\n<p><\/p>\n\n\n\n<figure class=\"wp-block-image size-large\"><img decoding=\"async\" src=\"https:\/\/www.nebrija.com\/medios\/etcc\/wp-content\/uploads\/sites\/35\/2022\/07\/INVITACION_EXPOSICION-SEMILLA-LLAMA-PENUMBRA_v04_page-0001-465x205.jpg\" alt=\"\" class=\"wp-image-1023\" \/><\/figure>\n\n\n\n<p>Este martes 12 de julio y hasta el domingo 24 de julio permanecer\u00e1 en exposici\u00f3n la muestra Semilla, Llama, Penumbra de las investigadoras del Grupo Estudios Transversales en Creaci\u00f3n Contempor\u00e1nea (Luc\u00eda Loren, Alba Soto, Sara Quintero, Amelia Mel\u00e9ndez) y nuestra compa\u00f1era hasta hace un a\u00f1o Kika Beneyto (hoy UCM), comisariada por Diana Angoso.  La muestra cuenta adem\u00e1s con las obras de artistas asociadas al proyecto como <a href=\"https:\/\/www.marinavargas.com\/\" data-type=\"URL\" data-id=\"https:\/\/www.marinavargas.com\/\">Marina Vargas,<\/a> <a href=\"https:\/\/www.olimpiavelasco.com\/\" data-type=\"URL\" data-id=\"https:\/\/www.olimpiavelasco.com\/\">Olimpia Velasco<\/a> y Es<a href=\"http:\/\/estefaniamartinsaenz.com\/\" data-type=\"URL\" data-id=\"http:\/\/estefaniamartinsaenz.com\/\">tefan\u00eda Mart\u00edn S\u00e1enz<\/a>.<\/p>\n\n\n\n<p><a href=\"https:\/\/www.instagram.com\/etccartes_\/\">https:\/\/www.instagram.com\/etccartes_\/<\/a><\/p>\n\n\n\n<p><a href=\"https:\/\/acisgalatea.com\/agenda\/\">https:\/\/acisgalatea.com\/agenda\/<\/a><\/p>\n","protected":false},"excerpt":{"rendered":"<p>Galer\u00eda Planta1_ Grupo ETCC_ Proyecto Aglaya Este martes 12 de julio y hasta el domingo 24 de julio permanecer\u00e1 en exposici\u00f3n la muestra Semilla, Llama, Penumbra de las investigadoras del Grupo Estudios Transversales en Creaci\u00f3n Contempor\u00e1nea (Luc\u00eda Loren, Alba Soto, Sara Quintero, Amelia Mel\u00e9ndez) y nuestra compa\u00f1era hasta hace un a\u00f1o Kika Beneyto (hoy UCM), &hellip; <\/p>\n<p class=\"link-more\"><a href=\"https:\/\/www.nebrija.com\/medios\/etcc\/exposicion-semilla-llama-penumbra\/\" class=\"more-link\">Continuar leyendo<span class=\"screen-reader-text\"> \u00abExposici\u00f3n Semilla, Llama, Penumbra\u00bb<\/span><\/a><\/p>\n","protected":false},"author":313,"featured_media":0,"comment_status":"open","ping_status":"open","sticky":false,"template":"","format":"standard","meta":{"_monsterinsights_skip_tracking":false,"_monsterinsights_sitenote_active":false,"_monsterinsights_sitenote_note":"","_monsterinsights_sitenote_category":0,"footnotes":""},"categories":[1],"tags":[],"_links":{"self":[{"href":"https:\/\/www.nebrija.com\/medios\/etcc\/wp-json\/wp\/v2\/posts\/1022"}],"collection":[{"href":"https:\/\/www.nebrija.com\/medios\/etcc\/wp-json\/wp\/v2\/posts"}],"about":[{"href":"https:\/\/www.nebrija.com\/medios\/etcc\/wp-json\/wp\/v2\/types\/post"}],"author":[{"embeddable":true,"href":"https:\/\/www.nebrija.com\/medios\/etcc\/wp-json\/wp\/v2\/users\/313"}],"replies":[{"embeddable":true,"href":"https:\/\/www.nebrija.com\/medios\/etcc\/wp-json\/wp\/v2\/comments?post=1022"}],"version-history":[{"count":1,"href":"https:\/\/www.nebrija.com\/medios\/etcc\/wp-json\/wp\/v2\/posts\/1022\/revisions"}],"predecessor-version":[{"id":1024,"href":"https:\/\/www.nebrija.com\/medios\/etcc\/wp-json\/wp\/v2\/posts\/1022\/revisions\/1024"}],"wp:attachment":[{"href":"https:\/\/www.nebrija.com\/medios\/etcc\/wp-json\/wp\/v2\/media?parent=1022"}],"wp:term":[{"taxonomy":"category","embeddable":true,"href":"https:\/\/www.nebrija.com\/medios\/etcc\/wp-json\/wp\/v2\/categories?post=1022"},{"taxonomy":"post_tag","embeddable":true,"href":"https:\/\/www.nebrija.com\/medios\/etcc\/wp-json\/wp\/v2\/tags?post=1022"}],"curies":[{"name":"wp","href":"https:\/\/api.w.org\/{rel}","templated":true}]}}