{"id":1037,"date":"2022-07-11T00:50:56","date_gmt":"2022-07-10T22:50:56","guid":{"rendered":"https:\/\/www.nebrija.com\/medios\/etcc\/?p=1037"},"modified":"2022-07-11T00:50:57","modified_gmt":"2022-07-10T22:50:57","slug":"el-directo-con-senal-movil-en-programas-informativos-de-television-generalista-el-caso-de-espejo-publico-de-antena-3_articulo","status":"publish","type":"post","link":"https:\/\/www.nebrija.com\/medios\/etcc\/el-directo-con-senal-movil-en-programas-informativos-de-television-generalista-el-caso-de-espejo-publico-de-antena-3_articulo\/","title":{"rendered":"El directo con se\u00f1al m\u00f3vil en programas informativos de televisi\u00f3n generalista. El caso de Espejo P\u00fablico de Antena 3_Art\u00edculo"},"content":{"rendered":"<!-- VideographyWP Plugin Message: Automatic video embedding prevented by plugin options. -->\n\n<p><a href=\"https:\/\/www.instagram.com\/p\/Cf2WAkTMRcV\/\">https:\/\/www.instagram.com\/p\/Cf2WAkTMRcV\/<\/a><\/p>\n\n\n\n<p>En enero 2022, la investigadora @etccartes_ @saidasantana public\u00f3<br \/>El directo con se\u00f1al m\u00f3vil en programas informativos de televisi\u00f3n generalista. El caso de Espejo P\u00fablico de Antena 3 en Doxa Comunicaci\u00f3n<br \/>https:\/\/revistascientificas.uspceu.com\/doxacomunicacion\/article\/view\/898<\/p>\n","protected":false},"excerpt":{"rendered":"<p>https:\/\/www.instagram.com\/p\/Cf2WAkTMRcV\/ En enero 2022, la investigadora @etccartes_ @saidasantana public\u00f3El directo con se\u00f1al m\u00f3vil en programas informativos de televisi\u00f3n generalista. El caso de Espejo P\u00fablico de Antena 3 en Doxa Comunicaci\u00f3nhttps:\/\/revistascientificas.uspceu.com\/doxacomunicacion\/article\/view\/898<\/p>\n","protected":false},"author":313,"featured_media":0,"comment_status":"open","ping_status":"open","sticky":false,"template":"","format":"standard","meta":{"_monsterinsights_skip_tracking":false,"_monsterinsights_sitenote_active":false,"_monsterinsights_sitenote_note":"","_monsterinsights_sitenote_category":0,"footnotes":""},"categories":[1],"tags":[],"_links":{"self":[{"href":"https:\/\/www.nebrija.com\/medios\/etcc\/wp-json\/wp\/v2\/posts\/1037"}],"collection":[{"href":"https:\/\/www.nebrija.com\/medios\/etcc\/wp-json\/wp\/v2\/posts"}],"about":[{"href":"https:\/\/www.nebrija.com\/medios\/etcc\/wp-json\/wp\/v2\/types\/post"}],"author":[{"embeddable":true,"href":"https:\/\/www.nebrija.com\/medios\/etcc\/wp-json\/wp\/v2\/users\/313"}],"replies":[{"embeddable":true,"href":"https:\/\/www.nebrija.com\/medios\/etcc\/wp-json\/wp\/v2\/comments?post=1037"}],"version-history":[{"count":1,"href":"https:\/\/www.nebrija.com\/medios\/etcc\/wp-json\/wp\/v2\/posts\/1037\/revisions"}],"predecessor-version":[{"id":1038,"href":"https:\/\/www.nebrija.com\/medios\/etcc\/wp-json\/wp\/v2\/posts\/1037\/revisions\/1038"}],"wp:attachment":[{"href":"https:\/\/www.nebrija.com\/medios\/etcc\/wp-json\/wp\/v2\/media?parent=1037"}],"wp:term":[{"taxonomy":"category","embeddable":true,"href":"https:\/\/www.nebrija.com\/medios\/etcc\/wp-json\/wp\/v2\/categories?post=1037"},{"taxonomy":"post_tag","embeddable":true,"href":"https:\/\/www.nebrija.com\/medios\/etcc\/wp-json\/wp\/v2\/tags?post=1037"}],"curies":[{"name":"wp","href":"https:\/\/api.w.org\/{rel}","templated":true}]}}