{"id":1040,"date":"2022-09-02T10:23:01","date_gmt":"2022-09-02T08:23:01","guid":{"rendered":"https:\/\/www.nebrija.com\/medios\/etcc\/?p=1040"},"modified":"2022-09-02T10:23:01","modified_gmt":"2022-09-02T08:23:01","slug":"estirando-el-cordon-documental-autobiografico-y-vinculo-materno-en-historias-que-contamos-hija-amazona-y-retrato-de-mi-madre-_-articulo","status":"publish","type":"post","link":"https:\/\/www.nebrija.com\/medios\/etcc\/estirando-el-cordon-documental-autobiografico-y-vinculo-materno-en-historias-que-contamos-hija-amazona-y-retrato-de-mi-madre-_-articulo\/","title":{"rendered":"Estirando el cord\u00f3n: documental autobiogr\u00e1fico y v\u00ednculo materno en Historias que contamos, Hija, Amazona y Retrato de mi madre._ Art\u00edculo"},"content":{"rendered":"<!-- VideographyWP Plugin Message: Automatic video embedding prevented by plugin options. -->\n\n<figure class=\"wp-block-gallery columns-1 is-cropped wp-block-gallery-1 is-layout-flex wp-block-gallery-is-layout-flex\"><ul class=\"blocks-gallery-grid\"><li class=\"blocks-gallery-item\"><figure><img decoding=\"async\" src=\"https:\/\/www.nebrija.com\/medios\/etcc\/wp-content\/uploads\/sites\/35\/2022\/09\/MELENDEZ-A.-fotocinema-vol24.jpg\" alt=\"\" data-id=\"1041\" data-full-url=\"https:\/\/www.nebrija.com\/medios\/etcc\/wp-content\/uploads\/sites\/35\/2022\/09\/MELENDEZ-A.-fotocinema-vol24.jpg\" data-link=\"https:\/\/www.nebrija.com\/medios\/etcc\/?attachment_id=1041\" class=\"wp-image-1041\" \/><\/figure><\/li><\/ul><\/figure>\n\n\n\n<p>Amelia Mel\u00e9ndez T\u00e1boas public\u00f3 en enero 2022 el art\u00edculo<br \/>Estirando el cord\u00f3n: documental autobiogr\u00e1fico y v\u00ednculo materno en Historias que contamos, Hija, Amazona y Retrato de mi madre. En la revista Fotocinema, 24, Im\u00e1genes y sonidos de las geopol\u00edticas urbanas, Miscel\u00e1nea, P\u00e1ginas 439-463.<br \/>https:\/\/revistas.uma.es\/index.php\/fotocinema\/article\/view\/13731<br \/>https:\/\/doi.org\/10.24310\/Fotocinema.2022.vi24.13731<br \/><a href=\"https:\/\/www.instagram.com\/explore\/tags\/nebrijaartes_etcc\/\">#NebrijaArtes_ETCC<\/a>\u00a0<a href=\"https:\/\/www.instagram.com\/fcanebrija\/\">@fcanebrija<\/a><\/p>\n\n\n\n<p><a href=\"https:\/\/www.instagram.com\/p\/CgBTqpqDGgh\/?utm_source=ig_web_copy_link\">https:\/\/www.instagram.com\/p\/CgBTqpqDGgh\/?utm_source=ig_web_copy_link<\/a><\/p>\n","protected":false},"excerpt":{"rendered":"<p>Amelia Mel\u00e9ndez T\u00e1boas public\u00f3 en enero 2022 el art\u00edculoEstirando el cord\u00f3n: documental autobiogr\u00e1fico y v\u00ednculo materno en Historias que contamos, Hija, Amazona y Retrato de mi madre. En la revista Fotocinema, 24, Im\u00e1genes y sonidos de las geopol\u00edticas urbanas, Miscel\u00e1nea, P\u00e1ginas 439-463.https:\/\/revistas.uma.es\/index.php\/fotocinema\/article\/view\/13731https:\/\/doi.org\/10.24310\/Fotocinema.2022.vi24.13731#NebrijaArtes_ETCC\u00a0@fcanebrija https:\/\/www.instagram.com\/p\/CgBTqpqDGgh\/?utm_source=ig_web_copy_link<\/p>\n","protected":false},"author":313,"featured_media":0,"comment_status":"open","ping_status":"open","sticky":false,"template":"","format":"standard","meta":{"_monsterinsights_skip_tracking":false,"_monsterinsights_sitenote_active":false,"_monsterinsights_sitenote_note":"","_monsterinsights_sitenote_category":0,"footnotes":""},"categories":[1],"tags":[],"_links":{"self":[{"href":"https:\/\/www.nebrija.com\/medios\/etcc\/wp-json\/wp\/v2\/posts\/1040"}],"collection":[{"href":"https:\/\/www.nebrija.com\/medios\/etcc\/wp-json\/wp\/v2\/posts"}],"about":[{"href":"https:\/\/www.nebrija.com\/medios\/etcc\/wp-json\/wp\/v2\/types\/post"}],"author":[{"embeddable":true,"href":"https:\/\/www.nebrija.com\/medios\/etcc\/wp-json\/wp\/v2\/users\/313"}],"replies":[{"embeddable":true,"href":"https:\/\/www.nebrija.com\/medios\/etcc\/wp-json\/wp\/v2\/comments?post=1040"}],"version-history":[{"count":1,"href":"https:\/\/www.nebrija.com\/medios\/etcc\/wp-json\/wp\/v2\/posts\/1040\/revisions"}],"predecessor-version":[{"id":1042,"href":"https:\/\/www.nebrija.com\/medios\/etcc\/wp-json\/wp\/v2\/posts\/1040\/revisions\/1042"}],"wp:attachment":[{"href":"https:\/\/www.nebrija.com\/medios\/etcc\/wp-json\/wp\/v2\/media?parent=1040"}],"wp:term":[{"taxonomy":"category","embeddable":true,"href":"https:\/\/www.nebrija.com\/medios\/etcc\/wp-json\/wp\/v2\/categories?post=1040"},{"taxonomy":"post_tag","embeddable":true,"href":"https:\/\/www.nebrija.com\/medios\/etcc\/wp-json\/wp\/v2\/tags?post=1040"}],"curies":[{"name":"wp","href":"https:\/\/api.w.org\/{rel}","templated":true}]}}