{"id":1050,"date":"2022-09-02T12:28:03","date_gmt":"2022-09-02T10:28:03","guid":{"rendered":"https:\/\/www.nebrija.com\/medios\/etcc\/?p=1050"},"modified":"2022-09-02T12:28:03","modified_gmt":"2022-09-02T10:28:03","slug":"cuerpos-atentos-espacios-vividos-y-trazos-pensantes-cartografias-de-movimiento-para-el-aprendizaje-en-el-area-de-diseno-digital-multimedia-y-arquitectura_articulo","status":"publish","type":"post","link":"https:\/\/www.nebrija.com\/medios\/etcc\/cuerpos-atentos-espacios-vividos-y-trazos-pensantes-cartografias-de-movimiento-para-el-aprendizaje-en-el-area-de-diseno-digital-multimedia-y-arquitectura_articulo\/","title":{"rendered":"Cuerpos atentos, espacios vividos y trazos pensantes.Cartograf\u00edas de movimiento para el aprendizaje en el \u00e1rea de dise\u00f1o digital multimedia y arquitectura_Art\u00edculo"},"content":{"rendered":"<!-- VideographyWP Plugin Message: Automatic video embedding prevented by plugin options. -->\n\n<p><\/p>\n\n\n\n<p>Alba Soto Guti\u00e9rrez public\u00f3 en abril 2022 el art\u00edculo <em>Cuerpos atentos, espacios vividos y trazos pensantes. Cartograf\u00edas de movimiento para el aprendizaje en el \u00e1rea de dise\u00f1o digital multimedia y arquitectura<\/em> en la Revista ArDIn. Arte, Dise\u00f1o e Ingenier\u00eda<br \/>http:\/\/polired.upm.es\/index.php\/ardin\/article\/view\/4804<br \/>doi:10.20868\/ardin.2022.11.4804<br \/><a href=\"https:\/\/www.instagram.com\/explore\/tags\/nebrijaartes_etcc\/\">#NebrijaArtes_ETCC<\/a><br \/><a href=\"https:\/\/www.instagram.com\/fcanebrija\/\">@fcanebrija<\/a><\/p>\n\n\n\n<p><a href=\"https:\/\/www.instagram.com\/p\/CgBUYxbjZOJ\/?utm_source=ig_web_copy_link\">https:\/\/www.instagram.com\/p\/CgBUYxbjZOJ\/?utm_source=ig_web_copy_link<\/a><\/p>\n","protected":false},"excerpt":{"rendered":"<p>Alba Soto Guti\u00e9rrez public\u00f3 en abril 2022 el art\u00edculo Cuerpos atentos, espacios vividos y trazos pensantes. Cartograf\u00edas de movimiento para el aprendizaje en el \u00e1rea de dise\u00f1o digital multimedia y arquitectura en la Revista ArDIn. Arte, Dise\u00f1o e Ingenier\u00edahttp:\/\/polired.upm.es\/index.php\/ardin\/article\/view\/4804doi:10.20868\/ardin.2022.11.4804#NebrijaArtes_ETCC@fcanebrija https:\/\/www.instagram.com\/p\/CgBUYxbjZOJ\/?utm_source=ig_web_copy_link<\/p>\n","protected":false},"author":313,"featured_media":0,"comment_status":"open","ping_status":"open","sticky":false,"template":"","format":"standard","meta":{"_monsterinsights_skip_tracking":false,"_monsterinsights_sitenote_active":false,"_monsterinsights_sitenote_note":"","_monsterinsights_sitenote_category":0,"footnotes":""},"categories":[1],"tags":[],"_links":{"self":[{"href":"https:\/\/www.nebrija.com\/medios\/etcc\/wp-json\/wp\/v2\/posts\/1050"}],"collection":[{"href":"https:\/\/www.nebrija.com\/medios\/etcc\/wp-json\/wp\/v2\/posts"}],"about":[{"href":"https:\/\/www.nebrija.com\/medios\/etcc\/wp-json\/wp\/v2\/types\/post"}],"author":[{"embeddable":true,"href":"https:\/\/www.nebrija.com\/medios\/etcc\/wp-json\/wp\/v2\/users\/313"}],"replies":[{"embeddable":true,"href":"https:\/\/www.nebrija.com\/medios\/etcc\/wp-json\/wp\/v2\/comments?post=1050"}],"version-history":[{"count":1,"href":"https:\/\/www.nebrija.com\/medios\/etcc\/wp-json\/wp\/v2\/posts\/1050\/revisions"}],"predecessor-version":[{"id":1051,"href":"https:\/\/www.nebrija.com\/medios\/etcc\/wp-json\/wp\/v2\/posts\/1050\/revisions\/1051"}],"wp:attachment":[{"href":"https:\/\/www.nebrija.com\/medios\/etcc\/wp-json\/wp\/v2\/media?parent=1050"}],"wp:term":[{"taxonomy":"category","embeddable":true,"href":"https:\/\/www.nebrija.com\/medios\/etcc\/wp-json\/wp\/v2\/categories?post=1050"},{"taxonomy":"post_tag","embeddable":true,"href":"https:\/\/www.nebrija.com\/medios\/etcc\/wp-json\/wp\/v2\/tags?post=1050"}],"curies":[{"name":"wp","href":"https:\/\/api.w.org\/{rel}","templated":true}]}}