{"id":1052,"date":"2022-09-02T12:47:13","date_gmt":"2022-09-02T10:47:13","guid":{"rendered":"https:\/\/www.nebrija.com\/medios\/etcc\/?p=1052"},"modified":"2022-09-02T12:48:40","modified_gmt":"2022-09-02T10:48:40","slug":"la-deshumanizacion-del-arte-en-la-epoca-del-ensimismamiento-estetico_articulo","status":"publish","type":"post","link":"https:\/\/www.nebrija.com\/medios\/etcc\/la-deshumanizacion-del-arte-en-la-epoca-del-ensimismamiento-estetico_articulo\/","title":{"rendered":"La deshumanizaci\u00f3n del arte en la \u00e9poca del ensimismamiento est\u00e9tico_Art\u00edculo"},"content":{"rendered":"<!-- VideographyWP Plugin Message: Automatic video embedding prevented by plugin options. -->\n\n<figure class=\"wp-block-gallery columns-0 is-cropped wp-block-gallery-1 is-layout-flex wp-block-gallery-is-layout-flex\"><ul class=\"blocks-gallery-grid\"><\/ul><\/figure>\n\n\n\n<p>El investigador Julio P\u00e9rez Manzanares public\u00f3 en febrero de 2022 un art\u00edculo en Revista de Occidente cuya referencia es: <\/p>\n\n\n\n<p>P\u00e9rez Manzanares, J. (2022). La deshumanizaci\u00f3n del arte en la \u00e9poca del ensimismamiento est\u00e9tico. Revista de Occidente, n\u00ba 489, pp 19-35<\/p>\n\n\n\n<figure class=\"wp-block-embed-wordpress wp-block-embed is-type-wp-embed is-provider-fom\"><div class=\"wp-block-embed__wrapper\">\n<blockquote class=\"wp-embedded-content\" data-secret=\"zLYwG7tEbg\"><a href=\"https:\/\/ortegaygasset.edu\/producto\/revista-de-occidente-no-489-febrero-2022\/\">Revista de Occidente n\u00ba 489 &#8211; Febrero 2022<\/a><\/blockquote><iframe class=\"wp-embedded-content\" sandbox=\"allow-scripts\" security=\"restricted\" style=\"position: absolute; clip: rect(1px, 1px, 1px, 1px);\" title=\"\u00abRevista de Occidente n\u00ba 489 &#8211; Febrero 2022\u00bb \u2014 FOM\" src=\"https:\/\/ortegaygasset.edu\/producto\/revista-de-occidente-no-489-febrero-2022\/embed\/#?secret=j7uqhBiGuM#?secret=zLYwG7tEbg\" data-secret=\"zLYwG7tEbg\" width=\"525\" height=\"296\" frameborder=\"0\" marginwidth=\"0\" marginheight=\"0\" scrolling=\"no\"><\/iframe>\n<\/div><\/figure>\n\n\n\n<p><a href=\"https:\/\/www.instagram.com\/p\/CiAGBYHMAjp\/?utm_source=ig_web_copy_link\">https:\/\/www.instagram.com\/p\/CiAGBYHMAjp\/?utm_source=ig_web_copy_link<\/a><\/p>\n","protected":false},"excerpt":{"rendered":"<p>El investigador Julio P\u00e9rez Manzanares public\u00f3 en febrero de 2022 un art\u00edculo en Revista de Occidente cuya referencia es: P\u00e9rez Manzanares, J. (2022). La deshumanizaci\u00f3n del arte en la \u00e9poca del ensimismamiento est\u00e9tico. Revista de Occidente, n\u00ba 489, pp 19-35 https:\/\/www.instagram.com\/p\/CiAGBYHMAjp\/?utm_source=ig_web_copy_link<\/p>\n","protected":false},"author":313,"featured_media":0,"comment_status":"open","ping_status":"open","sticky":false,"template":"","format":"standard","meta":{"_monsterinsights_skip_tracking":false,"_monsterinsights_sitenote_active":false,"_monsterinsights_sitenote_note":"","_monsterinsights_sitenote_category":0,"footnotes":""},"categories":[1],"tags":[],"_links":{"self":[{"href":"https:\/\/www.nebrija.com\/medios\/etcc\/wp-json\/wp\/v2\/posts\/1052"}],"collection":[{"href":"https:\/\/www.nebrija.com\/medios\/etcc\/wp-json\/wp\/v2\/posts"}],"about":[{"href":"https:\/\/www.nebrija.com\/medios\/etcc\/wp-json\/wp\/v2\/types\/post"}],"author":[{"embeddable":true,"href":"https:\/\/www.nebrija.com\/medios\/etcc\/wp-json\/wp\/v2\/users\/313"}],"replies":[{"embeddable":true,"href":"https:\/\/www.nebrija.com\/medios\/etcc\/wp-json\/wp\/v2\/comments?post=1052"}],"version-history":[{"count":2,"href":"https:\/\/www.nebrija.com\/medios\/etcc\/wp-json\/wp\/v2\/posts\/1052\/revisions"}],"predecessor-version":[{"id":1054,"href":"https:\/\/www.nebrija.com\/medios\/etcc\/wp-json\/wp\/v2\/posts\/1052\/revisions\/1054"}],"wp:attachment":[{"href":"https:\/\/www.nebrija.com\/medios\/etcc\/wp-json\/wp\/v2\/media?parent=1052"}],"wp:term":[{"taxonomy":"category","embeddable":true,"href":"https:\/\/www.nebrija.com\/medios\/etcc\/wp-json\/wp\/v2\/categories?post=1052"},{"taxonomy":"post_tag","embeddable":true,"href":"https:\/\/www.nebrija.com\/medios\/etcc\/wp-json\/wp\/v2\/tags?post=1052"}],"curies":[{"name":"wp","href":"https:\/\/api.w.org\/{rel}","templated":true}]}}