{"id":1055,"date":"2022-09-02T13:07:18","date_gmt":"2022-09-02T11:07:18","guid":{"rendered":"https:\/\/www.nebrija.com\/medios\/etcc\/?p=1055"},"modified":"2022-09-02T13:07:18","modified_gmt":"2022-09-02T11:07:18","slug":"creando-espacios-de-cultura-inclusiva-e-igualitaria-en-el-museo-nacional-del-prado-el-proyecto-sui-generis-arte-publicidad-y-estereotipos_articulo","status":"publish","type":"post","link":"https:\/\/www.nebrija.com\/medios\/etcc\/creando-espacios-de-cultura-inclusiva-e-igualitaria-en-el-museo-nacional-del-prado-el-proyecto-sui-generis-arte-publicidad-y-estereotipos_articulo\/","title":{"rendered":"Creando espacios de cultura inclusiva e igualitaria en el Museo Nacional del Prado: el proyecto \u201cSui g\u00e9neris. Arte, publicidad y estereotipos\u201d_Art\u00edculo"},"content":{"rendered":"<!-- VideographyWP Plugin Message: Automatic video embedding prevented by plugin options. -->\n\n<figure class=\"wp-block-gallery columns-0 is-cropped wp-block-gallery-1 is-layout-flex wp-block-gallery-is-layout-flex\"><ul class=\"blocks-gallery-grid\"><\/ul><\/figure>\n\n\n\n<p>Tania Ugena Candel ha publicado en junio 2022 junto a Santiago Gonz\u00e1lez D\u00b4Ambrosio el art\u00edculo <em>Creando espacios de cultura inclusiva e igualitaria en el Museo Nacional del Prado: el proyecto \u201cSui g\u00e9neris. Arte, publicidad y estereotipos\u201d<\/em>. Arteterapia. Papeles de Arteterapia y Educaci\u00f3n Art\u00edstica para la Inclusi\u00f3n Social, 17, 85-96. DOI:\u00a0https:\/\/doi.org\/10.5209\/arte.75789<\/p>\n\n\n\n<figure class=\"wp-block-embed\"><div class=\"wp-block-embed__wrapper\">\nhttps:\/\/revistas.ucm.es\/index.php\/ARTE\/article\/view\/75789\n<\/div><\/figure>\n\n\n\n<p><a href=\"https:\/\/www.instagram.com\/p\/CiAICWNsbX6\/?utm_source=ig_web_copy_link\">https:\/\/www.instagram.com\/p\/CiAICWNsbX6\/?utm_source=ig_web_copy_link<\/a><\/p>\n","protected":false},"excerpt":{"rendered":"<p>Tania Ugena Candel ha publicado en junio 2022 junto a Santiago Gonz\u00e1lez D\u00b4Ambrosio el art\u00edculo Creando espacios de cultura inclusiva e igualitaria en el Museo Nacional del Prado: el proyecto \u201cSui g\u00e9neris. Arte, publicidad y estereotipos\u201d. Arteterapia. Papeles de Arteterapia y Educaci\u00f3n Art\u00edstica para la Inclusi\u00f3n Social, 17, 85-96. DOI:\u00a0https:\/\/doi.org\/10.5209\/arte.75789 https:\/\/www.instagram.com\/p\/CiAICWNsbX6\/?utm_source=ig_web_copy_link<\/p>\n","protected":false},"author":313,"featured_media":0,"comment_status":"open","ping_status":"open","sticky":false,"template":"","format":"standard","meta":{"_monsterinsights_skip_tracking":false,"_monsterinsights_sitenote_active":false,"_monsterinsights_sitenote_note":"","_monsterinsights_sitenote_category":0,"footnotes":""},"categories":[1],"tags":[],"_links":{"self":[{"href":"https:\/\/www.nebrija.com\/medios\/etcc\/wp-json\/wp\/v2\/posts\/1055"}],"collection":[{"href":"https:\/\/www.nebrija.com\/medios\/etcc\/wp-json\/wp\/v2\/posts"}],"about":[{"href":"https:\/\/www.nebrija.com\/medios\/etcc\/wp-json\/wp\/v2\/types\/post"}],"author":[{"embeddable":true,"href":"https:\/\/www.nebrija.com\/medios\/etcc\/wp-json\/wp\/v2\/users\/313"}],"replies":[{"embeddable":true,"href":"https:\/\/www.nebrija.com\/medios\/etcc\/wp-json\/wp\/v2\/comments?post=1055"}],"version-history":[{"count":1,"href":"https:\/\/www.nebrija.com\/medios\/etcc\/wp-json\/wp\/v2\/posts\/1055\/revisions"}],"predecessor-version":[{"id":1056,"href":"https:\/\/www.nebrija.com\/medios\/etcc\/wp-json\/wp\/v2\/posts\/1055\/revisions\/1056"}],"wp:attachment":[{"href":"https:\/\/www.nebrija.com\/medios\/etcc\/wp-json\/wp\/v2\/media?parent=1055"}],"wp:term":[{"taxonomy":"category","embeddable":true,"href":"https:\/\/www.nebrija.com\/medios\/etcc\/wp-json\/wp\/v2\/categories?post=1055"},{"taxonomy":"post_tag","embeddable":true,"href":"https:\/\/www.nebrija.com\/medios\/etcc\/wp-json\/wp\/v2\/tags?post=1055"}],"curies":[{"name":"wp","href":"https:\/\/api.w.org\/{rel}","templated":true}]}}