{"id":994,"date":"2020-12-05T15:08:43","date_gmt":"2020-12-05T14:08:43","guid":{"rendered":"https:\/\/www.nebrija.com\/medios\/etcc\/?p=994"},"modified":"2020-12-05T15:08:43","modified_gmt":"2020-12-05T14:08:43","slug":"en-torno-al-mito-de-demeter-jornadas-10-11-diciembre-2020","status":"publish","type":"post","link":"https:\/\/www.nebrija.com\/medios\/etcc\/en-torno-al-mito-de-demeter-jornadas-10-11-diciembre-2020\/","title":{"rendered":"En torno al mito de D\u00e9meter. Jornadas 10-11 diciembre 2020"},"content":{"rendered":"<!-- VideographyWP Plugin Message: Automatic video embedding prevented by plugin options. -->\n\n<figure class=\"wp-block-image size-large\"><img decoding=\"async\" src=\"https:\/\/www.nebrija.com\/medios\/etcc\/wp-content\/uploads\/sites\/35\/2020\/12\/76923-465x204.jpg\" alt=\"\" class=\"wp-image-995\" \/><\/figure>\n\n\n\n<h2 class=\"wp-block-heading\">I Jornadas Mitos ETCC-Proyecto Aglaya. Ponencias, Mesa-redonda, Exposici\u00f3n y taller.<\/h2>\n\n\n\n<p>El Grupo de Estudios Transversales en Creaci\u00f3n Contempor\u00e1nea del Departamento de Artes de la Facultad de Comunicaci\u00f3n y Artes de la Universidad Nebrija participa junto a otros 13 grupos de un total de 6 universidades madrile\u00f1as en el Proyecto I+D Estrategias de Innovaci\u00f3n en Mitocr\u00edtica Cultural AGLAYA-CM (Ref. H2019\/HUM-5714), que forma parte de los Programas I+D en Ciencias Sociales y Humanidades, financiados por la Comunidad de Madrid y Fondos Europeos. <a href=\"https:\/\/acisgalatea.com\/i-jornada-en-torno-al-mito-de-demeter\/\">https:\/\/acisgalatea.com\/i-jornada-en-torno-al-mito-de-demeter\/<\/a><\/p>\n\n\n\n<p>ETCC, entre sus actividades dentro de este proyecto, ofrece en la Universidad Nebrija la I Jornada en torno a los Mitos cl\u00e1sicos relacionados con la diosa D\u00e9meter (H\u00e9cate, Pers\u00e9fone o Baubo), y el an\u00e1lisis de la creaci\u00f3n contempor\u00e1nea a la luz de los mismos, en l\u00ednea con la metodolog\u00eda de la Mitocr\u00edtica Cultural.<\/p>\n\n\n\n<p>Las sesiones de trabajo se dividir\u00e1n en ponencias por parte de acad\u00e9micos, una mesa redonda con artistas de medio recorrido, una exposici\u00f3n de dibujos y un taller de expresi\u00f3n corporal.<\/p>\n\n\n\n<p>Entre los acad\u00e9micos externos tenemos la fortuna de contar con el Coordinador del Proyecto Aglaya que abrir\u00e1 las jornadas desde su ponencia marco, Jos\u00e9 Manuel Losada Goya, Catedr\u00e1tico de la Universidad Complutense y especialista en Mitocr\u00edtica cultural y literatura comparada.<\/p>\n\n\n\n<p>Adem\u00e1s, con Julia Mar\u00eda Labrador Ben (Universidad Complutense), Especialista en literatura de entreguerras, de g\u00e9neros y relaci\u00f3n cine y literatura con un peque\u00f1o di\u00e1logo al t\u00e9rmino con el investigador Nicol\u00e1s Grijalba.<\/p>\n\n\n\n<p>Pronunciar\u00e1n adem\u00e1s ponencias en torno a H\u00e9cate, la investigadora Diana Angoso (IP Aglaya) y Amelia Mel\u00e9ndez (IP del grupo ETCC y coordinadora de estas jornadas).<\/p>\n\n\n\n<p>La mesa redonda reunir\u00e1 bajo la moderaci\u00f3n de la investigadora ETCC Sara Quintero a otras artistas invitadas reconocidas como son Estefan\u00eda Mart\u00edn S\u00e1enz, Marina Vargas, Olimpia Velasco.<\/p>\n\n\n\n<p>La investigadora ETCC y artista Francisca Beneyto realizar\u00e1 una muestra de dibujos en torno al Mito de D\u00e9meter.<\/p>\n\n\n\n<p>Finalmente, la investigadora ETCC y performer Alba Soto junto con la artista Marina Grau impartir\u00e1n una ponencia y taller en torno a la figura de Baubo.<\/p>\n\n\n\n<p><a href=\"http:\/\/actos.nebrija.es\/58572\/detail\/en-torno-al-mito-de-demeter_-practicas-artisticas-contemporaneas.-i-jornada-mitos-etcc-proyecto-agl.html\">http:\/\/actos.nebrija.es\/58572\/detail\/en-torno-al-mito-de-demeter_-practicas-artisticas-contemporaneas.-i-jornada-mitos-etcc-proyecto-agl.html<\/a><\/p>\n\n\n\n<p><\/p>\n","protected":false},"excerpt":{"rendered":"<p>I Jornadas Mitos ETCC-Proyecto Aglaya. Ponencias, Mesa-redonda, Exposici\u00f3n y taller. El Grupo de Estudios Transversales en Creaci\u00f3n Contempor\u00e1nea del Departamento de Artes de la Facultad de Comunicaci\u00f3n y Artes de la Universidad Nebrija participa junto a otros 13 grupos de un total de 6 universidades madrile\u00f1as en el Proyecto I+D Estrategias de Innovaci\u00f3n en Mitocr\u00edtica &hellip; <\/p>\n<p class=\"link-more\"><a href=\"https:\/\/www.nebrija.com\/medios\/etcc\/en-torno-al-mito-de-demeter-jornadas-10-11-diciembre-2020\/\" class=\"more-link\">Continuar leyendo<span class=\"screen-reader-text\"> \u00abEn torno al mito de D\u00e9meter. Jornadas 10-11 diciembre 2020\u00bb<\/span><\/a><\/p>\n","protected":false},"author":313,"featured_media":0,"comment_status":"open","ping_status":"open","sticky":false,"template":"","format":"standard","meta":{"_monsterinsights_skip_tracking":false,"_monsterinsights_sitenote_active":false,"_monsterinsights_sitenote_note":"","_monsterinsights_sitenote_category":0,"footnotes":""},"categories":[1],"tags":[],"_links":{"self":[{"href":"https:\/\/www.nebrija.com\/medios\/etcc\/wp-json\/wp\/v2\/posts\/994"}],"collection":[{"href":"https:\/\/www.nebrija.com\/medios\/etcc\/wp-json\/wp\/v2\/posts"}],"about":[{"href":"https:\/\/www.nebrija.com\/medios\/etcc\/wp-json\/wp\/v2\/types\/post"}],"author":[{"embeddable":true,"href":"https:\/\/www.nebrija.com\/medios\/etcc\/wp-json\/wp\/v2\/users\/313"}],"replies":[{"embeddable":true,"href":"https:\/\/www.nebrija.com\/medios\/etcc\/wp-json\/wp\/v2\/comments?post=994"}],"version-history":[{"count":1,"href":"https:\/\/www.nebrija.com\/medios\/etcc\/wp-json\/wp\/v2\/posts\/994\/revisions"}],"predecessor-version":[{"id":996,"href":"https:\/\/www.nebrija.com\/medios\/etcc\/wp-json\/wp\/v2\/posts\/994\/revisions\/996"}],"wp:attachment":[{"href":"https:\/\/www.nebrija.com\/medios\/etcc\/wp-json\/wp\/v2\/media?parent=994"}],"wp:term":[{"taxonomy":"category","embeddable":true,"href":"https:\/\/www.nebrija.com\/medios\/etcc\/wp-json\/wp\/v2\/categories?post=994"},{"taxonomy":"post_tag","embeddable":true,"href":"https:\/\/www.nebrija.com\/medios\/etcc\/wp-json\/wp\/v2\/tags?post=994"}],"curies":[{"name":"wp","href":"https:\/\/api.w.org\/{rel}","templated":true}]}}