{"id":177,"date":"2018-05-08T13:15:12","date_gmt":"2018-05-08T11:15:12","guid":{"rendered":"http:\/\/www.nebrija.com\/medios\/informatica\/?p=177"},"modified":"2018-05-08T13:15:51","modified_gmt":"2018-05-08T11:15:51","slug":"los-alumnos-de-ingenieria-informatica-aprenden-sobre-la-profesion-de-perito-informatico","status":"publish","type":"post","link":"https:\/\/www.nebrija.com\/medios\/informatica\/2018\/05\/08\/los-alumnos-de-ingenieria-informatica-aprenden-sobre-la-profesion-de-perito-informatico\/","title":{"rendered":"Los alumnos de Ingenier\u00eda Inform\u00e1tica aprenden sobre la profesi\u00f3n de Perito Inform\u00e1tico"},"content":{"rendered":"<p>Los alumnos del Grado en Ingenier\u00eda Inform\u00e1tica asisten a una charla sobre la profesi\u00f3n de Perito Inform\u00e1tico.<\/p>\n<p>Carlos Aldama, perito inform\u00e1tico y antiguo alumno de Ingenier\u00eda Inform\u00e1tica de la promoci\u00f3n del 2000 imparti\u00f3 una sesi\u00f3n a los alumnos de Inform\u00e1tica de la Universidad Nebrija en la que habl\u00f3 de la profesi\u00f3n de perito inform\u00e1tico. En esta sesi\u00f3n se revisaron las claves de los peritajes inform\u00e1ticos y los pasos a dar para encaminarse a esta demandada profesi\u00f3n.<\/p>\n<p>&nbsp;<\/p>\n<p><img loading=\"lazy\" decoding=\"async\" class=\"size-large wp-image-179 aligncenter\" src=\"https:\/\/www.nebrija.com\/medios\/informatica\/wp-content\/uploads\/sites\/47\/2018\/05\/Perito-1024x614.jpg\" alt=\"\" width=\"648\" height=\"389\" srcset=\"https:\/\/www.nebrija.com\/medios\/informatica\/wp-content\/uploads\/sites\/47\/2018\/05\/Perito-1024x614.jpg 1024w, https:\/\/www.nebrija.com\/medios\/informatica\/wp-content\/uploads\/sites\/47\/2018\/05\/Perito-300x180.jpg 300w, https:\/\/www.nebrija.com\/medios\/informatica\/wp-content\/uploads\/sites\/47\/2018\/05\/Perito-768x460.jpg 768w, https:\/\/www.nebrija.com\/medios\/informatica\/wp-content\/uploads\/sites\/47\/2018\/05\/Perito.jpg 1200w\" sizes=\"(max-width: 648px) 100vw, 648px\" \/><\/p>\n<p>&nbsp;<\/p>\n","protected":false},"excerpt":{"rendered":"<p>Los alumnos del Grado en Ingenier\u00eda Inform\u00e1tica asisten a una charla sobre la profesi\u00f3n de Perito Inform\u00e1tico. Carlos Aldama, perito inform\u00e1tico y antiguo alumno de Ingenier\u00eda Inform\u00e1tica de la promoci\u00f3n del 2000 imparti\u00f3 una sesi\u00f3n a los alumnos de Inform\u00e1tica de la Universidad Nebrija en la que habl\u00f3 de la profesi\u00f3n de perito inform\u00e1tico. En [&hellip;]<\/p>\n","protected":false},"author":304,"featured_media":0,"comment_status":"open","ping_status":"open","sticky":false,"template":"","format":"standard","meta":{"_monsterinsights_skip_tracking":false,"_monsterinsights_sitenote_active":false,"_monsterinsights_sitenote_note":"","_monsterinsights_sitenote_category":0,"footnotes":""},"categories":[1],"tags":[],"yoast_head":"<!-- This site is optimized with the Yoast SEO plugin v22.1 - https:\/\/yoast.com\/wordpress\/plugins\/seo\/ -->\n<title>Los alumnos de Ingenier\u00eda Inform\u00e1tica aprenden sobre la profesi\u00f3n de Perito Inform\u00e1tico - Departamento de Ingenier\u00eda Inform\u00e1tica<\/title>\n<meta name=\"robots\" content=\"index, follow, max-snippet:-1, max-image-preview:large, max-video-preview:-1\" \/>\n<link rel=\"canonical\" href=\"https:\/\/www.nebrija.com\/medios\/informatica\/2018\/05\/08\/los-alumnos-de-ingenieria-informatica-aprenden-sobre-la-profesion-de-perito-informatico\/\" \/>\n<meta property=\"og:locale\" content=\"es_ES\" \/>\n<meta property=\"og:type\" content=\"article\" \/>\n<meta property=\"og:title\" content=\"Los alumnos de Ingenier\u00eda Inform\u00e1tica aprenden sobre la profesi\u00f3n de Perito Inform\u00e1tico - Departamento de Ingenier\u00eda Inform\u00e1tica\" \/>\n<meta property=\"og:description\" content=\"Los alumnos del Grado en Ingenier\u00eda Inform\u00e1tica asisten a una charla sobre la profesi\u00f3n de Perito Inform\u00e1tico. Carlos Aldama, perito inform\u00e1tico y antiguo alumno de Ingenier\u00eda Inform\u00e1tica de la promoci\u00f3n del 2000 imparti\u00f3 una sesi\u00f3n a los alumnos de Inform\u00e1tica de la Universidad Nebrija en la que habl\u00f3 de la profesi\u00f3n de perito inform\u00e1tico. En [&hellip;]\" \/>\n<meta property=\"og:url\" content=\"https:\/\/www.nebrija.com\/medios\/informatica\/2018\/05\/08\/los-alumnos-de-ingenieria-informatica-aprenden-sobre-la-profesion-de-perito-informatico\/\" \/>\n<meta property=\"og:site_name\" content=\"Departamento de Ingenier\u00eda Inform\u00e1tica\" \/>\n<meta property=\"article:published_time\" content=\"2018-05-08T11:15:12+00:00\" \/>\n<meta property=\"article:modified_time\" content=\"2018-05-08T11:15:51+00:00\" \/>\n<meta property=\"og:image\" content=\"https:\/\/www.nebrija.com\/medios\/informatica\/wp-content\/uploads\/sites\/47\/2018\/05\/Perito-1024x614.jpg\" \/>\n<meta name=\"author\" content=\"jmartine\" \/>\n<meta name=\"twitter:card\" content=\"summary_large_image\" \/>\n<meta name=\"twitter:label1\" content=\"Escrito por\" \/>\n\t<meta name=\"twitter:data1\" content=\"jmartine\" \/>\n<script type=\"application\/ld+json\" class=\"yoast-schema-graph\">{\"@context\":\"https:\/\/schema.org\",\"@graph\":[{\"@type\":\"WebPage\",\"@id\":\"https:\/\/www.nebrija.com\/medios\/informatica\/2018\/05\/08\/los-alumnos-de-ingenieria-informatica-aprenden-sobre-la-profesion-de-perito-informatico\/\",\"url\":\"https:\/\/www.nebrija.com\/medios\/informatica\/2018\/05\/08\/los-alumnos-de-ingenieria-informatica-aprenden-sobre-la-profesion-de-perito-informatico\/\",\"name\":\"Los alumnos de Ingenier\u00eda Inform\u00e1tica aprenden sobre la profesi\u00f3n de Perito Inform\u00e1tico - Departamento de Ingenier\u00eda Inform\u00e1tica\",\"isPartOf\":{\"@id\":\"https:\/\/www.nebrija.com\/medios\/informatica\/#website\"},\"datePublished\":\"2018-05-08T11:15:12+00:00\",\"dateModified\":\"2018-05-08T11:15:51+00:00\",\"author\":{\"@id\":\"https:\/\/www.nebrija.com\/medios\/informatica\/#\/schema\/person\/02ec1e3550932c2ffa2401d81896aab7\"},\"breadcrumb\":{\"@id\":\"https:\/\/www.nebrija.com\/medios\/informatica\/2018\/05\/08\/los-alumnos-de-ingenieria-informatica-aprenden-sobre-la-profesion-de-perito-informatico\/#breadcrumb\"},\"inLanguage\":\"es\",\"potentialAction\":[{\"@type\":\"ReadAction\",\"target\":[\"https:\/\/www.nebrija.com\/medios\/informatica\/2018\/05\/08\/los-alumnos-de-ingenieria-informatica-aprenden-sobre-la-profesion-de-perito-informatico\/\"]}]},{\"@type\":\"BreadcrumbList\",\"@id\":\"https:\/\/www.nebrija.com\/medios\/informatica\/2018\/05\/08\/los-alumnos-de-ingenieria-informatica-aprenden-sobre-la-profesion-de-perito-informatico\/#breadcrumb\",\"itemListElement\":[{\"@type\":\"ListItem\",\"position\":1,\"name\":\"Portada\",\"item\":\"https:\/\/www.nebrija.com\/medios\/informatica\/\"},{\"@type\":\"ListItem\",\"position\":2,\"name\":\"Los alumnos de Ingenier\u00eda Inform\u00e1tica aprenden sobre la profesi\u00f3n de Perito Inform\u00e1tico\"}]},{\"@type\":\"WebSite\",\"@id\":\"https:\/\/www.nebrija.com\/medios\/informatica\/#website\",\"url\":\"https:\/\/www.nebrija.com\/medios\/informatica\/\",\"name\":\"Departamento de Ingenier\u00eda Inform\u00e1tica\",\"description\":\"Tech Employment Bootcamp\",\"potentialAction\":[{\"@type\":\"SearchAction\",\"target\":{\"@type\":\"EntryPoint\",\"urlTemplate\":\"https:\/\/www.nebrija.com\/medios\/informatica\/?s={search_term_string}\"},\"query-input\":\"required name=search_term_string\"}],\"inLanguage\":\"es\"},{\"@type\":\"Person\",\"@id\":\"https:\/\/www.nebrija.com\/medios\/informatica\/#\/schema\/person\/02ec1e3550932c2ffa2401d81896aab7\",\"name\":\"jmartine\",\"image\":{\"@type\":\"ImageObject\",\"inLanguage\":\"es\",\"@id\":\"https:\/\/www.nebrija.com\/medios\/informatica\/#\/schema\/person\/image\/\",\"url\":\"https:\/\/secure.gravatar.com\/avatar\/38dc8c24b74bb8460da7d1a02efcad27?s=96&d=mm&r=g\",\"contentUrl\":\"https:\/\/secure.gravatar.com\/avatar\/38dc8c24b74bb8460da7d1a02efcad27?s=96&d=mm&r=g\",\"caption\":\"jmartine\"},\"url\":\"https:\/\/www.nebrija.com\/medios\/informatica\/author\/jmartine\/\"}]}<\/script>\n<!-- \/ Yoast SEO plugin. -->","yoast_head_json":{"title":"Los alumnos de Ingenier\u00eda Inform\u00e1tica aprenden sobre la profesi\u00f3n de Perito Inform\u00e1tico - Departamento de Ingenier\u00eda Inform\u00e1tica","robots":{"index":"index","follow":"follow","max-snippet":"max-snippet:-1","max-image-preview":"max-image-preview:large","max-video-preview":"max-video-preview:-1"},"canonical":"https:\/\/www.nebrija.com\/medios\/informatica\/2018\/05\/08\/los-alumnos-de-ingenieria-informatica-aprenden-sobre-la-profesion-de-perito-informatico\/","og_locale":"es_ES","og_type":"article","og_title":"Los alumnos de Ingenier\u00eda Inform\u00e1tica aprenden sobre la profesi\u00f3n de Perito Inform\u00e1tico - Departamento de Ingenier\u00eda Inform\u00e1tica","og_description":"Los alumnos del Grado en Ingenier\u00eda Inform\u00e1tica asisten a una charla sobre la profesi\u00f3n de Perito Inform\u00e1tico. Carlos Aldama, perito inform\u00e1tico y antiguo alumno de Ingenier\u00eda Inform\u00e1tica de la promoci\u00f3n del 2000 imparti\u00f3 una sesi\u00f3n a los alumnos de Inform\u00e1tica de la Universidad Nebrija en la que habl\u00f3 de la profesi\u00f3n de perito inform\u00e1tico. En [&hellip;]","og_url":"https:\/\/www.nebrija.com\/medios\/informatica\/2018\/05\/08\/los-alumnos-de-ingenieria-informatica-aprenden-sobre-la-profesion-de-perito-informatico\/","og_site_name":"Departamento de Ingenier\u00eda Inform\u00e1tica","article_published_time":"2018-05-08T11:15:12+00:00","article_modified_time":"2018-05-08T11:15:51+00:00","og_image":[{"url":"https:\/\/www.nebrija.com\/medios\/informatica\/wp-content\/uploads\/sites\/47\/2018\/05\/Perito-1024x614.jpg"}],"author":"jmartine","twitter_card":"summary_large_image","twitter_misc":{"Escrito por":"jmartine"},"schema":{"@context":"https:\/\/schema.org","@graph":[{"@type":"WebPage","@id":"https:\/\/www.nebrija.com\/medios\/informatica\/2018\/05\/08\/los-alumnos-de-ingenieria-informatica-aprenden-sobre-la-profesion-de-perito-informatico\/","url":"https:\/\/www.nebrija.com\/medios\/informatica\/2018\/05\/08\/los-alumnos-de-ingenieria-informatica-aprenden-sobre-la-profesion-de-perito-informatico\/","name":"Los alumnos de Ingenier\u00eda Inform\u00e1tica aprenden sobre la profesi\u00f3n de Perito Inform\u00e1tico - Departamento de Ingenier\u00eda Inform\u00e1tica","isPartOf":{"@id":"https:\/\/www.nebrija.com\/medios\/informatica\/#website"},"datePublished":"2018-05-08T11:15:12+00:00","dateModified":"2018-05-08T11:15:51+00:00","author":{"@id":"https:\/\/www.nebrija.com\/medios\/informatica\/#\/schema\/person\/02ec1e3550932c2ffa2401d81896aab7"},"breadcrumb":{"@id":"https:\/\/www.nebrija.com\/medios\/informatica\/2018\/05\/08\/los-alumnos-de-ingenieria-informatica-aprenden-sobre-la-profesion-de-perito-informatico\/#breadcrumb"},"inLanguage":"es","potentialAction":[{"@type":"ReadAction","target":["https:\/\/www.nebrija.com\/medios\/informatica\/2018\/05\/08\/los-alumnos-de-ingenieria-informatica-aprenden-sobre-la-profesion-de-perito-informatico\/"]}]},{"@type":"BreadcrumbList","@id":"https:\/\/www.nebrija.com\/medios\/informatica\/2018\/05\/08\/los-alumnos-de-ingenieria-informatica-aprenden-sobre-la-profesion-de-perito-informatico\/#breadcrumb","itemListElement":[{"@type":"ListItem","position":1,"name":"Portada","item":"https:\/\/www.nebrija.com\/medios\/informatica\/"},{"@type":"ListItem","position":2,"name":"Los alumnos de Ingenier\u00eda Inform\u00e1tica aprenden sobre la profesi\u00f3n de Perito Inform\u00e1tico"}]},{"@type":"WebSite","@id":"https:\/\/www.nebrija.com\/medios\/informatica\/#website","url":"https:\/\/www.nebrija.com\/medios\/informatica\/","name":"Departamento de Ingenier\u00eda Inform\u00e1tica","description":"Tech Employment Bootcamp","potentialAction":[{"@type":"SearchAction","target":{"@type":"EntryPoint","urlTemplate":"https:\/\/www.nebrija.com\/medios\/informatica\/?s={search_term_string}"},"query-input":"required name=search_term_string"}],"inLanguage":"es"},{"@type":"Person","@id":"https:\/\/www.nebrija.com\/medios\/informatica\/#\/schema\/person\/02ec1e3550932c2ffa2401d81896aab7","name":"jmartine","image":{"@type":"ImageObject","inLanguage":"es","@id":"https:\/\/www.nebrija.com\/medios\/informatica\/#\/schema\/person\/image\/","url":"https:\/\/secure.gravatar.com\/avatar\/38dc8c24b74bb8460da7d1a02efcad27?s=96&d=mm&r=g","contentUrl":"https:\/\/secure.gravatar.com\/avatar\/38dc8c24b74bb8460da7d1a02efcad27?s=96&d=mm&r=g","caption":"jmartine"},"url":"https:\/\/www.nebrija.com\/medios\/informatica\/author\/jmartine\/"}]}},"_links":{"self":[{"href":"https:\/\/www.nebrija.com\/medios\/informatica\/wp-json\/wp\/v2\/posts\/177"}],"collection":[{"href":"https:\/\/www.nebrija.com\/medios\/informatica\/wp-json\/wp\/v2\/posts"}],"about":[{"href":"https:\/\/www.nebrija.com\/medios\/informatica\/wp-json\/wp\/v2\/types\/post"}],"author":[{"embeddable":true,"href":"https:\/\/www.nebrija.com\/medios\/informatica\/wp-json\/wp\/v2\/users\/304"}],"replies":[{"embeddable":true,"href":"https:\/\/www.nebrija.com\/medios\/informatica\/wp-json\/wp\/v2\/comments?post=177"}],"version-history":[{"count":5,"href":"https:\/\/www.nebrija.com\/medios\/informatica\/wp-json\/wp\/v2\/posts\/177\/revisions"}],"predecessor-version":[{"id":182,"href":"https:\/\/www.nebrija.com\/medios\/informatica\/wp-json\/wp\/v2\/posts\/177\/revisions\/182"}],"wp:attachment":[{"href":"https:\/\/www.nebrija.com\/medios\/informatica\/wp-json\/wp\/v2\/media?parent=177"}],"wp:term":[{"taxonomy":"category","embeddable":true,"href":"https:\/\/www.nebrija.com\/medios\/informatica\/wp-json\/wp\/v2\/categories?post=177"},{"taxonomy":"post_tag","embeddable":true,"href":"https:\/\/www.nebrija.com\/medios\/informatica\/wp-json\/wp\/v2\/tags?post=177"}],"curies":[{"name":"wp","href":"https:\/\/api.w.org\/{rel}","templated":true}]}}